{"id":405557,"date":"2026-09-05T01:15:31","date_gmt":"2026-09-05T04:15:31","guid":{"rendered":"https:\/\/www.notibras.com\/site\/?p=405557"},"modified":"2026-08-30T21:24:02","modified_gmt":"2026-08-31T00:24:02","slug":"as-quartas-feiras-sem-chope","status":"publish","type":"post","link":"https:\/\/www.notibras.com\/site\/as-quartas-feiras-sem-chope\/","title":{"rendered":"As quartas-feiras sem chope"},"content":{"rendered":"<p>Em que momento me perdi?<\/p>\n<p>Um chato, amargurado, pesado, sem causa aparente. Foi nisso que me transformei.<\/p>\n<p>Fiz 38 anos. Sou bem-sucedido, tenho a vida que escolhi e, diante de tudo o que fiz para chegar aonde estou, acredito ter adquirido alguma maturidade. Sei que n\u00e3o existe almo\u00e7o gr\u00e1tis e que a vida bacana que estou construindo \u00e9 fruto de muito esfor\u00e7o.<\/p>\n<p>Apesar disso, sinto que estou perdendo a minha alegria.<\/p>\n<p>Aquele jovem feliz, ambicioso e cheio de tes\u00e3o pela vida, que sentia possuir todo o tempo do mundo e acreditava que todos os tesouros estariam ao alcance de suas m\u00e3os, tornou-se um rabugento. Um escroto que reclama da visita que chegar\u00e1 no final de semana porque n\u00e3o poder\u00e1 descansar.<\/p>\n<p>Antes, eu gostava de fazer caminhadas, ir ao cinema com minha esposa ou, \u00e0s vezes, at\u00e9 sozinho, quando queria assistir a algum filme pouco conhecido. Eram alegrias simples que n\u00e3o faltavam em minha vida.<\/p>\n<p>Agora, at\u00e9 pensar no que vou descongelar para a refei\u00e7\u00e3o do dia seguinte me pesa.<\/p>\n<p>Tudo me sobrecarrega.<\/p>\n<p>Minha esposa chega do trabalho querendo conversar sobre seu dia, mas eu entro no piloto autom\u00e1tico. Escuto as primeiras palavras, balan\u00e7o a cabe\u00e7a e, depois de algum tempo, j\u00e1 n\u00e3o sei mais o que ela est\u00e1 dizendo.<\/p>\n<p>Certa noite, Lu\u00edsa entrou em casa aborrecida. Deixou a bolsa sobre uma cadeira e sentou-se ao meu lado no sof\u00e1.<\/p>\n<p>\u2014 Hoje foi um dia p\u00e9ssimo \u2014 disse.<\/p>\n<p>\u2014 O que aconteceu?<\/p>\n<p>Ela come\u00e7ou a falar sobre uma colega, uma reuni\u00e3o e uma discuss\u00e3o que tivera com a chefe. Enquanto isso, eu olhava para a televis\u00e3o, embora nem soubesse o que estava passando.<\/p>\n<p>\u2014 Voc\u00ea acha que eu fiz errado? \u2014 perguntou.<\/p>\n<p>\u2014 N\u00e3o. Acho que voc\u00ea fez certo.<\/p>\n<p>Lu\u00edsa ficou me olhando.<\/p>\n<p>\u2014 O que eu fiz certo?<\/p>\n<p>N\u00e3o consegui responder.<\/p>\n<p>\u2014 Voc\u00ea n\u00e3o ouviu nada do que eu falei, n\u00e3o \u00e9?<\/p>\n<p>\u2014 Ouvi, sim.<\/p>\n<p>\u2014 Ent\u00e3o me diga o que aconteceu.<\/p>\n<p>Fiquei em sil\u00eancio.<\/p>\n<p>\u2014 Voc\u00ea sempre faz isso agora \u2014 disse ela. \u2014 Parece que est\u00e1 presente, mas n\u00e3o est\u00e1.<\/p>\n<p>No dia seguinte, eu mesmo lhe cobrei uma situa\u00e7\u00e3o sobre a qual j\u00e1 hav\u00edamos conversado.<\/p>\n<p>\u2014 Eu expliquei tudo ontem \u2014 respondeu.<\/p>\n<p>\u2014 N\u00e3o lembro.<\/p>\n<p>\u2014 Eu sei que n\u00e3o lembra. Voc\u00ea n\u00e3o estava me ouvindo.<\/p>\n<p>Essas coisas come\u00e7aram a nos trazer problemas. Eu ficava irritado porque n\u00e3o compreendia algumas decis\u00f5es que ela tomava, e Lu\u00edsa se cansava de repetir conversas inteiras que eu simplesmente n\u00e3o havia escutado.<\/p>\n<p>N\u00e3o estava me aguentando.<\/p>\n<p>Ficava envergonhado da situa\u00e7\u00e3o, pois parecia um moleque mimado. Vida boa, tudo em dia, esposa maravilhosa, bom emprego, fam\u00edlia com sa\u00fade, e eu ali, parecendo um burgu\u00eas reclamando de barriga cheia.<\/p>\n<p>Num s\u00e1bado de manh\u00e3, Lu\u00edsa entrou no quarto j\u00e1 vestida.<\/p>\n<p>\u2014 Vamos tomar um caf\u00e9 da manh\u00e3 fora? Depois podemos dar uma volta.<\/p>\n<p>Olhei para o rel\u00f3gio.<\/p>\n<p>\u2014 Hoje?<\/p>\n<p>\u2014 Sim. Descobri uma padaria nova. Parece \u00f3tima.<\/p>\n<p>\u2014 Mas temos um monte de coisas para fazer \u00e0 tarde.<\/p>\n<p>\u2014 Voltamos cedo.<\/p>\n<p>\u2014 Vai ficar tudo para o final de semana. Eu queria descansar.<\/p>\n<p>Ela permaneceu parada perto da porta por alguns segundos.<\/p>\n<p>\u2014 Tudo bem.<\/p>\n<p>\u2014 N\u00e3o fica chateada.<\/p>\n<p>\u2014 N\u00e3o estou chateada.<\/p>\n<p>Estava.<\/p>\n<p>Lu\u00edsa n\u00e3o insistiu. Nas semanas seguintes, parou de fazer convites. Quando percebi, j\u00e1 n\u00e3o me chamava para caminhar, tomar caf\u00e9 ou ir ao cinema.<\/p>\n<p>Eu estava fazendo minha esposa viver uma vida de idosa. Estava trazendo Lu\u00edsa para dentro do meu buraco.<\/p>\n<p>Minha esposa estava perdendo a f\u00e9 em mim, e n\u00e3o era para menos. Ningu\u00e9m quer estar ao lado de algu\u00e9m pesado, que s\u00f3 reclama, recusa todos os convites e parece permanentemente incomodado.<\/p>\n<p>Antes, eu n\u00e3o me sentia daquela forma.<\/p>\n<p>Fazendo uma an\u00e1lise r\u00e1pida, percebi que aquele des\u00e2nimo sem fim havia come\u00e7ado cerca de um ano antes. Tudo parecia ter perdido a gra\u00e7a e o sabor. Minha exaust\u00e3o era mais emocional do que f\u00edsica.<\/p>\n<p>Acordava com dificuldade. A ins\u00f4nia havia se tornado constante e, quando o despertador tocava, eu j\u00e1 come\u00e7ava o dia cansado.<\/p>\n<p>O trabalho, que antes me motivava, virou um eterno checklist a ser cumprido. Eu chegava ao escrit\u00f3rio, abria os e-mails, respondia \u00e0s mensagens, participava de reuni\u00f5es e riscava tarefas. N\u00e3o havia entusiasmo, apenas obriga\u00e7\u00e3o.<\/p>\n<p>Sentia minha alegria se esvair pelos poros.<\/p>\n<p>Meus amigos come\u00e7aram a notar minha falta de \u00e2nimo e a cobrar minha presen\u00e7a. Os chopes das quartas-feiras, que antes eram frequentes, tornaram-se mais uma coisa da qual eu tentava escapar.<\/p>\n<p>Toda quarta-feira, algu\u00e9m mandava mensagem no grupo:<\/p>\n<p>\u201cHoje tem?\u201d<\/p>\n<p>Eu inventava uma desculpa.<\/p>\n<p>\u201cEstou cheio de trabalho.\u201d<\/p>\n<p>\u201cEstou com dor de cabe\u00e7a.\u201d<\/p>\n<p>\u201cLu\u00edsa est\u00e1 me esperando.\u201d<\/p>\n<p>Na verdade, eu ia do trabalho direto para casa, sentava no sof\u00e1 e permanecia ali, sem vontade de conversar, sair ou fazer qualquer coisa.<\/p>\n<p>Foi exatamente numa dessas quartas-feiras sem chope com os amigos que Lu\u00edsa veio falar comigo.<\/p>\n<p>Ela estava sentada \u00e0 mesa da sala quando cheguei. Havia duas x\u00edcaras de caf\u00e9 diante dela.<\/p>\n<p>\u2014 Precisamos conversar \u2014 disse.<\/p>\n<p>\u2014 Agora?<\/p>\n<p>\u2014 Agora.<\/p>\n<p>Sentei-me.<\/p>\n<p>Lu\u00edsa demorou alguns segundos antes de come\u00e7ar.<\/p>\n<p>\u2014 Tenho notado h\u00e1 muito tempo que voc\u00ea est\u00e1 isolado e desinteressado por tudo. Voc\u00ea responde em monoss\u00edlabos. Quando tento conversar, parece que estou incomodando.<\/p>\n<p>\u2014 Estou cansado, Lu\u00edsa.<\/p>\n<p>\u2014 Voc\u00ea est\u00e1 sempre cansado.<\/p>\n<p>\u2014 Eu trabalho muito.<\/p>\n<p>\u2014 Eu tamb\u00e9m trabalho.<\/p>\n<p>A resposta me irritou.<\/p>\n<p>\u2014 Ent\u00e3o agora eu n\u00e3o posso mais ficar cansado dentro da minha pr\u00f3pria casa?<\/p>\n<p>\u2014 Pode. Mas isso n\u00e3o \u00e9 apenas cansa\u00e7o.<\/p>\n<p>\u2014 E o que \u00e9, ent\u00e3o?<\/p>\n<p>\u2014 Eu n\u00e3o sei. S\u00f3 sei que voc\u00ea est\u00e1 distante demais. Voc\u00ea n\u00e3o dorme, n\u00e3o encontra seus amigos e n\u00e3o quer fazer nada.<\/p>\n<p>Cruzei os bra\u00e7os.<\/p>\n<p>\u2014 Voc\u00ea est\u00e1 exagerando.<\/p>\n<p>\u2014 Outro dia, meus pais vieram nos visitar. Voc\u00ea pediu licen\u00e7a e foi jogar no quarto. Fiquei envergonhada. Eles foram embora cedo acreditando que estavam incomodando.<\/p>\n<p>\u2014 Eu n\u00e3o estava bem naquele dia.<\/p>\n<p>\u2014 Voc\u00ea n\u00e3o est\u00e1 bem em dia nenhum.<\/p>\n<p>Fiquei em sil\u00eancio.<\/p>\n<p>\u2014 Eu tento conversar com voc\u00ea, mas parece que tudo o que fa\u00e7o irrita. N\u00e3o sei mais se o problema \u00e9 comigo, com o nosso casamento ou com a vida que constru\u00edmos.<\/p>\n<p>Olhei para ela.<\/p>\n<p>Havia nos olhos de minha mulher uma d\u00favida que eu nunca havia percebido. Lu\u00edsa j\u00e1 n\u00e3o sabia se eu ainda a amava. Talvez nem soubesse se eu queria continuar ao lado dela.<\/p>\n<p>\u2014 Voc\u00ea ainda me ama? \u2014 perguntou.<\/p>\n<p>\u2014 Claro que amo.<\/p>\n<p>\u2014 Ent\u00e3o me diga o que est\u00e1 acontecendo.<\/p>\n<p>A princ\u00edpio, hesitei. Entrei na defensiva. Disse que era uma fase, que precisava descansar e que todos passavam por per\u00edodos dif\u00edceis.<\/p>\n<p>Enquanto falava, percebi que nem eu acreditava mais naquelas desculpas.<\/p>\n<p>Dei um suspiro de coragem.<\/p>\n<p>\u2014 Eu n\u00e3o sei o que est\u00e1 acontecendo comigo.<\/p>\n<p>Lu\u00edsa n\u00e3o disse nada.<\/p>\n<p>\u2014 Tenho sentido uma press\u00e3o enorme no trabalho. Acordo sem vontade de levantar. Coisas que antes me deixavam feliz agora parecem dar trabalho demais. At\u00e9 as atividades mais simples eu fa\u00e7o empurrado, com m\u00e1 vontade.<\/p>\n<p>Minha voz come\u00e7ou a falhar.<\/p>\n<p>\u2014 Quando voc\u00ea me chama para sair, penso no tr\u00e2nsito, no tempo que vamos perder, no que ainda teremos que fazer quando voltarmos. Antes mesmo de sair de casa, j\u00e1 estou querendo voltar.<\/p>\n<p>Ela continuava me escutando atentamente, sem interrup\u00e7\u00e3o.<\/p>\n<p>\u2014 Eu me sinto consumido. Tudo me esgota. Absolutamente tudo.<\/p>\n<p>\u2014 Por que voc\u00ea nunca me contou isso?<\/p>\n<p>\u2014 Porque parece rid\u00edculo. Eu tenho uma vida boa. N\u00e3o deveria estar reclamando.<\/p>\n<p>\u2014 Ter uma vida boa n\u00e3o impede ningu\u00e9m de adoecer.<\/p>\n<p>Aquela frase me atingiu.<\/p>\n<p>\u2014 Eu n\u00e3o sei o que fazer \u2014 confessei.<\/p>\n<p>Lu\u00edsa segurou minha m\u00e3o.<\/p>\n<p>\u2014 Eu tamb\u00e9m n\u00e3o sei. Mas acho que precisamos procurar algu\u00e9m que saiba.<\/p>\n<p>Em nossa longa conversa, decidimos que eu buscaria ajuda. Varrer minhas dificuldades para debaixo do tapete estava me custando caro demais.<\/p>\n<p>Apesar de saber que n\u00e3o estava bem, eu ainda n\u00e3o tinha a dimens\u00e3o do impacto que minhas atitudes estavam causando em Lu\u00edsa e em minhas rela\u00e7\u00f5es pessoais.<\/p>\n<p>Comecei as sess\u00f5es de terapia com Laura, uma psic\u00f3loga que recebi por indica\u00e7\u00e3o de uma amiga pessoal.<\/p>\n<p>Na primeira consulta, sentei-me diante dela sem saber por onde come\u00e7ar.<\/p>\n<p>\u2014 O que fez voc\u00ea procurar terapia? \u2014 perguntou.<\/p>\n<p>\u2014 Minha esposa.<\/p>\n<p>\u2014 Ela pediu que voc\u00ea viesse?<\/p>\n<p>\u2014 N\u00f3s conversamos. Ela acha que eu n\u00e3o estou bem.<\/p>\n<p>\u2014 E voc\u00ea?<\/p>\n<p>Pensei antes de responder.<\/p>\n<p>\u2014 Acho que ela tem raz\u00e3o.<\/p>\n<p>Falei sobre a falta de energia, a ins\u00f4nia, a irrita\u00e7\u00e3o e a dificuldade de encontrar prazer nas coisas que antes me faziam bem.<\/p>\n<p>\u2014 Voc\u00ea se lembra da \u00faltima vez em que fez alguma coisa simplesmente porque teve vontade? \u2014 perguntou Laura.<\/p>\n<p>Tentei encontrar uma resposta.<\/p>\n<p>Pensei nas caminhadas, no cinema, nos chopes com os amigos e nos caf\u00e9s da manh\u00e3 com Lu\u00edsa.<\/p>\n<p>\u2014 N\u00e3o lembro.<\/p>\n<p>Dizer aquilo em voz alta me assustou.<\/p>\n<p>Durante as sess\u00f5es, foi levantada a possibilidade de um quadro de burnout, que poderia estar evoluindo para uma depress\u00e3o. Laura sugeriu que eu tamb\u00e9m procurasse um psiquiatra, explicando que meu caso precisava de uma interven\u00e7\u00e3o multidisciplinar.<\/p>\n<p>\u2014 Psiquiatra? \u2014 perguntei.<\/p>\n<p>\u2014 Para que voc\u00ea seja avaliado adequadamente.<\/p>\n<p>\u2014 Voc\u00ea acha que eu preciso de rem\u00e9dio?<\/p>\n<p>\u2014 Acho que precisamos compreender o seu quadro e pensar no cuidado mais indicado. A avalia\u00e7\u00e3o n\u00e3o obriga voc\u00ea a nada, mas pode ser importante.<\/p>\n<p>\u00c9 claro que n\u00e3o recebi o encaminhamento com entusiasmo. Parte de mim ainda pensava que aquilo era exagerado. Eu carregava preconceitos sobre terapia, psiquiatria e medicamentos, mesmo sem admitir.<\/p>\n<p>Durante alguns dias, pensei em desistir.<\/p>\n<p>Mas, depois dos \u00faltimos acontecimentos, eu j\u00e1 n\u00e3o tinha coragem de dizer que a observa\u00e7\u00e3o de Laura era precipitada. Tamb\u00e9m n\u00e3o podia ignorar o sofrimento que minhas atitudes estavam causando \u00e0s pessoas que eu amava.<\/p>\n<p>Com o tempo, entendi que meu caminho de recupera\u00e7\u00e3o n\u00e3o seria t\u00e3o r\u00e1pido quanto eu gostaria, mas que eu n\u00e3o precisaria percorr\u00ea-lo sozinho.<\/p>\n<p>Eu havia guardado para mim o que poderia ter dividido, desde o in\u00edcio, com algu\u00e9m de confian\u00e7a. Deixei os sentimentos ruins, o cansa\u00e7o e o estresse se acumularem at\u00e9 que tudo se agravasse.<\/p>\n<p>O olhar amoroso e atento de minha esposa me deu for\u00e7a para colocar meus preconceitos de lado e me cuidar. O atendimento humano da psic\u00f3loga Laura me fez entender que depress\u00e3o n\u00e3o \u00e9 frescura ou falta de algo.<\/p>\n<p>N\u00e3o \u00e9 ingratid\u00e3o por ter uma vida boa. N\u00e3o \u00e9 fraqueza, pregui\u00e7a ou falta de for\u00e7a de vontade.<\/p>\n<p>\u00c9 uma condi\u00e7\u00e3o que precisa ser acolhida, compreendida e tratada.<\/p>\n<p>Com o amor de Lu\u00edsa, as sess\u00f5es de terapia, o acompanhamento m\u00e9dico e os medicamentos que fossem necess\u00e1rios, eu poderia recuperar meu vigor, minha alegria e minha sa\u00fade mental.<\/p>\n<p>N\u00e3o aconteceu de uma hora para outra.<\/p>\n<p>Ainda havia dias dif\u00edceis. Noites em que eu quase n\u00e3o dormia e manh\u00e3s em que levantar da cama exigia mais for\u00e7a do que eu acreditava possuir. A diferen\u00e7a era que agora eu conseguia dizer:<\/p>\n<p>\u2014 Hoje n\u00e3o estou bem.<\/p>\n<p>Lu\u00edsa j\u00e1 n\u00e3o precisava adivinhar.<\/p>\n<p>Tamb\u00e9m comecei a perceber alguns pequenos sinais de mudan\u00e7a. Uma conversa que eu conseguia acompanhar at\u00e9 o fim. Uma noite de sono um pouco melhor. Uma mensagem dos amigos \u00e0 qual eu respondia sem inventar desculpas.<\/p>\n<p>Num s\u00e1bado de manh\u00e3, acordei antes de Lu\u00edsa.<\/p>\n<p>Fui at\u00e9 a cozinha, preparei caf\u00e9 e permaneci por alguns instantes olhando para as duas x\u00edcaras sobre a mesa.<\/p>\n<p>Quando ela entrou, ainda sonolenta, perguntei:<\/p>\n<p>\u2014 Quer conhecer aquela padaria nova?<\/p>\n<p>Lu\u00edsa me olhou, surpresa.<\/p>\n<p>\u2014 Hoje?<\/p>\n<p>\u2014 Hoje.<\/p>\n<p>\u2014 E as coisas que temos para fazer?<\/p>\n<p>\u2014 Podem esperar um pouco.<\/p>\n<p>Ela sorriu.<\/p>\n<p>\u2014 Podemos caminhar depois \u2014 acrescentei. \u2014 Mas n\u00e3o prometo ir muito longe.<\/p>\n<p>\u2014 O caf\u00e9 j\u00e1 est\u00e1 \u00f3timo.<\/p>\n<p>Sa\u00edmos de casa pouco depois.<\/p>\n<p>Eu ainda n\u00e3o era o homem alegre e cheio de vida que sempre fui. Tamb\u00e9m n\u00e3o sabia quanto tempo levaria para me sentir completamente bem.<\/p>\n<p>Mas agora havia esperan\u00e7a.<\/p>\n<p>Eu estava fazendo a minha parte, aceitando ajuda e aprendendo a cuidar de mim. Talvez a vida n\u00e3o voltasse a ser exatamente como antes. Talvez eu precisasse construir uma forma nova e mais saud\u00e1vel de viv\u00ea-la.<\/p>\n<p>Naquela manh\u00e3, caminhei ao lado da mulher que amava.<\/p>\n<p>N\u00e3o tinha recuperado tudo.<\/p>\n<p>Mas j\u00e1 n\u00e3o estava parado.<\/p>\n<p>Era um novo come\u00e7o.<\/p>\n<p><strong>&#8230;&#8230;&#8230;&#8230;&#8230;&#8230;&#8230;<\/strong><br \/>\n<strong>Fabiana Saka (@fabianasaka) \u00e9 psic\u00f3loga cl\u00ednica e escritora carioca. Formada em Psicologia, com especializa\u00e7\u00e3o em Terapia Familiar e media\u00e7\u00e3o de conflitos, atua h\u00e1 mais de 14 anos na cl\u00ednica. \u00c9 autora de <em>As Aventuras de Daniel: N\u00e3o Tenha Medo de Si Mesmo<\/em> e colaboradora do Caf\u00e9 Liter\u00e1rio, de Notibras.<\/strong><\/p>\n","protected":false},"excerpt":{"rendered":"<p>Em que momento me perdi? Um chato, amargurado, pesado, sem causa aparente. Foi nisso que me transformei. Fiz 38 anos. Sou bem-sucedido, tenho a vida que escolhi e, diante de tudo o que fiz para chegar aonde estou, acredito ter adquirido alguma maturidade. Sei que n\u00e3o existe almo\u00e7o gr\u00e1tis e que a vida bacana que [&hellip;]<\/p>\n","protected":false},"author":21,"featured_media":405558,"comment_status":"closed","ping_status":"closed","sticky":false,"template":"","format":"standard","meta":{"_acf_changed":false,"footnotes":""},"categories":[234],"tags":[240],"tmauthors":[306],"class_list":["post-405557","post","type-post","status-publish","format-standard","has-post-thumbnail","category-cafe-literario","tag-fabiana-saka"],"acf":[],"yoast_head":"<!-- This site is optimized with the Yoast SEO plugin v28.0 - https:\/\/yoast.com\/product\/yoast-seo-wordpress\/ -->\n<title>As quartas-feiras sem chope - Notibras<\/title>\n<meta name=\"robots\" content=\"index, follow, max-snippet:-1, max-image-preview:large, max-video-preview:-1\" \/>\n<link rel=\"canonical\" href=\"https:\/\/www.notibras.com\/site\/as-quartas-feiras-sem-chope\/\" \/>\n<meta property=\"og:locale\" content=\"pt_BR\" \/>\n<meta property=\"og:type\" content=\"article\" \/>\n<meta property=\"og:title\" content=\"As quartas-feiras sem chope - Notibras\" \/>\n<meta property=\"og:description\" content=\"Em que momento me perdi? Um chato, amargurado, pesado, sem causa aparente. Foi nisso que me transformei. Fiz 38 anos. Sou bem-sucedido, tenho a vida que escolhi e, diante de tudo o que fiz para chegar aonde estou, acredito ter adquirido alguma maturidade. Sei que n\u00e3o existe almo\u00e7o gr\u00e1tis e que a vida bacana que [&hellip;]\" \/>\n<meta property=\"og:url\" content=\"https:\/\/www.notibras.com\/site\/as-quartas-feiras-sem-chope\/\" \/>\n<meta property=\"og:site_name\" content=\"Notibras\" \/>\n<meta property=\"article:publisher\" content=\"https:\/\/www.facebook.com\/notibras\/\" \/>\n<meta property=\"article:published_time\" content=\"2026-09-05T04:15:31+00:00\" \/>\n<meta property=\"og:image\" content=\"https:\/\/www.notibras.com\/site\/wp-content\/uploads\/2026\/08\/ChatGPT-Image-2-de-ago.-de-2026-22_54_48.png\" \/>\n\t<meta property=\"og:image:width\" content=\"1672\" \/>\n\t<meta property=\"og:image:height\" content=\"941\" \/>\n\t<meta property=\"og:image:type\" content=\"image\/png\" \/>\n<meta name=\"author\" content=\"Eduardo Mart\u00ednez\" \/>\n<meta name=\"twitter:card\" content=\"summary_large_image\" \/>\n<meta name=\"twitter:creator\" content=\"@Notibras\" \/>\n<meta name=\"twitter:site\" content=\"@Notibras\" \/>\n<meta name=\"twitter:label1\" content=\"Escrito por\" \/>\n\t<meta name=\"twitter:data1\" content=\"Eduardo Mart\u00ednez\" \/>\n\t<meta name=\"twitter:label2\" content=\"Est. tempo de leitura\" \/>\n\t<meta name=\"twitter:data2\" content=\"12 minutos\" \/>\n<script type=\"application\/ld+json\" class=\"yoast-schema-graph\">{\"@context\":\"https:\\\/\\\/schema.org\",\"@graph\":[{\"@type\":\"Article\",\"@id\":\"https:\\\/\\\/www.notibras.com\\\/site\\\/as-quartas-feiras-sem-chope\\\/#article\",\"isPartOf\":{\"@id\":\"https:\\\/\\\/www.notibras.com\\\/site\\\/as-quartas-feiras-sem-chope\\\/\"},\"author\":{\"name\":\"Eduardo Mart\u00ednez\",\"@id\":\"https:\\\/\\\/www.notibras.com\\\/site\\\/#\\\/schema\\\/person\\\/5b7fabf2aedc3ada2105f03b22b4d3dd\"},\"headline\":\"As quartas-feiras sem chope\",\"datePublished\":\"2026-09-05T04:15:31+00:00\",\"mainEntityOfPage\":{\"@id\":\"https:\\\/\\\/www.notibras.com\\\/site\\\/as-quartas-feiras-sem-chope\\\/\"},\"wordCount\":2183,\"publisher\":{\"@id\":\"https:\\\/\\\/www.notibras.com\\\/site\\\/#organization\"},\"image\":{\"@id\":\"https:\\\/\\\/www.notibras.com\\\/site\\\/as-quartas-feiras-sem-chope\\\/#primaryimage\"},\"thumbnailUrl\":\"https:\\\/\\\/www.notibras.com\\\/site\\\/wp-content\\\/uploads\\\/2026\\\/08\\\/ChatGPT-Image-2-de-ago.-de-2026-22_54_48.png\",\"keywords\":[\"Fabiana Saka\"],\"articleSection\":[\"Caf\u00e9 Liter\u00e1rio\"],\"inLanguage\":\"pt-BR\"},{\"@type\":\"WebPage\",\"@id\":\"https:\\\/\\\/www.notibras.com\\\/site\\\/as-quartas-feiras-sem-chope\\\/\",\"url\":\"https:\\\/\\\/www.notibras.com\\\/site\\\/as-quartas-feiras-sem-chope\\\/\",\"name\":\"As quartas-feiras sem chope - Notibras\",\"isPartOf\":{\"@id\":\"https:\\\/\\\/www.notibras.com\\\/site\\\/#website\"},\"primaryImageOfPage\":{\"@id\":\"https:\\\/\\\/www.notibras.com\\\/site\\\/as-quartas-feiras-sem-chope\\\/#primaryimage\"},\"image\":{\"@id\":\"https:\\\/\\\/www.notibras.com\\\/site\\\/as-quartas-feiras-sem-chope\\\/#primaryimage\"},\"thumbnailUrl\":\"https:\\\/\\\/www.notibras.com\\\/site\\\/wp-content\\\/uploads\\\/2026\\\/08\\\/ChatGPT-Image-2-de-ago.-de-2026-22_54_48.png\",\"datePublished\":\"2026-09-05T04:15:31+00:00\",\"breadcrumb\":{\"@id\":\"https:\\\/\\\/www.notibras.com\\\/site\\\/as-quartas-feiras-sem-chope\\\/#breadcrumb\"},\"inLanguage\":\"pt-BR\",\"potentialAction\":[{\"@type\":\"ReadAction\",\"target\":[\"https:\\\/\\\/www.notibras.com\\\/site\\\/as-quartas-feiras-sem-chope\\\/\"]}]},{\"@type\":\"ImageObject\",\"inLanguage\":\"pt-BR\",\"@id\":\"https:\\\/\\\/www.notibras.com\\\/site\\\/as-quartas-feiras-sem-chope\\\/#primaryimage\",\"url\":\"https:\\\/\\\/www.notibras.com\\\/site\\\/wp-content\\\/uploads\\\/2026\\\/08\\\/ChatGPT-Image-2-de-ago.-de-2026-22_54_48.png\",\"contentUrl\":\"https:\\\/\\\/www.notibras.com\\\/site\\\/wp-content\\\/uploads\\\/2026\\\/08\\\/ChatGPT-Image-2-de-ago.-de-2026-22_54_48.png\",\"width\":1672,\"height\":941},{\"@type\":\"BreadcrumbList\",\"@id\":\"https:\\\/\\\/www.notibras.com\\\/site\\\/as-quartas-feiras-sem-chope\\\/#breadcrumb\",\"itemListElement\":[{\"@type\":\"ListItem\",\"position\":1,\"name\":\"In\u00edcio\",\"item\":\"https:\\\/\\\/www.notibras.com\\\/site\\\/\"},{\"@type\":\"ListItem\",\"position\":2,\"name\":\"As quartas-feiras sem chope\"}]},{\"@type\":\"WebSite\",\"@id\":\"https:\\\/\\\/www.notibras.com\\\/site\\\/#website\",\"url\":\"https:\\\/\\\/www.notibras.com\\\/site\\\/\",\"name\":\"Notibras\",\"description\":\"Not\u00edcias de Bras\u00edlia, do Brasil e do Mundo\",\"publisher\":{\"@id\":\"https:\\\/\\\/www.notibras.com\\\/site\\\/#organization\"},\"potentialAction\":[{\"@type\":\"SearchAction\",\"target\":{\"@type\":\"EntryPoint\",\"urlTemplate\":\"https:\\\/\\\/www.notibras.com\\\/site\\\/?s={search_term_string}\"},\"query-input\":{\"@type\":\"PropertyValueSpecification\",\"valueRequired\":true,\"valueName\":\"search_term_string\"}}],\"inLanguage\":\"pt-BR\"},{\"@type\":\"Organization\",\"@id\":\"https:\\\/\\\/www.notibras.com\\\/site\\\/#organization\",\"name\":\"Grupo Notibras de Comunica\u00e7\u00e3o\",\"url\":\"https:\\\/\\\/www.notibras.com\\\/site\\\/\",\"logo\":{\"@type\":\"ImageObject\",\"inLanguage\":\"pt-BR\",\"@id\":\"https:\\\/\\\/www.notibras.com\\\/site\\\/#\\\/schema\\\/logo\\\/image\\\/\",\"url\":\"https:\\\/\\\/www.notibras.com\\\/site\\\/wp-content\\\/uploads\\\/2023\\\/01\\\/notibras23.png\",\"contentUrl\":\"https:\\\/\\\/www.notibras.com\\\/site\\\/wp-content\\\/uploads\\\/2023\\\/01\\\/notibras23.png\",\"width\":350,\"height\":87,\"caption\":\"Grupo Notibras de Comunica\u00e7\u00e3o\"},\"image\":{\"@id\":\"https:\\\/\\\/www.notibras.com\\\/site\\\/#\\\/schema\\\/logo\\\/image\\\/\"},\"sameAs\":[\"https:\\\/\\\/www.facebook.com\\\/notibras\\\/\",\"https:\\\/\\\/x.com\\\/Notibras\",\"https:\\\/\\\/www.instagram.com\\\/notibras\\\/\"]},{\"@type\":\"Person\",\"@id\":\"https:\\\/\\\/www.notibras.com\\\/site\\\/#\\\/schema\\\/person\\\/5b7fabf2aedc3ada2105f03b22b4d3dd\",\"name\":\"Eduardo Mart\u00ednez\",\"image\":{\"@type\":\"ImageObject\",\"inLanguage\":\"pt-BR\",\"@id\":\"https:\\\/\\\/secure.gravatar.com\\\/avatar\\\/7902f906289926289cbcda644b5197c796b893c6ffd7b9a536a42d290f7704a0?s=96&d=mm&r=g\",\"url\":\"https:\\\/\\\/secure.gravatar.com\\\/avatar\\\/7902f906289926289cbcda644b5197c796b893c6ffd7b9a536a42d290f7704a0?s=96&d=mm&r=g\",\"contentUrl\":\"https:\\\/\\\/secure.gravatar.com\\\/avatar\\\/7902f906289926289cbcda644b5197c796b893c6ffd7b9a536a42d290f7704a0?s=96&d=mm&r=g\",\"caption\":\"Eduardo Mart\u00ednez\"}}]}<\/script>\n<!-- \/ Yoast SEO plugin. -->","yoast_head_json":{"title":"As quartas-feiras sem chope - Notibras","robots":{"index":"index","follow":"follow","max-snippet":"max-snippet:-1","max-image-preview":"max-image-preview:large","max-video-preview":"max-video-preview:-1"},"canonical":"https:\/\/www.notibras.com\/site\/as-quartas-feiras-sem-chope\/","og_locale":"pt_BR","og_type":"article","og_title":"As quartas-feiras sem chope - Notibras","og_description":"Em que momento me perdi? Um chato, amargurado, pesado, sem causa aparente. Foi nisso que me transformei. Fiz 38 anos. Sou bem-sucedido, tenho a vida que escolhi e, diante de tudo o que fiz para chegar aonde estou, acredito ter adquirido alguma maturidade. Sei que n\u00e3o existe almo\u00e7o gr\u00e1tis e que a vida bacana que [&hellip;]","og_url":"https:\/\/www.notibras.com\/site\/as-quartas-feiras-sem-chope\/","og_site_name":"Notibras","article_publisher":"https:\/\/www.facebook.com\/notibras\/","article_published_time":"2026-09-05T04:15:31+00:00","og_image":[{"width":1672,"height":941,"url":"https:\/\/www.notibras.com\/site\/wp-content\/uploads\/2026\/08\/ChatGPT-Image-2-de-ago.-de-2026-22_54_48.png","type":"image\/png"}],"author":"Eduardo Mart\u00ednez","twitter_card":"summary_large_image","twitter_creator":"@Notibras","twitter_site":"@Notibras","twitter_misc":{"Escrito por":"Eduardo Mart\u00ednez","Est. tempo de leitura":"12 minutos"},"schema":{"@context":"https:\/\/schema.org","@graph":[{"@type":"Article","@id":"https:\/\/www.notibras.com\/site\/as-quartas-feiras-sem-chope\/#article","isPartOf":{"@id":"https:\/\/www.notibras.com\/site\/as-quartas-feiras-sem-chope\/"},"author":{"name":"Eduardo Mart\u00ednez","@id":"https:\/\/www.notibras.com\/site\/#\/schema\/person\/5b7fabf2aedc3ada2105f03b22b4d3dd"},"headline":"As quartas-feiras sem chope","datePublished":"2026-09-05T04:15:31+00:00","mainEntityOfPage":{"@id":"https:\/\/www.notibras.com\/site\/as-quartas-feiras-sem-chope\/"},"wordCount":2183,"publisher":{"@id":"https:\/\/www.notibras.com\/site\/#organization"},"image":{"@id":"https:\/\/www.notibras.com\/site\/as-quartas-feiras-sem-chope\/#primaryimage"},"thumbnailUrl":"https:\/\/www.notibras.com\/site\/wp-content\/uploads\/2026\/08\/ChatGPT-Image-2-de-ago.-de-2026-22_54_48.png","keywords":["Fabiana Saka"],"articleSection":["Caf\u00e9 Liter\u00e1rio"],"inLanguage":"pt-BR"},{"@type":"WebPage","@id":"https:\/\/www.notibras.com\/site\/as-quartas-feiras-sem-chope\/","url":"https:\/\/www.notibras.com\/site\/as-quartas-feiras-sem-chope\/","name":"As quartas-feiras sem chope - Notibras","isPartOf":{"@id":"https:\/\/www.notibras.com\/site\/#website"},"primaryImageOfPage":{"@id":"https:\/\/www.notibras.com\/site\/as-quartas-feiras-sem-chope\/#primaryimage"},"image":{"@id":"https:\/\/www.notibras.com\/site\/as-quartas-feiras-sem-chope\/#primaryimage"},"thumbnailUrl":"https:\/\/www.notibras.com\/site\/wp-content\/uploads\/2026\/08\/ChatGPT-Image-2-de-ago.-de-2026-22_54_48.png","datePublished":"2026-09-05T04:15:31+00:00","breadcrumb":{"@id":"https:\/\/www.notibras.com\/site\/as-quartas-feiras-sem-chope\/#breadcrumb"},"inLanguage":"pt-BR","potentialAction":[{"@type":"ReadAction","target":["https:\/\/www.notibras.com\/site\/as-quartas-feiras-sem-chope\/"]}]},{"@type":"ImageObject","inLanguage":"pt-BR","@id":"https:\/\/www.notibras.com\/site\/as-quartas-feiras-sem-chope\/#primaryimage","url":"https:\/\/www.notibras.com\/site\/wp-content\/uploads\/2026\/08\/ChatGPT-Image-2-de-ago.-de-2026-22_54_48.png","contentUrl":"https:\/\/www.notibras.com\/site\/wp-content\/uploads\/2026\/08\/ChatGPT-Image-2-de-ago.-de-2026-22_54_48.png","width":1672,"height":941},{"@type":"BreadcrumbList","@id":"https:\/\/www.notibras.com\/site\/as-quartas-feiras-sem-chope\/#breadcrumb","itemListElement":[{"@type":"ListItem","position":1,"name":"In\u00edcio","item":"https:\/\/www.notibras.com\/site\/"},{"@type":"ListItem","position":2,"name":"As quartas-feiras sem chope"}]},{"@type":"WebSite","@id":"https:\/\/www.notibras.com\/site\/#website","url":"https:\/\/www.notibras.com\/site\/","name":"Notibras","description":"Not\u00edcias de Bras\u00edlia, do Brasil e do Mundo","publisher":{"@id":"https:\/\/www.notibras.com\/site\/#organization"},"potentialAction":[{"@type":"SearchAction","target":{"@type":"EntryPoint","urlTemplate":"https:\/\/www.notibras.com\/site\/?s={search_term_string}"},"query-input":{"@type":"PropertyValueSpecification","valueRequired":true,"valueName":"search_term_string"}}],"inLanguage":"pt-BR"},{"@type":"Organization","@id":"https:\/\/www.notibras.com\/site\/#organization","name":"Grupo Notibras de Comunica\u00e7\u00e3o","url":"https:\/\/www.notibras.com\/site\/","logo":{"@type":"ImageObject","inLanguage":"pt-BR","@id":"https:\/\/www.notibras.com\/site\/#\/schema\/logo\/image\/","url":"https:\/\/www.notibras.com\/site\/wp-content\/uploads\/2023\/01\/notibras23.png","contentUrl":"https:\/\/www.notibras.com\/site\/wp-content\/uploads\/2023\/01\/notibras23.png","width":350,"height":87,"caption":"Grupo Notibras de Comunica\u00e7\u00e3o"},"image":{"@id":"https:\/\/www.notibras.com\/site\/#\/schema\/logo\/image\/"},"sameAs":["https:\/\/www.facebook.com\/notibras\/","https:\/\/x.com\/Notibras","https:\/\/www.instagram.com\/notibras\/"]},{"@type":"Person","@id":"https:\/\/www.notibras.com\/site\/#\/schema\/person\/5b7fabf2aedc3ada2105f03b22b4d3dd","name":"Eduardo Mart\u00ednez","image":{"@type":"ImageObject","inLanguage":"pt-BR","@id":"https:\/\/secure.gravatar.com\/avatar\/7902f906289926289cbcda644b5197c796b893c6ffd7b9a536a42d290f7704a0?s=96&d=mm&r=g","url":"https:\/\/secure.gravatar.com\/avatar\/7902f906289926289cbcda644b5197c796b893c6ffd7b9a536a42d290f7704a0?s=96&d=mm&r=g","contentUrl":"https:\/\/secure.gravatar.com\/avatar\/7902f906289926289cbcda644b5197c796b893c6ffd7b9a536a42d290f7704a0?s=96&d=mm&r=g","caption":"Eduardo Mart\u00ednez"}}]}},"_links":{"self":[{"href":"https:\/\/www.notibras.com\/site\/wp-json\/wp\/v2\/posts\/405557","targetHints":{"allow":["GET"]}}],"collection":[{"href":"https:\/\/www.notibras.com\/site\/wp-json\/wp\/v2\/posts"}],"about":[{"href":"https:\/\/www.notibras.com\/site\/wp-json\/wp\/v2\/types\/post"}],"author":[{"embeddable":true,"href":"https:\/\/www.notibras.com\/site\/wp-json\/wp\/v2\/users\/21"}],"replies":[{"embeddable":true,"href":"https:\/\/www.notibras.com\/site\/wp-json\/wp\/v2\/comments?post=405557"}],"version-history":[{"count":1,"href":"https:\/\/www.notibras.com\/site\/wp-json\/wp\/v2\/posts\/405557\/revisions"}],"predecessor-version":[{"id":405559,"href":"https:\/\/www.notibras.com\/site\/wp-json\/wp\/v2\/posts\/405557\/revisions\/405559"}],"wp:featuredmedia":[{"embeddable":true,"href":"https:\/\/www.notibras.com\/site\/wp-json\/wp\/v2\/media\/405558"}],"wp:attachment":[{"href":"https:\/\/www.notibras.com\/site\/wp-json\/wp\/v2\/media?parent=405557"}],"wp:term":[{"taxonomy":"category","embeddable":true,"href":"https:\/\/www.notibras.com\/site\/wp-json\/wp\/v2\/categories?post=405557"},{"taxonomy":"post_tag","embeddable":true,"href":"https:\/\/www.notibras.com\/site\/wp-json\/wp\/v2\/tags?post=405557"},{"taxonomy":"tmauthors","embeddable":true,"href":"https:\/\/www.notibras.com\/site\/wp-json\/wp\/v2\/tmauthors?post=405557"}],"curies":[{"name":"wp","href":"https:\/\/api.w.org\/{rel}","templated":true}]}}