{"id":40603,"date":"2015-03-21T05:27:19","date_gmt":"2015-03-21T08:27:19","guid":{"rendered":"http:\/\/www.notibras.com\/site\/?p=40603"},"modified":"2015-03-21T05:27:19","modified_gmt":"2015-03-21T08:27:19","slug":"quem-aprende-com-a-crise-faz-a-agua-eterna-como-o-diamante","status":"publish","type":"post","link":"https:\/\/www.notibras.com\/site\/quem-aprende-com-a-crise-faz-a-agua-eterna-como-o-diamante\/","title":{"rendered":"Quem aprende com a crise faz a \u00e1gua eterna como o diamante"},"content":{"rendered":"<p>Pauta das discuss\u00f5es em todo o mundo, a \u00e1gua se tornou um problema mundial quando se trata da escassez. Especialistas da Universidade de Ci\u00eancias Aplicadas de Col\u00f4nia dizem que o Brasil tem todo o conhecimento t\u00e9cnico para gerir o abastecimento e que \u00e9 prejudicado pela falha na execu\u00e7\u00e3o de planejamento. Por outro lado, tem sido cada vez mais frequente empresas se preocuparem com a crise h\u00eddrica, e apresentarem solu\u00e7\u00f5es para um consumo consciente.<\/p>\n<p>As estrat\u00e9gias sustent\u00e1veis viraram o foco do setor empresarial, que valoriza o reaproveitamento da \u00e1gua da chuva, reuso de insumos e a utiliza\u00e7\u00e3o de po\u00e7os artesianos. O fato \u00e9 que uma boa gest\u00e3o deve estar preocupada com a sustentabilidade. At\u00e9 porque, \u00e9 a\u00ed que checamos se a \u00e1gua est\u00e1 sendo consumida de forma respons\u00e1vel ou se h\u00e1 desperd\u00edcio.<\/p>\n<p>De acordo com o Fundo Monet\u00e1rio Internacional (FMI), os economistas j\u00e1 projetam uma queda no PIB de 0,6 pontos percentuais para 2015, caso o quadro de escassez de \u00e1gua e energia se agrave. Querendo ou n\u00e3o, as pequenas empresas s\u00e3o as primeiras a sentir o impacto da crise. Por isso \u00e9 importante buscar alternativas inteligentes e, tamb\u00e9m, estrat\u00e9gicas.<\/p>\n<p>Investir em novos equipamentos, promover palestras de conscientiza\u00e7\u00e3o e detectar vazamentos s\u00e3o algumas das medidas usadas para diminuir o valor das contas de \u00e1gua, por exemplo. Al\u00e9m disso, a\u00e7\u00f5es simples como fechar as torneiras ao ensaboar as m\u00e3os ou escovar os dentes ajudam a combater o gasto. A crise h\u00eddrica assusta, no entanto, tem gerado bons exemplos ao passo que ensina.<\/p>\n<p>Quem implementou mudan\u00e7as para evitar o desperd\u00edcio de \u00e1gua n\u00e3o deve parar nisso. O momento atual deve ser encarado como uma oportunidade de neg\u00f3cio e parceria. N\u00e3o podemos desanimar e deixar as coisas desandarem, at\u00e9 porque os problemas com abastecimento de \u00e1gua s\u00e3o realidade para todos os cidad\u00e3os brasileiros.<\/p>\n<p><strong>Janine Brito<\/strong><\/p>\n","protected":false},"excerpt":{"rendered":"<p>Pauta das discuss\u00f5es em todo o mundo, a \u00e1gua se tornou um problema mundial quando se trata da escassez. Especialistas da Universidade de Ci\u00eancias Aplicadas de Col\u00f4nia dizem que o Brasil tem todo o conhecimento t\u00e9cnico para gerir o abastecimento e que \u00e9 prejudicado pela falha na execu\u00e7\u00e3o de planejamento. Por outro lado, tem sido [&hellip;]<\/p>\n","protected":false},"author":2,"featured_media":40604,"comment_status":"open","ping_status":"closed","sticky":false,"template":"","format":"standard","meta":{"_acf_changed":false,"footnotes":""},"categories":[25],"tags":[],"class_list":["post-40603","post","type-post","status-publish","format-standard","has-post-thumbnail","hentry","category-opina-ai"],"acf":[],"yoast_head":"<!-- This site is optimized with the Yoast SEO plugin v27.5 - https:\/\/yoast.com\/product\/yoast-seo-wordpress\/ -->\n<title>Quem aprende com a crise faz a \u00e1gua eterna como o diamante - Notibras<\/title>\n<meta name=\"robots\" content=\"index, follow, max-snippet:-1, max-image-preview:large, max-video-preview:-1\" \/>\n<link rel=\"canonical\" href=\"https:\/\/www.notibras.com\/site\/quem-aprende-com-a-crise-faz-a-agua-eterna-como-o-diamante\/\" \/>\n<meta property=\"og:locale\" content=\"pt_BR\" \/>\n<meta property=\"og:type\" content=\"article\" \/>\n<meta property=\"og:title\" content=\"Quem aprende com a crise faz a \u00e1gua eterna como o diamante - Notibras\" \/>\n<meta property=\"og:description\" content=\"Pauta das discuss\u00f5es em todo o mundo, a \u00e1gua se tornou um problema mundial quando se trata da escassez. Especialistas da Universidade de Ci\u00eancias Aplicadas de Col\u00f4nia dizem que o Brasil tem todo o conhecimento t\u00e9cnico para gerir o abastecimento e que \u00e9 prejudicado pela falha na execu\u00e7\u00e3o de planejamento. Por outro lado, tem sido [&hellip;]\" \/>\n<meta property=\"og:url\" content=\"https:\/\/www.notibras.com\/site\/quem-aprende-com-a-crise-faz-a-agua-eterna-como-o-diamante\/\" \/>\n<meta property=\"og:site_name\" content=\"Notibras\" \/>\n<meta property=\"article:publisher\" content=\"https:\/\/www.facebook.com\/notibras\/\" \/>\n<meta property=\"article:published_time\" content=\"2015-03-21T08:27:19+00:00\" \/>\n<meta property=\"og:image\" content=\"https:\/\/www.notibras.com\/site\/wp-content\/uploads\/2015\/03\/agua3.jpg\" \/>\n\t<meta property=\"og:image:width\" content=\"900\" \/>\n\t<meta property=\"og:image:height\" content=\"600\" \/>\n\t<meta property=\"og:image:type\" content=\"image\/jpeg\" \/>\n<meta name=\"author\" content=\"Reda\u00e7\u00e3o\" \/>\n<meta name=\"twitter:card\" content=\"summary_large_image\" \/>\n<meta name=\"twitter:creator\" content=\"@Notibras\" \/>\n<meta name=\"twitter:site\" content=\"@Notibras\" \/>\n<meta name=\"twitter:label1\" content=\"Escrito por\" \/>\n\t<meta name=\"twitter:data1\" content=\"Reda\u00e7\u00e3o\" \/>\n\t<meta name=\"twitter:label2\" content=\"Est. tempo de leitura\" \/>\n\t<meta name=\"twitter:data2\" content=\"2 minutos\" \/>\n<script type=\"application\/ld+json\" class=\"yoast-schema-graph\">{\"@context\":\"https:\\\/\\\/schema.org\",\"@graph\":[{\"@type\":\"Article\",\"@id\":\"https:\\\/\\\/www.notibras.com\\\/site\\\/quem-aprende-com-a-crise-faz-a-agua-eterna-como-o-diamante\\\/#article\",\"isPartOf\":{\"@id\":\"https:\\\/\\\/www.notibras.com\\\/site\\\/quem-aprende-com-a-crise-faz-a-agua-eterna-como-o-diamante\\\/\"},\"author\":{\"name\":\"Reda\u00e7\u00e3o\",\"@id\":\"https:\\\/\\\/www.notibras.com\\\/site\\\/#\\\/schema\\\/person\\\/36ab0979449956132d3e5b517ea76ac8\"},\"headline\":\"Quem aprende com a crise faz a \u00e1gua eterna como o diamante\",\"datePublished\":\"2015-03-21T08:27:19+00:00\",\"mainEntityOfPage\":{\"@id\":\"https:\\\/\\\/www.notibras.com\\\/site\\\/quem-aprende-com-a-crise-faz-a-agua-eterna-como-o-diamante\\\/\"},\"wordCount\":339,\"commentCount\":0,\"publisher\":{\"@id\":\"https:\\\/\\\/www.notibras.com\\\/site\\\/#organization\"},\"image\":{\"@id\":\"https:\\\/\\\/www.notibras.com\\\/site\\\/quem-aprende-com-a-crise-faz-a-agua-eterna-como-o-diamante\\\/#primaryimage\"},\"thumbnailUrl\":\"https:\\\/\\\/www.notibras.com\\\/site\\\/wp-content\\\/uploads\\\/2015\\\/03\\\/agua3.jpg\",\"articleSection\":[\"Opina a\u00ed\"],\"inLanguage\":\"pt-BR\",\"potentialAction\":[{\"@type\":\"CommentAction\",\"name\":\"Comment\",\"target\":[\"https:\\\/\\\/www.notibras.com\\\/site\\\/quem-aprende-com-a-crise-faz-a-agua-eterna-como-o-diamante\\\/#respond\"]}]},{\"@type\":\"WebPage\",\"@id\":\"https:\\\/\\\/www.notibras.com\\\/site\\\/quem-aprende-com-a-crise-faz-a-agua-eterna-como-o-diamante\\\/\",\"url\":\"https:\\\/\\\/www.notibras.com\\\/site\\\/quem-aprende-com-a-crise-faz-a-agua-eterna-como-o-diamante\\\/\",\"name\":\"Quem aprende com a crise faz a \u00e1gua eterna como o diamante - Notibras\",\"isPartOf\":{\"@id\":\"https:\\\/\\\/www.notibras.com\\\/site\\\/#website\"},\"primaryImageOfPage\":{\"@id\":\"https:\\\/\\\/www.notibras.com\\\/site\\\/quem-aprende-com-a-crise-faz-a-agua-eterna-como-o-diamante\\\/#primaryimage\"},\"image\":{\"@id\":\"https:\\\/\\\/www.notibras.com\\\/site\\\/quem-aprende-com-a-crise-faz-a-agua-eterna-como-o-diamante\\\/#primaryimage\"},\"thumbnailUrl\":\"https:\\\/\\\/www.notibras.com\\\/site\\\/wp-content\\\/uploads\\\/2015\\\/03\\\/agua3.jpg\",\"datePublished\":\"2015-03-21T08:27:19+00:00\",\"breadcrumb\":{\"@id\":\"https:\\\/\\\/www.notibras.com\\\/site\\\/quem-aprende-com-a-crise-faz-a-agua-eterna-como-o-diamante\\\/#breadcrumb\"},\"inLanguage\":\"pt-BR\",\"potentialAction\":[{\"@type\":\"ReadAction\",\"target\":[\"https:\\\/\\\/www.notibras.com\\\/site\\\/quem-aprende-com-a-crise-faz-a-agua-eterna-como-o-diamante\\\/\"]}]},{\"@type\":\"ImageObject\",\"inLanguage\":\"pt-BR\",\"@id\":\"https:\\\/\\\/www.notibras.com\\\/site\\\/quem-aprende-com-a-crise-faz-a-agua-eterna-como-o-diamante\\\/#primaryimage\",\"url\":\"https:\\\/\\\/www.notibras.com\\\/site\\\/wp-content\\\/uploads\\\/2015\\\/03\\\/agua3.jpg\",\"contentUrl\":\"https:\\\/\\\/www.notibras.com\\\/site\\\/wp-content\\\/uploads\\\/2015\\\/03\\\/agua3.jpg\",\"width\":900,\"height\":600},{\"@type\":\"BreadcrumbList\",\"@id\":\"https:\\\/\\\/www.notibras.com\\\/site\\\/quem-aprende-com-a-crise-faz-a-agua-eterna-como-o-diamante\\\/#breadcrumb\",\"itemListElement\":[{\"@type\":\"ListItem\",\"position\":1,\"name\":\"In\u00edcio\",\"item\":\"https:\\\/\\\/www.notibras.com\\\/site\\\/\"},{\"@type\":\"ListItem\",\"position\":2,\"name\":\"Quem aprende com a crise faz a \u00e1gua eterna como o diamante\"}]},{\"@type\":\"WebSite\",\"@id\":\"https:\\\/\\\/www.notibras.com\\\/site\\\/#website\",\"url\":\"https:\\\/\\\/www.notibras.com\\\/site\\\/\",\"name\":\"Notibras\",\"description\":\"Not\u00edcias de Bras\u00edlia, do Brasil e do Mundo\",\"publisher\":{\"@id\":\"https:\\\/\\\/www.notibras.com\\\/site\\\/#organization\"},\"potentialAction\":[{\"@type\":\"SearchAction\",\"target\":{\"@type\":\"EntryPoint\",\"urlTemplate\":\"https:\\\/\\\/www.notibras.com\\\/site\\\/?s={search_term_string}\"},\"query-input\":{\"@type\":\"PropertyValueSpecification\",\"valueRequired\":true,\"valueName\":\"search_term_string\"}}],\"inLanguage\":\"pt-BR\"},{\"@type\":\"Organization\",\"@id\":\"https:\\\/\\\/www.notibras.com\\\/site\\\/#organization\",\"name\":\"Grupo Notibras de Comunica\u00e7\u00e3o\",\"url\":\"https:\\\/\\\/www.notibras.com\\\/site\\\/\",\"logo\":{\"@type\":\"ImageObject\",\"inLanguage\":\"pt-BR\",\"@id\":\"https:\\\/\\\/www.notibras.com\\\/site\\\/#\\\/schema\\\/logo\\\/image\\\/\",\"url\":\"https:\\\/\\\/www.notibras.com\\\/site\\\/wp-content\\\/uploads\\\/2023\\\/01\\\/notibras23.png\",\"contentUrl\":\"https:\\\/\\\/www.notibras.com\\\/site\\\/wp-content\\\/uploads\\\/2023\\\/01\\\/notibras23.png\",\"width\":350,\"height\":87,\"caption\":\"Grupo Notibras de Comunica\u00e7\u00e3o\"},\"image\":{\"@id\":\"https:\\\/\\\/www.notibras.com\\\/site\\\/#\\\/schema\\\/logo\\\/image\\\/\"},\"sameAs\":[\"https:\\\/\\\/www.facebook.com\\\/notibras\\\/\",\"https:\\\/\\\/x.com\\\/Notibras\",\"https:\\\/\\\/www.instagram.com\\\/notibras\\\/\"]},{\"@type\":\"Person\",\"@id\":\"https:\\\/\\\/www.notibras.com\\\/site\\\/#\\\/schema\\\/person\\\/36ab0979449956132d3e5b517ea76ac8\",\"name\":\"Reda\u00e7\u00e3o\",\"image\":{\"@type\":\"ImageObject\",\"inLanguage\":\"pt-BR\",\"@id\":\"https:\\\/\\\/secure.gravatar.com\\\/avatar\\\/e0a867bdedb85fd243eadf09663511f96fc81e0720a4a42581f334ad4303aa6b?s=96&d=mm&r=g\",\"url\":\"https:\\\/\\\/secure.gravatar.com\\\/avatar\\\/e0a867bdedb85fd243eadf09663511f96fc81e0720a4a42581f334ad4303aa6b?s=96&d=mm&r=g\",\"contentUrl\":\"https:\\\/\\\/secure.gravatar.com\\\/avatar\\\/e0a867bdedb85fd243eadf09663511f96fc81e0720a4a42581f334ad4303aa6b?s=96&d=mm&r=g\",\"caption\":\"Reda\u00e7\u00e3o\"}}]}<\/script>\n<!-- \/ Yoast SEO plugin. -->","yoast_head_json":{"title":"Quem aprende com a crise faz a \u00e1gua eterna como o diamante - Notibras","robots":{"index":"index","follow":"follow","max-snippet":"max-snippet:-1","max-image-preview":"max-image-preview:large","max-video-preview":"max-video-preview:-1"},"canonical":"https:\/\/www.notibras.com\/site\/quem-aprende-com-a-crise-faz-a-agua-eterna-como-o-diamante\/","og_locale":"pt_BR","og_type":"article","og_title":"Quem aprende com a crise faz a \u00e1gua eterna como o diamante - Notibras","og_description":"Pauta das discuss\u00f5es em todo o mundo, a \u00e1gua se tornou um problema mundial quando se trata da escassez. Especialistas da Universidade de Ci\u00eancias Aplicadas de Col\u00f4nia dizem que o Brasil tem todo o conhecimento t\u00e9cnico para gerir o abastecimento e que \u00e9 prejudicado pela falha na execu\u00e7\u00e3o de planejamento. Por outro lado, tem sido [&hellip;]","og_url":"https:\/\/www.notibras.com\/site\/quem-aprende-com-a-crise-faz-a-agua-eterna-como-o-diamante\/","og_site_name":"Notibras","article_publisher":"https:\/\/www.facebook.com\/notibras\/","article_published_time":"2015-03-21T08:27:19+00:00","og_image":[{"width":900,"height":600,"url":"https:\/\/www.notibras.com\/site\/wp-content\/uploads\/2015\/03\/agua3.jpg","type":"image\/jpeg"}],"author":"Reda\u00e7\u00e3o","twitter_card":"summary_large_image","twitter_creator":"@Notibras","twitter_site":"@Notibras","twitter_misc":{"Escrito por":"Reda\u00e7\u00e3o","Est. tempo de leitura":"2 minutos"},"schema":{"@context":"https:\/\/schema.org","@graph":[{"@type":"Article","@id":"https:\/\/www.notibras.com\/site\/quem-aprende-com-a-crise-faz-a-agua-eterna-como-o-diamante\/#article","isPartOf":{"@id":"https:\/\/www.notibras.com\/site\/quem-aprende-com-a-crise-faz-a-agua-eterna-como-o-diamante\/"},"author":{"name":"Reda\u00e7\u00e3o","@id":"https:\/\/www.notibras.com\/site\/#\/schema\/person\/36ab0979449956132d3e5b517ea76ac8"},"headline":"Quem aprende com a crise faz a \u00e1gua eterna como o diamante","datePublished":"2015-03-21T08:27:19+00:00","mainEntityOfPage":{"@id":"https:\/\/www.notibras.com\/site\/quem-aprende-com-a-crise-faz-a-agua-eterna-como-o-diamante\/"},"wordCount":339,"commentCount":0,"publisher":{"@id":"https:\/\/www.notibras.com\/site\/#organization"},"image":{"@id":"https:\/\/www.notibras.com\/site\/quem-aprende-com-a-crise-faz-a-agua-eterna-como-o-diamante\/#primaryimage"},"thumbnailUrl":"https:\/\/www.notibras.com\/site\/wp-content\/uploads\/2015\/03\/agua3.jpg","articleSection":["Opina a\u00ed"],"inLanguage":"pt-BR","potentialAction":[{"@type":"CommentAction","name":"Comment","target":["https:\/\/www.notibras.com\/site\/quem-aprende-com-a-crise-faz-a-agua-eterna-como-o-diamante\/#respond"]}]},{"@type":"WebPage","@id":"https:\/\/www.notibras.com\/site\/quem-aprende-com-a-crise-faz-a-agua-eterna-como-o-diamante\/","url":"https:\/\/www.notibras.com\/site\/quem-aprende-com-a-crise-faz-a-agua-eterna-como-o-diamante\/","name":"Quem aprende com a crise faz a \u00e1gua eterna como o diamante - Notibras","isPartOf":{"@id":"https:\/\/www.notibras.com\/site\/#website"},"primaryImageOfPage":{"@id":"https:\/\/www.notibras.com\/site\/quem-aprende-com-a-crise-faz-a-agua-eterna-como-o-diamante\/#primaryimage"},"image":{"@id":"https:\/\/www.notibras.com\/site\/quem-aprende-com-a-crise-faz-a-agua-eterna-como-o-diamante\/#primaryimage"},"thumbnailUrl":"https:\/\/www.notibras.com\/site\/wp-content\/uploads\/2015\/03\/agua3.jpg","datePublished":"2015-03-21T08:27:19+00:00","breadcrumb":{"@id":"https:\/\/www.notibras.com\/site\/quem-aprende-com-a-crise-faz-a-agua-eterna-como-o-diamante\/#breadcrumb"},"inLanguage":"pt-BR","potentialAction":[{"@type":"ReadAction","target":["https:\/\/www.notibras.com\/site\/quem-aprende-com-a-crise-faz-a-agua-eterna-como-o-diamante\/"]}]},{"@type":"ImageObject","inLanguage":"pt-BR","@id":"https:\/\/www.notibras.com\/site\/quem-aprende-com-a-crise-faz-a-agua-eterna-como-o-diamante\/#primaryimage","url":"https:\/\/www.notibras.com\/site\/wp-content\/uploads\/2015\/03\/agua3.jpg","contentUrl":"https:\/\/www.notibras.com\/site\/wp-content\/uploads\/2015\/03\/agua3.jpg","width":900,"height":600},{"@type":"BreadcrumbList","@id":"https:\/\/www.notibras.com\/site\/quem-aprende-com-a-crise-faz-a-agua-eterna-como-o-diamante\/#breadcrumb","itemListElement":[{"@type":"ListItem","position":1,"name":"In\u00edcio","item":"https:\/\/www.notibras.com\/site\/"},{"@type":"ListItem","position":2,"name":"Quem aprende com a crise faz a \u00e1gua eterna como o diamante"}]},{"@type":"WebSite","@id":"https:\/\/www.notibras.com\/site\/#website","url":"https:\/\/www.notibras.com\/site\/","name":"Notibras","description":"Not\u00edcias de Bras\u00edlia, do Brasil e do Mundo","publisher":{"@id":"https:\/\/www.notibras.com\/site\/#organization"},"potentialAction":[{"@type":"SearchAction","target":{"@type":"EntryPoint","urlTemplate":"https:\/\/www.notibras.com\/site\/?s={search_term_string}"},"query-input":{"@type":"PropertyValueSpecification","valueRequired":true,"valueName":"search_term_string"}}],"inLanguage":"pt-BR"},{"@type":"Organization","@id":"https:\/\/www.notibras.com\/site\/#organization","name":"Grupo Notibras de Comunica\u00e7\u00e3o","url":"https:\/\/www.notibras.com\/site\/","logo":{"@type":"ImageObject","inLanguage":"pt-BR","@id":"https:\/\/www.notibras.com\/site\/#\/schema\/logo\/image\/","url":"https:\/\/www.notibras.com\/site\/wp-content\/uploads\/2023\/01\/notibras23.png","contentUrl":"https:\/\/www.notibras.com\/site\/wp-content\/uploads\/2023\/01\/notibras23.png","width":350,"height":87,"caption":"Grupo Notibras de Comunica\u00e7\u00e3o"},"image":{"@id":"https:\/\/www.notibras.com\/site\/#\/schema\/logo\/image\/"},"sameAs":["https:\/\/www.facebook.com\/notibras\/","https:\/\/x.com\/Notibras","https:\/\/www.instagram.com\/notibras\/"]},{"@type":"Person","@id":"https:\/\/www.notibras.com\/site\/#\/schema\/person\/36ab0979449956132d3e5b517ea76ac8","name":"Reda\u00e7\u00e3o","image":{"@type":"ImageObject","inLanguage":"pt-BR","@id":"https:\/\/secure.gravatar.com\/avatar\/e0a867bdedb85fd243eadf09663511f96fc81e0720a4a42581f334ad4303aa6b?s=96&d=mm&r=g","url":"https:\/\/secure.gravatar.com\/avatar\/e0a867bdedb85fd243eadf09663511f96fc81e0720a4a42581f334ad4303aa6b?s=96&d=mm&r=g","contentUrl":"https:\/\/secure.gravatar.com\/avatar\/e0a867bdedb85fd243eadf09663511f96fc81e0720a4a42581f334ad4303aa6b?s=96&d=mm&r=g","caption":"Reda\u00e7\u00e3o"}}]}},"amp_enabled":true,"_links":{"self":[{"href":"https:\/\/www.notibras.com\/site\/wp-json\/wp\/v2\/posts\/40603","targetHints":{"allow":["GET"]}}],"collection":[{"href":"https:\/\/www.notibras.com\/site\/wp-json\/wp\/v2\/posts"}],"about":[{"href":"https:\/\/www.notibras.com\/site\/wp-json\/wp\/v2\/types\/post"}],"author":[{"embeddable":true,"href":"https:\/\/www.notibras.com\/site\/wp-json\/wp\/v2\/users\/2"}],"replies":[{"embeddable":true,"href":"https:\/\/www.notibras.com\/site\/wp-json\/wp\/v2\/comments?post=40603"}],"version-history":[{"count":0,"href":"https:\/\/www.notibras.com\/site\/wp-json\/wp\/v2\/posts\/40603\/revisions"}],"wp:featuredmedia":[{"embeddable":true,"href":"https:\/\/www.notibras.com\/site\/wp-json\/wp\/v2\/media\/40604"}],"wp:attachment":[{"href":"https:\/\/www.notibras.com\/site\/wp-json\/wp\/v2\/media?parent=40603"}],"wp:term":[{"taxonomy":"category","embeddable":true,"href":"https:\/\/www.notibras.com\/site\/wp-json\/wp\/v2\/categories?post=40603"},{"taxonomy":"post_tag","embeddable":true,"href":"https:\/\/www.notibras.com\/site\/wp-json\/wp\/v2\/tags?post=40603"}],"curies":[{"name":"wp","href":"https:\/\/api.w.org\/{rel}","templated":true}]}}