{"id":40653,"date":"2015-03-21T10:37:26","date_gmt":"2015-03-21T13:37:26","guid":{"rendered":"http:\/\/www.notibras.com\/site\/?p=40653"},"modified":"2015-03-21T11:39:36","modified_gmt":"2015-03-21T14:39:36","slug":"longa-estiagem-comeca-a-secar-mananciais-nordestinos","status":"publish","type":"post","link":"https:\/\/www.notibras.com\/site\/longa-estiagem-comeca-a-secar-mananciais-nordestinos\/","title":{"rendered":"Longa estiagem come\u00e7a a secar mananciais nordestinos"},"content":{"rendered":"<p>Com mananciais secos e a popula\u00e7\u00e3o abastecida por caminh\u00f5es-pipa, 15 cidades e cinco distritos da Para\u00edba est\u00e3o em colapso total no abastecimento de \u00e1gua. Outras 48 regi\u00f5es do estado, incluindo Campina Grande, sofrem racionamento.<\/p>\n<p>De acordo com o presidente da Companhia de \u00c1gua e Esgoto da Para\u00edba (Cagepa), Marcus Vin\u00edcius Neves, ao longo dos \u00faltimos tr\u00eas anos, o estado sofreu estiagem acima do normal. O fen\u00f4meno secou v\u00e1rios a\u00e7udes.<\/p>\n<p>Morador da Montadas, no agreste paraibano, uma das cidades em colapso, o atendente Everton Paiva disse que n\u00e3o tem \u00e1gua nas torneiras h\u00e1 dois anos. A \u00e1gua que abastece o munic\u00edpio vem de outras localidades, em caminh\u00f5es-pipa, e \u00e9 armazenada em tr\u00eas cisternas da cidade. \u201cO consumo residencial \u00e9 de 20 litros por cada morador&#8221;, informou Paiva.<strong><br \/>\n<\/strong><\/p>\n<p>Segundo ele, os caminh\u00f5es-pipa tamb\u00e9m est\u00e3o em falta na regi\u00e3o. \u201cAl\u00e9m de ter ficado mais caro, v\u00e1rias cidades pr\u00f3ximas est\u00e3o sem \u00e1gua. N\u00e3o tem caminh\u00e3o que d\u00ea jeito. Por isso, temos de economizar. Em Montadas, \u00e9 preciso tomar banho numa bacia, aproveitar a \u00e1gua e jogar no sanit\u00e1rio.\u201d<\/p>\n<blockquote><p>Conforme os moradores o a\u00e7ude que abastece a cidade de Triunfo, no sert\u00e3o da Para\u00edba, secou h\u00e1 dois anos. Para o aposentado Jos\u00e9 Sim\u00e3o Silva, a sa\u00edda \u00e9 comprar mil litros de \u00e1gua por R$ 25 a cada tr\u00eas dias, ou esperar o caminh\u00e3o-pipa.<\/p><\/blockquote>\n<p>Sim\u00e3o explicou que normalmente s\u00e3o colocados dois caminh\u00f5es-pipa por dia em uma \u00fanica caixa d\u2019\u00e1gua. &#8220;As pessoas ficam na fila, se empurram, brigam. Quem \u00e9 mais esperto e chega cedo, consegue mais \u00e1gua. A lei \u00e9 esta. Tem gente que percorre 5km de moto para conseguir 40 litros de \u00e1gua. O sofrimento \u00e9 grande.\u201d<\/p>\n<p>O presidente da Cagepa afirmou que, entre as medidas do governo estadual para atender \u00e0 popula\u00e7\u00e3o durante a estiagem, est\u00e3o a disponibiliza\u00e7\u00e3o de carros-pipa e constru\u00e7\u00e3o de po\u00e7os artesianos e adutoras emergenciais.<\/p>\n<p>\u201cEstamos com dois ter\u00e7os do territ\u00f3rio cravados no semi\u00e1rido. A pr\u00f3pria condi\u00e7\u00e3o clim\u00e1tica compromete o abastecimento. No momento, temos mais de R$ 1 bilh\u00e3o em obras de \u00e1gua e esgoto com recursos garantidos\u201d, concluiu.<\/p>\n","protected":false},"excerpt":{"rendered":"<p>Com mananciais secos e a popula\u00e7\u00e3o abastecida por caminh\u00f5es-pipa, 15 cidades e cinco distritos da Para\u00edba est\u00e3o em colapso total no abastecimento de \u00e1gua. Outras 48 regi\u00f5es do estado, incluindo Campina Grande, sofrem racionamento. De acordo com o presidente da Companhia de \u00c1gua e Esgoto da Para\u00edba (Cagepa), Marcus Vin\u00edcius Neves, ao longo dos \u00faltimos [&hellip;]<\/p>\n","protected":false},"author":2,"featured_media":40654,"comment_status":"open","ping_status":"closed","sticky":false,"template":"","format":"standard","meta":{"_acf_changed":false,"footnotes":""},"categories":[16],"tags":[],"class_list":["post-40653","post","type-post","status-publish","format-standard","has-post-thumbnail","hentry","category-brasil"],"acf":[],"yoast_head":"<!-- This site is optimized with the Yoast SEO plugin v27.2 - https:\/\/yoast.com\/product\/yoast-seo-wordpress\/ -->\n<title>Longa estiagem come\u00e7a a secar mananciais nordestinos - Notibras<\/title>\n<meta name=\"robots\" content=\"index, follow, max-snippet:-1, max-image-preview:large, max-video-preview:-1\" \/>\n<link rel=\"canonical\" href=\"https:\/\/www.notibras.com\/site\/longa-estiagem-comeca-a-secar-mananciais-nordestinos\/\" \/>\n<meta property=\"og:locale\" content=\"pt_BR\" \/>\n<meta property=\"og:type\" content=\"article\" \/>\n<meta property=\"og:title\" content=\"Longa estiagem come\u00e7a a secar mananciais nordestinos - Notibras\" \/>\n<meta property=\"og:description\" content=\"Com mananciais secos e a popula\u00e7\u00e3o abastecida por caminh\u00f5es-pipa, 15 cidades e cinco distritos da Para\u00edba est\u00e3o em colapso total no abastecimento de \u00e1gua. Outras 48 regi\u00f5es do estado, incluindo Campina Grande, sofrem racionamento. De acordo com o presidente da Companhia de \u00c1gua e Esgoto da Para\u00edba (Cagepa), Marcus Vin\u00edcius Neves, ao longo dos \u00faltimos [&hellip;]\" \/>\n<meta property=\"og:url\" content=\"https:\/\/www.notibras.com\/site\/longa-estiagem-comeca-a-secar-mananciais-nordestinos\/\" \/>\n<meta property=\"og:site_name\" content=\"Notibras\" \/>\n<meta property=\"article:publisher\" content=\"https:\/\/www.facebook.com\/notibras\/\" \/>\n<meta property=\"article:published_time\" content=\"2015-03-21T13:37:26+00:00\" \/>\n<meta property=\"article:modified_time\" content=\"2015-03-21T14:39:36+00:00\" \/>\n<meta property=\"og:image\" content=\"https:\/\/www.notibras.com\/site\/wp-content\/uploads\/2015\/03\/952410-02032015-_tng8225.jpg\" \/>\n\t<meta property=\"og:image:width\" content=\"580\" \/>\n\t<meta property=\"og:image:height\" content=\"388\" \/>\n\t<meta property=\"og:image:type\" content=\"image\/jpeg\" \/>\n<meta name=\"author\" content=\"Reda\u00e7\u00e3o\" \/>\n<meta name=\"twitter:card\" content=\"summary_large_image\" \/>\n<meta name=\"twitter:creator\" content=\"@Notibras\" \/>\n<meta name=\"twitter:site\" content=\"@Notibras\" \/>\n<meta name=\"twitter:label1\" content=\"Escrito por\" \/>\n\t<meta name=\"twitter:data1\" content=\"Reda\u00e7\u00e3o\" \/>\n\t<meta name=\"twitter:label2\" content=\"Est. tempo de leitura\" \/>\n\t<meta name=\"twitter:data2\" content=\"2 minutos\" \/>\n<script type=\"application\/ld+json\" class=\"yoast-schema-graph\">{\"@context\":\"https:\/\/schema.org\",\"@graph\":[{\"@type\":\"Article\",\"@id\":\"https:\/\/www.notibras.com\/site\/longa-estiagem-comeca-a-secar-mananciais-nordestinos\/#article\",\"isPartOf\":{\"@id\":\"https:\/\/www.notibras.com\/site\/longa-estiagem-comeca-a-secar-mananciais-nordestinos\/\"},\"author\":{\"name\":\"Reda\u00e7\u00e3o\",\"@id\":\"https:\/\/www.notibras.com\/site\/#\/schema\/person\/36ab0979449956132d3e5b517ea76ac8\"},\"headline\":\"Longa estiagem come\u00e7a a secar mananciais nordestinos\",\"datePublished\":\"2015-03-21T13:37:26+00:00\",\"dateModified\":\"2015-03-21T14:39:36+00:00\",\"mainEntityOfPage\":{\"@id\":\"https:\/\/www.notibras.com\/site\/longa-estiagem-comeca-a-secar-mananciais-nordestinos\/\"},\"wordCount\":381,\"commentCount\":0,\"publisher\":{\"@id\":\"https:\/\/www.notibras.com\/site\/#organization\"},\"image\":{\"@id\":\"https:\/\/www.notibras.com\/site\/longa-estiagem-comeca-a-secar-mananciais-nordestinos\/#primaryimage\"},\"thumbnailUrl\":\"https:\/\/www.notibras.com\/site\/wp-content\/uploads\/2015\/03\/952410-02032015-_tng8225.jpg\",\"articleSection\":[\"Brasil\"],\"inLanguage\":\"pt-BR\",\"potentialAction\":[{\"@type\":\"CommentAction\",\"name\":\"Comment\",\"target\":[\"https:\/\/www.notibras.com\/site\/longa-estiagem-comeca-a-secar-mananciais-nordestinos\/#respond\"]}]},{\"@type\":\"WebPage\",\"@id\":\"https:\/\/www.notibras.com\/site\/longa-estiagem-comeca-a-secar-mananciais-nordestinos\/\",\"url\":\"https:\/\/www.notibras.com\/site\/longa-estiagem-comeca-a-secar-mananciais-nordestinos\/\",\"name\":\"Longa estiagem come\u00e7a a secar mananciais nordestinos - Notibras\",\"isPartOf\":{\"@id\":\"https:\/\/www.notibras.com\/site\/#website\"},\"primaryImageOfPage\":{\"@id\":\"https:\/\/www.notibras.com\/site\/longa-estiagem-comeca-a-secar-mananciais-nordestinos\/#primaryimage\"},\"image\":{\"@id\":\"https:\/\/www.notibras.com\/site\/longa-estiagem-comeca-a-secar-mananciais-nordestinos\/#primaryimage\"},\"thumbnailUrl\":\"https:\/\/www.notibras.com\/site\/wp-content\/uploads\/2015\/03\/952410-02032015-_tng8225.jpg\",\"datePublished\":\"2015-03-21T13:37:26+00:00\",\"dateModified\":\"2015-03-21T14:39:36+00:00\",\"breadcrumb\":{\"@id\":\"https:\/\/www.notibras.com\/site\/longa-estiagem-comeca-a-secar-mananciais-nordestinos\/#breadcrumb\"},\"inLanguage\":\"pt-BR\",\"potentialAction\":[{\"@type\":\"ReadAction\",\"target\":[\"https:\/\/www.notibras.com\/site\/longa-estiagem-comeca-a-secar-mananciais-nordestinos\/\"]}]},{\"@type\":\"ImageObject\",\"inLanguage\":\"pt-BR\",\"@id\":\"https:\/\/www.notibras.com\/site\/longa-estiagem-comeca-a-secar-mananciais-nordestinos\/#primaryimage\",\"url\":\"https:\/\/www.notibras.com\/site\/wp-content\/uploads\/2015\/03\/952410-02032015-_tng8225.jpg\",\"contentUrl\":\"https:\/\/www.notibras.com\/site\/wp-content\/uploads\/2015\/03\/952410-02032015-_tng8225.jpg\",\"width\":580,\"height\":388},{\"@type\":\"BreadcrumbList\",\"@id\":\"https:\/\/www.notibras.com\/site\/longa-estiagem-comeca-a-secar-mananciais-nordestinos\/#breadcrumb\",\"itemListElement\":[{\"@type\":\"ListItem\",\"position\":1,\"name\":\"In\u00edcio\",\"item\":\"https:\/\/www.notibras.com\/site\/\"},{\"@type\":\"ListItem\",\"position\":2,\"name\":\"Longa estiagem come\u00e7a a secar mananciais nordestinos\"}]},{\"@type\":\"WebSite\",\"@id\":\"https:\/\/www.notibras.com\/site\/#website\",\"url\":\"https:\/\/www.notibras.com\/site\/\",\"name\":\"Notibras\",\"description\":\"Not\u00edcias de Bras\u00edlia, do Brasil e do Mundo\",\"publisher\":{\"@id\":\"https:\/\/www.notibras.com\/site\/#organization\"},\"potentialAction\":[{\"@type\":\"SearchAction\",\"target\":{\"@type\":\"EntryPoint\",\"urlTemplate\":\"https:\/\/www.notibras.com\/site\/?s={search_term_string}\"},\"query-input\":{\"@type\":\"PropertyValueSpecification\",\"valueRequired\":true,\"valueName\":\"search_term_string\"}}],\"inLanguage\":\"pt-BR\"},{\"@type\":\"Organization\",\"@id\":\"https:\/\/www.notibras.com\/site\/#organization\",\"name\":\"Grupo Notibras de Comunica\u00e7\u00e3o\",\"url\":\"https:\/\/www.notibras.com\/site\/\",\"logo\":{\"@type\":\"ImageObject\",\"inLanguage\":\"pt-BR\",\"@id\":\"https:\/\/www.notibras.com\/site\/#\/schema\/logo\/image\/\",\"url\":\"https:\/\/www.notibras.com\/site\/wp-content\/uploads\/2023\/01\/notibras23.png\",\"contentUrl\":\"https:\/\/www.notibras.com\/site\/wp-content\/uploads\/2023\/01\/notibras23.png\",\"width\":350,\"height\":87,\"caption\":\"Grupo Notibras de Comunica\u00e7\u00e3o\"},\"image\":{\"@id\":\"https:\/\/www.notibras.com\/site\/#\/schema\/logo\/image\/\"},\"sameAs\":[\"https:\/\/www.facebook.com\/notibras\/\",\"https:\/\/x.com\/Notibras\",\"https:\/\/www.instagram.com\/notibras\/\"]},{\"@type\":\"Person\",\"@id\":\"https:\/\/www.notibras.com\/site\/#\/schema\/person\/36ab0979449956132d3e5b517ea76ac8\",\"name\":\"Reda\u00e7\u00e3o\",\"image\":{\"@type\":\"ImageObject\",\"inLanguage\":\"pt-BR\",\"@id\":\"https:\/\/secure.gravatar.com\/avatar\/e0a867bdedb85fd243eadf09663511f96fc81e0720a4a42581f334ad4303aa6b?s=96&d=mm&r=g\",\"url\":\"https:\/\/secure.gravatar.com\/avatar\/e0a867bdedb85fd243eadf09663511f96fc81e0720a4a42581f334ad4303aa6b?s=96&d=mm&r=g\",\"contentUrl\":\"https:\/\/secure.gravatar.com\/avatar\/e0a867bdedb85fd243eadf09663511f96fc81e0720a4a42581f334ad4303aa6b?s=96&d=mm&r=g\",\"caption\":\"Reda\u00e7\u00e3o\"}}]}<\/script>\n<!-- \/ Yoast SEO plugin. -->","yoast_head_json":{"title":"Longa estiagem come\u00e7a a secar mananciais nordestinos - Notibras","robots":{"index":"index","follow":"follow","max-snippet":"max-snippet:-1","max-image-preview":"max-image-preview:large","max-video-preview":"max-video-preview:-1"},"canonical":"https:\/\/www.notibras.com\/site\/longa-estiagem-comeca-a-secar-mananciais-nordestinos\/","og_locale":"pt_BR","og_type":"article","og_title":"Longa estiagem come\u00e7a a secar mananciais nordestinos - Notibras","og_description":"Com mananciais secos e a popula\u00e7\u00e3o abastecida por caminh\u00f5es-pipa, 15 cidades e cinco distritos da Para\u00edba est\u00e3o em colapso total no abastecimento de \u00e1gua. Outras 48 regi\u00f5es do estado, incluindo Campina Grande, sofrem racionamento. De acordo com o presidente da Companhia de \u00c1gua e Esgoto da Para\u00edba (Cagepa), Marcus Vin\u00edcius Neves, ao longo dos \u00faltimos [&hellip;]","og_url":"https:\/\/www.notibras.com\/site\/longa-estiagem-comeca-a-secar-mananciais-nordestinos\/","og_site_name":"Notibras","article_publisher":"https:\/\/www.facebook.com\/notibras\/","article_published_time":"2015-03-21T13:37:26+00:00","article_modified_time":"2015-03-21T14:39:36+00:00","og_image":[{"width":580,"height":388,"url":"https:\/\/www.notibras.com\/site\/wp-content\/uploads\/2015\/03\/952410-02032015-_tng8225.jpg","type":"image\/jpeg"}],"author":"Reda\u00e7\u00e3o","twitter_card":"summary_large_image","twitter_creator":"@Notibras","twitter_site":"@Notibras","twitter_misc":{"Escrito por":"Reda\u00e7\u00e3o","Est. tempo de leitura":"2 minutos"},"schema":{"@context":"https:\/\/schema.org","@graph":[{"@type":"Article","@id":"https:\/\/www.notibras.com\/site\/longa-estiagem-comeca-a-secar-mananciais-nordestinos\/#article","isPartOf":{"@id":"https:\/\/www.notibras.com\/site\/longa-estiagem-comeca-a-secar-mananciais-nordestinos\/"},"author":{"name":"Reda\u00e7\u00e3o","@id":"https:\/\/www.notibras.com\/site\/#\/schema\/person\/36ab0979449956132d3e5b517ea76ac8"},"headline":"Longa estiagem come\u00e7a a secar mananciais nordestinos","datePublished":"2015-03-21T13:37:26+00:00","dateModified":"2015-03-21T14:39:36+00:00","mainEntityOfPage":{"@id":"https:\/\/www.notibras.com\/site\/longa-estiagem-comeca-a-secar-mananciais-nordestinos\/"},"wordCount":381,"commentCount":0,"publisher":{"@id":"https:\/\/www.notibras.com\/site\/#organization"},"image":{"@id":"https:\/\/www.notibras.com\/site\/longa-estiagem-comeca-a-secar-mananciais-nordestinos\/#primaryimage"},"thumbnailUrl":"https:\/\/www.notibras.com\/site\/wp-content\/uploads\/2015\/03\/952410-02032015-_tng8225.jpg","articleSection":["Brasil"],"inLanguage":"pt-BR","potentialAction":[{"@type":"CommentAction","name":"Comment","target":["https:\/\/www.notibras.com\/site\/longa-estiagem-comeca-a-secar-mananciais-nordestinos\/#respond"]}]},{"@type":"WebPage","@id":"https:\/\/www.notibras.com\/site\/longa-estiagem-comeca-a-secar-mananciais-nordestinos\/","url":"https:\/\/www.notibras.com\/site\/longa-estiagem-comeca-a-secar-mananciais-nordestinos\/","name":"Longa estiagem come\u00e7a a secar mananciais nordestinos - Notibras","isPartOf":{"@id":"https:\/\/www.notibras.com\/site\/#website"},"primaryImageOfPage":{"@id":"https:\/\/www.notibras.com\/site\/longa-estiagem-comeca-a-secar-mananciais-nordestinos\/#primaryimage"},"image":{"@id":"https:\/\/www.notibras.com\/site\/longa-estiagem-comeca-a-secar-mananciais-nordestinos\/#primaryimage"},"thumbnailUrl":"https:\/\/www.notibras.com\/site\/wp-content\/uploads\/2015\/03\/952410-02032015-_tng8225.jpg","datePublished":"2015-03-21T13:37:26+00:00","dateModified":"2015-03-21T14:39:36+00:00","breadcrumb":{"@id":"https:\/\/www.notibras.com\/site\/longa-estiagem-comeca-a-secar-mananciais-nordestinos\/#breadcrumb"},"inLanguage":"pt-BR","potentialAction":[{"@type":"ReadAction","target":["https:\/\/www.notibras.com\/site\/longa-estiagem-comeca-a-secar-mananciais-nordestinos\/"]}]},{"@type":"ImageObject","inLanguage":"pt-BR","@id":"https:\/\/www.notibras.com\/site\/longa-estiagem-comeca-a-secar-mananciais-nordestinos\/#primaryimage","url":"https:\/\/www.notibras.com\/site\/wp-content\/uploads\/2015\/03\/952410-02032015-_tng8225.jpg","contentUrl":"https:\/\/www.notibras.com\/site\/wp-content\/uploads\/2015\/03\/952410-02032015-_tng8225.jpg","width":580,"height":388},{"@type":"BreadcrumbList","@id":"https:\/\/www.notibras.com\/site\/longa-estiagem-comeca-a-secar-mananciais-nordestinos\/#breadcrumb","itemListElement":[{"@type":"ListItem","position":1,"name":"In\u00edcio","item":"https:\/\/www.notibras.com\/site\/"},{"@type":"ListItem","position":2,"name":"Longa estiagem come\u00e7a a secar mananciais nordestinos"}]},{"@type":"WebSite","@id":"https:\/\/www.notibras.com\/site\/#website","url":"https:\/\/www.notibras.com\/site\/","name":"Notibras","description":"Not\u00edcias de Bras\u00edlia, do Brasil e do Mundo","publisher":{"@id":"https:\/\/www.notibras.com\/site\/#organization"},"potentialAction":[{"@type":"SearchAction","target":{"@type":"EntryPoint","urlTemplate":"https:\/\/www.notibras.com\/site\/?s={search_term_string}"},"query-input":{"@type":"PropertyValueSpecification","valueRequired":true,"valueName":"search_term_string"}}],"inLanguage":"pt-BR"},{"@type":"Organization","@id":"https:\/\/www.notibras.com\/site\/#organization","name":"Grupo Notibras de Comunica\u00e7\u00e3o","url":"https:\/\/www.notibras.com\/site\/","logo":{"@type":"ImageObject","inLanguage":"pt-BR","@id":"https:\/\/www.notibras.com\/site\/#\/schema\/logo\/image\/","url":"https:\/\/www.notibras.com\/site\/wp-content\/uploads\/2023\/01\/notibras23.png","contentUrl":"https:\/\/www.notibras.com\/site\/wp-content\/uploads\/2023\/01\/notibras23.png","width":350,"height":87,"caption":"Grupo Notibras de Comunica\u00e7\u00e3o"},"image":{"@id":"https:\/\/www.notibras.com\/site\/#\/schema\/logo\/image\/"},"sameAs":["https:\/\/www.facebook.com\/notibras\/","https:\/\/x.com\/Notibras","https:\/\/www.instagram.com\/notibras\/"]},{"@type":"Person","@id":"https:\/\/www.notibras.com\/site\/#\/schema\/person\/36ab0979449956132d3e5b517ea76ac8","name":"Reda\u00e7\u00e3o","image":{"@type":"ImageObject","inLanguage":"pt-BR","@id":"https:\/\/secure.gravatar.com\/avatar\/e0a867bdedb85fd243eadf09663511f96fc81e0720a4a42581f334ad4303aa6b?s=96&d=mm&r=g","url":"https:\/\/secure.gravatar.com\/avatar\/e0a867bdedb85fd243eadf09663511f96fc81e0720a4a42581f334ad4303aa6b?s=96&d=mm&r=g","contentUrl":"https:\/\/secure.gravatar.com\/avatar\/e0a867bdedb85fd243eadf09663511f96fc81e0720a4a42581f334ad4303aa6b?s=96&d=mm&r=g","caption":"Reda\u00e7\u00e3o"}}]}},"amp_enabled":true,"_links":{"self":[{"href":"https:\/\/www.notibras.com\/site\/wp-json\/wp\/v2\/posts\/40653","targetHints":{"allow":["GET"]}}],"collection":[{"href":"https:\/\/www.notibras.com\/site\/wp-json\/wp\/v2\/posts"}],"about":[{"href":"https:\/\/www.notibras.com\/site\/wp-json\/wp\/v2\/types\/post"}],"author":[{"embeddable":true,"href":"https:\/\/www.notibras.com\/site\/wp-json\/wp\/v2\/users\/2"}],"replies":[{"embeddable":true,"href":"https:\/\/www.notibras.com\/site\/wp-json\/wp\/v2\/comments?post=40653"}],"version-history":[{"count":0,"href":"https:\/\/www.notibras.com\/site\/wp-json\/wp\/v2\/posts\/40653\/revisions"}],"wp:featuredmedia":[{"embeddable":true,"href":"https:\/\/www.notibras.com\/site\/wp-json\/wp\/v2\/media\/40654"}],"wp:attachment":[{"href":"https:\/\/www.notibras.com\/site\/wp-json\/wp\/v2\/media?parent=40653"}],"wp:term":[{"taxonomy":"category","embeddable":true,"href":"https:\/\/www.notibras.com\/site\/wp-json\/wp\/v2\/categories?post=40653"},{"taxonomy":"post_tag","embeddable":true,"href":"https:\/\/www.notibras.com\/site\/wp-json\/wp\/v2\/tags?post=40653"}],"curies":[{"name":"wp","href":"https:\/\/api.w.org\/{rel}","templated":true}]}}