{"id":40677,"date":"2015-03-21T20:47:48","date_gmt":"2015-03-21T23:47:48","guid":{"rendered":"http:\/\/www.notibras.com\/site\/?p=40677"},"modified":"2015-03-22T10:26:50","modified_gmt":"2015-03-22T13:26:50","slug":"veteranos-do-santos-se-destacam-em-vitoria-sobre-o-audax-no-pacaembu","status":"publish","type":"post","link":"https:\/\/www.notibras.com\/site\/veteranos-do-santos-se-destacam-em-vitoria-sobre-o-audax-no-pacaembu\/","title":{"rendered":"Veteranos do Santos se destacam em vit\u00f3ria sobre o Audax por 1&#215;0"},"content":{"rendered":"<p>O Santos venceu o Audax por 1 a 0, no Pacaembu neste s\u00e1bado, gra\u00e7as a um gola\u00e7o de Ricardo Oliveira, dando um chap\u00e9u no goleiro advers\u00e1rio. Foi, ali\u00e1s, mais um dia de brilho para os veteranos: Ricardo definiu, Renato sofreu p\u00eanalti perdido por Geuv\u00e2nio e Robinho, horas antes de se juntar \u00e0 sele\u00e7\u00e3o brasileira, deu um lindo drible entre as pernas de Marquinho.<\/p>\n<p>Quem certamente ficou satisfeito foi Marcelo Fernandes, novo treinador santista. Essa foi a quinta partida dele desde a demiss\u00e3o de Enderson Moreira e o aproveitamento continua a ser 100%. Com 29 pontos, o Santos lidera o Grupo 4 e mant\u00e9m a melhor campanha do Paulista. J\u00e1 o Audax, com 16 pontos, \u00e9 terceiro colocado no Grupo 2.<\/p>\n<p>A partida come\u00e7ou fren\u00e9tica no Pacaembu, com pelo menos tr\u00eas chances para o Santos e duas para o Audax. Empurrado por Lucas Lima e de tanto pressionar, a equipe santista logo abriu vantagem com um gola\u00e7o. Aos 16min, Cicinho lan\u00e7ou Ricardo Oliveira: ele aplicou chap\u00e9u sobre o goleiro Felipe e completou de cabe\u00e7a para o fundo das redes. Foi o quinto gol dele nessa nova passagem com a camisa alvinegra.<\/p>\n<blockquote><p>Era o dia dos veteranos no Santos, e Renato tratou de fazer sua parte. Em bola recuperada na frente, o volante disparou, deixou marcadores para tr\u00e1s e foi derrubado por Andr\u00e9 Castro na grande \u00e1rea. A cobran\u00e7a seria de Robinho, mas Geuv\u00e2nio pediu a bola e foi atendido. Na hora de bater, por\u00e9m, desperdi\u00e7ou. A bola foi no cantinho, mas Felipe Alves se atirou e alcan\u00e7ou.<\/p><\/blockquote>\n<p>A partir da\u00ed, o Audax mostrou porque est\u00e1 em ascens\u00e3o no Paulista e passou a alvejar a defesa santista com mais intensidade. Andr\u00e9 Castro arriscou uma pancada da intermedi\u00e1ria ofensiva e fez Vanderlei buscar a bola na gaveta. Lucas Lima, de falta, respondeu para o Santos, e Felipe Alves tamb\u00e9m defendeu na forquilha.<\/p>\n<p>Com duas mudan\u00e7as no intervalo, o Audax ficou mais ofensivo e amea\u00e7ou bastante a meta de Vanderlei, que trabalhou muito para garantir a vit\u00f3ria santista. Leo Bahia, \u00cdtalo e ainda Rafael Longuine, este artilheiro do Paulista, tiveram possibilidades, mas n\u00e3o passaram pelo goleiro do time da casa. O Santos, com espa\u00e7os, viu Robinho perder duas ocasi\u00f5es de perigo na frente. Numa delas, Felipe Alves fez defesa milagrosa.<\/p>\n","protected":false},"excerpt":{"rendered":"<p>O Santos venceu o Audax por 1 a 0, no Pacaembu neste s\u00e1bado, gra\u00e7as a um gola\u00e7o de Ricardo Oliveira, dando um chap\u00e9u no goleiro advers\u00e1rio. Foi, ali\u00e1s, mais um dia de brilho para os veteranos: Ricardo definiu, Renato sofreu p\u00eanalti perdido por Geuv\u00e2nio e Robinho, horas antes de se juntar \u00e0 sele\u00e7\u00e3o brasileira, deu [&hellip;]<\/p>\n","protected":false},"author":2,"featured_media":40678,"comment_status":"open","ping_status":"closed","sticky":false,"template":"","format":"standard","meta":{"_acf_changed":false,"footnotes":""},"categories":[19,29],"tags":[],"class_list":["post-40677","post","type-post","status-publish","format-standard","has-post-thumbnail","hentry","category-esportes","category-futebol"],"acf":[],"yoast_head":"<!-- This site is optimized with the Yoast SEO plugin v27.2 - https:\/\/yoast.com\/product\/yoast-seo-wordpress\/ -->\n<title>Veteranos do Santos se destacam em vit\u00f3ria sobre o Audax por 1x0 - Notibras<\/title>\n<meta name=\"robots\" content=\"index, follow, max-snippet:-1, max-image-preview:large, max-video-preview:-1\" \/>\n<link rel=\"canonical\" href=\"https:\/\/www.notibras.com\/site\/veteranos-do-santos-se-destacam-em-vitoria-sobre-o-audax-no-pacaembu\/\" \/>\n<meta property=\"og:locale\" content=\"pt_BR\" \/>\n<meta property=\"og:type\" content=\"article\" \/>\n<meta property=\"og:title\" content=\"Veteranos do Santos se destacam em vit\u00f3ria sobre o Audax por 1x0 - Notibras\" \/>\n<meta property=\"og:description\" content=\"O Santos venceu o Audax por 1 a 0, no Pacaembu neste s\u00e1bado, gra\u00e7as a um gola\u00e7o de Ricardo Oliveira, dando um chap\u00e9u no goleiro advers\u00e1rio. Foi, ali\u00e1s, mais um dia de brilho para os veteranos: Ricardo definiu, Renato sofreu p\u00eanalti perdido por Geuv\u00e2nio e Robinho, horas antes de se juntar \u00e0 sele\u00e7\u00e3o brasileira, deu [&hellip;]\" \/>\n<meta property=\"og:url\" content=\"https:\/\/www.notibras.com\/site\/veteranos-do-santos-se-destacam-em-vitoria-sobre-o-audax-no-pacaembu\/\" \/>\n<meta property=\"og:site_name\" content=\"Notibras\" \/>\n<meta property=\"article:publisher\" content=\"https:\/\/www.facebook.com\/notibras\/\" \/>\n<meta property=\"article:published_time\" content=\"2015-03-21T23:47:48+00:00\" \/>\n<meta property=\"article:modified_time\" content=\"2015-03-22T13:26:50+00:00\" \/>\n<meta property=\"og:image\" content=\"https:\/\/www.notibras.com\/site\/wp-content\/uploads\/2015\/03\/21santost.jpg\" \/>\n\t<meta property=\"og:image:width\" content=\"300\" \/>\n\t<meta property=\"og:image:height\" content=\"200\" \/>\n\t<meta property=\"og:image:type\" content=\"image\/jpeg\" \/>\n<meta name=\"author\" content=\"Reda\u00e7\u00e3o\" \/>\n<meta name=\"twitter:card\" content=\"summary_large_image\" \/>\n<meta name=\"twitter:creator\" content=\"@Notibras\" \/>\n<meta name=\"twitter:site\" content=\"@Notibras\" \/>\n<meta name=\"twitter:label1\" content=\"Escrito por\" \/>\n\t<meta name=\"twitter:data1\" content=\"Reda\u00e7\u00e3o\" \/>\n\t<meta name=\"twitter:label2\" content=\"Est. tempo de leitura\" \/>\n\t<meta name=\"twitter:data2\" content=\"2 minutos\" \/>\n<script type=\"application\/ld+json\" class=\"yoast-schema-graph\">{\"@context\":\"https:\/\/schema.org\",\"@graph\":[{\"@type\":\"Article\",\"@id\":\"https:\/\/www.notibras.com\/site\/veteranos-do-santos-se-destacam-em-vitoria-sobre-o-audax-no-pacaembu\/#article\",\"isPartOf\":{\"@id\":\"https:\/\/www.notibras.com\/site\/veteranos-do-santos-se-destacam-em-vitoria-sobre-o-audax-no-pacaembu\/\"},\"author\":{\"name\":\"Reda\u00e7\u00e3o\",\"@id\":\"https:\/\/www.notibras.com\/site\/#\/schema\/person\/36ab0979449956132d3e5b517ea76ac8\"},\"headline\":\"Veteranos do Santos se destacam em vit\u00f3ria sobre o Audax por 1&#215;0\",\"datePublished\":\"2015-03-21T23:47:48+00:00\",\"dateModified\":\"2015-03-22T13:26:50+00:00\",\"mainEntityOfPage\":{\"@id\":\"https:\/\/www.notibras.com\/site\/veteranos-do-santos-se-destacam-em-vitoria-sobre-o-audax-no-pacaembu\/\"},\"wordCount\":413,\"commentCount\":0,\"publisher\":{\"@id\":\"https:\/\/www.notibras.com\/site\/#organization\"},\"image\":{\"@id\":\"https:\/\/www.notibras.com\/site\/veteranos-do-santos-se-destacam-em-vitoria-sobre-o-audax-no-pacaembu\/#primaryimage\"},\"thumbnailUrl\":\"https:\/\/www.notibras.com\/site\/wp-content\/uploads\/2015\/03\/21santost.jpg\",\"articleSection\":[\"Esportes\",\"Futebol\"],\"inLanguage\":\"pt-BR\",\"potentialAction\":[{\"@type\":\"CommentAction\",\"name\":\"Comment\",\"target\":[\"https:\/\/www.notibras.com\/site\/veteranos-do-santos-se-destacam-em-vitoria-sobre-o-audax-no-pacaembu\/#respond\"]}]},{\"@type\":\"WebPage\",\"@id\":\"https:\/\/www.notibras.com\/site\/veteranos-do-santos-se-destacam-em-vitoria-sobre-o-audax-no-pacaembu\/\",\"url\":\"https:\/\/www.notibras.com\/site\/veteranos-do-santos-se-destacam-em-vitoria-sobre-o-audax-no-pacaembu\/\",\"name\":\"Veteranos do Santos se destacam em vit\u00f3ria sobre o Audax por 1x0 - Notibras\",\"isPartOf\":{\"@id\":\"https:\/\/www.notibras.com\/site\/#website\"},\"primaryImageOfPage\":{\"@id\":\"https:\/\/www.notibras.com\/site\/veteranos-do-santos-se-destacam-em-vitoria-sobre-o-audax-no-pacaembu\/#primaryimage\"},\"image\":{\"@id\":\"https:\/\/www.notibras.com\/site\/veteranos-do-santos-se-destacam-em-vitoria-sobre-o-audax-no-pacaembu\/#primaryimage\"},\"thumbnailUrl\":\"https:\/\/www.notibras.com\/site\/wp-content\/uploads\/2015\/03\/21santost.jpg\",\"datePublished\":\"2015-03-21T23:47:48+00:00\",\"dateModified\":\"2015-03-22T13:26:50+00:00\",\"breadcrumb\":{\"@id\":\"https:\/\/www.notibras.com\/site\/veteranos-do-santos-se-destacam-em-vitoria-sobre-o-audax-no-pacaembu\/#breadcrumb\"},\"inLanguage\":\"pt-BR\",\"potentialAction\":[{\"@type\":\"ReadAction\",\"target\":[\"https:\/\/www.notibras.com\/site\/veteranos-do-santos-se-destacam-em-vitoria-sobre-o-audax-no-pacaembu\/\"]}]},{\"@type\":\"ImageObject\",\"inLanguage\":\"pt-BR\",\"@id\":\"https:\/\/www.notibras.com\/site\/veteranos-do-santos-se-destacam-em-vitoria-sobre-o-audax-no-pacaembu\/#primaryimage\",\"url\":\"https:\/\/www.notibras.com\/site\/wp-content\/uploads\/2015\/03\/21santost.jpg\",\"contentUrl\":\"https:\/\/www.notibras.com\/site\/wp-content\/uploads\/2015\/03\/21santost.jpg\",\"width\":300,\"height\":200},{\"@type\":\"BreadcrumbList\",\"@id\":\"https:\/\/www.notibras.com\/site\/veteranos-do-santos-se-destacam-em-vitoria-sobre-o-audax-no-pacaembu\/#breadcrumb\",\"itemListElement\":[{\"@type\":\"ListItem\",\"position\":1,\"name\":\"In\u00edcio\",\"item\":\"https:\/\/www.notibras.com\/site\/\"},{\"@type\":\"ListItem\",\"position\":2,\"name\":\"Veteranos do Santos se destacam em vit\u00f3ria sobre o Audax por 1&#215;0\"}]},{\"@type\":\"WebSite\",\"@id\":\"https:\/\/www.notibras.com\/site\/#website\",\"url\":\"https:\/\/www.notibras.com\/site\/\",\"name\":\"Notibras\",\"description\":\"Not\u00edcias de Bras\u00edlia, do Brasil e do Mundo\",\"publisher\":{\"@id\":\"https:\/\/www.notibras.com\/site\/#organization\"},\"potentialAction\":[{\"@type\":\"SearchAction\",\"target\":{\"@type\":\"EntryPoint\",\"urlTemplate\":\"https:\/\/www.notibras.com\/site\/?s={search_term_string}\"},\"query-input\":{\"@type\":\"PropertyValueSpecification\",\"valueRequired\":true,\"valueName\":\"search_term_string\"}}],\"inLanguage\":\"pt-BR\"},{\"@type\":\"Organization\",\"@id\":\"https:\/\/www.notibras.com\/site\/#organization\",\"name\":\"Grupo Notibras de Comunica\u00e7\u00e3o\",\"url\":\"https:\/\/www.notibras.com\/site\/\",\"logo\":{\"@type\":\"ImageObject\",\"inLanguage\":\"pt-BR\",\"@id\":\"https:\/\/www.notibras.com\/site\/#\/schema\/logo\/image\/\",\"url\":\"https:\/\/www.notibras.com\/site\/wp-content\/uploads\/2023\/01\/notibras23.png\",\"contentUrl\":\"https:\/\/www.notibras.com\/site\/wp-content\/uploads\/2023\/01\/notibras23.png\",\"width\":350,\"height\":87,\"caption\":\"Grupo Notibras de Comunica\u00e7\u00e3o\"},\"image\":{\"@id\":\"https:\/\/www.notibras.com\/site\/#\/schema\/logo\/image\/\"},\"sameAs\":[\"https:\/\/www.facebook.com\/notibras\/\",\"https:\/\/x.com\/Notibras\",\"https:\/\/www.instagram.com\/notibras\/\"]},{\"@type\":\"Person\",\"@id\":\"https:\/\/www.notibras.com\/site\/#\/schema\/person\/36ab0979449956132d3e5b517ea76ac8\",\"name\":\"Reda\u00e7\u00e3o\",\"image\":{\"@type\":\"ImageObject\",\"inLanguage\":\"pt-BR\",\"@id\":\"https:\/\/secure.gravatar.com\/avatar\/e0a867bdedb85fd243eadf09663511f96fc81e0720a4a42581f334ad4303aa6b?s=96&d=mm&r=g\",\"url\":\"https:\/\/secure.gravatar.com\/avatar\/e0a867bdedb85fd243eadf09663511f96fc81e0720a4a42581f334ad4303aa6b?s=96&d=mm&r=g\",\"contentUrl\":\"https:\/\/secure.gravatar.com\/avatar\/e0a867bdedb85fd243eadf09663511f96fc81e0720a4a42581f334ad4303aa6b?s=96&d=mm&r=g\",\"caption\":\"Reda\u00e7\u00e3o\"}}]}<\/script>\n<!-- \/ Yoast SEO plugin. -->","yoast_head_json":{"title":"Veteranos do Santos se destacam em vit\u00f3ria sobre o Audax por 1x0 - Notibras","robots":{"index":"index","follow":"follow","max-snippet":"max-snippet:-1","max-image-preview":"max-image-preview:large","max-video-preview":"max-video-preview:-1"},"canonical":"https:\/\/www.notibras.com\/site\/veteranos-do-santos-se-destacam-em-vitoria-sobre-o-audax-no-pacaembu\/","og_locale":"pt_BR","og_type":"article","og_title":"Veteranos do Santos se destacam em vit\u00f3ria sobre o Audax por 1x0 - Notibras","og_description":"O Santos venceu o Audax por 1 a 0, no Pacaembu neste s\u00e1bado, gra\u00e7as a um gola\u00e7o de Ricardo Oliveira, dando um chap\u00e9u no goleiro advers\u00e1rio. Foi, ali\u00e1s, mais um dia de brilho para os veteranos: Ricardo definiu, Renato sofreu p\u00eanalti perdido por Geuv\u00e2nio e Robinho, horas antes de se juntar \u00e0 sele\u00e7\u00e3o brasileira, deu [&hellip;]","og_url":"https:\/\/www.notibras.com\/site\/veteranos-do-santos-se-destacam-em-vitoria-sobre-o-audax-no-pacaembu\/","og_site_name":"Notibras","article_publisher":"https:\/\/www.facebook.com\/notibras\/","article_published_time":"2015-03-21T23:47:48+00:00","article_modified_time":"2015-03-22T13:26:50+00:00","og_image":[{"width":300,"height":200,"url":"https:\/\/www.notibras.com\/site\/wp-content\/uploads\/2015\/03\/21santost.jpg","type":"image\/jpeg"}],"author":"Reda\u00e7\u00e3o","twitter_card":"summary_large_image","twitter_creator":"@Notibras","twitter_site":"@Notibras","twitter_misc":{"Escrito por":"Reda\u00e7\u00e3o","Est. tempo de leitura":"2 minutos"},"schema":{"@context":"https:\/\/schema.org","@graph":[{"@type":"Article","@id":"https:\/\/www.notibras.com\/site\/veteranos-do-santos-se-destacam-em-vitoria-sobre-o-audax-no-pacaembu\/#article","isPartOf":{"@id":"https:\/\/www.notibras.com\/site\/veteranos-do-santos-se-destacam-em-vitoria-sobre-o-audax-no-pacaembu\/"},"author":{"name":"Reda\u00e7\u00e3o","@id":"https:\/\/www.notibras.com\/site\/#\/schema\/person\/36ab0979449956132d3e5b517ea76ac8"},"headline":"Veteranos do Santos se destacam em vit\u00f3ria sobre o Audax por 1&#215;0","datePublished":"2015-03-21T23:47:48+00:00","dateModified":"2015-03-22T13:26:50+00:00","mainEntityOfPage":{"@id":"https:\/\/www.notibras.com\/site\/veteranos-do-santos-se-destacam-em-vitoria-sobre-o-audax-no-pacaembu\/"},"wordCount":413,"commentCount":0,"publisher":{"@id":"https:\/\/www.notibras.com\/site\/#organization"},"image":{"@id":"https:\/\/www.notibras.com\/site\/veteranos-do-santos-se-destacam-em-vitoria-sobre-o-audax-no-pacaembu\/#primaryimage"},"thumbnailUrl":"https:\/\/www.notibras.com\/site\/wp-content\/uploads\/2015\/03\/21santost.jpg","articleSection":["Esportes","Futebol"],"inLanguage":"pt-BR","potentialAction":[{"@type":"CommentAction","name":"Comment","target":["https:\/\/www.notibras.com\/site\/veteranos-do-santos-se-destacam-em-vitoria-sobre-o-audax-no-pacaembu\/#respond"]}]},{"@type":"WebPage","@id":"https:\/\/www.notibras.com\/site\/veteranos-do-santos-se-destacam-em-vitoria-sobre-o-audax-no-pacaembu\/","url":"https:\/\/www.notibras.com\/site\/veteranos-do-santos-se-destacam-em-vitoria-sobre-o-audax-no-pacaembu\/","name":"Veteranos do Santos se destacam em vit\u00f3ria sobre o Audax por 1x0 - Notibras","isPartOf":{"@id":"https:\/\/www.notibras.com\/site\/#website"},"primaryImageOfPage":{"@id":"https:\/\/www.notibras.com\/site\/veteranos-do-santos-se-destacam-em-vitoria-sobre-o-audax-no-pacaembu\/#primaryimage"},"image":{"@id":"https:\/\/www.notibras.com\/site\/veteranos-do-santos-se-destacam-em-vitoria-sobre-o-audax-no-pacaembu\/#primaryimage"},"thumbnailUrl":"https:\/\/www.notibras.com\/site\/wp-content\/uploads\/2015\/03\/21santost.jpg","datePublished":"2015-03-21T23:47:48+00:00","dateModified":"2015-03-22T13:26:50+00:00","breadcrumb":{"@id":"https:\/\/www.notibras.com\/site\/veteranos-do-santos-se-destacam-em-vitoria-sobre-o-audax-no-pacaembu\/#breadcrumb"},"inLanguage":"pt-BR","potentialAction":[{"@type":"ReadAction","target":["https:\/\/www.notibras.com\/site\/veteranos-do-santos-se-destacam-em-vitoria-sobre-o-audax-no-pacaembu\/"]}]},{"@type":"ImageObject","inLanguage":"pt-BR","@id":"https:\/\/www.notibras.com\/site\/veteranos-do-santos-se-destacam-em-vitoria-sobre-o-audax-no-pacaembu\/#primaryimage","url":"https:\/\/www.notibras.com\/site\/wp-content\/uploads\/2015\/03\/21santost.jpg","contentUrl":"https:\/\/www.notibras.com\/site\/wp-content\/uploads\/2015\/03\/21santost.jpg","width":300,"height":200},{"@type":"BreadcrumbList","@id":"https:\/\/www.notibras.com\/site\/veteranos-do-santos-se-destacam-em-vitoria-sobre-o-audax-no-pacaembu\/#breadcrumb","itemListElement":[{"@type":"ListItem","position":1,"name":"In\u00edcio","item":"https:\/\/www.notibras.com\/site\/"},{"@type":"ListItem","position":2,"name":"Veteranos do Santos se destacam em vit\u00f3ria sobre o Audax por 1&#215;0"}]},{"@type":"WebSite","@id":"https:\/\/www.notibras.com\/site\/#website","url":"https:\/\/www.notibras.com\/site\/","name":"Notibras","description":"Not\u00edcias de Bras\u00edlia, do Brasil e do Mundo","publisher":{"@id":"https:\/\/www.notibras.com\/site\/#organization"},"potentialAction":[{"@type":"SearchAction","target":{"@type":"EntryPoint","urlTemplate":"https:\/\/www.notibras.com\/site\/?s={search_term_string}"},"query-input":{"@type":"PropertyValueSpecification","valueRequired":true,"valueName":"search_term_string"}}],"inLanguage":"pt-BR"},{"@type":"Organization","@id":"https:\/\/www.notibras.com\/site\/#organization","name":"Grupo Notibras de Comunica\u00e7\u00e3o","url":"https:\/\/www.notibras.com\/site\/","logo":{"@type":"ImageObject","inLanguage":"pt-BR","@id":"https:\/\/www.notibras.com\/site\/#\/schema\/logo\/image\/","url":"https:\/\/www.notibras.com\/site\/wp-content\/uploads\/2023\/01\/notibras23.png","contentUrl":"https:\/\/www.notibras.com\/site\/wp-content\/uploads\/2023\/01\/notibras23.png","width":350,"height":87,"caption":"Grupo Notibras de Comunica\u00e7\u00e3o"},"image":{"@id":"https:\/\/www.notibras.com\/site\/#\/schema\/logo\/image\/"},"sameAs":["https:\/\/www.facebook.com\/notibras\/","https:\/\/x.com\/Notibras","https:\/\/www.instagram.com\/notibras\/"]},{"@type":"Person","@id":"https:\/\/www.notibras.com\/site\/#\/schema\/person\/36ab0979449956132d3e5b517ea76ac8","name":"Reda\u00e7\u00e3o","image":{"@type":"ImageObject","inLanguage":"pt-BR","@id":"https:\/\/secure.gravatar.com\/avatar\/e0a867bdedb85fd243eadf09663511f96fc81e0720a4a42581f334ad4303aa6b?s=96&d=mm&r=g","url":"https:\/\/secure.gravatar.com\/avatar\/e0a867bdedb85fd243eadf09663511f96fc81e0720a4a42581f334ad4303aa6b?s=96&d=mm&r=g","contentUrl":"https:\/\/secure.gravatar.com\/avatar\/e0a867bdedb85fd243eadf09663511f96fc81e0720a4a42581f334ad4303aa6b?s=96&d=mm&r=g","caption":"Reda\u00e7\u00e3o"}}]}},"amp_enabled":true,"_links":{"self":[{"href":"https:\/\/www.notibras.com\/site\/wp-json\/wp\/v2\/posts\/40677","targetHints":{"allow":["GET"]}}],"collection":[{"href":"https:\/\/www.notibras.com\/site\/wp-json\/wp\/v2\/posts"}],"about":[{"href":"https:\/\/www.notibras.com\/site\/wp-json\/wp\/v2\/types\/post"}],"author":[{"embeddable":true,"href":"https:\/\/www.notibras.com\/site\/wp-json\/wp\/v2\/users\/2"}],"replies":[{"embeddable":true,"href":"https:\/\/www.notibras.com\/site\/wp-json\/wp\/v2\/comments?post=40677"}],"version-history":[{"count":0,"href":"https:\/\/www.notibras.com\/site\/wp-json\/wp\/v2\/posts\/40677\/revisions"}],"wp:featuredmedia":[{"embeddable":true,"href":"https:\/\/www.notibras.com\/site\/wp-json\/wp\/v2\/media\/40678"}],"wp:attachment":[{"href":"https:\/\/www.notibras.com\/site\/wp-json\/wp\/v2\/media?parent=40677"}],"wp:term":[{"taxonomy":"category","embeddable":true,"href":"https:\/\/www.notibras.com\/site\/wp-json\/wp\/v2\/categories?post=40677"},{"taxonomy":"post_tag","embeddable":true,"href":"https:\/\/www.notibras.com\/site\/wp-json\/wp\/v2\/tags?post=40677"}],"curies":[{"name":"wp","href":"https:\/\/api.w.org\/{rel}","templated":true}]}}