{"id":40708,"date":"2015-03-21T20:34:53","date_gmt":"2015-03-21T23:34:53","guid":{"rendered":"http:\/\/www.notibras.com\/site\/?p=40708"},"modified":"2015-03-21T20:34:53","modified_gmt":"2015-03-21T23:34:53","slug":"coritiba-faz-3-a-1-no-cascavel-e-mantem-lideranca-no-parana","status":"publish","type":"post","link":"https:\/\/www.notibras.com\/site\/coritiba-faz-3-a-1-no-cascavel-e-mantem-lideranca-no-parana\/","title":{"rendered":"Coritiba faz 3 a 1 no Cascavel e mant\u00e9m lideran\u00e7a no Paran\u00e1"},"content":{"rendered":"<p class=\"text\">O Coritiba confirmou o excelente momento e venceu sua quarta partida consecutiva no Campeonato Paranaense, neste s\u00e1bado, no Couto Pereira. Atuando em casa, a equipe da capital n\u00e3o teve grandes problemas para triunfar sobre o Cascavel por 3 a 1 e se manteve com folgas na lideran\u00e7a da competi\u00e7\u00e3o estadual.<\/p>\n<p class=\"text\">O grande fato da partida ficou por conta do goleiro Van\u00e1. O jogador de 23 anos, que come\u00e7ou a temporada sob desconfian\u00e7as ap\u00f3s a sa\u00edda de Vanderlei para o Santos, por pouco n\u00e3o chegou ao s\u00e9timo jogo consecutivo sem sofrer gols.<\/p>\n<blockquote>\n<p class=\"text\">O arqueiro resistiu at\u00e9 os 26min do segundo tempo, quando foi vazado por Dewide em chute desviado de fora da \u00e1rea. At\u00e9 ent\u00e3o, o \u00faltimo a balan\u00e7ar as redes do Coritiba havia sido Ruy, do Oper\u00e1rio Ferrovi\u00e1rio, em 7 de fevereiro. Neste intervalo, foram 619 minutos<b>\u00a0<\/b>de bola rolando sem que Van\u00e1 fosse superado &#8211; oitava maior marca da hist\u00f3ria do clube.<\/p>\n<\/blockquote>\n","protected":false},"excerpt":{"rendered":"<p>O Coritiba confirmou o excelente momento e venceu sua quarta partida consecutiva no Campeonato Paranaense, neste s\u00e1bado, no Couto Pereira. Atuando em casa, a equipe da capital n\u00e3o teve grandes problemas para triunfar sobre o Cascavel por 3 a 1 e se manteve com folgas na lideran\u00e7a da competi\u00e7\u00e3o estadual. O grande fato da partida [&hellip;]<\/p>\n","protected":false},"author":2,"featured_media":40709,"comment_status":"open","ping_status":"closed","sticky":false,"template":"","format":"standard","meta":{"_acf_changed":false,"footnotes":""},"categories":[19,29],"tags":[],"class_list":["post-40708","post","type-post","status-publish","format-standard","has-post-thumbnail","hentry","category-esportes","category-futebol"],"acf":[],"yoast_head":"<!-- This site is optimized with the Yoast SEO plugin v27.2 - https:\/\/yoast.com\/product\/yoast-seo-wordpress\/ -->\n<title>Coritiba faz 3 a 1 no Cascavel e mant\u00e9m lideran\u00e7a no Paran\u00e1 - Notibras<\/title>\n<meta name=\"robots\" content=\"index, follow, max-snippet:-1, max-image-preview:large, max-video-preview:-1\" \/>\n<link rel=\"canonical\" href=\"https:\/\/www.notibras.com\/site\/coritiba-faz-3-a-1-no-cascavel-e-mantem-lideranca-no-parana\/\" \/>\n<meta property=\"og:locale\" content=\"pt_BR\" \/>\n<meta property=\"og:type\" content=\"article\" \/>\n<meta property=\"og:title\" content=\"Coritiba faz 3 a 1 no Cascavel e mant\u00e9m lideran\u00e7a no Paran\u00e1 - Notibras\" \/>\n<meta property=\"og:description\" content=\"O Coritiba confirmou o excelente momento e venceu sua quarta partida consecutiva no Campeonato Paranaense, neste s\u00e1bado, no Couto Pereira. Atuando em casa, a equipe da capital n\u00e3o teve grandes problemas para triunfar sobre o Cascavel por 3 a 1 e se manteve com folgas na lideran\u00e7a da competi\u00e7\u00e3o estadual. O grande fato da partida [&hellip;]\" \/>\n<meta property=\"og:url\" content=\"https:\/\/www.notibras.com\/site\/coritiba-faz-3-a-1-no-cascavel-e-mantem-lideranca-no-parana\/\" \/>\n<meta property=\"og:site_name\" content=\"Notibras\" \/>\n<meta property=\"article:publisher\" content=\"https:\/\/www.facebook.com\/notibras\/\" \/>\n<meta property=\"article:published_time\" content=\"2015-03-21T23:34:53+00:00\" \/>\n<meta property=\"og:image\" content=\"https:\/\/www.notibras.com\/site\/wp-content\/uploads\/2015\/03\/neguebacoritibaxcascavelheulerandreyagifgazeta.jpg\" \/>\n\t<meta property=\"og:image:width\" content=\"460\" \/>\n\t<meta property=\"og:image:height\" content=\"307\" \/>\n\t<meta property=\"og:image:type\" content=\"image\/jpeg\" \/>\n<meta name=\"author\" content=\"Reda\u00e7\u00e3o\" \/>\n<meta name=\"twitter:card\" content=\"summary_large_image\" \/>\n<meta name=\"twitter:creator\" content=\"@Notibras\" \/>\n<meta name=\"twitter:site\" content=\"@Notibras\" \/>\n<meta name=\"twitter:label1\" content=\"Escrito por\" \/>\n\t<meta name=\"twitter:data1\" content=\"Reda\u00e7\u00e3o\" \/>\n\t<meta name=\"twitter:label2\" content=\"Est. tempo de leitura\" \/>\n\t<meta name=\"twitter:data2\" content=\"1 minuto\" \/>\n<script type=\"application\/ld+json\" class=\"yoast-schema-graph\">{\"@context\":\"https:\/\/schema.org\",\"@graph\":[{\"@type\":\"Article\",\"@id\":\"https:\/\/www.notibras.com\/site\/coritiba-faz-3-a-1-no-cascavel-e-mantem-lideranca-no-parana\/#article\",\"isPartOf\":{\"@id\":\"https:\/\/www.notibras.com\/site\/coritiba-faz-3-a-1-no-cascavel-e-mantem-lideranca-no-parana\/\"},\"author\":{\"name\":\"Reda\u00e7\u00e3o\",\"@id\":\"https:\/\/www.notibras.com\/site\/#\/schema\/person\/36ab0979449956132d3e5b517ea76ac8\"},\"headline\":\"Coritiba faz 3 a 1 no Cascavel e mant\u00e9m lideran\u00e7a no Paran\u00e1\",\"datePublished\":\"2015-03-21T23:34:53+00:00\",\"mainEntityOfPage\":{\"@id\":\"https:\/\/www.notibras.com\/site\/coritiba-faz-3-a-1-no-cascavel-e-mantem-lideranca-no-parana\/\"},\"wordCount\":175,\"commentCount\":0,\"publisher\":{\"@id\":\"https:\/\/www.notibras.com\/site\/#organization\"},\"image\":{\"@id\":\"https:\/\/www.notibras.com\/site\/coritiba-faz-3-a-1-no-cascavel-e-mantem-lideranca-no-parana\/#primaryimage\"},\"thumbnailUrl\":\"https:\/\/www.notibras.com\/site\/wp-content\/uploads\/2015\/03\/neguebacoritibaxcascavelheulerandreyagifgazeta.jpg\",\"articleSection\":[\"Esportes\",\"Futebol\"],\"inLanguage\":\"pt-BR\",\"potentialAction\":[{\"@type\":\"CommentAction\",\"name\":\"Comment\",\"target\":[\"https:\/\/www.notibras.com\/site\/coritiba-faz-3-a-1-no-cascavel-e-mantem-lideranca-no-parana\/#respond\"]}]},{\"@type\":\"WebPage\",\"@id\":\"https:\/\/www.notibras.com\/site\/coritiba-faz-3-a-1-no-cascavel-e-mantem-lideranca-no-parana\/\",\"url\":\"https:\/\/www.notibras.com\/site\/coritiba-faz-3-a-1-no-cascavel-e-mantem-lideranca-no-parana\/\",\"name\":\"Coritiba faz 3 a 1 no Cascavel e mant\u00e9m lideran\u00e7a no Paran\u00e1 - Notibras\",\"isPartOf\":{\"@id\":\"https:\/\/www.notibras.com\/site\/#website\"},\"primaryImageOfPage\":{\"@id\":\"https:\/\/www.notibras.com\/site\/coritiba-faz-3-a-1-no-cascavel-e-mantem-lideranca-no-parana\/#primaryimage\"},\"image\":{\"@id\":\"https:\/\/www.notibras.com\/site\/coritiba-faz-3-a-1-no-cascavel-e-mantem-lideranca-no-parana\/#primaryimage\"},\"thumbnailUrl\":\"https:\/\/www.notibras.com\/site\/wp-content\/uploads\/2015\/03\/neguebacoritibaxcascavelheulerandreyagifgazeta.jpg\",\"datePublished\":\"2015-03-21T23:34:53+00:00\",\"breadcrumb\":{\"@id\":\"https:\/\/www.notibras.com\/site\/coritiba-faz-3-a-1-no-cascavel-e-mantem-lideranca-no-parana\/#breadcrumb\"},\"inLanguage\":\"pt-BR\",\"potentialAction\":[{\"@type\":\"ReadAction\",\"target\":[\"https:\/\/www.notibras.com\/site\/coritiba-faz-3-a-1-no-cascavel-e-mantem-lideranca-no-parana\/\"]}]},{\"@type\":\"ImageObject\",\"inLanguage\":\"pt-BR\",\"@id\":\"https:\/\/www.notibras.com\/site\/coritiba-faz-3-a-1-no-cascavel-e-mantem-lideranca-no-parana\/#primaryimage\",\"url\":\"https:\/\/www.notibras.com\/site\/wp-content\/uploads\/2015\/03\/neguebacoritibaxcascavelheulerandreyagifgazeta.jpg\",\"contentUrl\":\"https:\/\/www.notibras.com\/site\/wp-content\/uploads\/2015\/03\/neguebacoritibaxcascavelheulerandreyagifgazeta.jpg\",\"width\":460,\"height\":307},{\"@type\":\"BreadcrumbList\",\"@id\":\"https:\/\/www.notibras.com\/site\/coritiba-faz-3-a-1-no-cascavel-e-mantem-lideranca-no-parana\/#breadcrumb\",\"itemListElement\":[{\"@type\":\"ListItem\",\"position\":1,\"name\":\"In\u00edcio\",\"item\":\"https:\/\/www.notibras.com\/site\/\"},{\"@type\":\"ListItem\",\"position\":2,\"name\":\"Coritiba faz 3 a 1 no Cascavel e mant\u00e9m lideran\u00e7a no Paran\u00e1\"}]},{\"@type\":\"WebSite\",\"@id\":\"https:\/\/www.notibras.com\/site\/#website\",\"url\":\"https:\/\/www.notibras.com\/site\/\",\"name\":\"Notibras\",\"description\":\"Not\u00edcias de Bras\u00edlia, do Brasil e do Mundo\",\"publisher\":{\"@id\":\"https:\/\/www.notibras.com\/site\/#organization\"},\"potentialAction\":[{\"@type\":\"SearchAction\",\"target\":{\"@type\":\"EntryPoint\",\"urlTemplate\":\"https:\/\/www.notibras.com\/site\/?s={search_term_string}\"},\"query-input\":{\"@type\":\"PropertyValueSpecification\",\"valueRequired\":true,\"valueName\":\"search_term_string\"}}],\"inLanguage\":\"pt-BR\"},{\"@type\":\"Organization\",\"@id\":\"https:\/\/www.notibras.com\/site\/#organization\",\"name\":\"Grupo Notibras de Comunica\u00e7\u00e3o\",\"url\":\"https:\/\/www.notibras.com\/site\/\",\"logo\":{\"@type\":\"ImageObject\",\"inLanguage\":\"pt-BR\",\"@id\":\"https:\/\/www.notibras.com\/site\/#\/schema\/logo\/image\/\",\"url\":\"https:\/\/www.notibras.com\/site\/wp-content\/uploads\/2023\/01\/notibras23.png\",\"contentUrl\":\"https:\/\/www.notibras.com\/site\/wp-content\/uploads\/2023\/01\/notibras23.png\",\"width\":350,\"height\":87,\"caption\":\"Grupo Notibras de Comunica\u00e7\u00e3o\"},\"image\":{\"@id\":\"https:\/\/www.notibras.com\/site\/#\/schema\/logo\/image\/\"},\"sameAs\":[\"https:\/\/www.facebook.com\/notibras\/\",\"https:\/\/x.com\/Notibras\",\"https:\/\/www.instagram.com\/notibras\/\"]},{\"@type\":\"Person\",\"@id\":\"https:\/\/www.notibras.com\/site\/#\/schema\/person\/36ab0979449956132d3e5b517ea76ac8\",\"name\":\"Reda\u00e7\u00e3o\",\"image\":{\"@type\":\"ImageObject\",\"inLanguage\":\"pt-BR\",\"@id\":\"https:\/\/secure.gravatar.com\/avatar\/e0a867bdedb85fd243eadf09663511f96fc81e0720a4a42581f334ad4303aa6b?s=96&d=mm&r=g\",\"url\":\"https:\/\/secure.gravatar.com\/avatar\/e0a867bdedb85fd243eadf09663511f96fc81e0720a4a42581f334ad4303aa6b?s=96&d=mm&r=g\",\"contentUrl\":\"https:\/\/secure.gravatar.com\/avatar\/e0a867bdedb85fd243eadf09663511f96fc81e0720a4a42581f334ad4303aa6b?s=96&d=mm&r=g\",\"caption\":\"Reda\u00e7\u00e3o\"}}]}<\/script>\n<!-- \/ Yoast SEO plugin. -->","yoast_head_json":{"title":"Coritiba faz 3 a 1 no Cascavel e mant\u00e9m lideran\u00e7a no Paran\u00e1 - Notibras","robots":{"index":"index","follow":"follow","max-snippet":"max-snippet:-1","max-image-preview":"max-image-preview:large","max-video-preview":"max-video-preview:-1"},"canonical":"https:\/\/www.notibras.com\/site\/coritiba-faz-3-a-1-no-cascavel-e-mantem-lideranca-no-parana\/","og_locale":"pt_BR","og_type":"article","og_title":"Coritiba faz 3 a 1 no Cascavel e mant\u00e9m lideran\u00e7a no Paran\u00e1 - Notibras","og_description":"O Coritiba confirmou o excelente momento e venceu sua quarta partida consecutiva no Campeonato Paranaense, neste s\u00e1bado, no Couto Pereira. Atuando em casa, a equipe da capital n\u00e3o teve grandes problemas para triunfar sobre o Cascavel por 3 a 1 e se manteve com folgas na lideran\u00e7a da competi\u00e7\u00e3o estadual. O grande fato da partida [&hellip;]","og_url":"https:\/\/www.notibras.com\/site\/coritiba-faz-3-a-1-no-cascavel-e-mantem-lideranca-no-parana\/","og_site_name":"Notibras","article_publisher":"https:\/\/www.facebook.com\/notibras\/","article_published_time":"2015-03-21T23:34:53+00:00","og_image":[{"width":460,"height":307,"url":"https:\/\/www.notibras.com\/site\/wp-content\/uploads\/2015\/03\/neguebacoritibaxcascavelheulerandreyagifgazeta.jpg","type":"image\/jpeg"}],"author":"Reda\u00e7\u00e3o","twitter_card":"summary_large_image","twitter_creator":"@Notibras","twitter_site":"@Notibras","twitter_misc":{"Escrito por":"Reda\u00e7\u00e3o","Est. tempo de leitura":"1 minuto"},"schema":{"@context":"https:\/\/schema.org","@graph":[{"@type":"Article","@id":"https:\/\/www.notibras.com\/site\/coritiba-faz-3-a-1-no-cascavel-e-mantem-lideranca-no-parana\/#article","isPartOf":{"@id":"https:\/\/www.notibras.com\/site\/coritiba-faz-3-a-1-no-cascavel-e-mantem-lideranca-no-parana\/"},"author":{"name":"Reda\u00e7\u00e3o","@id":"https:\/\/www.notibras.com\/site\/#\/schema\/person\/36ab0979449956132d3e5b517ea76ac8"},"headline":"Coritiba faz 3 a 1 no Cascavel e mant\u00e9m lideran\u00e7a no Paran\u00e1","datePublished":"2015-03-21T23:34:53+00:00","mainEntityOfPage":{"@id":"https:\/\/www.notibras.com\/site\/coritiba-faz-3-a-1-no-cascavel-e-mantem-lideranca-no-parana\/"},"wordCount":175,"commentCount":0,"publisher":{"@id":"https:\/\/www.notibras.com\/site\/#organization"},"image":{"@id":"https:\/\/www.notibras.com\/site\/coritiba-faz-3-a-1-no-cascavel-e-mantem-lideranca-no-parana\/#primaryimage"},"thumbnailUrl":"https:\/\/www.notibras.com\/site\/wp-content\/uploads\/2015\/03\/neguebacoritibaxcascavelheulerandreyagifgazeta.jpg","articleSection":["Esportes","Futebol"],"inLanguage":"pt-BR","potentialAction":[{"@type":"CommentAction","name":"Comment","target":["https:\/\/www.notibras.com\/site\/coritiba-faz-3-a-1-no-cascavel-e-mantem-lideranca-no-parana\/#respond"]}]},{"@type":"WebPage","@id":"https:\/\/www.notibras.com\/site\/coritiba-faz-3-a-1-no-cascavel-e-mantem-lideranca-no-parana\/","url":"https:\/\/www.notibras.com\/site\/coritiba-faz-3-a-1-no-cascavel-e-mantem-lideranca-no-parana\/","name":"Coritiba faz 3 a 1 no Cascavel e mant\u00e9m lideran\u00e7a no Paran\u00e1 - Notibras","isPartOf":{"@id":"https:\/\/www.notibras.com\/site\/#website"},"primaryImageOfPage":{"@id":"https:\/\/www.notibras.com\/site\/coritiba-faz-3-a-1-no-cascavel-e-mantem-lideranca-no-parana\/#primaryimage"},"image":{"@id":"https:\/\/www.notibras.com\/site\/coritiba-faz-3-a-1-no-cascavel-e-mantem-lideranca-no-parana\/#primaryimage"},"thumbnailUrl":"https:\/\/www.notibras.com\/site\/wp-content\/uploads\/2015\/03\/neguebacoritibaxcascavelheulerandreyagifgazeta.jpg","datePublished":"2015-03-21T23:34:53+00:00","breadcrumb":{"@id":"https:\/\/www.notibras.com\/site\/coritiba-faz-3-a-1-no-cascavel-e-mantem-lideranca-no-parana\/#breadcrumb"},"inLanguage":"pt-BR","potentialAction":[{"@type":"ReadAction","target":["https:\/\/www.notibras.com\/site\/coritiba-faz-3-a-1-no-cascavel-e-mantem-lideranca-no-parana\/"]}]},{"@type":"ImageObject","inLanguage":"pt-BR","@id":"https:\/\/www.notibras.com\/site\/coritiba-faz-3-a-1-no-cascavel-e-mantem-lideranca-no-parana\/#primaryimage","url":"https:\/\/www.notibras.com\/site\/wp-content\/uploads\/2015\/03\/neguebacoritibaxcascavelheulerandreyagifgazeta.jpg","contentUrl":"https:\/\/www.notibras.com\/site\/wp-content\/uploads\/2015\/03\/neguebacoritibaxcascavelheulerandreyagifgazeta.jpg","width":460,"height":307},{"@type":"BreadcrumbList","@id":"https:\/\/www.notibras.com\/site\/coritiba-faz-3-a-1-no-cascavel-e-mantem-lideranca-no-parana\/#breadcrumb","itemListElement":[{"@type":"ListItem","position":1,"name":"In\u00edcio","item":"https:\/\/www.notibras.com\/site\/"},{"@type":"ListItem","position":2,"name":"Coritiba faz 3 a 1 no Cascavel e mant\u00e9m lideran\u00e7a no Paran\u00e1"}]},{"@type":"WebSite","@id":"https:\/\/www.notibras.com\/site\/#website","url":"https:\/\/www.notibras.com\/site\/","name":"Notibras","description":"Not\u00edcias de Bras\u00edlia, do Brasil e do Mundo","publisher":{"@id":"https:\/\/www.notibras.com\/site\/#organization"},"potentialAction":[{"@type":"SearchAction","target":{"@type":"EntryPoint","urlTemplate":"https:\/\/www.notibras.com\/site\/?s={search_term_string}"},"query-input":{"@type":"PropertyValueSpecification","valueRequired":true,"valueName":"search_term_string"}}],"inLanguage":"pt-BR"},{"@type":"Organization","@id":"https:\/\/www.notibras.com\/site\/#organization","name":"Grupo Notibras de Comunica\u00e7\u00e3o","url":"https:\/\/www.notibras.com\/site\/","logo":{"@type":"ImageObject","inLanguage":"pt-BR","@id":"https:\/\/www.notibras.com\/site\/#\/schema\/logo\/image\/","url":"https:\/\/www.notibras.com\/site\/wp-content\/uploads\/2023\/01\/notibras23.png","contentUrl":"https:\/\/www.notibras.com\/site\/wp-content\/uploads\/2023\/01\/notibras23.png","width":350,"height":87,"caption":"Grupo Notibras de Comunica\u00e7\u00e3o"},"image":{"@id":"https:\/\/www.notibras.com\/site\/#\/schema\/logo\/image\/"},"sameAs":["https:\/\/www.facebook.com\/notibras\/","https:\/\/x.com\/Notibras","https:\/\/www.instagram.com\/notibras\/"]},{"@type":"Person","@id":"https:\/\/www.notibras.com\/site\/#\/schema\/person\/36ab0979449956132d3e5b517ea76ac8","name":"Reda\u00e7\u00e3o","image":{"@type":"ImageObject","inLanguage":"pt-BR","@id":"https:\/\/secure.gravatar.com\/avatar\/e0a867bdedb85fd243eadf09663511f96fc81e0720a4a42581f334ad4303aa6b?s=96&d=mm&r=g","url":"https:\/\/secure.gravatar.com\/avatar\/e0a867bdedb85fd243eadf09663511f96fc81e0720a4a42581f334ad4303aa6b?s=96&d=mm&r=g","contentUrl":"https:\/\/secure.gravatar.com\/avatar\/e0a867bdedb85fd243eadf09663511f96fc81e0720a4a42581f334ad4303aa6b?s=96&d=mm&r=g","caption":"Reda\u00e7\u00e3o"}}]}},"amp_enabled":true,"_links":{"self":[{"href":"https:\/\/www.notibras.com\/site\/wp-json\/wp\/v2\/posts\/40708","targetHints":{"allow":["GET"]}}],"collection":[{"href":"https:\/\/www.notibras.com\/site\/wp-json\/wp\/v2\/posts"}],"about":[{"href":"https:\/\/www.notibras.com\/site\/wp-json\/wp\/v2\/types\/post"}],"author":[{"embeddable":true,"href":"https:\/\/www.notibras.com\/site\/wp-json\/wp\/v2\/users\/2"}],"replies":[{"embeddable":true,"href":"https:\/\/www.notibras.com\/site\/wp-json\/wp\/v2\/comments?post=40708"}],"version-history":[{"count":0,"href":"https:\/\/www.notibras.com\/site\/wp-json\/wp\/v2\/posts\/40708\/revisions"}],"wp:featuredmedia":[{"embeddable":true,"href":"https:\/\/www.notibras.com\/site\/wp-json\/wp\/v2\/media\/40709"}],"wp:attachment":[{"href":"https:\/\/www.notibras.com\/site\/wp-json\/wp\/v2\/media?parent=40708"}],"wp:term":[{"taxonomy":"category","embeddable":true,"href":"https:\/\/www.notibras.com\/site\/wp-json\/wp\/v2\/categories?post=40708"},{"taxonomy":"post_tag","embeddable":true,"href":"https:\/\/www.notibras.com\/site\/wp-json\/wp\/v2\/tags?post=40708"}],"curies":[{"name":"wp","href":"https:\/\/api.w.org\/{rel}","templated":true}]}}