{"id":407086,"date":"2026-08-31T01:15:35","date_gmt":"2026-08-31T04:15:35","guid":{"rendered":"https:\/\/www.notibras.com\/site\/?p=407086"},"modified":"2026-08-31T01:23:03","modified_gmt":"2026-08-31T04:23:03","slug":"ha-sentimentos-que-so-passam-depois-de-vividos","status":"publish","type":"post","link":"https:\/\/www.notibras.com\/site\/ha-sentimentos-que-so-passam-depois-de-vividos\/","title":{"rendered":"H\u00e1 sentimentos que s\u00f3 passam depois de vividos"},"content":{"rendered":"<p>\u201cSe voc\u00ea est\u00e1 sentindo, sinta.\u201d Marina me disse isso na primeira vez que fiquei apaixonada depois do fim do meu relacionamento de dez anos. \u00c9 como se ela soubesse que eu viveria me apaixonando a cada esquina. Ent\u00e3o, com toda a sutileza que muitas pessoas n\u00e3o veem nela, sua voz me disse em alto e bom tom: SINTA, meu amor, sinta.<\/p>\n<p>E, a cada novo amor, a cada nova viv\u00eancia e a cada nova decep\u00e7\u00e3o, eu lembro da Marina me dizendo: SINTA. As coisas s\u00f3 se esgotam quando a gente sente tudo, porque bloquear sentimentos \u00e9 um esfor\u00e7o maior do que sentir.<\/p>\n<p>E \u00e9 mesmo! \u00c0s vezes, bate uma saudade desenfreada de algu\u00e9m, de como foi aquele dia de sol ou aquele p\u00f4r do sol, e a gente apenas quer esquecer, porque esquecer \u00e9 mais f\u00e1cil do que sentir. Mas a\u00ed eu sinto. Eu lembro de cada pedacinho, de cada detalhe, de cada palavra e sinto com toda a for\u00e7a que tenho em mim. E, \u00e0s vezes, choro; \u00e0s vezes, rio; \u00e0s vezes, dou uns gritos; \u00e0s vezes, escrevo cr\u00f4nicas ruins. Mas, no fundo, eu me permito sentir tudo\u2026<\/p>\n<p>E a\u00ed, quando 100% do meu tempo \u00e9 dedicado \u00e0quilo, chega uma hora em que n\u00e3o h\u00e1 mais o que sentir, a n\u00e3o ser uma abulia, uma in\u00e9rcia, um sentimento de apatia que se faz presente. Ent\u00e3o, tudo o que era grande se torna pequenininho, como se o tanque estivesse cheio e, do nada, toda a \u00e1gua fosse embora porque desentupimos o ralo\u2026<\/p>\n<p>E a\u00ed a gente senta, espera ou vai vivendo, at\u00e9 que, em um novo dia, a gente se apaixone de novo ou reviva tudo de novo\u2026 E, seja o que for que aconte\u00e7a, lembrem-se da Marina \u2014 e n\u00e3o de mim, porque eu sofro tipo novela do Manoel Carlos \u2014 e permitam-se sentir at\u00e9 esgotar.<\/p>\n<p>Sejam Marina.<\/p>\n<p><strong>&#8230;&#8230;&#8230;&#8230;&#8230;&#8230;.<\/strong><br \/>\n<strong>Thalita Delgado (@tha_delgado): Jornalista, publicit\u00e1ria e empres\u00e1ria, tamb\u00e9m se expressa como crocheteira e escritora. Apaixonada por m\u00fasica, livros e pequenas sensibilidades do cotidiano, lan\u00e7ou em 2024 seu primeiro livro, <\/strong><em><strong>Sorrindo e Chorando \u2014 porque \u00e9 isso que a gente faz<\/strong><\/em><strong>, pela Editora Autoria.<\/strong><\/p>\n","protected":false},"excerpt":{"rendered":"<p>\u201cSe voc\u00ea est\u00e1 sentindo, sinta.\u201d Marina me disse isso na primeira vez que fiquei apaixonada depois do fim do meu relacionamento de dez anos. \u00c9 como se ela soubesse que eu viveria me apaixonando a cada esquina. Ent\u00e3o, com toda a sutileza que muitas pessoas n\u00e3o veem nela, sua voz me disse em alto e [&hellip;]<\/p>\n","protected":false},"author":21,"featured_media":407087,"comment_status":"closed","ping_status":"closed","sticky":false,"template":"","format":"standard","meta":{"_acf_changed":false,"footnotes":""},"categories":[234],"tags":[],"tmauthors":[306],"class_list":["post-407086","post","type-post","status-publish","format-standard","has-post-thumbnail","category-cafe-literario"],"acf":[],"yoast_head":"<!-- This site is optimized with the Yoast SEO plugin v28.0 - https:\/\/yoast.com\/product\/yoast-seo-wordpress\/ -->\n<title>H\u00e1 sentimentos que s\u00f3 passam depois de vividos - Notibras<\/title>\n<meta name=\"robots\" content=\"index, follow, max-snippet:-1, max-image-preview:large, max-video-preview:-1\" \/>\n<link rel=\"canonical\" href=\"https:\/\/www.notibras.com\/site\/ha-sentimentos-que-so-passam-depois-de-vividos\/\" \/>\n<meta property=\"og:locale\" content=\"pt_BR\" \/>\n<meta property=\"og:type\" content=\"article\" \/>\n<meta property=\"og:title\" content=\"H\u00e1 sentimentos que s\u00f3 passam depois de vividos - Notibras\" \/>\n<meta property=\"og:description\" content=\"\u201cSe voc\u00ea est\u00e1 sentindo, sinta.\u201d Marina me disse isso na primeira vez que fiquei apaixonada depois do fim do meu relacionamento de dez anos. \u00c9 como se ela soubesse que eu viveria me apaixonando a cada esquina. Ent\u00e3o, com toda a sutileza que muitas pessoas n\u00e3o veem nela, sua voz me disse em alto e [&hellip;]\" \/>\n<meta property=\"og:url\" content=\"https:\/\/www.notibras.com\/site\/ha-sentimentos-que-so-passam-depois-de-vividos\/\" \/>\n<meta property=\"og:site_name\" content=\"Notibras\" \/>\n<meta property=\"article:publisher\" content=\"https:\/\/www.facebook.com\/notibras\/\" \/>\n<meta property=\"article:published_time\" content=\"2026-08-31T04:15:35+00:00\" \/>\n<meta property=\"article:modified_time\" content=\"2026-08-31T04:23:03+00:00\" \/>\n<meta property=\"og:image\" content=\"https:\/\/www.notibras.com\/site\/wp-content\/uploads\/2026\/08\/ChatGPT-Image-15-de-ago.-de-2026-14_02_06.png\" \/>\n\t<meta property=\"og:image:width\" content=\"1672\" \/>\n\t<meta property=\"og:image:height\" content=\"941\" \/>\n\t<meta property=\"og:image:type\" content=\"image\/png\" \/>\n<meta name=\"author\" content=\"Eduardo Mart\u00ednez\" \/>\n<meta name=\"twitter:card\" content=\"summary_large_image\" \/>\n<meta name=\"twitter:creator\" content=\"@Notibras\" \/>\n<meta name=\"twitter:site\" content=\"@Notibras\" \/>\n<meta name=\"twitter:label1\" content=\"Escrito por\" \/>\n\t<meta name=\"twitter:data1\" content=\"Eduardo Mart\u00ednez\" \/>\n\t<meta name=\"twitter:label2\" content=\"Est. tempo de leitura\" \/>\n\t<meta name=\"twitter:data2\" content=\"3 minutos\" \/>\n<script type=\"application\/ld+json\" class=\"yoast-schema-graph\">{\"@context\":\"https:\\\/\\\/schema.org\",\"@graph\":[{\"@type\":\"Article\",\"@id\":\"https:\\\/\\\/www.notibras.com\\\/site\\\/ha-sentimentos-que-so-passam-depois-de-vividos\\\/#article\",\"isPartOf\":{\"@id\":\"https:\\\/\\\/www.notibras.com\\\/site\\\/ha-sentimentos-que-so-passam-depois-de-vividos\\\/\"},\"author\":{\"name\":\"Eduardo Mart\u00ednez\",\"@id\":\"https:\\\/\\\/www.notibras.com\\\/site\\\/#\\\/schema\\\/person\\\/5b7fabf2aedc3ada2105f03b22b4d3dd\"},\"headline\":\"H\u00e1 sentimentos que s\u00f3 passam depois de vividos\",\"datePublished\":\"2026-08-31T04:15:35+00:00\",\"dateModified\":\"2026-08-31T04:23:03+00:00\",\"mainEntityOfPage\":{\"@id\":\"https:\\\/\\\/www.notibras.com\\\/site\\\/ha-sentimentos-que-so-passam-depois-de-vividos\\\/\"},\"wordCount\":371,\"publisher\":{\"@id\":\"https:\\\/\\\/www.notibras.com\\\/site\\\/#organization\"},\"image\":{\"@id\":\"https:\\\/\\\/www.notibras.com\\\/site\\\/ha-sentimentos-que-so-passam-depois-de-vividos\\\/#primaryimage\"},\"thumbnailUrl\":\"https:\\\/\\\/www.notibras.com\\\/site\\\/wp-content\\\/uploads\\\/2026\\\/08\\\/ChatGPT-Image-15-de-ago.-de-2026-14_02_06.png\",\"articleSection\":[\"Caf\u00e9 Liter\u00e1rio\"],\"inLanguage\":\"pt-BR\"},{\"@type\":\"WebPage\",\"@id\":\"https:\\\/\\\/www.notibras.com\\\/site\\\/ha-sentimentos-que-so-passam-depois-de-vividos\\\/\",\"url\":\"https:\\\/\\\/www.notibras.com\\\/site\\\/ha-sentimentos-que-so-passam-depois-de-vividos\\\/\",\"name\":\"H\u00e1 sentimentos que s\u00f3 passam depois de vividos - Notibras\",\"isPartOf\":{\"@id\":\"https:\\\/\\\/www.notibras.com\\\/site\\\/#website\"},\"primaryImageOfPage\":{\"@id\":\"https:\\\/\\\/www.notibras.com\\\/site\\\/ha-sentimentos-que-so-passam-depois-de-vividos\\\/#primaryimage\"},\"image\":{\"@id\":\"https:\\\/\\\/www.notibras.com\\\/site\\\/ha-sentimentos-que-so-passam-depois-de-vividos\\\/#primaryimage\"},\"thumbnailUrl\":\"https:\\\/\\\/www.notibras.com\\\/site\\\/wp-content\\\/uploads\\\/2026\\\/08\\\/ChatGPT-Image-15-de-ago.-de-2026-14_02_06.png\",\"datePublished\":\"2026-08-31T04:15:35+00:00\",\"dateModified\":\"2026-08-31T04:23:03+00:00\",\"breadcrumb\":{\"@id\":\"https:\\\/\\\/www.notibras.com\\\/site\\\/ha-sentimentos-que-so-passam-depois-de-vividos\\\/#breadcrumb\"},\"inLanguage\":\"pt-BR\",\"potentialAction\":[{\"@type\":\"ReadAction\",\"target\":[\"https:\\\/\\\/www.notibras.com\\\/site\\\/ha-sentimentos-que-so-passam-depois-de-vividos\\\/\"]}]},{\"@type\":\"ImageObject\",\"inLanguage\":\"pt-BR\",\"@id\":\"https:\\\/\\\/www.notibras.com\\\/site\\\/ha-sentimentos-que-so-passam-depois-de-vividos\\\/#primaryimage\",\"url\":\"https:\\\/\\\/www.notibras.com\\\/site\\\/wp-content\\\/uploads\\\/2026\\\/08\\\/ChatGPT-Image-15-de-ago.-de-2026-14_02_06.png\",\"contentUrl\":\"https:\\\/\\\/www.notibras.com\\\/site\\\/wp-content\\\/uploads\\\/2026\\\/08\\\/ChatGPT-Image-15-de-ago.-de-2026-14_02_06.png\",\"width\":1672,\"height\":941},{\"@type\":\"BreadcrumbList\",\"@id\":\"https:\\\/\\\/www.notibras.com\\\/site\\\/ha-sentimentos-que-so-passam-depois-de-vividos\\\/#breadcrumb\",\"itemListElement\":[{\"@type\":\"ListItem\",\"position\":1,\"name\":\"In\u00edcio\",\"item\":\"https:\\\/\\\/www.notibras.com\\\/site\\\/\"},{\"@type\":\"ListItem\",\"position\":2,\"name\":\"H\u00e1 sentimentos que s\u00f3 passam depois de vividos\"}]},{\"@type\":\"WebSite\",\"@id\":\"https:\\\/\\\/www.notibras.com\\\/site\\\/#website\",\"url\":\"https:\\\/\\\/www.notibras.com\\\/site\\\/\",\"name\":\"Notibras\",\"description\":\"Not\u00edcias de Bras\u00edlia, do Brasil e do Mundo\",\"publisher\":{\"@id\":\"https:\\\/\\\/www.notibras.com\\\/site\\\/#organization\"},\"potentialAction\":[{\"@type\":\"SearchAction\",\"target\":{\"@type\":\"EntryPoint\",\"urlTemplate\":\"https:\\\/\\\/www.notibras.com\\\/site\\\/?s={search_term_string}\"},\"query-input\":{\"@type\":\"PropertyValueSpecification\",\"valueRequired\":true,\"valueName\":\"search_term_string\"}}],\"inLanguage\":\"pt-BR\"},{\"@type\":\"Organization\",\"@id\":\"https:\\\/\\\/www.notibras.com\\\/site\\\/#organization\",\"name\":\"Grupo Notibras de Comunica\u00e7\u00e3o\",\"url\":\"https:\\\/\\\/www.notibras.com\\\/site\\\/\",\"logo\":{\"@type\":\"ImageObject\",\"inLanguage\":\"pt-BR\",\"@id\":\"https:\\\/\\\/www.notibras.com\\\/site\\\/#\\\/schema\\\/logo\\\/image\\\/\",\"url\":\"https:\\\/\\\/www.notibras.com\\\/site\\\/wp-content\\\/uploads\\\/2023\\\/01\\\/notibras23.png\",\"contentUrl\":\"https:\\\/\\\/www.notibras.com\\\/site\\\/wp-content\\\/uploads\\\/2023\\\/01\\\/notibras23.png\",\"width\":350,\"height\":87,\"caption\":\"Grupo Notibras de Comunica\u00e7\u00e3o\"},\"image\":{\"@id\":\"https:\\\/\\\/www.notibras.com\\\/site\\\/#\\\/schema\\\/logo\\\/image\\\/\"},\"sameAs\":[\"https:\\\/\\\/www.facebook.com\\\/notibras\\\/\",\"https:\\\/\\\/x.com\\\/Notibras\",\"https:\\\/\\\/www.instagram.com\\\/notibras\\\/\"]},{\"@type\":\"Person\",\"@id\":\"https:\\\/\\\/www.notibras.com\\\/site\\\/#\\\/schema\\\/person\\\/5b7fabf2aedc3ada2105f03b22b4d3dd\",\"name\":\"Eduardo Mart\u00ednez\",\"image\":{\"@type\":\"ImageObject\",\"inLanguage\":\"pt-BR\",\"@id\":\"https:\\\/\\\/secure.gravatar.com\\\/avatar\\\/7902f906289926289cbcda644b5197c796b893c6ffd7b9a536a42d290f7704a0?s=96&d=mm&r=g\",\"url\":\"https:\\\/\\\/secure.gravatar.com\\\/avatar\\\/7902f906289926289cbcda644b5197c796b893c6ffd7b9a536a42d290f7704a0?s=96&d=mm&r=g\",\"contentUrl\":\"https:\\\/\\\/secure.gravatar.com\\\/avatar\\\/7902f906289926289cbcda644b5197c796b893c6ffd7b9a536a42d290f7704a0?s=96&d=mm&r=g\",\"caption\":\"Eduardo Mart\u00ednez\"}}]}<\/script>\n<!-- \/ Yoast SEO plugin. -->","yoast_head_json":{"title":"H\u00e1 sentimentos que s\u00f3 passam depois de vividos - Notibras","robots":{"index":"index","follow":"follow","max-snippet":"max-snippet:-1","max-image-preview":"max-image-preview:large","max-video-preview":"max-video-preview:-1"},"canonical":"https:\/\/www.notibras.com\/site\/ha-sentimentos-que-so-passam-depois-de-vividos\/","og_locale":"pt_BR","og_type":"article","og_title":"H\u00e1 sentimentos que s\u00f3 passam depois de vividos - Notibras","og_description":"\u201cSe voc\u00ea est\u00e1 sentindo, sinta.\u201d Marina me disse isso na primeira vez que fiquei apaixonada depois do fim do meu relacionamento de dez anos. \u00c9 como se ela soubesse que eu viveria me apaixonando a cada esquina. Ent\u00e3o, com toda a sutileza que muitas pessoas n\u00e3o veem nela, sua voz me disse em alto e [&hellip;]","og_url":"https:\/\/www.notibras.com\/site\/ha-sentimentos-que-so-passam-depois-de-vividos\/","og_site_name":"Notibras","article_publisher":"https:\/\/www.facebook.com\/notibras\/","article_published_time":"2026-08-31T04:15:35+00:00","article_modified_time":"2026-08-31T04:23:03+00:00","og_image":[{"width":1672,"height":941,"url":"https:\/\/www.notibras.com\/site\/wp-content\/uploads\/2026\/08\/ChatGPT-Image-15-de-ago.-de-2026-14_02_06.png","type":"image\/png"}],"author":"Eduardo Mart\u00ednez","twitter_card":"summary_large_image","twitter_creator":"@Notibras","twitter_site":"@Notibras","twitter_misc":{"Escrito por":"Eduardo Mart\u00ednez","Est. tempo de leitura":"3 minutos"},"schema":{"@context":"https:\/\/schema.org","@graph":[{"@type":"Article","@id":"https:\/\/www.notibras.com\/site\/ha-sentimentos-que-so-passam-depois-de-vividos\/#article","isPartOf":{"@id":"https:\/\/www.notibras.com\/site\/ha-sentimentos-que-so-passam-depois-de-vividos\/"},"author":{"name":"Eduardo Mart\u00ednez","@id":"https:\/\/www.notibras.com\/site\/#\/schema\/person\/5b7fabf2aedc3ada2105f03b22b4d3dd"},"headline":"H\u00e1 sentimentos que s\u00f3 passam depois de vividos","datePublished":"2026-08-31T04:15:35+00:00","dateModified":"2026-08-31T04:23:03+00:00","mainEntityOfPage":{"@id":"https:\/\/www.notibras.com\/site\/ha-sentimentos-que-so-passam-depois-de-vividos\/"},"wordCount":371,"publisher":{"@id":"https:\/\/www.notibras.com\/site\/#organization"},"image":{"@id":"https:\/\/www.notibras.com\/site\/ha-sentimentos-que-so-passam-depois-de-vividos\/#primaryimage"},"thumbnailUrl":"https:\/\/www.notibras.com\/site\/wp-content\/uploads\/2026\/08\/ChatGPT-Image-15-de-ago.-de-2026-14_02_06.png","articleSection":["Caf\u00e9 Liter\u00e1rio"],"inLanguage":"pt-BR"},{"@type":"WebPage","@id":"https:\/\/www.notibras.com\/site\/ha-sentimentos-que-so-passam-depois-de-vividos\/","url":"https:\/\/www.notibras.com\/site\/ha-sentimentos-que-so-passam-depois-de-vividos\/","name":"H\u00e1 sentimentos que s\u00f3 passam depois de vividos - Notibras","isPartOf":{"@id":"https:\/\/www.notibras.com\/site\/#website"},"primaryImageOfPage":{"@id":"https:\/\/www.notibras.com\/site\/ha-sentimentos-que-so-passam-depois-de-vividos\/#primaryimage"},"image":{"@id":"https:\/\/www.notibras.com\/site\/ha-sentimentos-que-so-passam-depois-de-vividos\/#primaryimage"},"thumbnailUrl":"https:\/\/www.notibras.com\/site\/wp-content\/uploads\/2026\/08\/ChatGPT-Image-15-de-ago.-de-2026-14_02_06.png","datePublished":"2026-08-31T04:15:35+00:00","dateModified":"2026-08-31T04:23:03+00:00","breadcrumb":{"@id":"https:\/\/www.notibras.com\/site\/ha-sentimentos-que-so-passam-depois-de-vividos\/#breadcrumb"},"inLanguage":"pt-BR","potentialAction":[{"@type":"ReadAction","target":["https:\/\/www.notibras.com\/site\/ha-sentimentos-que-so-passam-depois-de-vividos\/"]}]},{"@type":"ImageObject","inLanguage":"pt-BR","@id":"https:\/\/www.notibras.com\/site\/ha-sentimentos-que-so-passam-depois-de-vividos\/#primaryimage","url":"https:\/\/www.notibras.com\/site\/wp-content\/uploads\/2026\/08\/ChatGPT-Image-15-de-ago.-de-2026-14_02_06.png","contentUrl":"https:\/\/www.notibras.com\/site\/wp-content\/uploads\/2026\/08\/ChatGPT-Image-15-de-ago.-de-2026-14_02_06.png","width":1672,"height":941},{"@type":"BreadcrumbList","@id":"https:\/\/www.notibras.com\/site\/ha-sentimentos-que-so-passam-depois-de-vividos\/#breadcrumb","itemListElement":[{"@type":"ListItem","position":1,"name":"In\u00edcio","item":"https:\/\/www.notibras.com\/site\/"},{"@type":"ListItem","position":2,"name":"H\u00e1 sentimentos que s\u00f3 passam depois de vividos"}]},{"@type":"WebSite","@id":"https:\/\/www.notibras.com\/site\/#website","url":"https:\/\/www.notibras.com\/site\/","name":"Notibras","description":"Not\u00edcias de Bras\u00edlia, do Brasil e do Mundo","publisher":{"@id":"https:\/\/www.notibras.com\/site\/#organization"},"potentialAction":[{"@type":"SearchAction","target":{"@type":"EntryPoint","urlTemplate":"https:\/\/www.notibras.com\/site\/?s={search_term_string}"},"query-input":{"@type":"PropertyValueSpecification","valueRequired":true,"valueName":"search_term_string"}}],"inLanguage":"pt-BR"},{"@type":"Organization","@id":"https:\/\/www.notibras.com\/site\/#organization","name":"Grupo Notibras de Comunica\u00e7\u00e3o","url":"https:\/\/www.notibras.com\/site\/","logo":{"@type":"ImageObject","inLanguage":"pt-BR","@id":"https:\/\/www.notibras.com\/site\/#\/schema\/logo\/image\/","url":"https:\/\/www.notibras.com\/site\/wp-content\/uploads\/2023\/01\/notibras23.png","contentUrl":"https:\/\/www.notibras.com\/site\/wp-content\/uploads\/2023\/01\/notibras23.png","width":350,"height":87,"caption":"Grupo Notibras de Comunica\u00e7\u00e3o"},"image":{"@id":"https:\/\/www.notibras.com\/site\/#\/schema\/logo\/image\/"},"sameAs":["https:\/\/www.facebook.com\/notibras\/","https:\/\/x.com\/Notibras","https:\/\/www.instagram.com\/notibras\/"]},{"@type":"Person","@id":"https:\/\/www.notibras.com\/site\/#\/schema\/person\/5b7fabf2aedc3ada2105f03b22b4d3dd","name":"Eduardo Mart\u00ednez","image":{"@type":"ImageObject","inLanguage":"pt-BR","@id":"https:\/\/secure.gravatar.com\/avatar\/7902f906289926289cbcda644b5197c796b893c6ffd7b9a536a42d290f7704a0?s=96&d=mm&r=g","url":"https:\/\/secure.gravatar.com\/avatar\/7902f906289926289cbcda644b5197c796b893c6ffd7b9a536a42d290f7704a0?s=96&d=mm&r=g","contentUrl":"https:\/\/secure.gravatar.com\/avatar\/7902f906289926289cbcda644b5197c796b893c6ffd7b9a536a42d290f7704a0?s=96&d=mm&r=g","caption":"Eduardo Mart\u00ednez"}}]}},"_links":{"self":[{"href":"https:\/\/www.notibras.com\/site\/wp-json\/wp\/v2\/posts\/407086","targetHints":{"allow":["GET"]}}],"collection":[{"href":"https:\/\/www.notibras.com\/site\/wp-json\/wp\/v2\/posts"}],"about":[{"href":"https:\/\/www.notibras.com\/site\/wp-json\/wp\/v2\/types\/post"}],"author":[{"embeddable":true,"href":"https:\/\/www.notibras.com\/site\/wp-json\/wp\/v2\/users\/21"}],"replies":[{"embeddable":true,"href":"https:\/\/www.notibras.com\/site\/wp-json\/wp\/v2\/comments?post=407086"}],"version-history":[{"count":2,"href":"https:\/\/www.notibras.com\/site\/wp-json\/wp\/v2\/posts\/407086\/revisions"}],"predecessor-version":[{"id":408780,"href":"https:\/\/www.notibras.com\/site\/wp-json\/wp\/v2\/posts\/407086\/revisions\/408780"}],"wp:featuredmedia":[{"embeddable":true,"href":"https:\/\/www.notibras.com\/site\/wp-json\/wp\/v2\/media\/407087"}],"wp:attachment":[{"href":"https:\/\/www.notibras.com\/site\/wp-json\/wp\/v2\/media?parent=407086"}],"wp:term":[{"taxonomy":"category","embeddable":true,"href":"https:\/\/www.notibras.com\/site\/wp-json\/wp\/v2\/categories?post=407086"},{"taxonomy":"post_tag","embeddable":true,"href":"https:\/\/www.notibras.com\/site\/wp-json\/wp\/v2\/tags?post=407086"},{"taxonomy":"tmauthors","embeddable":true,"href":"https:\/\/www.notibras.com\/site\/wp-json\/wp\/v2\/tmauthors?post=407086"}],"curies":[{"name":"wp","href":"https:\/\/api.w.org\/{rel}","templated":true}]}}