{"id":40723,"date":"2015-03-22T10:09:49","date_gmt":"2015-03-22T13:09:49","guid":{"rendered":"http:\/\/www.notibras.com\/site\/?p=40723"},"modified":"2015-03-22T14:01:03","modified_gmt":"2015-03-22T17:01:03","slug":"cirurgia-do-cronometro-faz-crescer-o-numero-de-acoes-por-erro-medico","status":"publish","type":"post","link":"https:\/\/www.notibras.com\/site\/cirurgia-do-cronometro-faz-crescer-o-numero-de-acoes-por-erro-medico\/","title":{"rendered":"Cirurgia do cron\u00f4metro faz crescer a\u00e7\u00f5es de erro m\u00e9dico"},"content":{"rendered":"<p>Em quatro anos, o n\u00famero de processos movidos por erro m\u00e9dico que chegaram ao Superior Tribunal de Justi\u00e7a cresceu 140%. Em 2010, foram 260 a\u00e7\u00f5es encaminhadas \u00e0 Corte sobre o tema. No ano passado, foram 626 processos. S\u00e3o casos j\u00e1 julgados nos tribunais estaduais que passam para a esfera superior quando uma das partes entra com recurso, informa o Estad\u00e3o.<\/p>\n<p>No mesmo per\u00edodo, 18 m\u00e9dicos tiveram seus registros cassados e outros 625 receberam outros tipos de puni\u00e7\u00f5es do Conselho Federal de Medicina (CFM) por agir com imprud\u00eancia, imper\u00edcia ou neglig\u00eancia, pr\u00e1ticas que caracterizam o erro m\u00e9dico.<\/p>\n<p>Para especialistas em direito \u00e0 sa\u00fade, o aumento de casos de erros m\u00e9dicos reportados \u00e0 Justi\u00e7a est\u00e1 relacionado com a baixa preocupa\u00e7\u00e3o de alguns profissionais e unidades de sa\u00fade com a qualidade do servi\u00e7o prestado.<\/p>\n<blockquote><p>&#8220;O n\u00famero de clientes de planos de sa\u00fade vem aumentando, mas a qualidade, n\u00e3o. H\u00e1 m\u00e9dicos que t\u00eam de atender com cron\u00f4metro, fazer v\u00e1rias cirurgias no mesmo dia. \u00c9 \u00f3bvio que, dessa forma, os erros come\u00e7am a se tornar mais frequentes&#8221;, diz a advogada Renata Vilhena.<\/p><\/blockquote>\n<p>Problemas estruturais dos hospitais, falta de m\u00e3o de obra, baixa remunera\u00e7\u00e3o e longas jornadas de trabalho s\u00e3o apontados pelo advogado Julius Conforti tamb\u00e9m como causas de falhas no atendimento m\u00e9dico. &#8220;Outro fator importante que explica esse aumento do n\u00famero de a\u00e7\u00f5es judiciais \u00e9 a quantidade alucinante de cirurgias pl\u00e1sticas realizadas no Brasil&#8221;, diz.<\/p>\n<p>Corregedor do CFM, Jos\u00e9 Fernando Vinagre admite que h\u00e1 problemas na qualidade do servi\u00e7o prestado e nas condi\u00e7\u00f5es de trabalho oferecidas aos m\u00e9dicos, mas destaca tamb\u00e9m o peso da m\u00e1 forma\u00e7\u00e3o nos casos de erro. &#8220;As faculdades t\u00eam sido abertas sem crit\u00e9rios t\u00e9cnicos, sem a certeza de que v\u00e3o oferecer aos alunos um ensino adequado&#8221;, diz ele.<\/p>\n","protected":false},"excerpt":{"rendered":"<p>Em quatro anos, o n\u00famero de processos movidos por erro m\u00e9dico que chegaram ao Superior Tribunal de Justi\u00e7a cresceu 140%. Em 2010, foram 260 a\u00e7\u00f5es encaminhadas \u00e0 Corte sobre o tema. No ano passado, foram 626 processos. S\u00e3o casos j\u00e1 julgados nos tribunais estaduais que passam para a esfera superior quando uma das partes entra [&hellip;]<\/p>\n","protected":false},"author":2,"featured_media":40724,"comment_status":"open","ping_status":"closed","sticky":false,"template":"","format":"standard","meta":{"_acf_changed":false,"footnotes":""},"categories":[16],"tags":[],"class_list":["post-40723","post","type-post","status-publish","format-standard","has-post-thumbnail","hentry","category-brasil"],"acf":[],"yoast_head":"<!-- This site is optimized with the Yoast SEO plugin v27.5 - https:\/\/yoast.com\/product\/yoast-seo-wordpress\/ -->\n<title>Cirurgia do cron\u00f4metro faz crescer a\u00e7\u00f5es de erro m\u00e9dico - Notibras<\/title>\n<meta name=\"robots\" content=\"index, follow, max-snippet:-1, max-image-preview:large, max-video-preview:-1\" \/>\n<link rel=\"canonical\" href=\"https:\/\/www.notibras.com\/site\/cirurgia-do-cronometro-faz-crescer-o-numero-de-acoes-por-erro-medico\/\" \/>\n<meta property=\"og:locale\" content=\"pt_BR\" \/>\n<meta property=\"og:type\" content=\"article\" \/>\n<meta property=\"og:title\" content=\"Cirurgia do cron\u00f4metro faz crescer a\u00e7\u00f5es de erro m\u00e9dico - Notibras\" \/>\n<meta property=\"og:description\" content=\"Em quatro anos, o n\u00famero de processos movidos por erro m\u00e9dico que chegaram ao Superior Tribunal de Justi\u00e7a cresceu 140%. Em 2010, foram 260 a\u00e7\u00f5es encaminhadas \u00e0 Corte sobre o tema. No ano passado, foram 626 processos. S\u00e3o casos j\u00e1 julgados nos tribunais estaduais que passam para a esfera superior quando uma das partes entra [&hellip;]\" \/>\n<meta property=\"og:url\" content=\"https:\/\/www.notibras.com\/site\/cirurgia-do-cronometro-faz-crescer-o-numero-de-acoes-por-erro-medico\/\" \/>\n<meta property=\"og:site_name\" content=\"Notibras\" \/>\n<meta property=\"article:publisher\" content=\"https:\/\/www.facebook.com\/notibras\/\" \/>\n<meta property=\"article:published_time\" content=\"2015-03-22T13:09:49+00:00\" \/>\n<meta property=\"article:modified_time\" content=\"2015-03-22T17:01:03+00:00\" \/>\n<meta property=\"og:image\" content=\"https:\/\/www.notibras.com\/site\/wp-content\/uploads\/2015\/03\/erro.jpg\" \/>\n\t<meta property=\"og:image:width\" content=\"1024\" \/>\n\t<meta property=\"og:image:height\" content=\"682\" \/>\n\t<meta property=\"og:image:type\" content=\"image\/jpeg\" \/>\n<meta name=\"author\" content=\"Reda\u00e7\u00e3o\" \/>\n<meta name=\"twitter:card\" content=\"summary_large_image\" \/>\n<meta name=\"twitter:creator\" content=\"@Notibras\" \/>\n<meta name=\"twitter:site\" content=\"@Notibras\" \/>\n<meta name=\"twitter:label1\" content=\"Escrito por\" \/>\n\t<meta name=\"twitter:data1\" content=\"Reda\u00e7\u00e3o\" \/>\n\t<meta name=\"twitter:label2\" content=\"Est. tempo de leitura\" \/>\n\t<meta name=\"twitter:data2\" content=\"2 minutos\" \/>\n<script type=\"application\/ld+json\" class=\"yoast-schema-graph\">{\"@context\":\"https:\\\/\\\/schema.org\",\"@graph\":[{\"@type\":\"Article\",\"@id\":\"https:\\\/\\\/www.notibras.com\\\/site\\\/cirurgia-do-cronometro-faz-crescer-o-numero-de-acoes-por-erro-medico\\\/#article\",\"isPartOf\":{\"@id\":\"https:\\\/\\\/www.notibras.com\\\/site\\\/cirurgia-do-cronometro-faz-crescer-o-numero-de-acoes-por-erro-medico\\\/\"},\"author\":{\"name\":\"Reda\u00e7\u00e3o\",\"@id\":\"https:\\\/\\\/www.notibras.com\\\/site\\\/#\\\/schema\\\/person\\\/36ab0979449956132d3e5b517ea76ac8\"},\"headline\":\"Cirurgia do cron\u00f4metro faz crescer a\u00e7\u00f5es de erro m\u00e9dico\",\"datePublished\":\"2015-03-22T13:09:49+00:00\",\"dateModified\":\"2015-03-22T17:01:03+00:00\",\"mainEntityOfPage\":{\"@id\":\"https:\\\/\\\/www.notibras.com\\\/site\\\/cirurgia-do-cronometro-faz-crescer-o-numero-de-acoes-por-erro-medico\\\/\"},\"wordCount\":333,\"commentCount\":0,\"publisher\":{\"@id\":\"https:\\\/\\\/www.notibras.com\\\/site\\\/#organization\"},\"image\":{\"@id\":\"https:\\\/\\\/www.notibras.com\\\/site\\\/cirurgia-do-cronometro-faz-crescer-o-numero-de-acoes-por-erro-medico\\\/#primaryimage\"},\"thumbnailUrl\":\"https:\\\/\\\/www.notibras.com\\\/site\\\/wp-content\\\/uploads\\\/2015\\\/03\\\/erro.jpg\",\"articleSection\":[\"Brasil\"],\"inLanguage\":\"pt-BR\",\"potentialAction\":[{\"@type\":\"CommentAction\",\"name\":\"Comment\",\"target\":[\"https:\\\/\\\/www.notibras.com\\\/site\\\/cirurgia-do-cronometro-faz-crescer-o-numero-de-acoes-por-erro-medico\\\/#respond\"]}]},{\"@type\":\"WebPage\",\"@id\":\"https:\\\/\\\/www.notibras.com\\\/site\\\/cirurgia-do-cronometro-faz-crescer-o-numero-de-acoes-por-erro-medico\\\/\",\"url\":\"https:\\\/\\\/www.notibras.com\\\/site\\\/cirurgia-do-cronometro-faz-crescer-o-numero-de-acoes-por-erro-medico\\\/\",\"name\":\"Cirurgia do cron\u00f4metro faz crescer a\u00e7\u00f5es de erro m\u00e9dico - Notibras\",\"isPartOf\":{\"@id\":\"https:\\\/\\\/www.notibras.com\\\/site\\\/#website\"},\"primaryImageOfPage\":{\"@id\":\"https:\\\/\\\/www.notibras.com\\\/site\\\/cirurgia-do-cronometro-faz-crescer-o-numero-de-acoes-por-erro-medico\\\/#primaryimage\"},\"image\":{\"@id\":\"https:\\\/\\\/www.notibras.com\\\/site\\\/cirurgia-do-cronometro-faz-crescer-o-numero-de-acoes-por-erro-medico\\\/#primaryimage\"},\"thumbnailUrl\":\"https:\\\/\\\/www.notibras.com\\\/site\\\/wp-content\\\/uploads\\\/2015\\\/03\\\/erro.jpg\",\"datePublished\":\"2015-03-22T13:09:49+00:00\",\"dateModified\":\"2015-03-22T17:01:03+00:00\",\"breadcrumb\":{\"@id\":\"https:\\\/\\\/www.notibras.com\\\/site\\\/cirurgia-do-cronometro-faz-crescer-o-numero-de-acoes-por-erro-medico\\\/#breadcrumb\"},\"inLanguage\":\"pt-BR\",\"potentialAction\":[{\"@type\":\"ReadAction\",\"target\":[\"https:\\\/\\\/www.notibras.com\\\/site\\\/cirurgia-do-cronometro-faz-crescer-o-numero-de-acoes-por-erro-medico\\\/\"]}]},{\"@type\":\"ImageObject\",\"inLanguage\":\"pt-BR\",\"@id\":\"https:\\\/\\\/www.notibras.com\\\/site\\\/cirurgia-do-cronometro-faz-crescer-o-numero-de-acoes-por-erro-medico\\\/#primaryimage\",\"url\":\"https:\\\/\\\/www.notibras.com\\\/site\\\/wp-content\\\/uploads\\\/2015\\\/03\\\/erro.jpg\",\"contentUrl\":\"https:\\\/\\\/www.notibras.com\\\/site\\\/wp-content\\\/uploads\\\/2015\\\/03\\\/erro.jpg\",\"width\":1024,\"height\":682},{\"@type\":\"BreadcrumbList\",\"@id\":\"https:\\\/\\\/www.notibras.com\\\/site\\\/cirurgia-do-cronometro-faz-crescer-o-numero-de-acoes-por-erro-medico\\\/#breadcrumb\",\"itemListElement\":[{\"@type\":\"ListItem\",\"position\":1,\"name\":\"In\u00edcio\",\"item\":\"https:\\\/\\\/www.notibras.com\\\/site\\\/\"},{\"@type\":\"ListItem\",\"position\":2,\"name\":\"Cirurgia do cron\u00f4metro faz crescer a\u00e7\u00f5es de erro m\u00e9dico\"}]},{\"@type\":\"WebSite\",\"@id\":\"https:\\\/\\\/www.notibras.com\\\/site\\\/#website\",\"url\":\"https:\\\/\\\/www.notibras.com\\\/site\\\/\",\"name\":\"Notibras\",\"description\":\"Not\u00edcias de Bras\u00edlia, do Brasil e do Mundo\",\"publisher\":{\"@id\":\"https:\\\/\\\/www.notibras.com\\\/site\\\/#organization\"},\"potentialAction\":[{\"@type\":\"SearchAction\",\"target\":{\"@type\":\"EntryPoint\",\"urlTemplate\":\"https:\\\/\\\/www.notibras.com\\\/site\\\/?s={search_term_string}\"},\"query-input\":{\"@type\":\"PropertyValueSpecification\",\"valueRequired\":true,\"valueName\":\"search_term_string\"}}],\"inLanguage\":\"pt-BR\"},{\"@type\":\"Organization\",\"@id\":\"https:\\\/\\\/www.notibras.com\\\/site\\\/#organization\",\"name\":\"Grupo Notibras de Comunica\u00e7\u00e3o\",\"url\":\"https:\\\/\\\/www.notibras.com\\\/site\\\/\",\"logo\":{\"@type\":\"ImageObject\",\"inLanguage\":\"pt-BR\",\"@id\":\"https:\\\/\\\/www.notibras.com\\\/site\\\/#\\\/schema\\\/logo\\\/image\\\/\",\"url\":\"https:\\\/\\\/www.notibras.com\\\/site\\\/wp-content\\\/uploads\\\/2023\\\/01\\\/notibras23.png\",\"contentUrl\":\"https:\\\/\\\/www.notibras.com\\\/site\\\/wp-content\\\/uploads\\\/2023\\\/01\\\/notibras23.png\",\"width\":350,\"height\":87,\"caption\":\"Grupo Notibras de Comunica\u00e7\u00e3o\"},\"image\":{\"@id\":\"https:\\\/\\\/www.notibras.com\\\/site\\\/#\\\/schema\\\/logo\\\/image\\\/\"},\"sameAs\":[\"https:\\\/\\\/www.facebook.com\\\/notibras\\\/\",\"https:\\\/\\\/x.com\\\/Notibras\",\"https:\\\/\\\/www.instagram.com\\\/notibras\\\/\"]},{\"@type\":\"Person\",\"@id\":\"https:\\\/\\\/www.notibras.com\\\/site\\\/#\\\/schema\\\/person\\\/36ab0979449956132d3e5b517ea76ac8\",\"name\":\"Reda\u00e7\u00e3o\",\"image\":{\"@type\":\"ImageObject\",\"inLanguage\":\"pt-BR\",\"@id\":\"https:\\\/\\\/secure.gravatar.com\\\/avatar\\\/e0a867bdedb85fd243eadf09663511f96fc81e0720a4a42581f334ad4303aa6b?s=96&d=mm&r=g\",\"url\":\"https:\\\/\\\/secure.gravatar.com\\\/avatar\\\/e0a867bdedb85fd243eadf09663511f96fc81e0720a4a42581f334ad4303aa6b?s=96&d=mm&r=g\",\"contentUrl\":\"https:\\\/\\\/secure.gravatar.com\\\/avatar\\\/e0a867bdedb85fd243eadf09663511f96fc81e0720a4a42581f334ad4303aa6b?s=96&d=mm&r=g\",\"caption\":\"Reda\u00e7\u00e3o\"}}]}<\/script>\n<!-- \/ Yoast SEO plugin. -->","yoast_head_json":{"title":"Cirurgia do cron\u00f4metro faz crescer a\u00e7\u00f5es de erro m\u00e9dico - Notibras","robots":{"index":"index","follow":"follow","max-snippet":"max-snippet:-1","max-image-preview":"max-image-preview:large","max-video-preview":"max-video-preview:-1"},"canonical":"https:\/\/www.notibras.com\/site\/cirurgia-do-cronometro-faz-crescer-o-numero-de-acoes-por-erro-medico\/","og_locale":"pt_BR","og_type":"article","og_title":"Cirurgia do cron\u00f4metro faz crescer a\u00e7\u00f5es de erro m\u00e9dico - Notibras","og_description":"Em quatro anos, o n\u00famero de processos movidos por erro m\u00e9dico que chegaram ao Superior Tribunal de Justi\u00e7a cresceu 140%. Em 2010, foram 260 a\u00e7\u00f5es encaminhadas \u00e0 Corte sobre o tema. No ano passado, foram 626 processos. S\u00e3o casos j\u00e1 julgados nos tribunais estaduais que passam para a esfera superior quando uma das partes entra [&hellip;]","og_url":"https:\/\/www.notibras.com\/site\/cirurgia-do-cronometro-faz-crescer-o-numero-de-acoes-por-erro-medico\/","og_site_name":"Notibras","article_publisher":"https:\/\/www.facebook.com\/notibras\/","article_published_time":"2015-03-22T13:09:49+00:00","article_modified_time":"2015-03-22T17:01:03+00:00","og_image":[{"width":1024,"height":682,"url":"https:\/\/www.notibras.com\/site\/wp-content\/uploads\/2015\/03\/erro.jpg","type":"image\/jpeg"}],"author":"Reda\u00e7\u00e3o","twitter_card":"summary_large_image","twitter_creator":"@Notibras","twitter_site":"@Notibras","twitter_misc":{"Escrito por":"Reda\u00e7\u00e3o","Est. tempo de leitura":"2 minutos"},"schema":{"@context":"https:\/\/schema.org","@graph":[{"@type":"Article","@id":"https:\/\/www.notibras.com\/site\/cirurgia-do-cronometro-faz-crescer-o-numero-de-acoes-por-erro-medico\/#article","isPartOf":{"@id":"https:\/\/www.notibras.com\/site\/cirurgia-do-cronometro-faz-crescer-o-numero-de-acoes-por-erro-medico\/"},"author":{"name":"Reda\u00e7\u00e3o","@id":"https:\/\/www.notibras.com\/site\/#\/schema\/person\/36ab0979449956132d3e5b517ea76ac8"},"headline":"Cirurgia do cron\u00f4metro faz crescer a\u00e7\u00f5es de erro m\u00e9dico","datePublished":"2015-03-22T13:09:49+00:00","dateModified":"2015-03-22T17:01:03+00:00","mainEntityOfPage":{"@id":"https:\/\/www.notibras.com\/site\/cirurgia-do-cronometro-faz-crescer-o-numero-de-acoes-por-erro-medico\/"},"wordCount":333,"commentCount":0,"publisher":{"@id":"https:\/\/www.notibras.com\/site\/#organization"},"image":{"@id":"https:\/\/www.notibras.com\/site\/cirurgia-do-cronometro-faz-crescer-o-numero-de-acoes-por-erro-medico\/#primaryimage"},"thumbnailUrl":"https:\/\/www.notibras.com\/site\/wp-content\/uploads\/2015\/03\/erro.jpg","articleSection":["Brasil"],"inLanguage":"pt-BR","potentialAction":[{"@type":"CommentAction","name":"Comment","target":["https:\/\/www.notibras.com\/site\/cirurgia-do-cronometro-faz-crescer-o-numero-de-acoes-por-erro-medico\/#respond"]}]},{"@type":"WebPage","@id":"https:\/\/www.notibras.com\/site\/cirurgia-do-cronometro-faz-crescer-o-numero-de-acoes-por-erro-medico\/","url":"https:\/\/www.notibras.com\/site\/cirurgia-do-cronometro-faz-crescer-o-numero-de-acoes-por-erro-medico\/","name":"Cirurgia do cron\u00f4metro faz crescer a\u00e7\u00f5es de erro m\u00e9dico - Notibras","isPartOf":{"@id":"https:\/\/www.notibras.com\/site\/#website"},"primaryImageOfPage":{"@id":"https:\/\/www.notibras.com\/site\/cirurgia-do-cronometro-faz-crescer-o-numero-de-acoes-por-erro-medico\/#primaryimage"},"image":{"@id":"https:\/\/www.notibras.com\/site\/cirurgia-do-cronometro-faz-crescer-o-numero-de-acoes-por-erro-medico\/#primaryimage"},"thumbnailUrl":"https:\/\/www.notibras.com\/site\/wp-content\/uploads\/2015\/03\/erro.jpg","datePublished":"2015-03-22T13:09:49+00:00","dateModified":"2015-03-22T17:01:03+00:00","breadcrumb":{"@id":"https:\/\/www.notibras.com\/site\/cirurgia-do-cronometro-faz-crescer-o-numero-de-acoes-por-erro-medico\/#breadcrumb"},"inLanguage":"pt-BR","potentialAction":[{"@type":"ReadAction","target":["https:\/\/www.notibras.com\/site\/cirurgia-do-cronometro-faz-crescer-o-numero-de-acoes-por-erro-medico\/"]}]},{"@type":"ImageObject","inLanguage":"pt-BR","@id":"https:\/\/www.notibras.com\/site\/cirurgia-do-cronometro-faz-crescer-o-numero-de-acoes-por-erro-medico\/#primaryimage","url":"https:\/\/www.notibras.com\/site\/wp-content\/uploads\/2015\/03\/erro.jpg","contentUrl":"https:\/\/www.notibras.com\/site\/wp-content\/uploads\/2015\/03\/erro.jpg","width":1024,"height":682},{"@type":"BreadcrumbList","@id":"https:\/\/www.notibras.com\/site\/cirurgia-do-cronometro-faz-crescer-o-numero-de-acoes-por-erro-medico\/#breadcrumb","itemListElement":[{"@type":"ListItem","position":1,"name":"In\u00edcio","item":"https:\/\/www.notibras.com\/site\/"},{"@type":"ListItem","position":2,"name":"Cirurgia do cron\u00f4metro faz crescer a\u00e7\u00f5es de erro m\u00e9dico"}]},{"@type":"WebSite","@id":"https:\/\/www.notibras.com\/site\/#website","url":"https:\/\/www.notibras.com\/site\/","name":"Notibras","description":"Not\u00edcias de Bras\u00edlia, do Brasil e do Mundo","publisher":{"@id":"https:\/\/www.notibras.com\/site\/#organization"},"potentialAction":[{"@type":"SearchAction","target":{"@type":"EntryPoint","urlTemplate":"https:\/\/www.notibras.com\/site\/?s={search_term_string}"},"query-input":{"@type":"PropertyValueSpecification","valueRequired":true,"valueName":"search_term_string"}}],"inLanguage":"pt-BR"},{"@type":"Organization","@id":"https:\/\/www.notibras.com\/site\/#organization","name":"Grupo Notibras de Comunica\u00e7\u00e3o","url":"https:\/\/www.notibras.com\/site\/","logo":{"@type":"ImageObject","inLanguage":"pt-BR","@id":"https:\/\/www.notibras.com\/site\/#\/schema\/logo\/image\/","url":"https:\/\/www.notibras.com\/site\/wp-content\/uploads\/2023\/01\/notibras23.png","contentUrl":"https:\/\/www.notibras.com\/site\/wp-content\/uploads\/2023\/01\/notibras23.png","width":350,"height":87,"caption":"Grupo Notibras de Comunica\u00e7\u00e3o"},"image":{"@id":"https:\/\/www.notibras.com\/site\/#\/schema\/logo\/image\/"},"sameAs":["https:\/\/www.facebook.com\/notibras\/","https:\/\/x.com\/Notibras","https:\/\/www.instagram.com\/notibras\/"]},{"@type":"Person","@id":"https:\/\/www.notibras.com\/site\/#\/schema\/person\/36ab0979449956132d3e5b517ea76ac8","name":"Reda\u00e7\u00e3o","image":{"@type":"ImageObject","inLanguage":"pt-BR","@id":"https:\/\/secure.gravatar.com\/avatar\/e0a867bdedb85fd243eadf09663511f96fc81e0720a4a42581f334ad4303aa6b?s=96&d=mm&r=g","url":"https:\/\/secure.gravatar.com\/avatar\/e0a867bdedb85fd243eadf09663511f96fc81e0720a4a42581f334ad4303aa6b?s=96&d=mm&r=g","contentUrl":"https:\/\/secure.gravatar.com\/avatar\/e0a867bdedb85fd243eadf09663511f96fc81e0720a4a42581f334ad4303aa6b?s=96&d=mm&r=g","caption":"Reda\u00e7\u00e3o"}}]}},"amp_enabled":true,"_links":{"self":[{"href":"https:\/\/www.notibras.com\/site\/wp-json\/wp\/v2\/posts\/40723","targetHints":{"allow":["GET"]}}],"collection":[{"href":"https:\/\/www.notibras.com\/site\/wp-json\/wp\/v2\/posts"}],"about":[{"href":"https:\/\/www.notibras.com\/site\/wp-json\/wp\/v2\/types\/post"}],"author":[{"embeddable":true,"href":"https:\/\/www.notibras.com\/site\/wp-json\/wp\/v2\/users\/2"}],"replies":[{"embeddable":true,"href":"https:\/\/www.notibras.com\/site\/wp-json\/wp\/v2\/comments?post=40723"}],"version-history":[{"count":0,"href":"https:\/\/www.notibras.com\/site\/wp-json\/wp\/v2\/posts\/40723\/revisions"}],"wp:featuredmedia":[{"embeddable":true,"href":"https:\/\/www.notibras.com\/site\/wp-json\/wp\/v2\/media\/40724"}],"wp:attachment":[{"href":"https:\/\/www.notibras.com\/site\/wp-json\/wp\/v2\/media?parent=40723"}],"wp:term":[{"taxonomy":"category","embeddable":true,"href":"https:\/\/www.notibras.com\/site\/wp-json\/wp\/v2\/categories?post=40723"},{"taxonomy":"post_tag","embeddable":true,"href":"https:\/\/www.notibras.com\/site\/wp-json\/wp\/v2\/tags?post=40723"}],"curies":[{"name":"wp","href":"https:\/\/api.w.org\/{rel}","templated":true}]}}