{"id":40728,"date":"2015-03-22T13:52:08","date_gmt":"2015-03-22T16:52:08","guid":{"rendered":"http:\/\/www.notibras.com\/site\/?p=40728"},"modified":"2015-03-23T09:50:45","modified_gmt":"2015-03-23T12:50:45","slug":"governo-investiga-suposta-acao-do-e-i-para-recrutar-brasileiros","status":"publish","type":"post","link":"https:\/\/www.notibras.com\/site\/governo-investiga-suposta-acao-do-e-i-para-recrutar-brasileiros\/","title":{"rendered":"Governo investiga suposta a\u00e7\u00e3o do E.I. para recrutar jovens brasileiros"},"content":{"rendered":"<p>O governo brasileiro detectou tentativas de coopta\u00e7\u00e3o de jovens no Pa\u00eds pelo grupo Estado Isl\u00e2mico (EI). A inten\u00e7\u00e3o do grupo seria que os jovens atuassem como \u201clobos solit\u00e1rios\u201d, que seriam extremistas que est\u00e3o fora de listas internacionais de terroristas e, assim, teriam mais mobilidade para fazer atentados isolados.<\/p>\n<p class=\"text\">Segundo o jornal O Estado de S. Paulo, o Pal\u00e1cio do Planalto recebeu relat\u00f3rios de diversos \u00f3rg\u00e3os alertando sobre a situa\u00e7\u00e3o. Os \u00f3rg\u00e3os de intelig\u00eancia do Pa\u00eds v\u00eam trocando informa\u00e7\u00f5es e a Casa Civil assumiu a coordena\u00e7\u00e3o das discuss\u00f5es internas. Uma preocupa\u00e7\u00e3o \u00e9 com os preparativos para os Jogos Ol\u00edmpicos de 2016, que acontecer\u00e3o no Rio de Janeiro.<\/p>\n<p class=\"text\">Participaram da discuss\u00e3o na Casa Civil representantes do Minist\u00e9rio da Justi\u00e7a, do Gabinete de Seguran\u00e7a Institucional (GSI), da Pol\u00edcia Federal (PF) e da Ag\u00eancia Brasileira de Intelig\u00eancia (Abin).<\/p>\n<p class=\"text\">Um relat\u00f3rio faz um alerta \u00e0 presidente Dilma Rousseff de que, apesar da tranquilidade at\u00e9 agora, h\u00e1 um \u201cfator de risco\u201d que n\u00e3o pode ser desprezado.<\/p>\n<blockquote>\n<p class=\"text\">Mesmo sem um hist\u00f3rico de ataques terroristas, as investiga\u00e7\u00f5es dizem que o Estado Isl\u00e2mico tem interesse em ampliar seu alcance de recrutamento de novos militantes. De acordo com o jornal, policiais europeus estiveram em Bras\u00edlia no m\u00eas passado para troca de informa\u00e7\u00f5es com o governo brasileiro.<\/p>\n<\/blockquote>\n<p class=\"text\">A estrat\u00e9gia do governo \u00e9 se antecipar aos poss\u00edveis movimentos do grupo, detectando as formas de coopta\u00e7\u00e3o. A abordagem n\u00e3o \u00e9 voltada diretamente aos jovens, mas \u00e0s fam\u00edlias. Um dos obst\u00e1culos identificados pela PF e pela Abin \u00e9 a inexist\u00eancia de uma legisla\u00e7\u00e3o espec\u00edfica no Pa\u00eds para casos de terrorismo.<\/p>\n<p class=\"text\">\n","protected":false},"excerpt":{"rendered":"<p>O governo brasileiro detectou tentativas de coopta\u00e7\u00e3o de jovens no Pa\u00eds pelo grupo Estado Isl\u00e2mico (EI). A inten\u00e7\u00e3o do grupo seria que os jovens atuassem como \u201clobos solit\u00e1rios\u201d, que seriam extremistas que est\u00e3o fora de listas internacionais de terroristas e, assim, teriam mais mobilidade para fazer atentados isolados. Segundo o jornal O Estado de S. [&hellip;]<\/p>\n","protected":false},"author":2,"featured_media":40729,"comment_status":"open","ping_status":"closed","sticky":false,"template":"","format":"standard","meta":{"_acf_changed":false,"footnotes":""},"categories":[16],"tags":[],"class_list":["post-40728","post","type-post","status-publish","format-standard","has-post-thumbnail","hentry","category-brasil"],"acf":[],"yoast_head":"<!-- This site is optimized with the Yoast SEO plugin v27.2 - https:\/\/yoast.com\/product\/yoast-seo-wordpress\/ -->\n<title>Governo investiga suposta a\u00e7\u00e3o do E.I. para recrutar jovens brasileiros - Notibras<\/title>\n<meta name=\"robots\" content=\"index, follow, max-snippet:-1, max-image-preview:large, max-video-preview:-1\" \/>\n<link rel=\"canonical\" href=\"https:\/\/www.notibras.com\/site\/governo-investiga-suposta-acao-do-e-i-para-recrutar-brasileiros\/\" \/>\n<meta property=\"og:locale\" content=\"pt_BR\" \/>\n<meta property=\"og:type\" content=\"article\" \/>\n<meta property=\"og:title\" content=\"Governo investiga suposta a\u00e7\u00e3o do E.I. para recrutar jovens brasileiros - Notibras\" \/>\n<meta property=\"og:description\" content=\"O governo brasileiro detectou tentativas de coopta\u00e7\u00e3o de jovens no Pa\u00eds pelo grupo Estado Isl\u00e2mico (EI). A inten\u00e7\u00e3o do grupo seria que os jovens atuassem como \u201clobos solit\u00e1rios\u201d, que seriam extremistas que est\u00e3o fora de listas internacionais de terroristas e, assim, teriam mais mobilidade para fazer atentados isolados. Segundo o jornal O Estado de S. [&hellip;]\" \/>\n<meta property=\"og:url\" content=\"https:\/\/www.notibras.com\/site\/governo-investiga-suposta-acao-do-e-i-para-recrutar-brasileiros\/\" \/>\n<meta property=\"og:site_name\" content=\"Notibras\" \/>\n<meta property=\"article:publisher\" content=\"https:\/\/www.facebook.com\/notibras\/\" \/>\n<meta property=\"article:published_time\" content=\"2015-03-22T16:52:08+00:00\" \/>\n<meta property=\"article:modified_time\" content=\"2015-03-23T12:50:45+00:00\" \/>\n<meta property=\"og:image\" content=\"https:\/\/www.notibras.com\/site\/wp-content\/uploads\/2015\/03\/ei..jpg\" \/>\n\t<meta property=\"og:image:width\" content=\"460\" \/>\n\t<meta property=\"og:image:height\" content=\"259\" \/>\n\t<meta property=\"og:image:type\" content=\"image\/jpeg\" \/>\n<meta name=\"author\" content=\"Reda\u00e7\u00e3o\" \/>\n<meta name=\"twitter:card\" content=\"summary_large_image\" \/>\n<meta name=\"twitter:creator\" content=\"@Notibras\" \/>\n<meta name=\"twitter:site\" content=\"@Notibras\" \/>\n<meta name=\"twitter:label1\" content=\"Escrito por\" \/>\n\t<meta name=\"twitter:data1\" content=\"Reda\u00e7\u00e3o\" \/>\n\t<meta name=\"twitter:label2\" content=\"Est. tempo de leitura\" \/>\n\t<meta name=\"twitter:data2\" content=\"1 minuto\" \/>\n<script type=\"application\/ld+json\" class=\"yoast-schema-graph\">{\"@context\":\"https:\/\/schema.org\",\"@graph\":[{\"@type\":\"Article\",\"@id\":\"https:\/\/www.notibras.com\/site\/governo-investiga-suposta-acao-do-e-i-para-recrutar-brasileiros\/#article\",\"isPartOf\":{\"@id\":\"https:\/\/www.notibras.com\/site\/governo-investiga-suposta-acao-do-e-i-para-recrutar-brasileiros\/\"},\"author\":{\"name\":\"Reda\u00e7\u00e3o\",\"@id\":\"https:\/\/www.notibras.com\/site\/#\/schema\/person\/36ab0979449956132d3e5b517ea76ac8\"},\"headline\":\"Governo investiga suposta a\u00e7\u00e3o do E.I. para recrutar jovens brasileiros\",\"datePublished\":\"2015-03-22T16:52:08+00:00\",\"dateModified\":\"2015-03-23T12:50:45+00:00\",\"mainEntityOfPage\":{\"@id\":\"https:\/\/www.notibras.com\/site\/governo-investiga-suposta-acao-do-e-i-para-recrutar-brasileiros\/\"},\"wordCount\":307,\"commentCount\":0,\"publisher\":{\"@id\":\"https:\/\/www.notibras.com\/site\/#organization\"},\"image\":{\"@id\":\"https:\/\/www.notibras.com\/site\/governo-investiga-suposta-acao-do-e-i-para-recrutar-brasileiros\/#primaryimage\"},\"thumbnailUrl\":\"https:\/\/www.notibras.com\/site\/wp-content\/uploads\/2015\/03\/ei..jpg\",\"articleSection\":[\"Brasil\"],\"inLanguage\":\"pt-BR\",\"potentialAction\":[{\"@type\":\"CommentAction\",\"name\":\"Comment\",\"target\":[\"https:\/\/www.notibras.com\/site\/governo-investiga-suposta-acao-do-e-i-para-recrutar-brasileiros\/#respond\"]}]},{\"@type\":\"WebPage\",\"@id\":\"https:\/\/www.notibras.com\/site\/governo-investiga-suposta-acao-do-e-i-para-recrutar-brasileiros\/\",\"url\":\"https:\/\/www.notibras.com\/site\/governo-investiga-suposta-acao-do-e-i-para-recrutar-brasileiros\/\",\"name\":\"Governo investiga suposta a\u00e7\u00e3o do E.I. para recrutar jovens brasileiros - Notibras\",\"isPartOf\":{\"@id\":\"https:\/\/www.notibras.com\/site\/#website\"},\"primaryImageOfPage\":{\"@id\":\"https:\/\/www.notibras.com\/site\/governo-investiga-suposta-acao-do-e-i-para-recrutar-brasileiros\/#primaryimage\"},\"image\":{\"@id\":\"https:\/\/www.notibras.com\/site\/governo-investiga-suposta-acao-do-e-i-para-recrutar-brasileiros\/#primaryimage\"},\"thumbnailUrl\":\"https:\/\/www.notibras.com\/site\/wp-content\/uploads\/2015\/03\/ei..jpg\",\"datePublished\":\"2015-03-22T16:52:08+00:00\",\"dateModified\":\"2015-03-23T12:50:45+00:00\",\"breadcrumb\":{\"@id\":\"https:\/\/www.notibras.com\/site\/governo-investiga-suposta-acao-do-e-i-para-recrutar-brasileiros\/#breadcrumb\"},\"inLanguage\":\"pt-BR\",\"potentialAction\":[{\"@type\":\"ReadAction\",\"target\":[\"https:\/\/www.notibras.com\/site\/governo-investiga-suposta-acao-do-e-i-para-recrutar-brasileiros\/\"]}]},{\"@type\":\"ImageObject\",\"inLanguage\":\"pt-BR\",\"@id\":\"https:\/\/www.notibras.com\/site\/governo-investiga-suposta-acao-do-e-i-para-recrutar-brasileiros\/#primaryimage\",\"url\":\"https:\/\/www.notibras.com\/site\/wp-content\/uploads\/2015\/03\/ei..jpg\",\"contentUrl\":\"https:\/\/www.notibras.com\/site\/wp-content\/uploads\/2015\/03\/ei..jpg\",\"width\":460,\"height\":259},{\"@type\":\"BreadcrumbList\",\"@id\":\"https:\/\/www.notibras.com\/site\/governo-investiga-suposta-acao-do-e-i-para-recrutar-brasileiros\/#breadcrumb\",\"itemListElement\":[{\"@type\":\"ListItem\",\"position\":1,\"name\":\"In\u00edcio\",\"item\":\"https:\/\/www.notibras.com\/site\/\"},{\"@type\":\"ListItem\",\"position\":2,\"name\":\"Governo investiga suposta a\u00e7\u00e3o do E.I. para recrutar jovens brasileiros\"}]},{\"@type\":\"WebSite\",\"@id\":\"https:\/\/www.notibras.com\/site\/#website\",\"url\":\"https:\/\/www.notibras.com\/site\/\",\"name\":\"Notibras\",\"description\":\"Not\u00edcias de Bras\u00edlia, do Brasil e do Mundo\",\"publisher\":{\"@id\":\"https:\/\/www.notibras.com\/site\/#organization\"},\"potentialAction\":[{\"@type\":\"SearchAction\",\"target\":{\"@type\":\"EntryPoint\",\"urlTemplate\":\"https:\/\/www.notibras.com\/site\/?s={search_term_string}\"},\"query-input\":{\"@type\":\"PropertyValueSpecification\",\"valueRequired\":true,\"valueName\":\"search_term_string\"}}],\"inLanguage\":\"pt-BR\"},{\"@type\":\"Organization\",\"@id\":\"https:\/\/www.notibras.com\/site\/#organization\",\"name\":\"Grupo Notibras de Comunica\u00e7\u00e3o\",\"url\":\"https:\/\/www.notibras.com\/site\/\",\"logo\":{\"@type\":\"ImageObject\",\"inLanguage\":\"pt-BR\",\"@id\":\"https:\/\/www.notibras.com\/site\/#\/schema\/logo\/image\/\",\"url\":\"https:\/\/www.notibras.com\/site\/wp-content\/uploads\/2023\/01\/notibras23.png\",\"contentUrl\":\"https:\/\/www.notibras.com\/site\/wp-content\/uploads\/2023\/01\/notibras23.png\",\"width\":350,\"height\":87,\"caption\":\"Grupo Notibras de Comunica\u00e7\u00e3o\"},\"image\":{\"@id\":\"https:\/\/www.notibras.com\/site\/#\/schema\/logo\/image\/\"},\"sameAs\":[\"https:\/\/www.facebook.com\/notibras\/\",\"https:\/\/x.com\/Notibras\",\"https:\/\/www.instagram.com\/notibras\/\"]},{\"@type\":\"Person\",\"@id\":\"https:\/\/www.notibras.com\/site\/#\/schema\/person\/36ab0979449956132d3e5b517ea76ac8\",\"name\":\"Reda\u00e7\u00e3o\",\"image\":{\"@type\":\"ImageObject\",\"inLanguage\":\"pt-BR\",\"@id\":\"https:\/\/secure.gravatar.com\/avatar\/e0a867bdedb85fd243eadf09663511f96fc81e0720a4a42581f334ad4303aa6b?s=96&d=mm&r=g\",\"url\":\"https:\/\/secure.gravatar.com\/avatar\/e0a867bdedb85fd243eadf09663511f96fc81e0720a4a42581f334ad4303aa6b?s=96&d=mm&r=g\",\"contentUrl\":\"https:\/\/secure.gravatar.com\/avatar\/e0a867bdedb85fd243eadf09663511f96fc81e0720a4a42581f334ad4303aa6b?s=96&d=mm&r=g\",\"caption\":\"Reda\u00e7\u00e3o\"}}]}<\/script>\n<!-- \/ Yoast SEO plugin. -->","yoast_head_json":{"title":"Governo investiga suposta a\u00e7\u00e3o do E.I. para recrutar jovens brasileiros - Notibras","robots":{"index":"index","follow":"follow","max-snippet":"max-snippet:-1","max-image-preview":"max-image-preview:large","max-video-preview":"max-video-preview:-1"},"canonical":"https:\/\/www.notibras.com\/site\/governo-investiga-suposta-acao-do-e-i-para-recrutar-brasileiros\/","og_locale":"pt_BR","og_type":"article","og_title":"Governo investiga suposta a\u00e7\u00e3o do E.I. para recrutar jovens brasileiros - Notibras","og_description":"O governo brasileiro detectou tentativas de coopta\u00e7\u00e3o de jovens no Pa\u00eds pelo grupo Estado Isl\u00e2mico (EI). A inten\u00e7\u00e3o do grupo seria que os jovens atuassem como \u201clobos solit\u00e1rios\u201d, que seriam extremistas que est\u00e3o fora de listas internacionais de terroristas e, assim, teriam mais mobilidade para fazer atentados isolados. Segundo o jornal O Estado de S. [&hellip;]","og_url":"https:\/\/www.notibras.com\/site\/governo-investiga-suposta-acao-do-e-i-para-recrutar-brasileiros\/","og_site_name":"Notibras","article_publisher":"https:\/\/www.facebook.com\/notibras\/","article_published_time":"2015-03-22T16:52:08+00:00","article_modified_time":"2015-03-23T12:50:45+00:00","og_image":[{"width":460,"height":259,"url":"https:\/\/www.notibras.com\/site\/wp-content\/uploads\/2015\/03\/ei..jpg","type":"image\/jpeg"}],"author":"Reda\u00e7\u00e3o","twitter_card":"summary_large_image","twitter_creator":"@Notibras","twitter_site":"@Notibras","twitter_misc":{"Escrito por":"Reda\u00e7\u00e3o","Est. tempo de leitura":"1 minuto"},"schema":{"@context":"https:\/\/schema.org","@graph":[{"@type":"Article","@id":"https:\/\/www.notibras.com\/site\/governo-investiga-suposta-acao-do-e-i-para-recrutar-brasileiros\/#article","isPartOf":{"@id":"https:\/\/www.notibras.com\/site\/governo-investiga-suposta-acao-do-e-i-para-recrutar-brasileiros\/"},"author":{"name":"Reda\u00e7\u00e3o","@id":"https:\/\/www.notibras.com\/site\/#\/schema\/person\/36ab0979449956132d3e5b517ea76ac8"},"headline":"Governo investiga suposta a\u00e7\u00e3o do E.I. para recrutar jovens brasileiros","datePublished":"2015-03-22T16:52:08+00:00","dateModified":"2015-03-23T12:50:45+00:00","mainEntityOfPage":{"@id":"https:\/\/www.notibras.com\/site\/governo-investiga-suposta-acao-do-e-i-para-recrutar-brasileiros\/"},"wordCount":307,"commentCount":0,"publisher":{"@id":"https:\/\/www.notibras.com\/site\/#organization"},"image":{"@id":"https:\/\/www.notibras.com\/site\/governo-investiga-suposta-acao-do-e-i-para-recrutar-brasileiros\/#primaryimage"},"thumbnailUrl":"https:\/\/www.notibras.com\/site\/wp-content\/uploads\/2015\/03\/ei..jpg","articleSection":["Brasil"],"inLanguage":"pt-BR","potentialAction":[{"@type":"CommentAction","name":"Comment","target":["https:\/\/www.notibras.com\/site\/governo-investiga-suposta-acao-do-e-i-para-recrutar-brasileiros\/#respond"]}]},{"@type":"WebPage","@id":"https:\/\/www.notibras.com\/site\/governo-investiga-suposta-acao-do-e-i-para-recrutar-brasileiros\/","url":"https:\/\/www.notibras.com\/site\/governo-investiga-suposta-acao-do-e-i-para-recrutar-brasileiros\/","name":"Governo investiga suposta a\u00e7\u00e3o do E.I. para recrutar jovens brasileiros - Notibras","isPartOf":{"@id":"https:\/\/www.notibras.com\/site\/#website"},"primaryImageOfPage":{"@id":"https:\/\/www.notibras.com\/site\/governo-investiga-suposta-acao-do-e-i-para-recrutar-brasileiros\/#primaryimage"},"image":{"@id":"https:\/\/www.notibras.com\/site\/governo-investiga-suposta-acao-do-e-i-para-recrutar-brasileiros\/#primaryimage"},"thumbnailUrl":"https:\/\/www.notibras.com\/site\/wp-content\/uploads\/2015\/03\/ei..jpg","datePublished":"2015-03-22T16:52:08+00:00","dateModified":"2015-03-23T12:50:45+00:00","breadcrumb":{"@id":"https:\/\/www.notibras.com\/site\/governo-investiga-suposta-acao-do-e-i-para-recrutar-brasileiros\/#breadcrumb"},"inLanguage":"pt-BR","potentialAction":[{"@type":"ReadAction","target":["https:\/\/www.notibras.com\/site\/governo-investiga-suposta-acao-do-e-i-para-recrutar-brasileiros\/"]}]},{"@type":"ImageObject","inLanguage":"pt-BR","@id":"https:\/\/www.notibras.com\/site\/governo-investiga-suposta-acao-do-e-i-para-recrutar-brasileiros\/#primaryimage","url":"https:\/\/www.notibras.com\/site\/wp-content\/uploads\/2015\/03\/ei..jpg","contentUrl":"https:\/\/www.notibras.com\/site\/wp-content\/uploads\/2015\/03\/ei..jpg","width":460,"height":259},{"@type":"BreadcrumbList","@id":"https:\/\/www.notibras.com\/site\/governo-investiga-suposta-acao-do-e-i-para-recrutar-brasileiros\/#breadcrumb","itemListElement":[{"@type":"ListItem","position":1,"name":"In\u00edcio","item":"https:\/\/www.notibras.com\/site\/"},{"@type":"ListItem","position":2,"name":"Governo investiga suposta a\u00e7\u00e3o do E.I. para recrutar jovens brasileiros"}]},{"@type":"WebSite","@id":"https:\/\/www.notibras.com\/site\/#website","url":"https:\/\/www.notibras.com\/site\/","name":"Notibras","description":"Not\u00edcias de Bras\u00edlia, do Brasil e do Mundo","publisher":{"@id":"https:\/\/www.notibras.com\/site\/#organization"},"potentialAction":[{"@type":"SearchAction","target":{"@type":"EntryPoint","urlTemplate":"https:\/\/www.notibras.com\/site\/?s={search_term_string}"},"query-input":{"@type":"PropertyValueSpecification","valueRequired":true,"valueName":"search_term_string"}}],"inLanguage":"pt-BR"},{"@type":"Organization","@id":"https:\/\/www.notibras.com\/site\/#organization","name":"Grupo Notibras de Comunica\u00e7\u00e3o","url":"https:\/\/www.notibras.com\/site\/","logo":{"@type":"ImageObject","inLanguage":"pt-BR","@id":"https:\/\/www.notibras.com\/site\/#\/schema\/logo\/image\/","url":"https:\/\/www.notibras.com\/site\/wp-content\/uploads\/2023\/01\/notibras23.png","contentUrl":"https:\/\/www.notibras.com\/site\/wp-content\/uploads\/2023\/01\/notibras23.png","width":350,"height":87,"caption":"Grupo Notibras de Comunica\u00e7\u00e3o"},"image":{"@id":"https:\/\/www.notibras.com\/site\/#\/schema\/logo\/image\/"},"sameAs":["https:\/\/www.facebook.com\/notibras\/","https:\/\/x.com\/Notibras","https:\/\/www.instagram.com\/notibras\/"]},{"@type":"Person","@id":"https:\/\/www.notibras.com\/site\/#\/schema\/person\/36ab0979449956132d3e5b517ea76ac8","name":"Reda\u00e7\u00e3o","image":{"@type":"ImageObject","inLanguage":"pt-BR","@id":"https:\/\/secure.gravatar.com\/avatar\/e0a867bdedb85fd243eadf09663511f96fc81e0720a4a42581f334ad4303aa6b?s=96&d=mm&r=g","url":"https:\/\/secure.gravatar.com\/avatar\/e0a867bdedb85fd243eadf09663511f96fc81e0720a4a42581f334ad4303aa6b?s=96&d=mm&r=g","contentUrl":"https:\/\/secure.gravatar.com\/avatar\/e0a867bdedb85fd243eadf09663511f96fc81e0720a4a42581f334ad4303aa6b?s=96&d=mm&r=g","caption":"Reda\u00e7\u00e3o"}}]}},"amp_enabled":true,"_links":{"self":[{"href":"https:\/\/www.notibras.com\/site\/wp-json\/wp\/v2\/posts\/40728","targetHints":{"allow":["GET"]}}],"collection":[{"href":"https:\/\/www.notibras.com\/site\/wp-json\/wp\/v2\/posts"}],"about":[{"href":"https:\/\/www.notibras.com\/site\/wp-json\/wp\/v2\/types\/post"}],"author":[{"embeddable":true,"href":"https:\/\/www.notibras.com\/site\/wp-json\/wp\/v2\/users\/2"}],"replies":[{"embeddable":true,"href":"https:\/\/www.notibras.com\/site\/wp-json\/wp\/v2\/comments?post=40728"}],"version-history":[{"count":0,"href":"https:\/\/www.notibras.com\/site\/wp-json\/wp\/v2\/posts\/40728\/revisions"}],"wp:featuredmedia":[{"embeddable":true,"href":"https:\/\/www.notibras.com\/site\/wp-json\/wp\/v2\/media\/40729"}],"wp:attachment":[{"href":"https:\/\/www.notibras.com\/site\/wp-json\/wp\/v2\/media?parent=40728"}],"wp:term":[{"taxonomy":"category","embeddable":true,"href":"https:\/\/www.notibras.com\/site\/wp-json\/wp\/v2\/categories?post=40728"},{"taxonomy":"post_tag","embeddable":true,"href":"https:\/\/www.notibras.com\/site\/wp-json\/wp\/v2\/tags?post=40728"}],"curies":[{"name":"wp","href":"https:\/\/api.w.org\/{rel}","templated":true}]}}