{"id":40759,"date":"2015-03-22T11:38:06","date_gmt":"2015-03-22T14:38:06","guid":{"rendered":"http:\/\/www.notibras.com\/site\/?p=40759"},"modified":"2015-03-22T11:38:06","modified_gmt":"2015-03-22T14:38:06","slug":"despejar-esgoto-em-rio-e-forma-perversa-de-desperdicar-agua","status":"publish","type":"post","link":"https:\/\/www.notibras.com\/site\/despejar-esgoto-em-rio-e-forma-perversa-de-desperdicar-agua\/","title":{"rendered":"Despejar esgoto em rio \u00e9 forma perversa de desperdi\u00e7ar \u00e1gua"},"content":{"rendered":"<p>A prec\u00e1ria condi\u00e7\u00e3o ambiental dos rios e reservat\u00f3rios urbanos das cidades de S\u00e3o Paulo e Rio de Janeiro reflete o lado perverso da tr\u00e1gica situa\u00e7\u00e3o da escassez da \u00e1gua na regi\u00e3o Sudeste. Estamos ficando sem \u00e1gua e com sede em frente a grandes rios e reservat\u00f3rios polu\u00eddos.<\/p>\n<p>Esse \u00e9 o retrato que a an\u00e1lise da qualidade da \u00e1gua realizada em 111 rios brasileiros, em 5 Estados e no Distrito Federal, monitorados por grupos e volunt\u00e1rios da Funda\u00e7\u00e3o SOS Mata Atl\u00e2ntica, estampou nesta Semana da \u00c1gua.<\/p>\n<p>Em 21 rios, a qualidade medida \u00e9 p\u00e9ssima. O que significa que essa \u00e1gua est\u00e1 indispon\u00edvel para o uso e n\u00e3o pode ser sequer captada e tratada para abastecimento p\u00fablico, produ\u00e7\u00e3o de alimentos ou usos m\u00faltiplos. Esses rios e mananciais polu\u00eddos est\u00e3o condenados, com base na legisla\u00e7\u00e3o vigente, a serem utilizados para diluir esgotos, com baixa efici\u00eancia de tratamentos. S\u00e3o os chamados rios de classe 4, enquadrados pela lei com base nos usos preponderantes das suas \u00e1guas.<\/p>\n<blockquote><p>Esse \u00e9 o caso, por exemplo, de rios como o Pinheiros e o Tiet\u00ea, nas marginais da capital paulista, e do rio Carioca, no Flamengo, que j\u00e1 foi a principal fonte de \u00e1gua pot\u00e1vel do munic\u00edpio do Rio de Janeiro. Esse rio nasce no Morro do Corcovado, no Parque Nacional da Floresta da Tijuca, e logo que deixa as \u00e1reas protegidas recebe grande carga de polui\u00e7\u00e3o e desaparece por sete quil\u00f4metros \u2013 escondido debaixo de ruas e avenidas \u2013, at\u00e9 ressurgir pr\u00f3ximo \u00e0 Ba\u00eda de Guanabara, praticamente morto, f\u00e9tido e cheio de lixo.<\/p><\/blockquote>\n<p>Embora os resultados desses rios urbanos n\u00e3o surpreendam mais os paulistanos e os cariocas, j\u00e1 acostumados com a paisagem degradante e com o odor de muitos dos seus c\u00f3rregos e rios, fica dif\u00edcil explicar para um turista estrangeiro, ou para um morador do semi\u00e1rido brasileiro, que essas capitais, cheias de grandes rios e reservat\u00f3rios, est\u00e3o com menos \u00e1gua dispon\u00edvel por habitante que muitos dos munic\u00edpios do sert\u00e3o nordestino.<\/p>\n<p>At\u00e9 mesmo rios importantes, como o Ipiranga, aquele do hino nacional, est\u00e3o enquadrados na classe 4, destinados a compor duras paisagens urbanas e a diluir esgotos.<\/p>\n<p>Assim como o rio Carioca, o Ipiranga nasce limpo no Jardim Bot\u00e2nico de S\u00e3o Paulo, no Parque Estadual Fontes do Ipiranga, protegido por uma reserva natural de Mata Atl\u00e2ntica, encravada na zona sul da cidade.<\/p>\n<p>Mas, ao longo dos seus 9 km de extens\u00e3o, a qualidade da \u00e1gua varia muito. As ent\u00e3o margens pl\u00e1cidas foram encaixotadas e recebem efluentes que v\u00eam sendo coletados e tratados lentamente. Em alguns trechos est\u00e3o sendo implantados parques lineares, mas, na maior parte, ainda corre cercado pela avenida do Estado at\u00e9 desaguar no Tamanduate\u00ed, outro grande rio de classe 4, que acaba no Tiet\u00ea.<\/p>\n<p>Os indicadores medidos refor\u00e7am que a conserva\u00e7\u00e3o da Mata Atl\u00e2ntica junto a nascentes e mananciais \u00e9 fundamental para garantir \u00e1gua nas cidades. Sem a mata preservada n\u00e3o h\u00e1 \u00e1gua. Por\u00e9m, \u00e1gua polu\u00edda n\u00e3o serve. \u00c9 preciso que os rios e mananciais tenham a qualidade recuperada, mas n\u00e3o somente daqui a 20 anos.<\/p>\n<blockquote><p>O rio Jundia\u00ed, no interior paulista, levou 30 anos para sair da condi\u00e7\u00e3o de classe 4 para 3, com novas esta\u00e7\u00f5es de tratamento de esgoto e recupera\u00e7\u00e3o de matas ciliares, que resultam na melhoria na qualidade de \u00e1gua, que variou de boa para regular ao longo do seu curso de 123 km \u2013\u00a0 da nascente na Serra dos Cristais at\u00e9 a foz no rio Tiet\u00ea.<\/p><\/blockquote>\n<p>Para acelerar a recupera\u00e7\u00e3o dos rios urbanos e garantir seguran\u00e7a h\u00eddrica para a regi\u00e3o Sudeste e demais cidades desse levantamento feito pela sociedade, \u00e9 urgente aperfei\u00e7oar a legisla\u00e7\u00e3o que trata do enquadramento dos corpos d\u00b4\u00e1gua, acabando com os rios de classe 4.\u00a0 A legisla\u00e7\u00e3o deve definir, com base nos planos de bacias e em uma agenda estrat\u00e9gica, as metas de qualidade da \u00e1gua que queremos atingir, e n\u00e3o a condi\u00e7\u00e3o atual dos rios.<\/p>\n<p>Precisamos reconhecer que usar rios para diluir esgotos \u00e9 a forma mais perversa e absurda de desperd\u00edcio de \u00e1gua e que combater as fontes de polui\u00e7\u00e3o, na origem, a exemplo de pa\u00edses que recuperaram seus grandes rios, pode ser mais r\u00e1pido e eficiente.<\/p>\n<p><strong>Malu Ribeiro<\/strong><\/p>\n","protected":false},"excerpt":{"rendered":"<p>A prec\u00e1ria condi\u00e7\u00e3o ambiental dos rios e reservat\u00f3rios urbanos das cidades de S\u00e3o Paulo e Rio de Janeiro reflete o lado perverso da tr\u00e1gica situa\u00e7\u00e3o da escassez da \u00e1gua na regi\u00e3o Sudeste. Estamos ficando sem \u00e1gua e com sede em frente a grandes rios e reservat\u00f3rios polu\u00eddos. Esse \u00e9 o retrato que a an\u00e1lise da [&hellip;]<\/p>\n","protected":false},"author":2,"featured_media":40760,"comment_status":"open","ping_status":"closed","sticky":false,"template":"","format":"standard","meta":{"_acf_changed":false,"footnotes":""},"categories":[25],"tags":[],"class_list":["post-40759","post","type-post","status-publish","format-standard","has-post-thumbnail","hentry","category-opina-ai"],"acf":[],"yoast_head":"<!-- This site is optimized with the Yoast SEO plugin v27.5 - https:\/\/yoast.com\/product\/yoast-seo-wordpress\/ -->\n<title>Despejar esgoto em rio \u00e9 forma perversa de desperdi\u00e7ar \u00e1gua - Notibras<\/title>\n<meta name=\"robots\" content=\"index, follow, max-snippet:-1, max-image-preview:large, max-video-preview:-1\" \/>\n<link rel=\"canonical\" href=\"https:\/\/www.notibras.com\/site\/despejar-esgoto-em-rio-e-forma-perversa-de-desperdicar-agua\/\" \/>\n<meta property=\"og:locale\" content=\"pt_BR\" \/>\n<meta property=\"og:type\" content=\"article\" \/>\n<meta property=\"og:title\" content=\"Despejar esgoto em rio \u00e9 forma perversa de desperdi\u00e7ar \u00e1gua - Notibras\" \/>\n<meta property=\"og:description\" content=\"A prec\u00e1ria condi\u00e7\u00e3o ambiental dos rios e reservat\u00f3rios urbanos das cidades de S\u00e3o Paulo e Rio de Janeiro reflete o lado perverso da tr\u00e1gica situa\u00e7\u00e3o da escassez da \u00e1gua na regi\u00e3o Sudeste. Estamos ficando sem \u00e1gua e com sede em frente a grandes rios e reservat\u00f3rios polu\u00eddos. Esse \u00e9 o retrato que a an\u00e1lise da [&hellip;]\" \/>\n<meta property=\"og:url\" content=\"https:\/\/www.notibras.com\/site\/despejar-esgoto-em-rio-e-forma-perversa-de-desperdicar-agua\/\" \/>\n<meta property=\"og:site_name\" content=\"Notibras\" \/>\n<meta property=\"article:publisher\" content=\"https:\/\/www.facebook.com\/notibras\/\" \/>\n<meta property=\"article:published_time\" content=\"2015-03-22T14:38:06+00:00\" \/>\n<meta property=\"og:image\" content=\"https:\/\/www.notibras.com\/site\/wp-content\/uploads\/2015\/03\/Esgoto-Rio-1024x576.jpg\" \/>\n\t<meta property=\"og:image:width\" content=\"1024\" \/>\n\t<meta property=\"og:image:height\" content=\"576\" \/>\n\t<meta property=\"og:image:type\" content=\"image\/jpeg\" \/>\n<meta name=\"author\" content=\"Reda\u00e7\u00e3o\" \/>\n<meta name=\"twitter:card\" content=\"summary_large_image\" \/>\n<meta name=\"twitter:creator\" content=\"@Notibras\" \/>\n<meta name=\"twitter:site\" content=\"@Notibras\" \/>\n<meta name=\"twitter:label1\" content=\"Escrito por\" \/>\n\t<meta name=\"twitter:data1\" content=\"Reda\u00e7\u00e3o\" \/>\n\t<meta name=\"twitter:label2\" content=\"Est. tempo de leitura\" \/>\n\t<meta name=\"twitter:data2\" content=\"4 minutos\" \/>\n<script type=\"application\/ld+json\" class=\"yoast-schema-graph\">{\"@context\":\"https:\\\/\\\/schema.org\",\"@graph\":[{\"@type\":\"Article\",\"@id\":\"https:\\\/\\\/www.notibras.com\\\/site\\\/despejar-esgoto-em-rio-e-forma-perversa-de-desperdicar-agua\\\/#article\",\"isPartOf\":{\"@id\":\"https:\\\/\\\/www.notibras.com\\\/site\\\/despejar-esgoto-em-rio-e-forma-perversa-de-desperdicar-agua\\\/\"},\"author\":{\"name\":\"Reda\u00e7\u00e3o\",\"@id\":\"https:\\\/\\\/www.notibras.com\\\/site\\\/#\\\/schema\\\/person\\\/36ab0979449956132d3e5b517ea76ac8\"},\"headline\":\"Despejar esgoto em rio \u00e9 forma perversa de desperdi\u00e7ar \u00e1gua\",\"datePublished\":\"2015-03-22T14:38:06+00:00\",\"mainEntityOfPage\":{\"@id\":\"https:\\\/\\\/www.notibras.com\\\/site\\\/despejar-esgoto-em-rio-e-forma-perversa-de-desperdicar-agua\\\/\"},\"wordCount\":744,\"commentCount\":0,\"publisher\":{\"@id\":\"https:\\\/\\\/www.notibras.com\\\/site\\\/#organization\"},\"image\":{\"@id\":\"https:\\\/\\\/www.notibras.com\\\/site\\\/despejar-esgoto-em-rio-e-forma-perversa-de-desperdicar-agua\\\/#primaryimage\"},\"thumbnailUrl\":\"https:\\\/\\\/www.notibras.com\\\/site\\\/wp-content\\\/uploads\\\/2015\\\/03\\\/Esgoto-Rio-1024x576.jpg\",\"articleSection\":[\"Opina a\u00ed\"],\"inLanguage\":\"pt-BR\",\"potentialAction\":[{\"@type\":\"CommentAction\",\"name\":\"Comment\",\"target\":[\"https:\\\/\\\/www.notibras.com\\\/site\\\/despejar-esgoto-em-rio-e-forma-perversa-de-desperdicar-agua\\\/#respond\"]}]},{\"@type\":\"WebPage\",\"@id\":\"https:\\\/\\\/www.notibras.com\\\/site\\\/despejar-esgoto-em-rio-e-forma-perversa-de-desperdicar-agua\\\/\",\"url\":\"https:\\\/\\\/www.notibras.com\\\/site\\\/despejar-esgoto-em-rio-e-forma-perversa-de-desperdicar-agua\\\/\",\"name\":\"Despejar esgoto em rio \u00e9 forma perversa de desperdi\u00e7ar \u00e1gua - Notibras\",\"isPartOf\":{\"@id\":\"https:\\\/\\\/www.notibras.com\\\/site\\\/#website\"},\"primaryImageOfPage\":{\"@id\":\"https:\\\/\\\/www.notibras.com\\\/site\\\/despejar-esgoto-em-rio-e-forma-perversa-de-desperdicar-agua\\\/#primaryimage\"},\"image\":{\"@id\":\"https:\\\/\\\/www.notibras.com\\\/site\\\/despejar-esgoto-em-rio-e-forma-perversa-de-desperdicar-agua\\\/#primaryimage\"},\"thumbnailUrl\":\"https:\\\/\\\/www.notibras.com\\\/site\\\/wp-content\\\/uploads\\\/2015\\\/03\\\/Esgoto-Rio-1024x576.jpg\",\"datePublished\":\"2015-03-22T14:38:06+00:00\",\"breadcrumb\":{\"@id\":\"https:\\\/\\\/www.notibras.com\\\/site\\\/despejar-esgoto-em-rio-e-forma-perversa-de-desperdicar-agua\\\/#breadcrumb\"},\"inLanguage\":\"pt-BR\",\"potentialAction\":[{\"@type\":\"ReadAction\",\"target\":[\"https:\\\/\\\/www.notibras.com\\\/site\\\/despejar-esgoto-em-rio-e-forma-perversa-de-desperdicar-agua\\\/\"]}]},{\"@type\":\"ImageObject\",\"inLanguage\":\"pt-BR\",\"@id\":\"https:\\\/\\\/www.notibras.com\\\/site\\\/despejar-esgoto-em-rio-e-forma-perversa-de-desperdicar-agua\\\/#primaryimage\",\"url\":\"https:\\\/\\\/www.notibras.com\\\/site\\\/wp-content\\\/uploads\\\/2015\\\/03\\\/Esgoto-Rio-1024x576.jpg\",\"contentUrl\":\"https:\\\/\\\/www.notibras.com\\\/site\\\/wp-content\\\/uploads\\\/2015\\\/03\\\/Esgoto-Rio-1024x576.jpg\",\"width\":1024,\"height\":576},{\"@type\":\"BreadcrumbList\",\"@id\":\"https:\\\/\\\/www.notibras.com\\\/site\\\/despejar-esgoto-em-rio-e-forma-perversa-de-desperdicar-agua\\\/#breadcrumb\",\"itemListElement\":[{\"@type\":\"ListItem\",\"position\":1,\"name\":\"In\u00edcio\",\"item\":\"https:\\\/\\\/www.notibras.com\\\/site\\\/\"},{\"@type\":\"ListItem\",\"position\":2,\"name\":\"Despejar esgoto em rio \u00e9 forma perversa de desperdi\u00e7ar \u00e1gua\"}]},{\"@type\":\"WebSite\",\"@id\":\"https:\\\/\\\/www.notibras.com\\\/site\\\/#website\",\"url\":\"https:\\\/\\\/www.notibras.com\\\/site\\\/\",\"name\":\"Notibras\",\"description\":\"Not\u00edcias de Bras\u00edlia, do Brasil e do Mundo\",\"publisher\":{\"@id\":\"https:\\\/\\\/www.notibras.com\\\/site\\\/#organization\"},\"potentialAction\":[{\"@type\":\"SearchAction\",\"target\":{\"@type\":\"EntryPoint\",\"urlTemplate\":\"https:\\\/\\\/www.notibras.com\\\/site\\\/?s={search_term_string}\"},\"query-input\":{\"@type\":\"PropertyValueSpecification\",\"valueRequired\":true,\"valueName\":\"search_term_string\"}}],\"inLanguage\":\"pt-BR\"},{\"@type\":\"Organization\",\"@id\":\"https:\\\/\\\/www.notibras.com\\\/site\\\/#organization\",\"name\":\"Grupo Notibras de Comunica\u00e7\u00e3o\",\"url\":\"https:\\\/\\\/www.notibras.com\\\/site\\\/\",\"logo\":{\"@type\":\"ImageObject\",\"inLanguage\":\"pt-BR\",\"@id\":\"https:\\\/\\\/www.notibras.com\\\/site\\\/#\\\/schema\\\/logo\\\/image\\\/\",\"url\":\"https:\\\/\\\/www.notibras.com\\\/site\\\/wp-content\\\/uploads\\\/2023\\\/01\\\/notibras23.png\",\"contentUrl\":\"https:\\\/\\\/www.notibras.com\\\/site\\\/wp-content\\\/uploads\\\/2023\\\/01\\\/notibras23.png\",\"width\":350,\"height\":87,\"caption\":\"Grupo Notibras de Comunica\u00e7\u00e3o\"},\"image\":{\"@id\":\"https:\\\/\\\/www.notibras.com\\\/site\\\/#\\\/schema\\\/logo\\\/image\\\/\"},\"sameAs\":[\"https:\\\/\\\/www.facebook.com\\\/notibras\\\/\",\"https:\\\/\\\/x.com\\\/Notibras\",\"https:\\\/\\\/www.instagram.com\\\/notibras\\\/\"]},{\"@type\":\"Person\",\"@id\":\"https:\\\/\\\/www.notibras.com\\\/site\\\/#\\\/schema\\\/person\\\/36ab0979449956132d3e5b517ea76ac8\",\"name\":\"Reda\u00e7\u00e3o\",\"image\":{\"@type\":\"ImageObject\",\"inLanguage\":\"pt-BR\",\"@id\":\"https:\\\/\\\/secure.gravatar.com\\\/avatar\\\/e0a867bdedb85fd243eadf09663511f96fc81e0720a4a42581f334ad4303aa6b?s=96&d=mm&r=g\",\"url\":\"https:\\\/\\\/secure.gravatar.com\\\/avatar\\\/e0a867bdedb85fd243eadf09663511f96fc81e0720a4a42581f334ad4303aa6b?s=96&d=mm&r=g\",\"contentUrl\":\"https:\\\/\\\/secure.gravatar.com\\\/avatar\\\/e0a867bdedb85fd243eadf09663511f96fc81e0720a4a42581f334ad4303aa6b?s=96&d=mm&r=g\",\"caption\":\"Reda\u00e7\u00e3o\"}}]}<\/script>\n<!-- \/ Yoast SEO plugin. -->","yoast_head_json":{"title":"Despejar esgoto em rio \u00e9 forma perversa de desperdi\u00e7ar \u00e1gua - Notibras","robots":{"index":"index","follow":"follow","max-snippet":"max-snippet:-1","max-image-preview":"max-image-preview:large","max-video-preview":"max-video-preview:-1"},"canonical":"https:\/\/www.notibras.com\/site\/despejar-esgoto-em-rio-e-forma-perversa-de-desperdicar-agua\/","og_locale":"pt_BR","og_type":"article","og_title":"Despejar esgoto em rio \u00e9 forma perversa de desperdi\u00e7ar \u00e1gua - Notibras","og_description":"A prec\u00e1ria condi\u00e7\u00e3o ambiental dos rios e reservat\u00f3rios urbanos das cidades de S\u00e3o Paulo e Rio de Janeiro reflete o lado perverso da tr\u00e1gica situa\u00e7\u00e3o da escassez da \u00e1gua na regi\u00e3o Sudeste. Estamos ficando sem \u00e1gua e com sede em frente a grandes rios e reservat\u00f3rios polu\u00eddos. Esse \u00e9 o retrato que a an\u00e1lise da [&hellip;]","og_url":"https:\/\/www.notibras.com\/site\/despejar-esgoto-em-rio-e-forma-perversa-de-desperdicar-agua\/","og_site_name":"Notibras","article_publisher":"https:\/\/www.facebook.com\/notibras\/","article_published_time":"2015-03-22T14:38:06+00:00","og_image":[{"width":1024,"height":576,"url":"https:\/\/www.notibras.com\/site\/wp-content\/uploads\/2015\/03\/Esgoto-Rio-1024x576.jpg","type":"image\/jpeg"}],"author":"Reda\u00e7\u00e3o","twitter_card":"summary_large_image","twitter_creator":"@Notibras","twitter_site":"@Notibras","twitter_misc":{"Escrito por":"Reda\u00e7\u00e3o","Est. tempo de leitura":"4 minutos"},"schema":{"@context":"https:\/\/schema.org","@graph":[{"@type":"Article","@id":"https:\/\/www.notibras.com\/site\/despejar-esgoto-em-rio-e-forma-perversa-de-desperdicar-agua\/#article","isPartOf":{"@id":"https:\/\/www.notibras.com\/site\/despejar-esgoto-em-rio-e-forma-perversa-de-desperdicar-agua\/"},"author":{"name":"Reda\u00e7\u00e3o","@id":"https:\/\/www.notibras.com\/site\/#\/schema\/person\/36ab0979449956132d3e5b517ea76ac8"},"headline":"Despejar esgoto em rio \u00e9 forma perversa de desperdi\u00e7ar \u00e1gua","datePublished":"2015-03-22T14:38:06+00:00","mainEntityOfPage":{"@id":"https:\/\/www.notibras.com\/site\/despejar-esgoto-em-rio-e-forma-perversa-de-desperdicar-agua\/"},"wordCount":744,"commentCount":0,"publisher":{"@id":"https:\/\/www.notibras.com\/site\/#organization"},"image":{"@id":"https:\/\/www.notibras.com\/site\/despejar-esgoto-em-rio-e-forma-perversa-de-desperdicar-agua\/#primaryimage"},"thumbnailUrl":"https:\/\/www.notibras.com\/site\/wp-content\/uploads\/2015\/03\/Esgoto-Rio-1024x576.jpg","articleSection":["Opina a\u00ed"],"inLanguage":"pt-BR","potentialAction":[{"@type":"CommentAction","name":"Comment","target":["https:\/\/www.notibras.com\/site\/despejar-esgoto-em-rio-e-forma-perversa-de-desperdicar-agua\/#respond"]}]},{"@type":"WebPage","@id":"https:\/\/www.notibras.com\/site\/despejar-esgoto-em-rio-e-forma-perversa-de-desperdicar-agua\/","url":"https:\/\/www.notibras.com\/site\/despejar-esgoto-em-rio-e-forma-perversa-de-desperdicar-agua\/","name":"Despejar esgoto em rio \u00e9 forma perversa de desperdi\u00e7ar \u00e1gua - Notibras","isPartOf":{"@id":"https:\/\/www.notibras.com\/site\/#website"},"primaryImageOfPage":{"@id":"https:\/\/www.notibras.com\/site\/despejar-esgoto-em-rio-e-forma-perversa-de-desperdicar-agua\/#primaryimage"},"image":{"@id":"https:\/\/www.notibras.com\/site\/despejar-esgoto-em-rio-e-forma-perversa-de-desperdicar-agua\/#primaryimage"},"thumbnailUrl":"https:\/\/www.notibras.com\/site\/wp-content\/uploads\/2015\/03\/Esgoto-Rio-1024x576.jpg","datePublished":"2015-03-22T14:38:06+00:00","breadcrumb":{"@id":"https:\/\/www.notibras.com\/site\/despejar-esgoto-em-rio-e-forma-perversa-de-desperdicar-agua\/#breadcrumb"},"inLanguage":"pt-BR","potentialAction":[{"@type":"ReadAction","target":["https:\/\/www.notibras.com\/site\/despejar-esgoto-em-rio-e-forma-perversa-de-desperdicar-agua\/"]}]},{"@type":"ImageObject","inLanguage":"pt-BR","@id":"https:\/\/www.notibras.com\/site\/despejar-esgoto-em-rio-e-forma-perversa-de-desperdicar-agua\/#primaryimage","url":"https:\/\/www.notibras.com\/site\/wp-content\/uploads\/2015\/03\/Esgoto-Rio-1024x576.jpg","contentUrl":"https:\/\/www.notibras.com\/site\/wp-content\/uploads\/2015\/03\/Esgoto-Rio-1024x576.jpg","width":1024,"height":576},{"@type":"BreadcrumbList","@id":"https:\/\/www.notibras.com\/site\/despejar-esgoto-em-rio-e-forma-perversa-de-desperdicar-agua\/#breadcrumb","itemListElement":[{"@type":"ListItem","position":1,"name":"In\u00edcio","item":"https:\/\/www.notibras.com\/site\/"},{"@type":"ListItem","position":2,"name":"Despejar esgoto em rio \u00e9 forma perversa de desperdi\u00e7ar \u00e1gua"}]},{"@type":"WebSite","@id":"https:\/\/www.notibras.com\/site\/#website","url":"https:\/\/www.notibras.com\/site\/","name":"Notibras","description":"Not\u00edcias de Bras\u00edlia, do Brasil e do Mundo","publisher":{"@id":"https:\/\/www.notibras.com\/site\/#organization"},"potentialAction":[{"@type":"SearchAction","target":{"@type":"EntryPoint","urlTemplate":"https:\/\/www.notibras.com\/site\/?s={search_term_string}"},"query-input":{"@type":"PropertyValueSpecification","valueRequired":true,"valueName":"search_term_string"}}],"inLanguage":"pt-BR"},{"@type":"Organization","@id":"https:\/\/www.notibras.com\/site\/#organization","name":"Grupo Notibras de Comunica\u00e7\u00e3o","url":"https:\/\/www.notibras.com\/site\/","logo":{"@type":"ImageObject","inLanguage":"pt-BR","@id":"https:\/\/www.notibras.com\/site\/#\/schema\/logo\/image\/","url":"https:\/\/www.notibras.com\/site\/wp-content\/uploads\/2023\/01\/notibras23.png","contentUrl":"https:\/\/www.notibras.com\/site\/wp-content\/uploads\/2023\/01\/notibras23.png","width":350,"height":87,"caption":"Grupo Notibras de Comunica\u00e7\u00e3o"},"image":{"@id":"https:\/\/www.notibras.com\/site\/#\/schema\/logo\/image\/"},"sameAs":["https:\/\/www.facebook.com\/notibras\/","https:\/\/x.com\/Notibras","https:\/\/www.instagram.com\/notibras\/"]},{"@type":"Person","@id":"https:\/\/www.notibras.com\/site\/#\/schema\/person\/36ab0979449956132d3e5b517ea76ac8","name":"Reda\u00e7\u00e3o","image":{"@type":"ImageObject","inLanguage":"pt-BR","@id":"https:\/\/secure.gravatar.com\/avatar\/e0a867bdedb85fd243eadf09663511f96fc81e0720a4a42581f334ad4303aa6b?s=96&d=mm&r=g","url":"https:\/\/secure.gravatar.com\/avatar\/e0a867bdedb85fd243eadf09663511f96fc81e0720a4a42581f334ad4303aa6b?s=96&d=mm&r=g","contentUrl":"https:\/\/secure.gravatar.com\/avatar\/e0a867bdedb85fd243eadf09663511f96fc81e0720a4a42581f334ad4303aa6b?s=96&d=mm&r=g","caption":"Reda\u00e7\u00e3o"}}]}},"amp_enabled":true,"_links":{"self":[{"href":"https:\/\/www.notibras.com\/site\/wp-json\/wp\/v2\/posts\/40759","targetHints":{"allow":["GET"]}}],"collection":[{"href":"https:\/\/www.notibras.com\/site\/wp-json\/wp\/v2\/posts"}],"about":[{"href":"https:\/\/www.notibras.com\/site\/wp-json\/wp\/v2\/types\/post"}],"author":[{"embeddable":true,"href":"https:\/\/www.notibras.com\/site\/wp-json\/wp\/v2\/users\/2"}],"replies":[{"embeddable":true,"href":"https:\/\/www.notibras.com\/site\/wp-json\/wp\/v2\/comments?post=40759"}],"version-history":[{"count":0,"href":"https:\/\/www.notibras.com\/site\/wp-json\/wp\/v2\/posts\/40759\/revisions"}],"wp:featuredmedia":[{"embeddable":true,"href":"https:\/\/www.notibras.com\/site\/wp-json\/wp\/v2\/media\/40760"}],"wp:attachment":[{"href":"https:\/\/www.notibras.com\/site\/wp-json\/wp\/v2\/media?parent=40759"}],"wp:term":[{"taxonomy":"category","embeddable":true,"href":"https:\/\/www.notibras.com\/site\/wp-json\/wp\/v2\/categories?post=40759"},{"taxonomy":"post_tag","embeddable":true,"href":"https:\/\/www.notibras.com\/site\/wp-json\/wp\/v2\/tags?post=40759"}],"curies":[{"name":"wp","href":"https:\/\/api.w.org\/{rel}","templated":true}]}}