{"id":407656,"date":"2026-08-31T02:15:34","date_gmt":"2026-08-31T05:15:34","guid":{"rendered":"https:\/\/www.notibras.com\/site\/?p=407656"},"modified":"2026-08-20T00:53:21","modified_gmt":"2026-08-20T03:53:21","slug":"a-idade-em-que-comecamos-a-escolher-melhor","status":"publish","type":"post","link":"https:\/\/www.notibras.com\/site\/a-idade-em-que-comecamos-a-escolher-melhor\/","title":{"rendered":"A idade em que come\u00e7amos a escolher melhor"},"content":{"rendered":"<p>Existe uma idade em que alguma coisa muda.<\/p>\n<p>N\u00e3o sabemos exatamente quando.<\/p>\n<p>Apenas percebemos que certas coisas deixaram de impressionar.<\/p>\n<p>J\u00e1 n\u00e3o queremos estar em todos os lugares.<\/p>\n<p>N\u00e3o precisamos responder a todas as provoca\u00e7\u00f5es.<\/p>\n<p>N\u00e3o sentimos necessidade de explicar cada escolha.<\/p>\n<p>Algumas pessoas v\u00e3o embora e, pela primeira vez, entendemos que nem toda partida precisa ser impedida.<\/p>\n<p>Talvez seja maturidade.<\/p>\n<p>Ou apenas cansa\u00e7o.<\/p>\n<p>Provavelmente os dois.<\/p>\n<p>Bourdieu nos ajuda a compreender como nossos gostos e escolhas s\u00e3o socialmente constru\u00eddos. Durante muito tempo, talvez tenhamos desejado coisas porque aprendemos que dever\u00edamos desej\u00e1-las.<\/p>\n<p>Depois come\u00e7amos a perguntar:<\/p>\n<p>&#8220;Eu realmente quero isso?&#8221;<\/p>\n<p>Essa pergunta \u00e9 libertadora.<\/p>\n<p>Porque h\u00e1 sonhos que eram nossos apenas porque algu\u00e9m nos ensinou que deveriam ser.<\/p>\n<p>H\u00e1 rela\u00e7\u00f5es que mantemos porque temos medo do que os outros pensar\u00e3o.<\/p>\n<p>H\u00e1 trabalhos que sustentamos porque confundimos estabilidade com felicidade.<\/p>\n<p>H\u00e1 lugares onde permanecemos porque sair exigiria explicar nossa sa\u00edda.<\/p>\n<p>At\u00e9 que um dia percebemos que a vida \u00e9 curta demais para viver exclusivamente segundo expectativas alheias.<\/p>\n<p>N\u00e3o significa abandonar responsabilidades.<\/p>\n<p>Significa selecionar melhor aquilo que merece nossa energia.<\/p>\n<p>Talvez envelhecer seja isso.<\/p>\n<p>N\u00e3o saber mais tudo.<\/p>\n<p>Mas saber melhor o que n\u00e3o queremos.<\/p>\n<p>E, \u00e0s vezes, essa j\u00e1 \u00e9 uma forma bastante sofisticada de liberdade.<\/p>\n","protected":false},"excerpt":{"rendered":"<p>Existe uma idade em que alguma coisa muda. N\u00e3o sabemos exatamente quando. Apenas percebemos que certas coisas deixaram de impressionar. J\u00e1 n\u00e3o queremos estar em todos os lugares. N\u00e3o precisamos responder a todas as provoca\u00e7\u00f5es. N\u00e3o sentimos necessidade de explicar cada escolha. Algumas pessoas v\u00e3o embora e, pela primeira vez, entendemos que nem toda partida [&hellip;]<\/p>\n","protected":false},"author":21,"featured_media":407657,"comment_status":"closed","ping_status":"closed","sticky":false,"template":"","format":"standard","meta":{"_acf_changed":false,"footnotes":""},"categories":[155],"tags":[],"tmauthors":[306],"class_list":["post-407656","post","type-post","status-publish","format-standard","has-post-thumbnail","category-leitura-vip"],"acf":[],"yoast_head":"<!-- This site is optimized with the Yoast SEO plugin v28.0 - https:\/\/yoast.com\/product\/yoast-seo-wordpress\/ -->\n<title>A idade em que come\u00e7amos a escolher melhor - Notibras<\/title>\n<meta name=\"robots\" content=\"index, follow, max-snippet:-1, max-image-preview:large, max-video-preview:-1\" \/>\n<link rel=\"canonical\" href=\"https:\/\/www.notibras.com\/site\/a-idade-em-que-comecamos-a-escolher-melhor\/\" \/>\n<meta property=\"og:locale\" content=\"pt_BR\" \/>\n<meta property=\"og:type\" content=\"article\" \/>\n<meta property=\"og:title\" content=\"A idade em que come\u00e7amos a escolher melhor - Notibras\" \/>\n<meta property=\"og:description\" content=\"Existe uma idade em que alguma coisa muda. N\u00e3o sabemos exatamente quando. Apenas percebemos que certas coisas deixaram de impressionar. J\u00e1 n\u00e3o queremos estar em todos os lugares. N\u00e3o precisamos responder a todas as provoca\u00e7\u00f5es. N\u00e3o sentimos necessidade de explicar cada escolha. Algumas pessoas v\u00e3o embora e, pela primeira vez, entendemos que nem toda partida [&hellip;]\" \/>\n<meta property=\"og:url\" content=\"https:\/\/www.notibras.com\/site\/a-idade-em-que-comecamos-a-escolher-melhor\/\" \/>\n<meta property=\"og:site_name\" content=\"Notibras\" \/>\n<meta property=\"article:publisher\" content=\"https:\/\/www.facebook.com\/notibras\/\" \/>\n<meta property=\"article:published_time\" content=\"2026-08-31T05:15:34+00:00\" \/>\n<meta property=\"og:image\" content=\"https:\/\/www.notibras.com\/site\/wp-content\/uploads\/2026\/08\/WhatsApp-Image-2026-08-20-at-00.48.18.jpeg\" \/>\n\t<meta property=\"og:image:width\" content=\"1280\" \/>\n\t<meta property=\"og:image:height\" content=\"853\" \/>\n\t<meta property=\"og:image:type\" content=\"image\/jpeg\" \/>\n<meta name=\"author\" content=\"Eduardo Mart\u00ednez\" \/>\n<meta name=\"twitter:card\" content=\"summary_large_image\" \/>\n<meta name=\"twitter:creator\" content=\"@Notibras\" \/>\n<meta name=\"twitter:site\" content=\"@Notibras\" \/>\n<meta name=\"twitter:label1\" content=\"Escrito por\" \/>\n\t<meta name=\"twitter:data1\" content=\"Eduardo Mart\u00ednez\" \/>\n\t<meta name=\"twitter:label2\" content=\"Est. tempo de leitura\" \/>\n\t<meta name=\"twitter:data2\" content=\"2 minutos\" \/>\n<script type=\"application\/ld+json\" class=\"yoast-schema-graph\">{\"@context\":\"https:\\\/\\\/schema.org\",\"@graph\":[{\"@type\":\"Article\",\"@id\":\"https:\\\/\\\/www.notibras.com\\\/site\\\/a-idade-em-que-comecamos-a-escolher-melhor\\\/#article\",\"isPartOf\":{\"@id\":\"https:\\\/\\\/www.notibras.com\\\/site\\\/a-idade-em-que-comecamos-a-escolher-melhor\\\/\"},\"author\":{\"name\":\"Eduardo Mart\u00ednez\",\"@id\":\"https:\\\/\\\/www.notibras.com\\\/site\\\/#\\\/schema\\\/person\\\/5b7fabf2aedc3ada2105f03b22b4d3dd\"},\"headline\":\"A idade em que come\u00e7amos a escolher melhor\",\"datePublished\":\"2026-08-31T05:15:34+00:00\",\"mainEntityOfPage\":{\"@id\":\"https:\\\/\\\/www.notibras.com\\\/site\\\/a-idade-em-que-comecamos-a-escolher-melhor\\\/\"},\"wordCount\":230,\"publisher\":{\"@id\":\"https:\\\/\\\/www.notibras.com\\\/site\\\/#organization\"},\"image\":{\"@id\":\"https:\\\/\\\/www.notibras.com\\\/site\\\/a-idade-em-que-comecamos-a-escolher-melhor\\\/#primaryimage\"},\"thumbnailUrl\":\"https:\\\/\\\/www.notibras.com\\\/site\\\/wp-content\\\/uploads\\\/2026\\\/08\\\/WhatsApp-Image-2026-08-20-at-00.48.18.jpeg\",\"articleSection\":[\"Leitura Vip\"],\"inLanguage\":\"pt-BR\"},{\"@type\":\"WebPage\",\"@id\":\"https:\\\/\\\/www.notibras.com\\\/site\\\/a-idade-em-que-comecamos-a-escolher-melhor\\\/\",\"url\":\"https:\\\/\\\/www.notibras.com\\\/site\\\/a-idade-em-que-comecamos-a-escolher-melhor\\\/\",\"name\":\"A idade em que come\u00e7amos a escolher melhor - Notibras\",\"isPartOf\":{\"@id\":\"https:\\\/\\\/www.notibras.com\\\/site\\\/#website\"},\"primaryImageOfPage\":{\"@id\":\"https:\\\/\\\/www.notibras.com\\\/site\\\/a-idade-em-que-comecamos-a-escolher-melhor\\\/#primaryimage\"},\"image\":{\"@id\":\"https:\\\/\\\/www.notibras.com\\\/site\\\/a-idade-em-que-comecamos-a-escolher-melhor\\\/#primaryimage\"},\"thumbnailUrl\":\"https:\\\/\\\/www.notibras.com\\\/site\\\/wp-content\\\/uploads\\\/2026\\\/08\\\/WhatsApp-Image-2026-08-20-at-00.48.18.jpeg\",\"datePublished\":\"2026-08-31T05:15:34+00:00\",\"breadcrumb\":{\"@id\":\"https:\\\/\\\/www.notibras.com\\\/site\\\/a-idade-em-que-comecamos-a-escolher-melhor\\\/#breadcrumb\"},\"inLanguage\":\"pt-BR\",\"potentialAction\":[{\"@type\":\"ReadAction\",\"target\":[\"https:\\\/\\\/www.notibras.com\\\/site\\\/a-idade-em-que-comecamos-a-escolher-melhor\\\/\"]}]},{\"@type\":\"ImageObject\",\"inLanguage\":\"pt-BR\",\"@id\":\"https:\\\/\\\/www.notibras.com\\\/site\\\/a-idade-em-que-comecamos-a-escolher-melhor\\\/#primaryimage\",\"url\":\"https:\\\/\\\/www.notibras.com\\\/site\\\/wp-content\\\/uploads\\\/2026\\\/08\\\/WhatsApp-Image-2026-08-20-at-00.48.18.jpeg\",\"contentUrl\":\"https:\\\/\\\/www.notibras.com\\\/site\\\/wp-content\\\/uploads\\\/2026\\\/08\\\/WhatsApp-Image-2026-08-20-at-00.48.18.jpeg\",\"width\":1280,\"height\":853},{\"@type\":\"BreadcrumbList\",\"@id\":\"https:\\\/\\\/www.notibras.com\\\/site\\\/a-idade-em-que-comecamos-a-escolher-melhor\\\/#breadcrumb\",\"itemListElement\":[{\"@type\":\"ListItem\",\"position\":1,\"name\":\"In\u00edcio\",\"item\":\"https:\\\/\\\/www.notibras.com\\\/site\\\/\"},{\"@type\":\"ListItem\",\"position\":2,\"name\":\"A idade em que come\u00e7amos a escolher melhor\"}]},{\"@type\":\"WebSite\",\"@id\":\"https:\\\/\\\/www.notibras.com\\\/site\\\/#website\",\"url\":\"https:\\\/\\\/www.notibras.com\\\/site\\\/\",\"name\":\"Notibras\",\"description\":\"Not\u00edcias de Bras\u00edlia, do Brasil e do Mundo\",\"publisher\":{\"@id\":\"https:\\\/\\\/www.notibras.com\\\/site\\\/#organization\"},\"potentialAction\":[{\"@type\":\"SearchAction\",\"target\":{\"@type\":\"EntryPoint\",\"urlTemplate\":\"https:\\\/\\\/www.notibras.com\\\/site\\\/?s={search_term_string}\"},\"query-input\":{\"@type\":\"PropertyValueSpecification\",\"valueRequired\":true,\"valueName\":\"search_term_string\"}}],\"inLanguage\":\"pt-BR\"},{\"@type\":\"Organization\",\"@id\":\"https:\\\/\\\/www.notibras.com\\\/site\\\/#organization\",\"name\":\"Grupo Notibras de Comunica\u00e7\u00e3o\",\"url\":\"https:\\\/\\\/www.notibras.com\\\/site\\\/\",\"logo\":{\"@type\":\"ImageObject\",\"inLanguage\":\"pt-BR\",\"@id\":\"https:\\\/\\\/www.notibras.com\\\/site\\\/#\\\/schema\\\/logo\\\/image\\\/\",\"url\":\"https:\\\/\\\/www.notibras.com\\\/site\\\/wp-content\\\/uploads\\\/2023\\\/01\\\/notibras23.png\",\"contentUrl\":\"https:\\\/\\\/www.notibras.com\\\/site\\\/wp-content\\\/uploads\\\/2023\\\/01\\\/notibras23.png\",\"width\":350,\"height\":87,\"caption\":\"Grupo Notibras de Comunica\u00e7\u00e3o\"},\"image\":{\"@id\":\"https:\\\/\\\/www.notibras.com\\\/site\\\/#\\\/schema\\\/logo\\\/image\\\/\"},\"sameAs\":[\"https:\\\/\\\/www.facebook.com\\\/notibras\\\/\",\"https:\\\/\\\/x.com\\\/Notibras\",\"https:\\\/\\\/www.instagram.com\\\/notibras\\\/\"]},{\"@type\":\"Person\",\"@id\":\"https:\\\/\\\/www.notibras.com\\\/site\\\/#\\\/schema\\\/person\\\/5b7fabf2aedc3ada2105f03b22b4d3dd\",\"name\":\"Eduardo Mart\u00ednez\",\"image\":{\"@type\":\"ImageObject\",\"inLanguage\":\"pt-BR\",\"@id\":\"https:\\\/\\\/secure.gravatar.com\\\/avatar\\\/7902f906289926289cbcda644b5197c796b893c6ffd7b9a536a42d290f7704a0?s=96&d=mm&r=g\",\"url\":\"https:\\\/\\\/secure.gravatar.com\\\/avatar\\\/7902f906289926289cbcda644b5197c796b893c6ffd7b9a536a42d290f7704a0?s=96&d=mm&r=g\",\"contentUrl\":\"https:\\\/\\\/secure.gravatar.com\\\/avatar\\\/7902f906289926289cbcda644b5197c796b893c6ffd7b9a536a42d290f7704a0?s=96&d=mm&r=g\",\"caption\":\"Eduardo Mart\u00ednez\"}}]}<\/script>\n<!-- \/ Yoast SEO plugin. -->","yoast_head_json":{"title":"A idade em que come\u00e7amos a escolher melhor - Notibras","robots":{"index":"index","follow":"follow","max-snippet":"max-snippet:-1","max-image-preview":"max-image-preview:large","max-video-preview":"max-video-preview:-1"},"canonical":"https:\/\/www.notibras.com\/site\/a-idade-em-que-comecamos-a-escolher-melhor\/","og_locale":"pt_BR","og_type":"article","og_title":"A idade em que come\u00e7amos a escolher melhor - Notibras","og_description":"Existe uma idade em que alguma coisa muda. N\u00e3o sabemos exatamente quando. Apenas percebemos que certas coisas deixaram de impressionar. J\u00e1 n\u00e3o queremos estar em todos os lugares. N\u00e3o precisamos responder a todas as provoca\u00e7\u00f5es. N\u00e3o sentimos necessidade de explicar cada escolha. Algumas pessoas v\u00e3o embora e, pela primeira vez, entendemos que nem toda partida [&hellip;]","og_url":"https:\/\/www.notibras.com\/site\/a-idade-em-que-comecamos-a-escolher-melhor\/","og_site_name":"Notibras","article_publisher":"https:\/\/www.facebook.com\/notibras\/","article_published_time":"2026-08-31T05:15:34+00:00","og_image":[{"width":1280,"height":853,"url":"https:\/\/www.notibras.com\/site\/wp-content\/uploads\/2026\/08\/WhatsApp-Image-2026-08-20-at-00.48.18.jpeg","type":"image\/jpeg"}],"author":"Eduardo Mart\u00ednez","twitter_card":"summary_large_image","twitter_creator":"@Notibras","twitter_site":"@Notibras","twitter_misc":{"Escrito por":"Eduardo Mart\u00ednez","Est. tempo de leitura":"2 minutos"},"schema":{"@context":"https:\/\/schema.org","@graph":[{"@type":"Article","@id":"https:\/\/www.notibras.com\/site\/a-idade-em-que-comecamos-a-escolher-melhor\/#article","isPartOf":{"@id":"https:\/\/www.notibras.com\/site\/a-idade-em-que-comecamos-a-escolher-melhor\/"},"author":{"name":"Eduardo Mart\u00ednez","@id":"https:\/\/www.notibras.com\/site\/#\/schema\/person\/5b7fabf2aedc3ada2105f03b22b4d3dd"},"headline":"A idade em que come\u00e7amos a escolher melhor","datePublished":"2026-08-31T05:15:34+00:00","mainEntityOfPage":{"@id":"https:\/\/www.notibras.com\/site\/a-idade-em-que-comecamos-a-escolher-melhor\/"},"wordCount":230,"publisher":{"@id":"https:\/\/www.notibras.com\/site\/#organization"},"image":{"@id":"https:\/\/www.notibras.com\/site\/a-idade-em-que-comecamos-a-escolher-melhor\/#primaryimage"},"thumbnailUrl":"https:\/\/www.notibras.com\/site\/wp-content\/uploads\/2026\/08\/WhatsApp-Image-2026-08-20-at-00.48.18.jpeg","articleSection":["Leitura Vip"],"inLanguage":"pt-BR"},{"@type":"WebPage","@id":"https:\/\/www.notibras.com\/site\/a-idade-em-que-comecamos-a-escolher-melhor\/","url":"https:\/\/www.notibras.com\/site\/a-idade-em-que-comecamos-a-escolher-melhor\/","name":"A idade em que come\u00e7amos a escolher melhor - Notibras","isPartOf":{"@id":"https:\/\/www.notibras.com\/site\/#website"},"primaryImageOfPage":{"@id":"https:\/\/www.notibras.com\/site\/a-idade-em-que-comecamos-a-escolher-melhor\/#primaryimage"},"image":{"@id":"https:\/\/www.notibras.com\/site\/a-idade-em-que-comecamos-a-escolher-melhor\/#primaryimage"},"thumbnailUrl":"https:\/\/www.notibras.com\/site\/wp-content\/uploads\/2026\/08\/WhatsApp-Image-2026-08-20-at-00.48.18.jpeg","datePublished":"2026-08-31T05:15:34+00:00","breadcrumb":{"@id":"https:\/\/www.notibras.com\/site\/a-idade-em-que-comecamos-a-escolher-melhor\/#breadcrumb"},"inLanguage":"pt-BR","potentialAction":[{"@type":"ReadAction","target":["https:\/\/www.notibras.com\/site\/a-idade-em-que-comecamos-a-escolher-melhor\/"]}]},{"@type":"ImageObject","inLanguage":"pt-BR","@id":"https:\/\/www.notibras.com\/site\/a-idade-em-que-comecamos-a-escolher-melhor\/#primaryimage","url":"https:\/\/www.notibras.com\/site\/wp-content\/uploads\/2026\/08\/WhatsApp-Image-2026-08-20-at-00.48.18.jpeg","contentUrl":"https:\/\/www.notibras.com\/site\/wp-content\/uploads\/2026\/08\/WhatsApp-Image-2026-08-20-at-00.48.18.jpeg","width":1280,"height":853},{"@type":"BreadcrumbList","@id":"https:\/\/www.notibras.com\/site\/a-idade-em-que-comecamos-a-escolher-melhor\/#breadcrumb","itemListElement":[{"@type":"ListItem","position":1,"name":"In\u00edcio","item":"https:\/\/www.notibras.com\/site\/"},{"@type":"ListItem","position":2,"name":"A idade em que come\u00e7amos a escolher melhor"}]},{"@type":"WebSite","@id":"https:\/\/www.notibras.com\/site\/#website","url":"https:\/\/www.notibras.com\/site\/","name":"Notibras","description":"Not\u00edcias de Bras\u00edlia, do Brasil e do Mundo","publisher":{"@id":"https:\/\/www.notibras.com\/site\/#organization"},"potentialAction":[{"@type":"SearchAction","target":{"@type":"EntryPoint","urlTemplate":"https:\/\/www.notibras.com\/site\/?s={search_term_string}"},"query-input":{"@type":"PropertyValueSpecification","valueRequired":true,"valueName":"search_term_string"}}],"inLanguage":"pt-BR"},{"@type":"Organization","@id":"https:\/\/www.notibras.com\/site\/#organization","name":"Grupo Notibras de Comunica\u00e7\u00e3o","url":"https:\/\/www.notibras.com\/site\/","logo":{"@type":"ImageObject","inLanguage":"pt-BR","@id":"https:\/\/www.notibras.com\/site\/#\/schema\/logo\/image\/","url":"https:\/\/www.notibras.com\/site\/wp-content\/uploads\/2023\/01\/notibras23.png","contentUrl":"https:\/\/www.notibras.com\/site\/wp-content\/uploads\/2023\/01\/notibras23.png","width":350,"height":87,"caption":"Grupo Notibras de Comunica\u00e7\u00e3o"},"image":{"@id":"https:\/\/www.notibras.com\/site\/#\/schema\/logo\/image\/"},"sameAs":["https:\/\/www.facebook.com\/notibras\/","https:\/\/x.com\/Notibras","https:\/\/www.instagram.com\/notibras\/"]},{"@type":"Person","@id":"https:\/\/www.notibras.com\/site\/#\/schema\/person\/5b7fabf2aedc3ada2105f03b22b4d3dd","name":"Eduardo Mart\u00ednez","image":{"@type":"ImageObject","inLanguage":"pt-BR","@id":"https:\/\/secure.gravatar.com\/avatar\/7902f906289926289cbcda644b5197c796b893c6ffd7b9a536a42d290f7704a0?s=96&d=mm&r=g","url":"https:\/\/secure.gravatar.com\/avatar\/7902f906289926289cbcda644b5197c796b893c6ffd7b9a536a42d290f7704a0?s=96&d=mm&r=g","contentUrl":"https:\/\/secure.gravatar.com\/avatar\/7902f906289926289cbcda644b5197c796b893c6ffd7b9a536a42d290f7704a0?s=96&d=mm&r=g","caption":"Eduardo Mart\u00ednez"}}]}},"_links":{"self":[{"href":"https:\/\/www.notibras.com\/site\/wp-json\/wp\/v2\/posts\/407656","targetHints":{"allow":["GET"]}}],"collection":[{"href":"https:\/\/www.notibras.com\/site\/wp-json\/wp\/v2\/posts"}],"about":[{"href":"https:\/\/www.notibras.com\/site\/wp-json\/wp\/v2\/types\/post"}],"author":[{"embeddable":true,"href":"https:\/\/www.notibras.com\/site\/wp-json\/wp\/v2\/users\/21"}],"replies":[{"embeddable":true,"href":"https:\/\/www.notibras.com\/site\/wp-json\/wp\/v2\/comments?post=407656"}],"version-history":[{"count":2,"href":"https:\/\/www.notibras.com\/site\/wp-json\/wp\/v2\/posts\/407656\/revisions"}],"predecessor-version":[{"id":407659,"href":"https:\/\/www.notibras.com\/site\/wp-json\/wp\/v2\/posts\/407656\/revisions\/407659"}],"wp:featuredmedia":[{"embeddable":true,"href":"https:\/\/www.notibras.com\/site\/wp-json\/wp\/v2\/media\/407657"}],"wp:attachment":[{"href":"https:\/\/www.notibras.com\/site\/wp-json\/wp\/v2\/media?parent=407656"}],"wp:term":[{"taxonomy":"category","embeddable":true,"href":"https:\/\/www.notibras.com\/site\/wp-json\/wp\/v2\/categories?post=407656"},{"taxonomy":"post_tag","embeddable":true,"href":"https:\/\/www.notibras.com\/site\/wp-json\/wp\/v2\/tags?post=407656"},{"taxonomy":"tmauthors","embeddable":true,"href":"https:\/\/www.notibras.com\/site\/wp-json\/wp\/v2\/tmauthors?post=407656"}],"curies":[{"name":"wp","href":"https:\/\/api.w.org\/{rel}","templated":true}]}}