{"id":407660,"date":"2026-09-01T02:15:09","date_gmt":"2026-09-01T05:15:09","guid":{"rendered":"https:\/\/www.notibras.com\/site\/?p=407660"},"modified":"2026-08-20T01:00:26","modified_gmt":"2026-08-20T04:00:26","slug":"o-privilegio-de-ser-ouvido","status":"publish","type":"post","link":"https:\/\/www.notibras.com\/site\/o-privilegio-de-ser-ouvido\/","title":{"rendered":"O privil\u00e9gio de ser ouvido"},"content":{"rendered":"<p>H\u00e1 pessoas que falam muito e s\u00e3o pouco ouvidas.<\/p>\n<p>E h\u00e1 pessoas que quase n\u00e3o falam porque aprenderam, ao longo da vida, que ningu\u00e9m escutaria.<\/p>\n<p>Escutar \u00e9 uma experi\u00eancia pol\u00edtica.<\/p>\n<p>Porque quem \u00e9 ouvido ocupa espa\u00e7o.<\/p>\n<p>Quem \u00e9 ignorado desaparece.<\/p>\n<p>Talvez por isso a escuta seja mais importante do que parece.<\/p>\n<p>Na fam\u00edlia.<\/p>\n<p>Na escola.<\/p>\n<p>No trabalho.<\/p>\n<p>Na pol\u00edtica.<\/p>\n<p>Nas amizades.<\/p>\n<p>Em todos esses espa\u00e7os existem pessoas cuja fala vale mais do que a de outras.<\/p>\n<p>Algumas entram em uma sala e todos param para ouvir.<\/p>\n<p>Outras precisam repetir tr\u00eas vezes a mesma frase.<\/p>\n<p>N\u00e3o \u00e9 apenas personalidade.<\/p>\n<p>\u00c9 estrutura.<\/p>\n<p>\u00c9 autoridade.<\/p>\n<p>\u00c9 posi\u00e7\u00e3o social.<\/p>\n<p>\u00c9 reconhecimento.<\/p>\n<p>\u00c9 poder.<\/p>\n<p>Mas existe uma dimens\u00e3o mais \u00edntima da escuta.<\/p>\n<p>Aquela em que algu\u00e9m fala e n\u00f3s n\u00e3o estamos imediatamente preparando a resposta.<\/p>\n<p>N\u00e3o estamos comparando.<\/p>\n<p>N\u00e3o estamos julgando.<\/p>\n<p>Apenas ouvimos.<\/p>\n<p>\u00c9 raro.<\/p>\n<p>Talvez por isso seja t\u00e3o precioso.<\/p>\n<p>\u00c0s vezes uma pessoa n\u00e3o precisa que resolvamos sua vida.<\/p>\n<p>Precisa apenas que algu\u00e9m reconhe\u00e7a que aquilo que est\u00e1 vivendo existe.<\/p>\n<p>N\u00e3o parece muito.<\/p>\n<p>Mas pode ser.<\/p>\n<p>Porque ser ouvido \u00e9, em alguma medida, ser reconhecido como algu\u00e9m cuja experi\u00eancia importa.<\/p>\n<p>E talvez uma sociedade mais humana comece justamente por a\u00ed: aprendendo a ouvir aqueles que normalmente s\u00e3o obrigados a gritar para serem percebidos.<\/p>\n","protected":false},"excerpt":{"rendered":"<p>H\u00e1 pessoas que falam muito e s\u00e3o pouco ouvidas. E h\u00e1 pessoas que quase n\u00e3o falam porque aprenderam, ao longo da vida, que ningu\u00e9m escutaria. Escutar \u00e9 uma experi\u00eancia pol\u00edtica. Porque quem \u00e9 ouvido ocupa espa\u00e7o. Quem \u00e9 ignorado desaparece. Talvez por isso a escuta seja mais importante do que parece. Na fam\u00edlia. Na escola. [&hellip;]<\/p>\n","protected":false},"author":21,"featured_media":407661,"comment_status":"closed","ping_status":"closed","sticky":false,"template":"","format":"standard","meta":{"_acf_changed":false,"footnotes":""},"categories":[155],"tags":[],"tmauthors":[306],"class_list":["post-407660","post","type-post","status-publish","format-standard","has-post-thumbnail","category-leitura-vip"],"acf":[],"yoast_head":"<!-- This site is optimized with the Yoast SEO plugin v28.0 - https:\/\/yoast.com\/product\/yoast-seo-wordpress\/ -->\n<title>O privil\u00e9gio de ser ouvido - Notibras<\/title>\n<meta name=\"robots\" content=\"index, follow, max-snippet:-1, max-image-preview:large, max-video-preview:-1\" \/>\n<link rel=\"canonical\" href=\"https:\/\/www.notibras.com\/site\/o-privilegio-de-ser-ouvido\/\" \/>\n<meta property=\"og:locale\" content=\"pt_BR\" \/>\n<meta property=\"og:type\" content=\"article\" \/>\n<meta property=\"og:title\" content=\"O privil\u00e9gio de ser ouvido - Notibras\" \/>\n<meta property=\"og:description\" content=\"H\u00e1 pessoas que falam muito e s\u00e3o pouco ouvidas. E h\u00e1 pessoas que quase n\u00e3o falam porque aprenderam, ao longo da vida, que ningu\u00e9m escutaria. Escutar \u00e9 uma experi\u00eancia pol\u00edtica. Porque quem \u00e9 ouvido ocupa espa\u00e7o. Quem \u00e9 ignorado desaparece. Talvez por isso a escuta seja mais importante do que parece. Na fam\u00edlia. Na escola. [&hellip;]\" \/>\n<meta property=\"og:url\" content=\"https:\/\/www.notibras.com\/site\/o-privilegio-de-ser-ouvido\/\" \/>\n<meta property=\"og:site_name\" content=\"Notibras\" \/>\n<meta property=\"article:publisher\" content=\"https:\/\/www.facebook.com\/notibras\/\" \/>\n<meta property=\"article:published_time\" content=\"2026-09-01T05:15:09+00:00\" \/>\n<meta property=\"og:image\" content=\"https:\/\/www.notibras.com\/site\/wp-content\/uploads\/2026\/08\/WhatsApp-Image-2026-08-20-at-00.57.53.jpeg\" \/>\n\t<meta property=\"og:image:width\" content=\"1280\" \/>\n\t<meta property=\"og:image:height\" content=\"720\" \/>\n\t<meta property=\"og:image:type\" content=\"image\/jpeg\" \/>\n<meta name=\"author\" content=\"Eduardo Mart\u00ednez\" \/>\n<meta name=\"twitter:card\" content=\"summary_large_image\" \/>\n<meta name=\"twitter:creator\" content=\"@Notibras\" \/>\n<meta name=\"twitter:site\" content=\"@Notibras\" \/>\n<meta name=\"twitter:label1\" content=\"Escrito por\" \/>\n\t<meta name=\"twitter:data1\" content=\"Eduardo Mart\u00ednez\" \/>\n\t<meta name=\"twitter:label2\" content=\"Est. tempo de leitura\" \/>\n\t<meta name=\"twitter:data2\" content=\"2 minutos\" \/>\n<script type=\"application\/ld+json\" class=\"yoast-schema-graph\">{\"@context\":\"https:\\\/\\\/schema.org\",\"@graph\":[{\"@type\":\"Article\",\"@id\":\"https:\\\/\\\/www.notibras.com\\\/site\\\/o-privilegio-de-ser-ouvido\\\/#article\",\"isPartOf\":{\"@id\":\"https:\\\/\\\/www.notibras.com\\\/site\\\/o-privilegio-de-ser-ouvido\\\/\"},\"author\":{\"name\":\"Eduardo Mart\u00ednez\",\"@id\":\"https:\\\/\\\/www.notibras.com\\\/site\\\/#\\\/schema\\\/person\\\/5b7fabf2aedc3ada2105f03b22b4d3dd\"},\"headline\":\"O privil\u00e9gio de ser ouvido\",\"datePublished\":\"2026-09-01T05:15:09+00:00\",\"mainEntityOfPage\":{\"@id\":\"https:\\\/\\\/www.notibras.com\\\/site\\\/o-privilegio-de-ser-ouvido\\\/\"},\"wordCount\":231,\"publisher\":{\"@id\":\"https:\\\/\\\/www.notibras.com\\\/site\\\/#organization\"},\"image\":{\"@id\":\"https:\\\/\\\/www.notibras.com\\\/site\\\/o-privilegio-de-ser-ouvido\\\/#primaryimage\"},\"thumbnailUrl\":\"https:\\\/\\\/www.notibras.com\\\/site\\\/wp-content\\\/uploads\\\/2026\\\/08\\\/WhatsApp-Image-2026-08-20-at-00.57.53.jpeg\",\"articleSection\":[\"Leitura Vip\"],\"inLanguage\":\"pt-BR\"},{\"@type\":\"WebPage\",\"@id\":\"https:\\\/\\\/www.notibras.com\\\/site\\\/o-privilegio-de-ser-ouvido\\\/\",\"url\":\"https:\\\/\\\/www.notibras.com\\\/site\\\/o-privilegio-de-ser-ouvido\\\/\",\"name\":\"O privil\u00e9gio de ser ouvido - Notibras\",\"isPartOf\":{\"@id\":\"https:\\\/\\\/www.notibras.com\\\/site\\\/#website\"},\"primaryImageOfPage\":{\"@id\":\"https:\\\/\\\/www.notibras.com\\\/site\\\/o-privilegio-de-ser-ouvido\\\/#primaryimage\"},\"image\":{\"@id\":\"https:\\\/\\\/www.notibras.com\\\/site\\\/o-privilegio-de-ser-ouvido\\\/#primaryimage\"},\"thumbnailUrl\":\"https:\\\/\\\/www.notibras.com\\\/site\\\/wp-content\\\/uploads\\\/2026\\\/08\\\/WhatsApp-Image-2026-08-20-at-00.57.53.jpeg\",\"datePublished\":\"2026-09-01T05:15:09+00:00\",\"breadcrumb\":{\"@id\":\"https:\\\/\\\/www.notibras.com\\\/site\\\/o-privilegio-de-ser-ouvido\\\/#breadcrumb\"},\"inLanguage\":\"pt-BR\",\"potentialAction\":[{\"@type\":\"ReadAction\",\"target\":[\"https:\\\/\\\/www.notibras.com\\\/site\\\/o-privilegio-de-ser-ouvido\\\/\"]}]},{\"@type\":\"ImageObject\",\"inLanguage\":\"pt-BR\",\"@id\":\"https:\\\/\\\/www.notibras.com\\\/site\\\/o-privilegio-de-ser-ouvido\\\/#primaryimage\",\"url\":\"https:\\\/\\\/www.notibras.com\\\/site\\\/wp-content\\\/uploads\\\/2026\\\/08\\\/WhatsApp-Image-2026-08-20-at-00.57.53.jpeg\",\"contentUrl\":\"https:\\\/\\\/www.notibras.com\\\/site\\\/wp-content\\\/uploads\\\/2026\\\/08\\\/WhatsApp-Image-2026-08-20-at-00.57.53.jpeg\",\"width\":1280,\"height\":720},{\"@type\":\"BreadcrumbList\",\"@id\":\"https:\\\/\\\/www.notibras.com\\\/site\\\/o-privilegio-de-ser-ouvido\\\/#breadcrumb\",\"itemListElement\":[{\"@type\":\"ListItem\",\"position\":1,\"name\":\"In\u00edcio\",\"item\":\"https:\\\/\\\/www.notibras.com\\\/site\\\/\"},{\"@type\":\"ListItem\",\"position\":2,\"name\":\"O privil\u00e9gio de ser ouvido\"}]},{\"@type\":\"WebSite\",\"@id\":\"https:\\\/\\\/www.notibras.com\\\/site\\\/#website\",\"url\":\"https:\\\/\\\/www.notibras.com\\\/site\\\/\",\"name\":\"Notibras\",\"description\":\"Not\u00edcias de Bras\u00edlia, do Brasil e do Mundo\",\"publisher\":{\"@id\":\"https:\\\/\\\/www.notibras.com\\\/site\\\/#organization\"},\"potentialAction\":[{\"@type\":\"SearchAction\",\"target\":{\"@type\":\"EntryPoint\",\"urlTemplate\":\"https:\\\/\\\/www.notibras.com\\\/site\\\/?s={search_term_string}\"},\"query-input\":{\"@type\":\"PropertyValueSpecification\",\"valueRequired\":true,\"valueName\":\"search_term_string\"}}],\"inLanguage\":\"pt-BR\"},{\"@type\":\"Organization\",\"@id\":\"https:\\\/\\\/www.notibras.com\\\/site\\\/#organization\",\"name\":\"Grupo Notibras de Comunica\u00e7\u00e3o\",\"url\":\"https:\\\/\\\/www.notibras.com\\\/site\\\/\",\"logo\":{\"@type\":\"ImageObject\",\"inLanguage\":\"pt-BR\",\"@id\":\"https:\\\/\\\/www.notibras.com\\\/site\\\/#\\\/schema\\\/logo\\\/image\\\/\",\"url\":\"https:\\\/\\\/www.notibras.com\\\/site\\\/wp-content\\\/uploads\\\/2023\\\/01\\\/notibras23.png\",\"contentUrl\":\"https:\\\/\\\/www.notibras.com\\\/site\\\/wp-content\\\/uploads\\\/2023\\\/01\\\/notibras23.png\",\"width\":350,\"height\":87,\"caption\":\"Grupo Notibras de Comunica\u00e7\u00e3o\"},\"image\":{\"@id\":\"https:\\\/\\\/www.notibras.com\\\/site\\\/#\\\/schema\\\/logo\\\/image\\\/\"},\"sameAs\":[\"https:\\\/\\\/www.facebook.com\\\/notibras\\\/\",\"https:\\\/\\\/x.com\\\/Notibras\",\"https:\\\/\\\/www.instagram.com\\\/notibras\\\/\"]},{\"@type\":\"Person\",\"@id\":\"https:\\\/\\\/www.notibras.com\\\/site\\\/#\\\/schema\\\/person\\\/5b7fabf2aedc3ada2105f03b22b4d3dd\",\"name\":\"Eduardo Mart\u00ednez\",\"image\":{\"@type\":\"ImageObject\",\"inLanguage\":\"pt-BR\",\"@id\":\"https:\\\/\\\/secure.gravatar.com\\\/avatar\\\/7902f906289926289cbcda644b5197c796b893c6ffd7b9a536a42d290f7704a0?s=96&d=mm&r=g\",\"url\":\"https:\\\/\\\/secure.gravatar.com\\\/avatar\\\/7902f906289926289cbcda644b5197c796b893c6ffd7b9a536a42d290f7704a0?s=96&d=mm&r=g\",\"contentUrl\":\"https:\\\/\\\/secure.gravatar.com\\\/avatar\\\/7902f906289926289cbcda644b5197c796b893c6ffd7b9a536a42d290f7704a0?s=96&d=mm&r=g\",\"caption\":\"Eduardo Mart\u00ednez\"}}]}<\/script>\n<!-- \/ Yoast SEO plugin. -->","yoast_head_json":{"title":"O privil\u00e9gio de ser ouvido - Notibras","robots":{"index":"index","follow":"follow","max-snippet":"max-snippet:-1","max-image-preview":"max-image-preview:large","max-video-preview":"max-video-preview:-1"},"canonical":"https:\/\/www.notibras.com\/site\/o-privilegio-de-ser-ouvido\/","og_locale":"pt_BR","og_type":"article","og_title":"O privil\u00e9gio de ser ouvido - Notibras","og_description":"H\u00e1 pessoas que falam muito e s\u00e3o pouco ouvidas. E h\u00e1 pessoas que quase n\u00e3o falam porque aprenderam, ao longo da vida, que ningu\u00e9m escutaria. Escutar \u00e9 uma experi\u00eancia pol\u00edtica. Porque quem \u00e9 ouvido ocupa espa\u00e7o. Quem \u00e9 ignorado desaparece. Talvez por isso a escuta seja mais importante do que parece. Na fam\u00edlia. Na escola. [&hellip;]","og_url":"https:\/\/www.notibras.com\/site\/o-privilegio-de-ser-ouvido\/","og_site_name":"Notibras","article_publisher":"https:\/\/www.facebook.com\/notibras\/","article_published_time":"2026-09-01T05:15:09+00:00","og_image":[{"width":1280,"height":720,"url":"https:\/\/www.notibras.com\/site\/wp-content\/uploads\/2026\/08\/WhatsApp-Image-2026-08-20-at-00.57.53.jpeg","type":"image\/jpeg"}],"author":"Eduardo Mart\u00ednez","twitter_card":"summary_large_image","twitter_creator":"@Notibras","twitter_site":"@Notibras","twitter_misc":{"Escrito por":"Eduardo Mart\u00ednez","Est. tempo de leitura":"2 minutos"},"schema":{"@context":"https:\/\/schema.org","@graph":[{"@type":"Article","@id":"https:\/\/www.notibras.com\/site\/o-privilegio-de-ser-ouvido\/#article","isPartOf":{"@id":"https:\/\/www.notibras.com\/site\/o-privilegio-de-ser-ouvido\/"},"author":{"name":"Eduardo Mart\u00ednez","@id":"https:\/\/www.notibras.com\/site\/#\/schema\/person\/5b7fabf2aedc3ada2105f03b22b4d3dd"},"headline":"O privil\u00e9gio de ser ouvido","datePublished":"2026-09-01T05:15:09+00:00","mainEntityOfPage":{"@id":"https:\/\/www.notibras.com\/site\/o-privilegio-de-ser-ouvido\/"},"wordCount":231,"publisher":{"@id":"https:\/\/www.notibras.com\/site\/#organization"},"image":{"@id":"https:\/\/www.notibras.com\/site\/o-privilegio-de-ser-ouvido\/#primaryimage"},"thumbnailUrl":"https:\/\/www.notibras.com\/site\/wp-content\/uploads\/2026\/08\/WhatsApp-Image-2026-08-20-at-00.57.53.jpeg","articleSection":["Leitura Vip"],"inLanguage":"pt-BR"},{"@type":"WebPage","@id":"https:\/\/www.notibras.com\/site\/o-privilegio-de-ser-ouvido\/","url":"https:\/\/www.notibras.com\/site\/o-privilegio-de-ser-ouvido\/","name":"O privil\u00e9gio de ser ouvido - Notibras","isPartOf":{"@id":"https:\/\/www.notibras.com\/site\/#website"},"primaryImageOfPage":{"@id":"https:\/\/www.notibras.com\/site\/o-privilegio-de-ser-ouvido\/#primaryimage"},"image":{"@id":"https:\/\/www.notibras.com\/site\/o-privilegio-de-ser-ouvido\/#primaryimage"},"thumbnailUrl":"https:\/\/www.notibras.com\/site\/wp-content\/uploads\/2026\/08\/WhatsApp-Image-2026-08-20-at-00.57.53.jpeg","datePublished":"2026-09-01T05:15:09+00:00","breadcrumb":{"@id":"https:\/\/www.notibras.com\/site\/o-privilegio-de-ser-ouvido\/#breadcrumb"},"inLanguage":"pt-BR","potentialAction":[{"@type":"ReadAction","target":["https:\/\/www.notibras.com\/site\/o-privilegio-de-ser-ouvido\/"]}]},{"@type":"ImageObject","inLanguage":"pt-BR","@id":"https:\/\/www.notibras.com\/site\/o-privilegio-de-ser-ouvido\/#primaryimage","url":"https:\/\/www.notibras.com\/site\/wp-content\/uploads\/2026\/08\/WhatsApp-Image-2026-08-20-at-00.57.53.jpeg","contentUrl":"https:\/\/www.notibras.com\/site\/wp-content\/uploads\/2026\/08\/WhatsApp-Image-2026-08-20-at-00.57.53.jpeg","width":1280,"height":720},{"@type":"BreadcrumbList","@id":"https:\/\/www.notibras.com\/site\/o-privilegio-de-ser-ouvido\/#breadcrumb","itemListElement":[{"@type":"ListItem","position":1,"name":"In\u00edcio","item":"https:\/\/www.notibras.com\/site\/"},{"@type":"ListItem","position":2,"name":"O privil\u00e9gio de ser ouvido"}]},{"@type":"WebSite","@id":"https:\/\/www.notibras.com\/site\/#website","url":"https:\/\/www.notibras.com\/site\/","name":"Notibras","description":"Not\u00edcias de Bras\u00edlia, do Brasil e do Mundo","publisher":{"@id":"https:\/\/www.notibras.com\/site\/#organization"},"potentialAction":[{"@type":"SearchAction","target":{"@type":"EntryPoint","urlTemplate":"https:\/\/www.notibras.com\/site\/?s={search_term_string}"},"query-input":{"@type":"PropertyValueSpecification","valueRequired":true,"valueName":"search_term_string"}}],"inLanguage":"pt-BR"},{"@type":"Organization","@id":"https:\/\/www.notibras.com\/site\/#organization","name":"Grupo Notibras de Comunica\u00e7\u00e3o","url":"https:\/\/www.notibras.com\/site\/","logo":{"@type":"ImageObject","inLanguage":"pt-BR","@id":"https:\/\/www.notibras.com\/site\/#\/schema\/logo\/image\/","url":"https:\/\/www.notibras.com\/site\/wp-content\/uploads\/2023\/01\/notibras23.png","contentUrl":"https:\/\/www.notibras.com\/site\/wp-content\/uploads\/2023\/01\/notibras23.png","width":350,"height":87,"caption":"Grupo Notibras de Comunica\u00e7\u00e3o"},"image":{"@id":"https:\/\/www.notibras.com\/site\/#\/schema\/logo\/image\/"},"sameAs":["https:\/\/www.facebook.com\/notibras\/","https:\/\/x.com\/Notibras","https:\/\/www.instagram.com\/notibras\/"]},{"@type":"Person","@id":"https:\/\/www.notibras.com\/site\/#\/schema\/person\/5b7fabf2aedc3ada2105f03b22b4d3dd","name":"Eduardo Mart\u00ednez","image":{"@type":"ImageObject","inLanguage":"pt-BR","@id":"https:\/\/secure.gravatar.com\/avatar\/7902f906289926289cbcda644b5197c796b893c6ffd7b9a536a42d290f7704a0?s=96&d=mm&r=g","url":"https:\/\/secure.gravatar.com\/avatar\/7902f906289926289cbcda644b5197c796b893c6ffd7b9a536a42d290f7704a0?s=96&d=mm&r=g","contentUrl":"https:\/\/secure.gravatar.com\/avatar\/7902f906289926289cbcda644b5197c796b893c6ffd7b9a536a42d290f7704a0?s=96&d=mm&r=g","caption":"Eduardo Mart\u00ednez"}}]}},"_links":{"self":[{"href":"https:\/\/www.notibras.com\/site\/wp-json\/wp\/v2\/posts\/407660","targetHints":{"allow":["GET"]}}],"collection":[{"href":"https:\/\/www.notibras.com\/site\/wp-json\/wp\/v2\/posts"}],"about":[{"href":"https:\/\/www.notibras.com\/site\/wp-json\/wp\/v2\/types\/post"}],"author":[{"embeddable":true,"href":"https:\/\/www.notibras.com\/site\/wp-json\/wp\/v2\/users\/21"}],"replies":[{"embeddable":true,"href":"https:\/\/www.notibras.com\/site\/wp-json\/wp\/v2\/comments?post=407660"}],"version-history":[{"count":2,"href":"https:\/\/www.notibras.com\/site\/wp-json\/wp\/v2\/posts\/407660\/revisions"}],"predecessor-version":[{"id":407663,"href":"https:\/\/www.notibras.com\/site\/wp-json\/wp\/v2\/posts\/407660\/revisions\/407663"}],"wp:featuredmedia":[{"embeddable":true,"href":"https:\/\/www.notibras.com\/site\/wp-json\/wp\/v2\/media\/407661"}],"wp:attachment":[{"href":"https:\/\/www.notibras.com\/site\/wp-json\/wp\/v2\/media?parent=407660"}],"wp:term":[{"taxonomy":"category","embeddable":true,"href":"https:\/\/www.notibras.com\/site\/wp-json\/wp\/v2\/categories?post=407660"},{"taxonomy":"post_tag","embeddable":true,"href":"https:\/\/www.notibras.com\/site\/wp-json\/wp\/v2\/tags?post=407660"},{"taxonomy":"tmauthors","embeddable":true,"href":"https:\/\/www.notibras.com\/site\/wp-json\/wp\/v2\/tmauthors?post=407660"}],"curies":[{"name":"wp","href":"https:\/\/api.w.org\/{rel}","templated":true}]}}