{"id":407998,"date":"2026-09-02T02:00:43","date_gmt":"2026-09-02T05:00:43","guid":{"rendered":"https:\/\/www.notibras.com\/site\/?p=407998"},"modified":"2026-08-22T12:39:08","modified_gmt":"2026-08-22T15:39:08","slug":"vamos-contar-ate-mil","status":"publish","type":"post","link":"https:\/\/www.notibras.com\/site\/vamos-contar-ate-mil\/","title":{"rendered":"Vamos contar at\u00e9 mil"},"content":{"rendered":"<p>\u00c0s vezes, n\u00e3o entendemos o que se passa em nossa alma. Por que a ira toma conta de nosso cora\u00e7\u00e3o? Porque, sem mais nem menos, nos sentimos ultrajados, diminu\u00eddos pelo grupo ao qual pertencemos? Sim, isso \u00e9 mais comum do que gostar\u00edamos&#8230; faz parte de nossa caminhada por esse plano, e por mais que pe\u00e7amos ao Alt\u00edssimo que afaste de n\u00f3s esse c\u00e1lice, temos que sorver at\u00e9 a \u00faltima gota do mesmo. Porque \u00e9 atrav\u00e9s deste que seremos preparados para a jornada que se inicia em nossa vida&#8230;<\/p>\n<p>Os caminhos que percorremos s\u00e3o tortuosos, mas necess\u00e1rios. Somente vencendo nossos fantasmas conseguimos alcan\u00e7ar novos horizontes&#8230;<\/p>\n<p>Cada um de n\u00f3s est\u00e1 situado em um tempo-espa\u00e7o diferente. Pertencemos a Universos diferentes, e por esse motivo temos uma perspectiva \u00fanica, que n\u00e3o \u00e9 compreendida pelos que gravitam ao nosso redor&#8230; as vis\u00f5es sobre o mundo s\u00e3o diferentes para cada pessoa. E por n\u00e3o compreender tal fato, nos sentimos ultrajadas quando nosso semelhante age de acordo com suas convic\u00e7\u00f5es&#8230;<\/p>\n<p>As pessoas n\u00e3o s\u00e3o maldosas. Elas foram condicionadas, desde pequenas, a ver o mundo por um prisma \u00fanico&#8230; os pr\u00e9-conceitos a elas impingidos, mais sua pr\u00f3pria \u00edndole, faz com que ajam de determinada forma. E isso n\u00e3o \u00e9 bom nem ruim. \u00c9 simplesmente a individualidade daquela pessoa&#8230;<\/p>\n<p>Usamos sempre nosso conceito de &#8220;certo e errado&#8221;. E se de acordo com esse conceito algu\u00e9m agiu erroneamente, nos sentimos machucados por este. Mas cada pessoa tem seus par\u00e2metros, e embora certo e errado sejam conceitos universais, cada um segue aquilo que considera correto, n\u00e3o se importando tanto com as defini\u00e7\u00f5es formais&#8230;<\/p>\n<p>Quando tudo fugir de nosso controle e a f\u00faria nos dominar, devemos manter a cabe\u00e7a fria. Respirar fundo, contar at\u00e9 dez, cem, mil&#8230; contar o quanto for necess\u00e1rio, para n\u00e3o deixar nossa Caixa de Pandora abrir&#8230; porque, se tal acontecer, n\u00e3o d\u00e1 para prever o que acontecer\u00e1&#8230;<\/p>\n<p>Temos que nos lembrar que n\u00e3o somos respons\u00e1veis pelas a\u00e7\u00f5es dos outros, apenas pelas nossas. E n\u00e3o podemos deixar bobagens que n\u00e3o compensam uma querela nos atingir&#8230; ent\u00e3o, sejamos a Polliana e, por mais que o mundo esteja desabando, vamos olhar sempre o lado bom de cada evento&#8230; pois mesmo o Inferno tem alguma beleza para ser admirada&#8230;<\/p>\n","protected":false},"excerpt":{"rendered":"<p>\u00c0s vezes, n\u00e3o entendemos o que se passa em nossa alma. Por que a ira toma conta de nosso cora\u00e7\u00e3o? Porque, sem mais nem menos, nos sentimos ultrajados, diminu\u00eddos pelo grupo ao qual pertencemos? Sim, isso \u00e9 mais comum do que gostar\u00edamos&#8230; faz parte de nossa caminhada por esse plano, e por mais que pe\u00e7amos [&hellip;]<\/p>\n","protected":false},"author":21,"featured_media":407999,"comment_status":"closed","ping_status":"closed","sticky":false,"template":"","format":"standard","meta":{"_acf_changed":false,"footnotes":""},"categories":[155],"tags":[],"tmauthors":[306],"class_list":["post-407998","post","type-post","status-publish","format-standard","has-post-thumbnail","category-leitura-vip"],"acf":[],"yoast_head":"<!-- This site is optimized with the Yoast SEO plugin v28.0 - https:\/\/yoast.com\/product\/yoast-seo-wordpress\/ -->\n<title>Vamos contar at\u00e9 mil - Notibras<\/title>\n<meta name=\"robots\" content=\"index, follow, max-snippet:-1, max-image-preview:large, max-video-preview:-1\" \/>\n<link rel=\"canonical\" href=\"https:\/\/www.notibras.com\/site\/vamos-contar-ate-mil\/\" \/>\n<meta property=\"og:locale\" content=\"pt_BR\" \/>\n<meta property=\"og:type\" content=\"article\" \/>\n<meta property=\"og:title\" content=\"Vamos contar at\u00e9 mil - Notibras\" \/>\n<meta property=\"og:description\" content=\"\u00c0s vezes, n\u00e3o entendemos o que se passa em nossa alma. Por que a ira toma conta de nosso cora\u00e7\u00e3o? Porque, sem mais nem menos, nos sentimos ultrajados, diminu\u00eddos pelo grupo ao qual pertencemos? Sim, isso \u00e9 mais comum do que gostar\u00edamos&#8230; faz parte de nossa caminhada por esse plano, e por mais que pe\u00e7amos [&hellip;]\" \/>\n<meta property=\"og:url\" content=\"https:\/\/www.notibras.com\/site\/vamos-contar-ate-mil\/\" \/>\n<meta property=\"og:site_name\" content=\"Notibras\" \/>\n<meta property=\"article:publisher\" content=\"https:\/\/www.facebook.com\/notibras\/\" \/>\n<meta property=\"article:published_time\" content=\"2026-09-02T05:00:43+00:00\" \/>\n<meta property=\"og:image\" content=\"https:\/\/www.notibras.com\/site\/wp-content\/uploads\/2026\/08\/WhatsApp-Image-2026-08-22-at-12.38.12.jpeg\" \/>\n\t<meta property=\"og:image:width\" content=\"1280\" \/>\n\t<meta property=\"og:image:height\" content=\"720\" \/>\n\t<meta property=\"og:image:type\" content=\"image\/jpeg\" \/>\n<meta name=\"author\" content=\"Eduardo Mart\u00ednez\" \/>\n<meta name=\"twitter:card\" content=\"summary_large_image\" \/>\n<meta name=\"twitter:creator\" content=\"@Notibras\" \/>\n<meta name=\"twitter:site\" content=\"@Notibras\" \/>\n<meta name=\"twitter:label1\" content=\"Escrito por\" \/>\n\t<meta name=\"twitter:data1\" content=\"Eduardo Mart\u00ednez\" \/>\n\t<meta name=\"twitter:label2\" content=\"Est. tempo de leitura\" \/>\n\t<meta name=\"twitter:data2\" content=\"3 minutos\" \/>\n<script type=\"application\/ld+json\" class=\"yoast-schema-graph\">{\"@context\":\"https:\\\/\\\/schema.org\",\"@graph\":[{\"@type\":\"Article\",\"@id\":\"https:\\\/\\\/www.notibras.com\\\/site\\\/vamos-contar-ate-mil\\\/#article\",\"isPartOf\":{\"@id\":\"https:\\\/\\\/www.notibras.com\\\/site\\\/vamos-contar-ate-mil\\\/\"},\"author\":{\"name\":\"Eduardo Mart\u00ednez\",\"@id\":\"https:\\\/\\\/www.notibras.com\\\/site\\\/#\\\/schema\\\/person\\\/5b7fabf2aedc3ada2105f03b22b4d3dd\"},\"headline\":\"Vamos contar at\u00e9 mil\",\"datePublished\":\"2026-09-02T05:00:43+00:00\",\"mainEntityOfPage\":{\"@id\":\"https:\\\/\\\/www.notibras.com\\\/site\\\/vamos-contar-ate-mil\\\/\"},\"wordCount\":406,\"publisher\":{\"@id\":\"https:\\\/\\\/www.notibras.com\\\/site\\\/#organization\"},\"image\":{\"@id\":\"https:\\\/\\\/www.notibras.com\\\/site\\\/vamos-contar-ate-mil\\\/#primaryimage\"},\"thumbnailUrl\":\"https:\\\/\\\/www.notibras.com\\\/site\\\/wp-content\\\/uploads\\\/2026\\\/08\\\/WhatsApp-Image-2026-08-22-at-12.38.12.jpeg\",\"articleSection\":[\"Leitura Vip\"],\"inLanguage\":\"pt-BR\"},{\"@type\":\"WebPage\",\"@id\":\"https:\\\/\\\/www.notibras.com\\\/site\\\/vamos-contar-ate-mil\\\/\",\"url\":\"https:\\\/\\\/www.notibras.com\\\/site\\\/vamos-contar-ate-mil\\\/\",\"name\":\"Vamos contar at\u00e9 mil - Notibras\",\"isPartOf\":{\"@id\":\"https:\\\/\\\/www.notibras.com\\\/site\\\/#website\"},\"primaryImageOfPage\":{\"@id\":\"https:\\\/\\\/www.notibras.com\\\/site\\\/vamos-contar-ate-mil\\\/#primaryimage\"},\"image\":{\"@id\":\"https:\\\/\\\/www.notibras.com\\\/site\\\/vamos-contar-ate-mil\\\/#primaryimage\"},\"thumbnailUrl\":\"https:\\\/\\\/www.notibras.com\\\/site\\\/wp-content\\\/uploads\\\/2026\\\/08\\\/WhatsApp-Image-2026-08-22-at-12.38.12.jpeg\",\"datePublished\":\"2026-09-02T05:00:43+00:00\",\"breadcrumb\":{\"@id\":\"https:\\\/\\\/www.notibras.com\\\/site\\\/vamos-contar-ate-mil\\\/#breadcrumb\"},\"inLanguage\":\"pt-BR\",\"potentialAction\":[{\"@type\":\"ReadAction\",\"target\":[\"https:\\\/\\\/www.notibras.com\\\/site\\\/vamos-contar-ate-mil\\\/\"]}]},{\"@type\":\"ImageObject\",\"inLanguage\":\"pt-BR\",\"@id\":\"https:\\\/\\\/www.notibras.com\\\/site\\\/vamos-contar-ate-mil\\\/#primaryimage\",\"url\":\"https:\\\/\\\/www.notibras.com\\\/site\\\/wp-content\\\/uploads\\\/2026\\\/08\\\/WhatsApp-Image-2026-08-22-at-12.38.12.jpeg\",\"contentUrl\":\"https:\\\/\\\/www.notibras.com\\\/site\\\/wp-content\\\/uploads\\\/2026\\\/08\\\/WhatsApp-Image-2026-08-22-at-12.38.12.jpeg\",\"width\":1280,\"height\":720},{\"@type\":\"BreadcrumbList\",\"@id\":\"https:\\\/\\\/www.notibras.com\\\/site\\\/vamos-contar-ate-mil\\\/#breadcrumb\",\"itemListElement\":[{\"@type\":\"ListItem\",\"position\":1,\"name\":\"In\u00edcio\",\"item\":\"https:\\\/\\\/www.notibras.com\\\/site\\\/\"},{\"@type\":\"ListItem\",\"position\":2,\"name\":\"Vamos contar at\u00e9 mil\"}]},{\"@type\":\"WebSite\",\"@id\":\"https:\\\/\\\/www.notibras.com\\\/site\\\/#website\",\"url\":\"https:\\\/\\\/www.notibras.com\\\/site\\\/\",\"name\":\"Notibras\",\"description\":\"Not\u00edcias de Bras\u00edlia, do Brasil e do Mundo\",\"publisher\":{\"@id\":\"https:\\\/\\\/www.notibras.com\\\/site\\\/#organization\"},\"potentialAction\":[{\"@type\":\"SearchAction\",\"target\":{\"@type\":\"EntryPoint\",\"urlTemplate\":\"https:\\\/\\\/www.notibras.com\\\/site\\\/?s={search_term_string}\"},\"query-input\":{\"@type\":\"PropertyValueSpecification\",\"valueRequired\":true,\"valueName\":\"search_term_string\"}}],\"inLanguage\":\"pt-BR\"},{\"@type\":\"Organization\",\"@id\":\"https:\\\/\\\/www.notibras.com\\\/site\\\/#organization\",\"name\":\"Grupo Notibras de Comunica\u00e7\u00e3o\",\"url\":\"https:\\\/\\\/www.notibras.com\\\/site\\\/\",\"logo\":{\"@type\":\"ImageObject\",\"inLanguage\":\"pt-BR\",\"@id\":\"https:\\\/\\\/www.notibras.com\\\/site\\\/#\\\/schema\\\/logo\\\/image\\\/\",\"url\":\"https:\\\/\\\/www.notibras.com\\\/site\\\/wp-content\\\/uploads\\\/2023\\\/01\\\/notibras23.png\",\"contentUrl\":\"https:\\\/\\\/www.notibras.com\\\/site\\\/wp-content\\\/uploads\\\/2023\\\/01\\\/notibras23.png\",\"width\":350,\"height\":87,\"caption\":\"Grupo Notibras de Comunica\u00e7\u00e3o\"},\"image\":{\"@id\":\"https:\\\/\\\/www.notibras.com\\\/site\\\/#\\\/schema\\\/logo\\\/image\\\/\"},\"sameAs\":[\"https:\\\/\\\/www.facebook.com\\\/notibras\\\/\",\"https:\\\/\\\/x.com\\\/Notibras\",\"https:\\\/\\\/www.instagram.com\\\/notibras\\\/\"]},{\"@type\":\"Person\",\"@id\":\"https:\\\/\\\/www.notibras.com\\\/site\\\/#\\\/schema\\\/person\\\/5b7fabf2aedc3ada2105f03b22b4d3dd\",\"name\":\"Eduardo Mart\u00ednez\",\"image\":{\"@type\":\"ImageObject\",\"inLanguage\":\"pt-BR\",\"@id\":\"https:\\\/\\\/secure.gravatar.com\\\/avatar\\\/7902f906289926289cbcda644b5197c796b893c6ffd7b9a536a42d290f7704a0?s=96&d=mm&r=g\",\"url\":\"https:\\\/\\\/secure.gravatar.com\\\/avatar\\\/7902f906289926289cbcda644b5197c796b893c6ffd7b9a536a42d290f7704a0?s=96&d=mm&r=g\",\"contentUrl\":\"https:\\\/\\\/secure.gravatar.com\\\/avatar\\\/7902f906289926289cbcda644b5197c796b893c6ffd7b9a536a42d290f7704a0?s=96&d=mm&r=g\",\"caption\":\"Eduardo Mart\u00ednez\"}}]}<\/script>\n<!-- \/ Yoast SEO plugin. -->","yoast_head_json":{"title":"Vamos contar at\u00e9 mil - Notibras","robots":{"index":"index","follow":"follow","max-snippet":"max-snippet:-1","max-image-preview":"max-image-preview:large","max-video-preview":"max-video-preview:-1"},"canonical":"https:\/\/www.notibras.com\/site\/vamos-contar-ate-mil\/","og_locale":"pt_BR","og_type":"article","og_title":"Vamos contar at\u00e9 mil - Notibras","og_description":"\u00c0s vezes, n\u00e3o entendemos o que se passa em nossa alma. Por que a ira toma conta de nosso cora\u00e7\u00e3o? Porque, sem mais nem menos, nos sentimos ultrajados, diminu\u00eddos pelo grupo ao qual pertencemos? Sim, isso \u00e9 mais comum do que gostar\u00edamos&#8230; faz parte de nossa caminhada por esse plano, e por mais que pe\u00e7amos [&hellip;]","og_url":"https:\/\/www.notibras.com\/site\/vamos-contar-ate-mil\/","og_site_name":"Notibras","article_publisher":"https:\/\/www.facebook.com\/notibras\/","article_published_time":"2026-09-02T05:00:43+00:00","og_image":[{"width":1280,"height":720,"url":"https:\/\/www.notibras.com\/site\/wp-content\/uploads\/2026\/08\/WhatsApp-Image-2026-08-22-at-12.38.12.jpeg","type":"image\/jpeg"}],"author":"Eduardo Mart\u00ednez","twitter_card":"summary_large_image","twitter_creator":"@Notibras","twitter_site":"@Notibras","twitter_misc":{"Escrito por":"Eduardo Mart\u00ednez","Est. tempo de leitura":"3 minutos"},"schema":{"@context":"https:\/\/schema.org","@graph":[{"@type":"Article","@id":"https:\/\/www.notibras.com\/site\/vamos-contar-ate-mil\/#article","isPartOf":{"@id":"https:\/\/www.notibras.com\/site\/vamos-contar-ate-mil\/"},"author":{"name":"Eduardo Mart\u00ednez","@id":"https:\/\/www.notibras.com\/site\/#\/schema\/person\/5b7fabf2aedc3ada2105f03b22b4d3dd"},"headline":"Vamos contar at\u00e9 mil","datePublished":"2026-09-02T05:00:43+00:00","mainEntityOfPage":{"@id":"https:\/\/www.notibras.com\/site\/vamos-contar-ate-mil\/"},"wordCount":406,"publisher":{"@id":"https:\/\/www.notibras.com\/site\/#organization"},"image":{"@id":"https:\/\/www.notibras.com\/site\/vamos-contar-ate-mil\/#primaryimage"},"thumbnailUrl":"https:\/\/www.notibras.com\/site\/wp-content\/uploads\/2026\/08\/WhatsApp-Image-2026-08-22-at-12.38.12.jpeg","articleSection":["Leitura Vip"],"inLanguage":"pt-BR"},{"@type":"WebPage","@id":"https:\/\/www.notibras.com\/site\/vamos-contar-ate-mil\/","url":"https:\/\/www.notibras.com\/site\/vamos-contar-ate-mil\/","name":"Vamos contar at\u00e9 mil - Notibras","isPartOf":{"@id":"https:\/\/www.notibras.com\/site\/#website"},"primaryImageOfPage":{"@id":"https:\/\/www.notibras.com\/site\/vamos-contar-ate-mil\/#primaryimage"},"image":{"@id":"https:\/\/www.notibras.com\/site\/vamos-contar-ate-mil\/#primaryimage"},"thumbnailUrl":"https:\/\/www.notibras.com\/site\/wp-content\/uploads\/2026\/08\/WhatsApp-Image-2026-08-22-at-12.38.12.jpeg","datePublished":"2026-09-02T05:00:43+00:00","breadcrumb":{"@id":"https:\/\/www.notibras.com\/site\/vamos-contar-ate-mil\/#breadcrumb"},"inLanguage":"pt-BR","potentialAction":[{"@type":"ReadAction","target":["https:\/\/www.notibras.com\/site\/vamos-contar-ate-mil\/"]}]},{"@type":"ImageObject","inLanguage":"pt-BR","@id":"https:\/\/www.notibras.com\/site\/vamos-contar-ate-mil\/#primaryimage","url":"https:\/\/www.notibras.com\/site\/wp-content\/uploads\/2026\/08\/WhatsApp-Image-2026-08-22-at-12.38.12.jpeg","contentUrl":"https:\/\/www.notibras.com\/site\/wp-content\/uploads\/2026\/08\/WhatsApp-Image-2026-08-22-at-12.38.12.jpeg","width":1280,"height":720},{"@type":"BreadcrumbList","@id":"https:\/\/www.notibras.com\/site\/vamos-contar-ate-mil\/#breadcrumb","itemListElement":[{"@type":"ListItem","position":1,"name":"In\u00edcio","item":"https:\/\/www.notibras.com\/site\/"},{"@type":"ListItem","position":2,"name":"Vamos contar at\u00e9 mil"}]},{"@type":"WebSite","@id":"https:\/\/www.notibras.com\/site\/#website","url":"https:\/\/www.notibras.com\/site\/","name":"Notibras","description":"Not\u00edcias de Bras\u00edlia, do Brasil e do Mundo","publisher":{"@id":"https:\/\/www.notibras.com\/site\/#organization"},"potentialAction":[{"@type":"SearchAction","target":{"@type":"EntryPoint","urlTemplate":"https:\/\/www.notibras.com\/site\/?s={search_term_string}"},"query-input":{"@type":"PropertyValueSpecification","valueRequired":true,"valueName":"search_term_string"}}],"inLanguage":"pt-BR"},{"@type":"Organization","@id":"https:\/\/www.notibras.com\/site\/#organization","name":"Grupo Notibras de Comunica\u00e7\u00e3o","url":"https:\/\/www.notibras.com\/site\/","logo":{"@type":"ImageObject","inLanguage":"pt-BR","@id":"https:\/\/www.notibras.com\/site\/#\/schema\/logo\/image\/","url":"https:\/\/www.notibras.com\/site\/wp-content\/uploads\/2023\/01\/notibras23.png","contentUrl":"https:\/\/www.notibras.com\/site\/wp-content\/uploads\/2023\/01\/notibras23.png","width":350,"height":87,"caption":"Grupo Notibras de Comunica\u00e7\u00e3o"},"image":{"@id":"https:\/\/www.notibras.com\/site\/#\/schema\/logo\/image\/"},"sameAs":["https:\/\/www.facebook.com\/notibras\/","https:\/\/x.com\/Notibras","https:\/\/www.instagram.com\/notibras\/"]},{"@type":"Person","@id":"https:\/\/www.notibras.com\/site\/#\/schema\/person\/5b7fabf2aedc3ada2105f03b22b4d3dd","name":"Eduardo Mart\u00ednez","image":{"@type":"ImageObject","inLanguage":"pt-BR","@id":"https:\/\/secure.gravatar.com\/avatar\/7902f906289926289cbcda644b5197c796b893c6ffd7b9a536a42d290f7704a0?s=96&d=mm&r=g","url":"https:\/\/secure.gravatar.com\/avatar\/7902f906289926289cbcda644b5197c796b893c6ffd7b9a536a42d290f7704a0?s=96&d=mm&r=g","contentUrl":"https:\/\/secure.gravatar.com\/avatar\/7902f906289926289cbcda644b5197c796b893c6ffd7b9a536a42d290f7704a0?s=96&d=mm&r=g","caption":"Eduardo Mart\u00ednez"}}]}},"_links":{"self":[{"href":"https:\/\/www.notibras.com\/site\/wp-json\/wp\/v2\/posts\/407998","targetHints":{"allow":["GET"]}}],"collection":[{"href":"https:\/\/www.notibras.com\/site\/wp-json\/wp\/v2\/posts"}],"about":[{"href":"https:\/\/www.notibras.com\/site\/wp-json\/wp\/v2\/types\/post"}],"author":[{"embeddable":true,"href":"https:\/\/www.notibras.com\/site\/wp-json\/wp\/v2\/users\/21"}],"replies":[{"embeddable":true,"href":"https:\/\/www.notibras.com\/site\/wp-json\/wp\/v2\/comments?post=407998"}],"version-history":[{"count":1,"href":"https:\/\/www.notibras.com\/site\/wp-json\/wp\/v2\/posts\/407998\/revisions"}],"predecessor-version":[{"id":408000,"href":"https:\/\/www.notibras.com\/site\/wp-json\/wp\/v2\/posts\/407998\/revisions\/408000"}],"wp:featuredmedia":[{"embeddable":true,"href":"https:\/\/www.notibras.com\/site\/wp-json\/wp\/v2\/media\/407999"}],"wp:attachment":[{"href":"https:\/\/www.notibras.com\/site\/wp-json\/wp\/v2\/media?parent=407998"}],"wp:term":[{"taxonomy":"category","embeddable":true,"href":"https:\/\/www.notibras.com\/site\/wp-json\/wp\/v2\/categories?post=407998"},{"taxonomy":"post_tag","embeddable":true,"href":"https:\/\/www.notibras.com\/site\/wp-json\/wp\/v2\/tags?post=407998"},{"taxonomy":"tmauthors","embeddable":true,"href":"https:\/\/www.notibras.com\/site\/wp-json\/wp\/v2\/tmauthors?post=407998"}],"curies":[{"name":"wp","href":"https:\/\/api.w.org\/{rel}","templated":true}]}}