{"id":408001,"date":"2026-09-03T02:00:20","date_gmt":"2026-09-03T05:00:20","guid":{"rendered":"https:\/\/www.notibras.com\/site\/?p=408001"},"modified":"2026-08-22T12:44:58","modified_gmt":"2026-08-22T15:44:58","slug":"somos-vigiadas-por-nossos-pares","status":"publish","type":"post","link":"https:\/\/www.notibras.com\/site\/somos-vigiadas-por-nossos-pares\/","title":{"rendered":"Somos vigiadas por nossos pares&#8230;"},"content":{"rendered":"<p>Existe um conceito antigo, uma de nossas tradi\u00e7\u00f5es milenares, que diz que para sua felicidade ser completa \u00e9 necess\u00e1rio encontrar algu\u00e9m para dividir sua vida. Algumas vezes isso corresponde \u00e0 verdade. Em outras, n\u00e3o. E isso por um motivo muito simples&#8230; cada pessoa vive uma realidade particular, que pode ou n\u00e3o se assemelhar \u00e0 das outras pessoas que gravitam ao seu redor&#8230;<\/p>\n<p>Constituir uma fam\u00edlia nos moldes tradicionais pode ou n\u00e3o fazer parte do sonho de determinada pessoa. Que ir\u00e1 procurar os caminhos que a conduzir\u00e3o at\u00e9 o destino escolhido. E que, algumas vezes, pode simplesmente ignorar a press\u00e3o para seguir determinada estrada. Pois essa n\u00e3o faz parte de seus sonhos, de seu desejo de realiza\u00e7\u00f5es&#8230;<\/p>\n<p>Nossa forma\u00e7\u00e3o, religiosa e social, induz as pessoas a procurarem um par que tenha ideias semelhantes para que possam construir seu futuro juntos. O problema \u00e9 que ter alguns pontos convergentes nem sempre \u00e9 algo que atraia a aten\u00e7\u00e3o dos dois, nem desperte nesses o desejo de seguirem sua caminhada lado a lado&#8230;<\/p>\n<p>Bem, vivemos em uma sociedade heteronormativa. E toda a sua estrutura \u00e9 voltada para essa premissa. Pois para o pensamento tradicional n\u00e3o existe outro tipo de relacionamento que n\u00e3o seja entre um homem e uma mulher. E essa jun\u00e7\u00e3o tem como objetivo prim\u00e1rio a multiplica\u00e7\u00e3o da esp\u00e9cie. Ou seja, \u00e9 inconceb\u00edvel um casal que escolhe n\u00e3o ter filhos, por exemplo. Ou, pior, ainda&#8230; um homem, ou uma mulher, que n\u00e3o sente falta alguma de um relacionamento com representantes do sexo oposto&#8230;<\/p>\n<p>Um homem que n\u00e3o se prende a nenhum tipo de relacionamento n\u00e3o ser\u00e1, a princ\u00edpio, olhado com desconfian\u00e7a por seu grupo social, desde que, embora n\u00e3o tenha uma parceira constante ao seu lado, esteja sempre &#8220;cercado&#8221; de representantes do sexo oposto. E desde que suas a\u00e7\u00f5es n\u00e3o denunciem nenhum tipo de &#8220;desvio de conduta&#8221;&#8230; se ele corresponde \u00e0 figura do homem m\u00e1sculo, predador, dominante, bem&#8230; est\u00e1 tudo certo em sua vida. Afinal, um macho tem que &#8220;curtir a vida&#8221; da forma que achar melhor. Fam\u00edlia tradicional n\u00e3o precisa estar ligada \u00e0 sua figura&#8230;<\/p>\n<p>Quanto \u00e0 mulher, embora nosso conceito de sociedade tenha evolu\u00eddo bastante, sempre que esta coloca sua vida, seu conforto acima daquilo que dizem fazer parte de seu destino&#8230; bem, ela ser\u00e1 olhada com desconfian\u00e7a pela maioria de seu grupo de origem. Porque a maternidade n\u00e3o \u00e9 uma op\u00e7\u00e3o, \u00e9 uma obriga\u00e7\u00e3o&#8230;<\/p>\n<p>Claro, h\u00e1 mulheres que n\u00e3o desejam ter filhos. N\u00e3o se sentem preparadas para assumir esse papel. O que \u00e9 perfeitamente normal. Como eu sempre digo, cada pessoa vive sua realidade pessoal. E essa nem sempre vibra na mesma frequ\u00eancia que a maioria&#8230;<\/p>\n<p>Bem, se ela resolve se vestir de determinada maneira, ir\u00e3o colocar etiquetas sobre esta&#8230; afinal, a Sociedade necessita saber exatamente com quem est\u00e1 conversando, de quem est\u00e1 falando&#8230; se ela gosta de roupas um pouco mais&#8230; provocantes, \u00e9 mulher &#8220;da vida f\u00e1cil&#8221; ( que, de f\u00e1cil, n\u00e3o tem nada), se usa um figurino s\u00f3brio, alguma coisa est\u00e1 errada com ela&#8230; e assim vai. Embora o c\u00f3digo de vestimenta da mulher seja bem flex\u00edvel, ela ser\u00e1, sim, julgada de acordo com aquilo que apresenta para o mundo. E se, al\u00e9m do detalhe da vestimenta, for notado algum tipo de comportamento que fuja do esperado&#8230; eis a\u00ed uma nova etiqueta para ser colada&#8230;<\/p>\n<p>Somos vigiadas o tempo todo. Vivemos no mundo do Grande Irm\u00e3o. E n\u00e3o h\u00e1 necessidade de nos controlarem atrav\u00e9s de c\u00e2meras espalhadas por nosso caminho. A velha Radio Pe\u00e3o, a despeito de toda modernidade atual, ainda \u00e9 a melhor forma de espalhar mentiras, fofocas&#8230; e cuidar da vida alheia&#8230;<\/p>\n<p>Nem todo mundo que deixa de seguir os &#8220;modelos tradicionais&#8221; da sociedade \u00e9, realmente, uma pessoa fora da curva tradicional. H\u00e1 milhares de motivos que fazem uma pessoa deixar de seguir determinado modelo social, e na maioria das vezes nada tem a ver com escolhas sexuais e afins. A pessoa simplesmente se escolheu e deseja viver em paz. Para isso, deve fazer ouvidos de mercador. Porque, se estiver ligada ao que falam sobre ela ao seu redor&#8230;<\/p>\n<p>Viva e deixe viver. Dever\u00edamos seguir esse conselho em toda sua plenitude. Com certeza viver\u00edamos em paz, ser\u00edamos mais felizes. Mas, por um motivo ou por outro, somos impelidas a cuidar da vida alheia. Como se isso fosse fazer diferen\u00e7a em nossa vida. N\u00e3o faz&#8230; mas tudo o que desejamos, de verdade, \u00e9 controlar a vida de nosso semelhante. No dia em que realmente nos preocuparmos mais com nossa vida e deixarmos outras pessoas em paz, ent\u00e3o finalmente estaremos caminhando rumo \u00e0 paz&#8230;<\/p>\n","protected":false},"excerpt":{"rendered":"<p>Existe um conceito antigo, uma de nossas tradi\u00e7\u00f5es milenares, que diz que para sua felicidade ser completa \u00e9 necess\u00e1rio encontrar algu\u00e9m para dividir sua vida. Algumas vezes isso corresponde \u00e0 verdade. Em outras, n\u00e3o. E isso por um motivo muito simples&#8230; cada pessoa vive uma realidade particular, que pode ou n\u00e3o se assemelhar \u00e0 das [&hellip;]<\/p>\n","protected":false},"author":21,"featured_media":408003,"comment_status":"closed","ping_status":"closed","sticky":false,"template":"","format":"standard","meta":{"_acf_changed":false,"footnotes":""},"categories":[155],"tags":[],"tmauthors":[306],"class_list":["post-408001","post","type-post","status-publish","format-standard","has-post-thumbnail","category-leitura-vip"],"acf":[],"yoast_head":"<!-- This site is optimized with the Yoast SEO plugin v28.0 - https:\/\/yoast.com\/product\/yoast-seo-wordpress\/ -->\n<title>Somos vigiadas por nossos pares... - Notibras<\/title>\n<meta name=\"robots\" content=\"index, follow, max-snippet:-1, max-image-preview:large, max-video-preview:-1\" \/>\n<link rel=\"canonical\" href=\"https:\/\/www.notibras.com\/site\/somos-vigiadas-por-nossos-pares\/\" \/>\n<meta property=\"og:locale\" content=\"pt_BR\" \/>\n<meta property=\"og:type\" content=\"article\" \/>\n<meta property=\"og:title\" content=\"Somos vigiadas por nossos pares... - Notibras\" \/>\n<meta property=\"og:description\" content=\"Existe um conceito antigo, uma de nossas tradi\u00e7\u00f5es milenares, que diz que para sua felicidade ser completa \u00e9 necess\u00e1rio encontrar algu\u00e9m para dividir sua vida. Algumas vezes isso corresponde \u00e0 verdade. Em outras, n\u00e3o. E isso por um motivo muito simples&#8230; cada pessoa vive uma realidade particular, que pode ou n\u00e3o se assemelhar \u00e0 das [&hellip;]\" \/>\n<meta property=\"og:url\" content=\"https:\/\/www.notibras.com\/site\/somos-vigiadas-por-nossos-pares\/\" \/>\n<meta property=\"og:site_name\" content=\"Notibras\" \/>\n<meta property=\"article:publisher\" content=\"https:\/\/www.facebook.com\/notibras\/\" \/>\n<meta property=\"article:published_time\" content=\"2026-09-03T05:00:20+00:00\" \/>\n<meta property=\"og:image\" content=\"https:\/\/www.notibras.com\/site\/wp-content\/uploads\/2026\/08\/WhatsApp-Image-2026-08-22-at-12.43.50.jpeg\" \/>\n\t<meta property=\"og:image:width\" content=\"1280\" \/>\n\t<meta property=\"og:image:height\" content=\"720\" \/>\n\t<meta property=\"og:image:type\" content=\"image\/jpeg\" \/>\n<meta name=\"author\" content=\"Eduardo Mart\u00ednez\" \/>\n<meta name=\"twitter:card\" content=\"summary_large_image\" \/>\n<meta name=\"twitter:creator\" content=\"@Notibras\" \/>\n<meta name=\"twitter:site\" content=\"@Notibras\" \/>\n<meta name=\"twitter:label1\" content=\"Escrito por\" \/>\n\t<meta name=\"twitter:data1\" content=\"Eduardo Mart\u00ednez\" \/>\n\t<meta name=\"twitter:label2\" content=\"Est. tempo de leitura\" \/>\n\t<meta name=\"twitter:data2\" content=\"5 minutos\" \/>\n<script type=\"application\/ld+json\" class=\"yoast-schema-graph\">{\"@context\":\"https:\\\/\\\/schema.org\",\"@graph\":[{\"@type\":\"Article\",\"@id\":\"https:\\\/\\\/www.notibras.com\\\/site\\\/somos-vigiadas-por-nossos-pares\\\/#article\",\"isPartOf\":{\"@id\":\"https:\\\/\\\/www.notibras.com\\\/site\\\/somos-vigiadas-por-nossos-pares\\\/\"},\"author\":{\"name\":\"Eduardo Mart\u00ednez\",\"@id\":\"https:\\\/\\\/www.notibras.com\\\/site\\\/#\\\/schema\\\/person\\\/5b7fabf2aedc3ada2105f03b22b4d3dd\"},\"headline\":\"Somos vigiadas por nossos pares&#8230;\",\"datePublished\":\"2026-09-03T05:00:20+00:00\",\"mainEntityOfPage\":{\"@id\":\"https:\\\/\\\/www.notibras.com\\\/site\\\/somos-vigiadas-por-nossos-pares\\\/\"},\"wordCount\":801,\"publisher\":{\"@id\":\"https:\\\/\\\/www.notibras.com\\\/site\\\/#organization\"},\"image\":{\"@id\":\"https:\\\/\\\/www.notibras.com\\\/site\\\/somos-vigiadas-por-nossos-pares\\\/#primaryimage\"},\"thumbnailUrl\":\"https:\\\/\\\/www.notibras.com\\\/site\\\/wp-content\\\/uploads\\\/2026\\\/08\\\/WhatsApp-Image-2026-08-22-at-12.43.50.jpeg\",\"articleSection\":[\"Leitura Vip\"],\"inLanguage\":\"pt-BR\"},{\"@type\":\"WebPage\",\"@id\":\"https:\\\/\\\/www.notibras.com\\\/site\\\/somos-vigiadas-por-nossos-pares\\\/\",\"url\":\"https:\\\/\\\/www.notibras.com\\\/site\\\/somos-vigiadas-por-nossos-pares\\\/\",\"name\":\"Somos vigiadas por nossos pares... - Notibras\",\"isPartOf\":{\"@id\":\"https:\\\/\\\/www.notibras.com\\\/site\\\/#website\"},\"primaryImageOfPage\":{\"@id\":\"https:\\\/\\\/www.notibras.com\\\/site\\\/somos-vigiadas-por-nossos-pares\\\/#primaryimage\"},\"image\":{\"@id\":\"https:\\\/\\\/www.notibras.com\\\/site\\\/somos-vigiadas-por-nossos-pares\\\/#primaryimage\"},\"thumbnailUrl\":\"https:\\\/\\\/www.notibras.com\\\/site\\\/wp-content\\\/uploads\\\/2026\\\/08\\\/WhatsApp-Image-2026-08-22-at-12.43.50.jpeg\",\"datePublished\":\"2026-09-03T05:00:20+00:00\",\"breadcrumb\":{\"@id\":\"https:\\\/\\\/www.notibras.com\\\/site\\\/somos-vigiadas-por-nossos-pares\\\/#breadcrumb\"},\"inLanguage\":\"pt-BR\",\"potentialAction\":[{\"@type\":\"ReadAction\",\"target\":[\"https:\\\/\\\/www.notibras.com\\\/site\\\/somos-vigiadas-por-nossos-pares\\\/\"]}]},{\"@type\":\"ImageObject\",\"inLanguage\":\"pt-BR\",\"@id\":\"https:\\\/\\\/www.notibras.com\\\/site\\\/somos-vigiadas-por-nossos-pares\\\/#primaryimage\",\"url\":\"https:\\\/\\\/www.notibras.com\\\/site\\\/wp-content\\\/uploads\\\/2026\\\/08\\\/WhatsApp-Image-2026-08-22-at-12.43.50.jpeg\",\"contentUrl\":\"https:\\\/\\\/www.notibras.com\\\/site\\\/wp-content\\\/uploads\\\/2026\\\/08\\\/WhatsApp-Image-2026-08-22-at-12.43.50.jpeg\",\"width\":1280,\"height\":720},{\"@type\":\"BreadcrumbList\",\"@id\":\"https:\\\/\\\/www.notibras.com\\\/site\\\/somos-vigiadas-por-nossos-pares\\\/#breadcrumb\",\"itemListElement\":[{\"@type\":\"ListItem\",\"position\":1,\"name\":\"In\u00edcio\",\"item\":\"https:\\\/\\\/www.notibras.com\\\/site\\\/\"},{\"@type\":\"ListItem\",\"position\":2,\"name\":\"Somos vigiadas por nossos pares&#8230;\"}]},{\"@type\":\"WebSite\",\"@id\":\"https:\\\/\\\/www.notibras.com\\\/site\\\/#website\",\"url\":\"https:\\\/\\\/www.notibras.com\\\/site\\\/\",\"name\":\"Notibras\",\"description\":\"Not\u00edcias de Bras\u00edlia, do Brasil e do Mundo\",\"publisher\":{\"@id\":\"https:\\\/\\\/www.notibras.com\\\/site\\\/#organization\"},\"potentialAction\":[{\"@type\":\"SearchAction\",\"target\":{\"@type\":\"EntryPoint\",\"urlTemplate\":\"https:\\\/\\\/www.notibras.com\\\/site\\\/?s={search_term_string}\"},\"query-input\":{\"@type\":\"PropertyValueSpecification\",\"valueRequired\":true,\"valueName\":\"search_term_string\"}}],\"inLanguage\":\"pt-BR\"},{\"@type\":\"Organization\",\"@id\":\"https:\\\/\\\/www.notibras.com\\\/site\\\/#organization\",\"name\":\"Grupo Notibras de Comunica\u00e7\u00e3o\",\"url\":\"https:\\\/\\\/www.notibras.com\\\/site\\\/\",\"logo\":{\"@type\":\"ImageObject\",\"inLanguage\":\"pt-BR\",\"@id\":\"https:\\\/\\\/www.notibras.com\\\/site\\\/#\\\/schema\\\/logo\\\/image\\\/\",\"url\":\"https:\\\/\\\/www.notibras.com\\\/site\\\/wp-content\\\/uploads\\\/2023\\\/01\\\/notibras23.png\",\"contentUrl\":\"https:\\\/\\\/www.notibras.com\\\/site\\\/wp-content\\\/uploads\\\/2023\\\/01\\\/notibras23.png\",\"width\":350,\"height\":87,\"caption\":\"Grupo Notibras de Comunica\u00e7\u00e3o\"},\"image\":{\"@id\":\"https:\\\/\\\/www.notibras.com\\\/site\\\/#\\\/schema\\\/logo\\\/image\\\/\"},\"sameAs\":[\"https:\\\/\\\/www.facebook.com\\\/notibras\\\/\",\"https:\\\/\\\/x.com\\\/Notibras\",\"https:\\\/\\\/www.instagram.com\\\/notibras\\\/\"]},{\"@type\":\"Person\",\"@id\":\"https:\\\/\\\/www.notibras.com\\\/site\\\/#\\\/schema\\\/person\\\/5b7fabf2aedc3ada2105f03b22b4d3dd\",\"name\":\"Eduardo Mart\u00ednez\",\"image\":{\"@type\":\"ImageObject\",\"inLanguage\":\"pt-BR\",\"@id\":\"https:\\\/\\\/secure.gravatar.com\\\/avatar\\\/7902f906289926289cbcda644b5197c796b893c6ffd7b9a536a42d290f7704a0?s=96&d=mm&r=g\",\"url\":\"https:\\\/\\\/secure.gravatar.com\\\/avatar\\\/7902f906289926289cbcda644b5197c796b893c6ffd7b9a536a42d290f7704a0?s=96&d=mm&r=g\",\"contentUrl\":\"https:\\\/\\\/secure.gravatar.com\\\/avatar\\\/7902f906289926289cbcda644b5197c796b893c6ffd7b9a536a42d290f7704a0?s=96&d=mm&r=g\",\"caption\":\"Eduardo Mart\u00ednez\"}}]}<\/script>\n<!-- \/ Yoast SEO plugin. -->","yoast_head_json":{"title":"Somos vigiadas por nossos pares... - Notibras","robots":{"index":"index","follow":"follow","max-snippet":"max-snippet:-1","max-image-preview":"max-image-preview:large","max-video-preview":"max-video-preview:-1"},"canonical":"https:\/\/www.notibras.com\/site\/somos-vigiadas-por-nossos-pares\/","og_locale":"pt_BR","og_type":"article","og_title":"Somos vigiadas por nossos pares... - Notibras","og_description":"Existe um conceito antigo, uma de nossas tradi\u00e7\u00f5es milenares, que diz que para sua felicidade ser completa \u00e9 necess\u00e1rio encontrar algu\u00e9m para dividir sua vida. Algumas vezes isso corresponde \u00e0 verdade. Em outras, n\u00e3o. E isso por um motivo muito simples&#8230; cada pessoa vive uma realidade particular, que pode ou n\u00e3o se assemelhar \u00e0 das [&hellip;]","og_url":"https:\/\/www.notibras.com\/site\/somos-vigiadas-por-nossos-pares\/","og_site_name":"Notibras","article_publisher":"https:\/\/www.facebook.com\/notibras\/","article_published_time":"2026-09-03T05:00:20+00:00","og_image":[{"width":1280,"height":720,"url":"https:\/\/www.notibras.com\/site\/wp-content\/uploads\/2026\/08\/WhatsApp-Image-2026-08-22-at-12.43.50.jpeg","type":"image\/jpeg"}],"author":"Eduardo Mart\u00ednez","twitter_card":"summary_large_image","twitter_creator":"@Notibras","twitter_site":"@Notibras","twitter_misc":{"Escrito por":"Eduardo Mart\u00ednez","Est. tempo de leitura":"5 minutos"},"schema":{"@context":"https:\/\/schema.org","@graph":[{"@type":"Article","@id":"https:\/\/www.notibras.com\/site\/somos-vigiadas-por-nossos-pares\/#article","isPartOf":{"@id":"https:\/\/www.notibras.com\/site\/somos-vigiadas-por-nossos-pares\/"},"author":{"name":"Eduardo Mart\u00ednez","@id":"https:\/\/www.notibras.com\/site\/#\/schema\/person\/5b7fabf2aedc3ada2105f03b22b4d3dd"},"headline":"Somos vigiadas por nossos pares&#8230;","datePublished":"2026-09-03T05:00:20+00:00","mainEntityOfPage":{"@id":"https:\/\/www.notibras.com\/site\/somos-vigiadas-por-nossos-pares\/"},"wordCount":801,"publisher":{"@id":"https:\/\/www.notibras.com\/site\/#organization"},"image":{"@id":"https:\/\/www.notibras.com\/site\/somos-vigiadas-por-nossos-pares\/#primaryimage"},"thumbnailUrl":"https:\/\/www.notibras.com\/site\/wp-content\/uploads\/2026\/08\/WhatsApp-Image-2026-08-22-at-12.43.50.jpeg","articleSection":["Leitura Vip"],"inLanguage":"pt-BR"},{"@type":"WebPage","@id":"https:\/\/www.notibras.com\/site\/somos-vigiadas-por-nossos-pares\/","url":"https:\/\/www.notibras.com\/site\/somos-vigiadas-por-nossos-pares\/","name":"Somos vigiadas por nossos pares... - Notibras","isPartOf":{"@id":"https:\/\/www.notibras.com\/site\/#website"},"primaryImageOfPage":{"@id":"https:\/\/www.notibras.com\/site\/somos-vigiadas-por-nossos-pares\/#primaryimage"},"image":{"@id":"https:\/\/www.notibras.com\/site\/somos-vigiadas-por-nossos-pares\/#primaryimage"},"thumbnailUrl":"https:\/\/www.notibras.com\/site\/wp-content\/uploads\/2026\/08\/WhatsApp-Image-2026-08-22-at-12.43.50.jpeg","datePublished":"2026-09-03T05:00:20+00:00","breadcrumb":{"@id":"https:\/\/www.notibras.com\/site\/somos-vigiadas-por-nossos-pares\/#breadcrumb"},"inLanguage":"pt-BR","potentialAction":[{"@type":"ReadAction","target":["https:\/\/www.notibras.com\/site\/somos-vigiadas-por-nossos-pares\/"]}]},{"@type":"ImageObject","inLanguage":"pt-BR","@id":"https:\/\/www.notibras.com\/site\/somos-vigiadas-por-nossos-pares\/#primaryimage","url":"https:\/\/www.notibras.com\/site\/wp-content\/uploads\/2026\/08\/WhatsApp-Image-2026-08-22-at-12.43.50.jpeg","contentUrl":"https:\/\/www.notibras.com\/site\/wp-content\/uploads\/2026\/08\/WhatsApp-Image-2026-08-22-at-12.43.50.jpeg","width":1280,"height":720},{"@type":"BreadcrumbList","@id":"https:\/\/www.notibras.com\/site\/somos-vigiadas-por-nossos-pares\/#breadcrumb","itemListElement":[{"@type":"ListItem","position":1,"name":"In\u00edcio","item":"https:\/\/www.notibras.com\/site\/"},{"@type":"ListItem","position":2,"name":"Somos vigiadas por nossos pares&#8230;"}]},{"@type":"WebSite","@id":"https:\/\/www.notibras.com\/site\/#website","url":"https:\/\/www.notibras.com\/site\/","name":"Notibras","description":"Not\u00edcias de Bras\u00edlia, do Brasil e do Mundo","publisher":{"@id":"https:\/\/www.notibras.com\/site\/#organization"},"potentialAction":[{"@type":"SearchAction","target":{"@type":"EntryPoint","urlTemplate":"https:\/\/www.notibras.com\/site\/?s={search_term_string}"},"query-input":{"@type":"PropertyValueSpecification","valueRequired":true,"valueName":"search_term_string"}}],"inLanguage":"pt-BR"},{"@type":"Organization","@id":"https:\/\/www.notibras.com\/site\/#organization","name":"Grupo Notibras de Comunica\u00e7\u00e3o","url":"https:\/\/www.notibras.com\/site\/","logo":{"@type":"ImageObject","inLanguage":"pt-BR","@id":"https:\/\/www.notibras.com\/site\/#\/schema\/logo\/image\/","url":"https:\/\/www.notibras.com\/site\/wp-content\/uploads\/2023\/01\/notibras23.png","contentUrl":"https:\/\/www.notibras.com\/site\/wp-content\/uploads\/2023\/01\/notibras23.png","width":350,"height":87,"caption":"Grupo Notibras de Comunica\u00e7\u00e3o"},"image":{"@id":"https:\/\/www.notibras.com\/site\/#\/schema\/logo\/image\/"},"sameAs":["https:\/\/www.facebook.com\/notibras\/","https:\/\/x.com\/Notibras","https:\/\/www.instagram.com\/notibras\/"]},{"@type":"Person","@id":"https:\/\/www.notibras.com\/site\/#\/schema\/person\/5b7fabf2aedc3ada2105f03b22b4d3dd","name":"Eduardo Mart\u00ednez","image":{"@type":"ImageObject","inLanguage":"pt-BR","@id":"https:\/\/secure.gravatar.com\/avatar\/7902f906289926289cbcda644b5197c796b893c6ffd7b9a536a42d290f7704a0?s=96&d=mm&r=g","url":"https:\/\/secure.gravatar.com\/avatar\/7902f906289926289cbcda644b5197c796b893c6ffd7b9a536a42d290f7704a0?s=96&d=mm&r=g","contentUrl":"https:\/\/secure.gravatar.com\/avatar\/7902f906289926289cbcda644b5197c796b893c6ffd7b9a536a42d290f7704a0?s=96&d=mm&r=g","caption":"Eduardo Mart\u00ednez"}}]}},"_links":{"self":[{"href":"https:\/\/www.notibras.com\/site\/wp-json\/wp\/v2\/posts\/408001","targetHints":{"allow":["GET"]}}],"collection":[{"href":"https:\/\/www.notibras.com\/site\/wp-json\/wp\/v2\/posts"}],"about":[{"href":"https:\/\/www.notibras.com\/site\/wp-json\/wp\/v2\/types\/post"}],"author":[{"embeddable":true,"href":"https:\/\/www.notibras.com\/site\/wp-json\/wp\/v2\/users\/21"}],"replies":[{"embeddable":true,"href":"https:\/\/www.notibras.com\/site\/wp-json\/wp\/v2\/comments?post=408001"}],"version-history":[{"count":2,"href":"https:\/\/www.notibras.com\/site\/wp-json\/wp\/v2\/posts\/408001\/revisions"}],"predecessor-version":[{"id":408005,"href":"https:\/\/www.notibras.com\/site\/wp-json\/wp\/v2\/posts\/408001\/revisions\/408005"}],"wp:featuredmedia":[{"embeddable":true,"href":"https:\/\/www.notibras.com\/site\/wp-json\/wp\/v2\/media\/408003"}],"wp:attachment":[{"href":"https:\/\/www.notibras.com\/site\/wp-json\/wp\/v2\/media?parent=408001"}],"wp:term":[{"taxonomy":"category","embeddable":true,"href":"https:\/\/www.notibras.com\/site\/wp-json\/wp\/v2\/categories?post=408001"},{"taxonomy":"post_tag","embeddable":true,"href":"https:\/\/www.notibras.com\/site\/wp-json\/wp\/v2\/tags?post=408001"},{"taxonomy":"tmauthors","embeddable":true,"href":"https:\/\/www.notibras.com\/site\/wp-json\/wp\/v2\/tmauthors?post=408001"}],"curies":[{"name":"wp","href":"https:\/\/api.w.org\/{rel}","templated":true}]}}