{"id":408375,"date":"2026-08-31T01:00:01","date_gmt":"2026-08-31T04:00:01","guid":{"rendered":"https:\/\/www.notibras.com\/site\/?p=408375"},"modified":"2026-08-27T21:48:15","modified_gmt":"2026-08-28T00:48:15","slug":"uma-cena-insolita","status":"publish","type":"post","link":"https:\/\/www.notibras.com\/site\/uma-cena-insolita\/","title":{"rendered":"Uma cena ins\u00f3lita"},"content":{"rendered":"<p>Certo dia, in\u00edcio da d\u00e9cada de 1990, dirigia meu carro pelo bairro da Capital paulista onde morava quando, passando por uma rua esquecida pelo poder p\u00fablico, observei as pessoas em situa\u00e7\u00e3o de rua que se misturavam ao lixo acumulado, despejado por moradores e empresas da regi\u00e3o.<\/p>\n<p>Restos de madeira e outros materiais queimados para aquecer os prec\u00e1rios personagens daquela trag\u00e9dia urbana, era inverno, vasilhas de isopor espalhadas com res\u00edduos de comida doada por alguma alma caridosa ou uma ONG beneficente, farrapos e m\u00f3veis velhos amontoados, cachorros e gatos vira-latas adotados coletivamente pela pequena comunidade de n\u00e3o mais de uns quinze integrantes, alguns deles consumindo em cachimbos artesanais uma droga rec\u00e9m-chegada ao Brasil e rapidamente disseminada entre popula\u00e7\u00f5es vulner\u00e1veis em raz\u00e3o de seu baixo custo: o crack.<\/p>\n<p>Costumava usar aquela passagem, embora n\u00e3o fosse obrigat\u00f3ria, com certa frequ\u00eancia, para evitar o congestionamento da avenida principal quando ia fazer compras em um supermercado nas proximidades. O que me chamou a aten\u00e7\u00e3o, no entanto, n\u00e3o foi a condi\u00e7\u00e3o miser\u00e1vel ou o consumo do entorpecente altamente nocivo por homens e mulheres, alguns muito jovens, pois a condi\u00e7\u00e3o subumana daquelas pessoas j\u00e1 estava totalmente banalizada.<\/p>\n<p>Na verdade, o que despertou meu interesse foi algo bastante incomum; pr\u00f3ximo a um muro, um senhor aparentando uns sessenta anos, mas certamente mais novo, pois parte de seu envelhecimento provavelmente se desse como consequ\u00eancia da aspereza da vida, com tesoura e pente nas m\u00e3os, cortava com habilidade os cabelos de um outro homem bem mais jovem sentado em uma cadeira velha descartada por algu\u00e9m naquele monturo.<\/p>\n<p>Imediatamente parei meu ve\u00edculo e saltei para observar mais de perto e registrar o momento com minha Canon rec\u00e9m adquirida para melhor praticar meu hobby, o de fotografar paisagens urbanas e cenas raras pela cidade, revel\u00e1-las eu mesmo em meu laborat\u00f3rio improvisado no banheiro de empregada de meu apartamento, e colecion\u00e1-las; e, ao captar a imagem com o zoom do meu equipamento, notei familiaridade nas fei\u00e7\u00f5es do cabelereiro e surpreso pensei:<\/p>\n<p>\u2014 Conhe\u00e7o esse sujeito!<\/p>\n<p>N\u00e3o demorou muito para me vir \u00e0 cabe\u00e7a de quem se tratava. E, ao constatar, meu espanto foi ainda maior:<\/p>\n<p>\u2014 Meu velho amigo!<\/p>\n<p>Sim, era ele. Fiquei observando at\u00f4nito enquanto o cabelereiro conclu\u00eda o trabalho. Ao terminar, o rapaz lhe entregou algumas moedas em pagamento. Me aproximei e o chamei pelo apelido como era conhecido pelo pessoal nos velhos tempos:<\/p>\n<p>\u2014 Liverpool?<\/p>\n<p>Ele, bem confuso, olhou sem me reconhecer e respondeu:<\/p>\n<p>\u2014 Sim! Mas quem \u00e9 voc\u00ea? H\u00e1 muito n\u00e3o me chamavam assim!<\/p>\n<p>\u2014 O Roger, \u2014 como o grupo tamb\u00e9m me apelidou, pela semelhan\u00e7a de meus cabelos cacheados e louros, antes de os ter cortado, \u2014 exig\u00eancia do banco, ao me empregar \u2014, com os de Roger Daltrey, frontman da banda The Who. \u2014 N\u00e3o se lembra? Fui seu cliente no sal\u00e3o \u201cCorte Chique\u201d h\u00e1 uns vinte anos atr\u00e1s.<\/p>\n<p>Michel, seu nome verdadeiro, parecia se esfor\u00e7ar para lembrar, mas talvez por seu estado bastante debilitado, inclusive aparentando estar embriagado, n\u00e3o conseguia. \u00c9 possivel at\u00e9, imaginei, com dificuldade de se recordar nitidamente de seu pr\u00f3prio passado.<\/p>\n<p>De todo modo, n\u00e3o desisti de conversar com ele, tentando ajud\u00e1-lo a rememorar. Perguntei se havia algo que pudesse fazer por ele e lhe ofereci uns trocados. Aceitou o dinheiro, mas afirmou n\u00e3o precisar de mais nada, agradeceu e me confessou com uma sinceridade quase infantil:<\/p>\n<p>\u2014 Fome e muito frio, a gente n\u00e3o passa aqui. Tem muita gente boa trazendo comida e agasalho. Se chove, a gente se abriga sob aquela marquise. E assim, segue a vida. Mas esse dinheirinho vai me garantir a cacha\u00e7a e umas \u201cpedras\u201d pelo resto da semana.<\/p>\n<p>Continuamos conversando e aos poucos foi se sentindo mais \u00e0 vontade e com o racioc\u00ednio mais claro, n\u00e3o sei se me reconheceu, mas se recordava de quando trabalhou no sal\u00e3o e de me atender \u00e0quela \u00e9poca. Me falou que \u201cmorava\u201d no local h\u00e1 alguns meses, sem se lembrar direito quantos. Mas antes j\u00e1 havia perambulado bastante pela cidade.<\/p>\n<p>\u2014 O pessoal aqui \u00e9 bem legal! Todo mundo se ajuda! Diferente de outros lugares onde j\u00e1 estive, alguns at\u00e9 convivendo com gente da pesada.<\/p>\n<p>Ele cortava cabelos e barbas, a troco de pouco dinheiro, para ajudar a manter a autoestima dos amigos, mas tamb\u00e9m para defender algum e conseguir sustentar seus v\u00edcios, sua \u00fanica despesa e, ao mesmo tempo, sua \u00fanica alegria.<\/p>\n<p>\u2014 Sabe como \u00e9, a gente pede esmola nas esquinas, mas algumas vezes n\u00e3o consegue o suficiente, nessas horas \u00e9 preciso ter algum guardado para n\u00e3o passar aperto.<\/p>\n<p><strong>&#8230;&#8230;&#8230;&#8230;&#8230;&#8230;&#8230;&#8230;&#8230;&#8230;<\/strong><\/p>\n<p><strong>Leia a segunda parte do conto <em>\u01eaue fim levou meu amigo Liverpool?<\/em> nesta ter\u00e7a (01\/09).<\/strong><\/p>\n","protected":false},"excerpt":{"rendered":"<p>Certo dia, in\u00edcio da d\u00e9cada de 1990, dirigia meu carro pelo bairro da Capital paulista onde morava quando, passando por uma rua esquecida pelo poder p\u00fablico, observei as pessoas em situa\u00e7\u00e3o de rua que se misturavam ao lixo acumulado, despejado por moradores e empresas da regi\u00e3o. Restos de madeira e outros materiais queimados para aquecer [&hellip;]<\/p>\n","protected":false},"author":21,"featured_media":408376,"comment_status":"closed","ping_status":"closed","sticky":false,"template":"","format":"standard","meta":{"_acf_changed":false,"footnotes":""},"categories":[234],"tags":[],"tmauthors":[306],"class_list":["post-408375","post","type-post","status-publish","format-standard","has-post-thumbnail","category-cafe-literario"],"acf":[],"yoast_head":"<!-- This site is optimized with the Yoast SEO plugin v28.0 - https:\/\/yoast.com\/product\/yoast-seo-wordpress\/ -->\n<title>Uma cena ins\u00f3lita - Notibras<\/title>\n<meta name=\"robots\" content=\"index, follow, max-snippet:-1, max-image-preview:large, max-video-preview:-1\" \/>\n<link rel=\"canonical\" href=\"https:\/\/www.notibras.com\/site\/uma-cena-insolita\/\" \/>\n<meta property=\"og:locale\" content=\"pt_BR\" \/>\n<meta property=\"og:type\" content=\"article\" \/>\n<meta property=\"og:title\" content=\"Uma cena ins\u00f3lita - Notibras\" \/>\n<meta property=\"og:description\" content=\"Certo dia, in\u00edcio da d\u00e9cada de 1990, dirigia meu carro pelo bairro da Capital paulista onde morava quando, passando por uma rua esquecida pelo poder p\u00fablico, observei as pessoas em situa\u00e7\u00e3o de rua que se misturavam ao lixo acumulado, despejado por moradores e empresas da regi\u00e3o. Restos de madeira e outros materiais queimados para aquecer [&hellip;]\" \/>\n<meta property=\"og:url\" content=\"https:\/\/www.notibras.com\/site\/uma-cena-insolita\/\" \/>\n<meta property=\"og:site_name\" content=\"Notibras\" \/>\n<meta property=\"article:publisher\" content=\"https:\/\/www.facebook.com\/notibras\/\" \/>\n<meta property=\"article:published_time\" content=\"2026-08-31T04:00:01+00:00\" \/>\n<meta property=\"og:image\" content=\"https:\/\/www.notibras.com\/site\/wp-content\/uploads\/2026\/08\/WhatsApp-Image-2026-08-27-at-21.43.44.jpeg\" \/>\n\t<meta property=\"og:image:width\" content=\"1280\" \/>\n\t<meta property=\"og:image:height\" content=\"720\" \/>\n\t<meta property=\"og:image:type\" content=\"image\/jpeg\" \/>\n<meta name=\"author\" content=\"Eduardo Mart\u00ednez\" \/>\n<meta name=\"twitter:card\" content=\"summary_large_image\" \/>\n<meta name=\"twitter:creator\" content=\"@Notibras\" \/>\n<meta name=\"twitter:site\" content=\"@Notibras\" \/>\n<meta name=\"twitter:label1\" content=\"Escrito por\" \/>\n\t<meta name=\"twitter:data1\" content=\"Eduardo Mart\u00ednez\" \/>\n\t<meta name=\"twitter:label2\" content=\"Est. tempo de leitura\" \/>\n\t<meta name=\"twitter:data2\" content=\"5 minutos\" \/>\n<script type=\"application\/ld+json\" class=\"yoast-schema-graph\">{\"@context\":\"https:\\\/\\\/schema.org\",\"@graph\":[{\"@type\":\"Article\",\"@id\":\"https:\\\/\\\/www.notibras.com\\\/site\\\/uma-cena-insolita\\\/#article\",\"isPartOf\":{\"@id\":\"https:\\\/\\\/www.notibras.com\\\/site\\\/uma-cena-insolita\\\/\"},\"author\":{\"name\":\"Eduardo Mart\u00ednez\",\"@id\":\"https:\\\/\\\/www.notibras.com\\\/site\\\/#\\\/schema\\\/person\\\/5b7fabf2aedc3ada2105f03b22b4d3dd\"},\"headline\":\"Uma cena ins\u00f3lita\",\"datePublished\":\"2026-08-31T04:00:01+00:00\",\"mainEntityOfPage\":{\"@id\":\"https:\\\/\\\/www.notibras.com\\\/site\\\/uma-cena-insolita\\\/\"},\"wordCount\":809,\"publisher\":{\"@id\":\"https:\\\/\\\/www.notibras.com\\\/site\\\/#organization\"},\"image\":{\"@id\":\"https:\\\/\\\/www.notibras.com\\\/site\\\/uma-cena-insolita\\\/#primaryimage\"},\"thumbnailUrl\":\"https:\\\/\\\/www.notibras.com\\\/site\\\/wp-content\\\/uploads\\\/2026\\\/08\\\/WhatsApp-Image-2026-08-27-at-21.43.44.jpeg\",\"articleSection\":[\"Caf\u00e9 Liter\u00e1rio\"],\"inLanguage\":\"pt-BR\"},{\"@type\":\"WebPage\",\"@id\":\"https:\\\/\\\/www.notibras.com\\\/site\\\/uma-cena-insolita\\\/\",\"url\":\"https:\\\/\\\/www.notibras.com\\\/site\\\/uma-cena-insolita\\\/\",\"name\":\"Uma cena ins\u00f3lita - Notibras\",\"isPartOf\":{\"@id\":\"https:\\\/\\\/www.notibras.com\\\/site\\\/#website\"},\"primaryImageOfPage\":{\"@id\":\"https:\\\/\\\/www.notibras.com\\\/site\\\/uma-cena-insolita\\\/#primaryimage\"},\"image\":{\"@id\":\"https:\\\/\\\/www.notibras.com\\\/site\\\/uma-cena-insolita\\\/#primaryimage\"},\"thumbnailUrl\":\"https:\\\/\\\/www.notibras.com\\\/site\\\/wp-content\\\/uploads\\\/2026\\\/08\\\/WhatsApp-Image-2026-08-27-at-21.43.44.jpeg\",\"datePublished\":\"2026-08-31T04:00:01+00:00\",\"breadcrumb\":{\"@id\":\"https:\\\/\\\/www.notibras.com\\\/site\\\/uma-cena-insolita\\\/#breadcrumb\"},\"inLanguage\":\"pt-BR\",\"potentialAction\":[{\"@type\":\"ReadAction\",\"target\":[\"https:\\\/\\\/www.notibras.com\\\/site\\\/uma-cena-insolita\\\/\"]}]},{\"@type\":\"ImageObject\",\"inLanguage\":\"pt-BR\",\"@id\":\"https:\\\/\\\/www.notibras.com\\\/site\\\/uma-cena-insolita\\\/#primaryimage\",\"url\":\"https:\\\/\\\/www.notibras.com\\\/site\\\/wp-content\\\/uploads\\\/2026\\\/08\\\/WhatsApp-Image-2026-08-27-at-21.43.44.jpeg\",\"contentUrl\":\"https:\\\/\\\/www.notibras.com\\\/site\\\/wp-content\\\/uploads\\\/2026\\\/08\\\/WhatsApp-Image-2026-08-27-at-21.43.44.jpeg\",\"width\":1280,\"height\":720},{\"@type\":\"BreadcrumbList\",\"@id\":\"https:\\\/\\\/www.notibras.com\\\/site\\\/uma-cena-insolita\\\/#breadcrumb\",\"itemListElement\":[{\"@type\":\"ListItem\",\"position\":1,\"name\":\"In\u00edcio\",\"item\":\"https:\\\/\\\/www.notibras.com\\\/site\\\/\"},{\"@type\":\"ListItem\",\"position\":2,\"name\":\"Uma cena ins\u00f3lita\"}]},{\"@type\":\"WebSite\",\"@id\":\"https:\\\/\\\/www.notibras.com\\\/site\\\/#website\",\"url\":\"https:\\\/\\\/www.notibras.com\\\/site\\\/\",\"name\":\"Notibras\",\"description\":\"Not\u00edcias de Bras\u00edlia, do Brasil e do Mundo\",\"publisher\":{\"@id\":\"https:\\\/\\\/www.notibras.com\\\/site\\\/#organization\"},\"potentialAction\":[{\"@type\":\"SearchAction\",\"target\":{\"@type\":\"EntryPoint\",\"urlTemplate\":\"https:\\\/\\\/www.notibras.com\\\/site\\\/?s={search_term_string}\"},\"query-input\":{\"@type\":\"PropertyValueSpecification\",\"valueRequired\":true,\"valueName\":\"search_term_string\"}}],\"inLanguage\":\"pt-BR\"},{\"@type\":\"Organization\",\"@id\":\"https:\\\/\\\/www.notibras.com\\\/site\\\/#organization\",\"name\":\"Grupo Notibras de Comunica\u00e7\u00e3o\",\"url\":\"https:\\\/\\\/www.notibras.com\\\/site\\\/\",\"logo\":{\"@type\":\"ImageObject\",\"inLanguage\":\"pt-BR\",\"@id\":\"https:\\\/\\\/www.notibras.com\\\/site\\\/#\\\/schema\\\/logo\\\/image\\\/\",\"url\":\"https:\\\/\\\/www.notibras.com\\\/site\\\/wp-content\\\/uploads\\\/2023\\\/01\\\/notibras23.png\",\"contentUrl\":\"https:\\\/\\\/www.notibras.com\\\/site\\\/wp-content\\\/uploads\\\/2023\\\/01\\\/notibras23.png\",\"width\":350,\"height\":87,\"caption\":\"Grupo Notibras de Comunica\u00e7\u00e3o\"},\"image\":{\"@id\":\"https:\\\/\\\/www.notibras.com\\\/site\\\/#\\\/schema\\\/logo\\\/image\\\/\"},\"sameAs\":[\"https:\\\/\\\/www.facebook.com\\\/notibras\\\/\",\"https:\\\/\\\/x.com\\\/Notibras\",\"https:\\\/\\\/www.instagram.com\\\/notibras\\\/\"]},{\"@type\":\"Person\",\"@id\":\"https:\\\/\\\/www.notibras.com\\\/site\\\/#\\\/schema\\\/person\\\/5b7fabf2aedc3ada2105f03b22b4d3dd\",\"name\":\"Eduardo Mart\u00ednez\",\"image\":{\"@type\":\"ImageObject\",\"inLanguage\":\"pt-BR\",\"@id\":\"https:\\\/\\\/secure.gravatar.com\\\/avatar\\\/7902f906289926289cbcda644b5197c796b893c6ffd7b9a536a42d290f7704a0?s=96&d=mm&r=g\",\"url\":\"https:\\\/\\\/secure.gravatar.com\\\/avatar\\\/7902f906289926289cbcda644b5197c796b893c6ffd7b9a536a42d290f7704a0?s=96&d=mm&r=g\",\"contentUrl\":\"https:\\\/\\\/secure.gravatar.com\\\/avatar\\\/7902f906289926289cbcda644b5197c796b893c6ffd7b9a536a42d290f7704a0?s=96&d=mm&r=g\",\"caption\":\"Eduardo Mart\u00ednez\"}}]}<\/script>\n<!-- \/ Yoast SEO plugin. -->","yoast_head_json":{"title":"Uma cena ins\u00f3lita - Notibras","robots":{"index":"index","follow":"follow","max-snippet":"max-snippet:-1","max-image-preview":"max-image-preview:large","max-video-preview":"max-video-preview:-1"},"canonical":"https:\/\/www.notibras.com\/site\/uma-cena-insolita\/","og_locale":"pt_BR","og_type":"article","og_title":"Uma cena ins\u00f3lita - Notibras","og_description":"Certo dia, in\u00edcio da d\u00e9cada de 1990, dirigia meu carro pelo bairro da Capital paulista onde morava quando, passando por uma rua esquecida pelo poder p\u00fablico, observei as pessoas em situa\u00e7\u00e3o de rua que se misturavam ao lixo acumulado, despejado por moradores e empresas da regi\u00e3o. Restos de madeira e outros materiais queimados para aquecer [&hellip;]","og_url":"https:\/\/www.notibras.com\/site\/uma-cena-insolita\/","og_site_name":"Notibras","article_publisher":"https:\/\/www.facebook.com\/notibras\/","article_published_time":"2026-08-31T04:00:01+00:00","og_image":[{"width":1280,"height":720,"url":"https:\/\/www.notibras.com\/site\/wp-content\/uploads\/2026\/08\/WhatsApp-Image-2026-08-27-at-21.43.44.jpeg","type":"image\/jpeg"}],"author":"Eduardo Mart\u00ednez","twitter_card":"summary_large_image","twitter_creator":"@Notibras","twitter_site":"@Notibras","twitter_misc":{"Escrito por":"Eduardo Mart\u00ednez","Est. tempo de leitura":"5 minutos"},"schema":{"@context":"https:\/\/schema.org","@graph":[{"@type":"Article","@id":"https:\/\/www.notibras.com\/site\/uma-cena-insolita\/#article","isPartOf":{"@id":"https:\/\/www.notibras.com\/site\/uma-cena-insolita\/"},"author":{"name":"Eduardo Mart\u00ednez","@id":"https:\/\/www.notibras.com\/site\/#\/schema\/person\/5b7fabf2aedc3ada2105f03b22b4d3dd"},"headline":"Uma cena ins\u00f3lita","datePublished":"2026-08-31T04:00:01+00:00","mainEntityOfPage":{"@id":"https:\/\/www.notibras.com\/site\/uma-cena-insolita\/"},"wordCount":809,"publisher":{"@id":"https:\/\/www.notibras.com\/site\/#organization"},"image":{"@id":"https:\/\/www.notibras.com\/site\/uma-cena-insolita\/#primaryimage"},"thumbnailUrl":"https:\/\/www.notibras.com\/site\/wp-content\/uploads\/2026\/08\/WhatsApp-Image-2026-08-27-at-21.43.44.jpeg","articleSection":["Caf\u00e9 Liter\u00e1rio"],"inLanguage":"pt-BR"},{"@type":"WebPage","@id":"https:\/\/www.notibras.com\/site\/uma-cena-insolita\/","url":"https:\/\/www.notibras.com\/site\/uma-cena-insolita\/","name":"Uma cena ins\u00f3lita - Notibras","isPartOf":{"@id":"https:\/\/www.notibras.com\/site\/#website"},"primaryImageOfPage":{"@id":"https:\/\/www.notibras.com\/site\/uma-cena-insolita\/#primaryimage"},"image":{"@id":"https:\/\/www.notibras.com\/site\/uma-cena-insolita\/#primaryimage"},"thumbnailUrl":"https:\/\/www.notibras.com\/site\/wp-content\/uploads\/2026\/08\/WhatsApp-Image-2026-08-27-at-21.43.44.jpeg","datePublished":"2026-08-31T04:00:01+00:00","breadcrumb":{"@id":"https:\/\/www.notibras.com\/site\/uma-cena-insolita\/#breadcrumb"},"inLanguage":"pt-BR","potentialAction":[{"@type":"ReadAction","target":["https:\/\/www.notibras.com\/site\/uma-cena-insolita\/"]}]},{"@type":"ImageObject","inLanguage":"pt-BR","@id":"https:\/\/www.notibras.com\/site\/uma-cena-insolita\/#primaryimage","url":"https:\/\/www.notibras.com\/site\/wp-content\/uploads\/2026\/08\/WhatsApp-Image-2026-08-27-at-21.43.44.jpeg","contentUrl":"https:\/\/www.notibras.com\/site\/wp-content\/uploads\/2026\/08\/WhatsApp-Image-2026-08-27-at-21.43.44.jpeg","width":1280,"height":720},{"@type":"BreadcrumbList","@id":"https:\/\/www.notibras.com\/site\/uma-cena-insolita\/#breadcrumb","itemListElement":[{"@type":"ListItem","position":1,"name":"In\u00edcio","item":"https:\/\/www.notibras.com\/site\/"},{"@type":"ListItem","position":2,"name":"Uma cena ins\u00f3lita"}]},{"@type":"WebSite","@id":"https:\/\/www.notibras.com\/site\/#website","url":"https:\/\/www.notibras.com\/site\/","name":"Notibras","description":"Not\u00edcias de Bras\u00edlia, do Brasil e do Mundo","publisher":{"@id":"https:\/\/www.notibras.com\/site\/#organization"},"potentialAction":[{"@type":"SearchAction","target":{"@type":"EntryPoint","urlTemplate":"https:\/\/www.notibras.com\/site\/?s={search_term_string}"},"query-input":{"@type":"PropertyValueSpecification","valueRequired":true,"valueName":"search_term_string"}}],"inLanguage":"pt-BR"},{"@type":"Organization","@id":"https:\/\/www.notibras.com\/site\/#organization","name":"Grupo Notibras de Comunica\u00e7\u00e3o","url":"https:\/\/www.notibras.com\/site\/","logo":{"@type":"ImageObject","inLanguage":"pt-BR","@id":"https:\/\/www.notibras.com\/site\/#\/schema\/logo\/image\/","url":"https:\/\/www.notibras.com\/site\/wp-content\/uploads\/2023\/01\/notibras23.png","contentUrl":"https:\/\/www.notibras.com\/site\/wp-content\/uploads\/2023\/01\/notibras23.png","width":350,"height":87,"caption":"Grupo Notibras de Comunica\u00e7\u00e3o"},"image":{"@id":"https:\/\/www.notibras.com\/site\/#\/schema\/logo\/image\/"},"sameAs":["https:\/\/www.facebook.com\/notibras\/","https:\/\/x.com\/Notibras","https:\/\/www.instagram.com\/notibras\/"]},{"@type":"Person","@id":"https:\/\/www.notibras.com\/site\/#\/schema\/person\/5b7fabf2aedc3ada2105f03b22b4d3dd","name":"Eduardo Mart\u00ednez","image":{"@type":"ImageObject","inLanguage":"pt-BR","@id":"https:\/\/secure.gravatar.com\/avatar\/7902f906289926289cbcda644b5197c796b893c6ffd7b9a536a42d290f7704a0?s=96&d=mm&r=g","url":"https:\/\/secure.gravatar.com\/avatar\/7902f906289926289cbcda644b5197c796b893c6ffd7b9a536a42d290f7704a0?s=96&d=mm&r=g","contentUrl":"https:\/\/secure.gravatar.com\/avatar\/7902f906289926289cbcda644b5197c796b893c6ffd7b9a536a42d290f7704a0?s=96&d=mm&r=g","caption":"Eduardo Mart\u00ednez"}}]}},"_links":{"self":[{"href":"https:\/\/www.notibras.com\/site\/wp-json\/wp\/v2\/posts\/408375","targetHints":{"allow":["GET"]}}],"collection":[{"href":"https:\/\/www.notibras.com\/site\/wp-json\/wp\/v2\/posts"}],"about":[{"href":"https:\/\/www.notibras.com\/site\/wp-json\/wp\/v2\/types\/post"}],"author":[{"embeddable":true,"href":"https:\/\/www.notibras.com\/site\/wp-json\/wp\/v2\/users\/21"}],"replies":[{"embeddable":true,"href":"https:\/\/www.notibras.com\/site\/wp-json\/wp\/v2\/comments?post=408375"}],"version-history":[{"count":2,"href":"https:\/\/www.notibras.com\/site\/wp-json\/wp\/v2\/posts\/408375\/revisions"}],"predecessor-version":[{"id":408378,"href":"https:\/\/www.notibras.com\/site\/wp-json\/wp\/v2\/posts\/408375\/revisions\/408378"}],"wp:featuredmedia":[{"embeddable":true,"href":"https:\/\/www.notibras.com\/site\/wp-json\/wp\/v2\/media\/408376"}],"wp:attachment":[{"href":"https:\/\/www.notibras.com\/site\/wp-json\/wp\/v2\/media?parent=408375"}],"wp:term":[{"taxonomy":"category","embeddable":true,"href":"https:\/\/www.notibras.com\/site\/wp-json\/wp\/v2\/categories?post=408375"},{"taxonomy":"post_tag","embeddable":true,"href":"https:\/\/www.notibras.com\/site\/wp-json\/wp\/v2\/tags?post=408375"},{"taxonomy":"tmauthors","embeddable":true,"href":"https:\/\/www.notibras.com\/site\/wp-json\/wp\/v2\/tmauthors?post=408375"}],"curies":[{"name":"wp","href":"https:\/\/api.w.org\/{rel}","templated":true}]}}