{"id":408382,"date":"2026-09-02T01:00:57","date_gmt":"2026-09-02T04:00:57","guid":{"rendered":"https:\/\/www.notibras.com\/site\/?p=408382"},"modified":"2026-08-27T22:00:41","modified_gmt":"2026-08-28T01:00:41","slug":"da-terra-natal-para-a-do-tio-sam","status":"publish","type":"post","link":"https:\/\/www.notibras.com\/site\/da-terra-natal-para-a-do-tio-sam\/","title":{"rendered":"Da terra natal para a do Tio Sam"},"content":{"rendered":"<p>Conhecia uma banca na feira de artesanato da Pra\u00e7a da Rep\u00fablica, realizada todos os domingos desde meados dos anos 1950. Na verdade, o dono da banca era tamb\u00e9m propriet\u00e1rio de uma famosa loja de discos raros, nacionais e importados, e aos domingos expunha na feira algumas de suas raridades, mais como forma de marketing do que para obten\u00e7\u00e3o direta de lucro, pois grande parte do p\u00fablico de l\u00e1 era um pessoal jovem e alternativo. Liverpool se tornou seu amigo, era um cara muito honesto, e boa parte dos \u00e1lbuns de sua cole\u00e7\u00e3o obteve com ele.<\/p>\n<p>O dinheiro da venda correspondeu a mais ou menos uns 75% a 80% da avalia\u00e7\u00e3o do acervo em excelente estado de conserva\u00e7\u00e3o, mas era uma import\u00e2ncia bem significativa. Dava para comprar uma passagem de avi\u00e3o para um lugar distante e seguro, se manter por um bom tempo e ainda guardar boa parte, mas sua inten\u00e7\u00e3o era come\u00e7ar uma vida nova e arrumar, o quanto antes, um novo trabalho.<\/p>\n<p>Transa\u00e7\u00e3o fechada e recebido o dinheiro. Abandonou o emprego e a casa onde morava, sem deixar qualquer rastro. Todos sentimos sua falta, mas ningu\u00e9m conhecia seu paradeiro. Aos poucos, fomos deixando de frequentar o local e nunca mais ouvimos falar nele. Nossa turma tamb\u00e9m foi se dispersando e guardei apenas a lembran\u00e7a daqueles bons tempos. Finalmente, ap\u00f3s 20 anos, de forma absolutamente fortuita, vim a conhecer as circunst\u00e2ncias de seu desaparecimento e os inimagin\u00e1veis acontecimentos posteriores.<\/p>\n<p>Conforme me contou, assim que deixou, de forma s\u00fabita, o emprego, mudou-se para a cidade onde nasceu, Santo Ant\u00f4nio do Leverger, na regi\u00e3o metropolitana de Cuiab\u00e1 e terra natal do Marechal Rondon, distante 40 km da capital do MT. Foi para a casa da fam\u00edlia, m\u00e3e, uma irm\u00e3 e tr\u00eas irm\u00e3os, a quem n\u00e3o via desde quando, aos 16 anos, veio tentar a vida em S\u00e3o Paulo, embora se correspondesse com frequ\u00eancia e falava com todos por telefone uma ou duas vezes por m\u00eas.<\/p>\n<p>L\u00e1, recebeu, al\u00e9m de um abrigo seguro, todo apoio poss\u00edvel, inclusive est\u00edmulo para se internar em uma cl\u00ednica de recupera\u00e7\u00e3o de drogaditos, conseguindo se reabilitar. Ap\u00f3s esse per\u00edodo, n\u00e3o teve dificuldade em arrumar um emprego. O sal\u00e1rio n\u00e3o era dos melhores, mas n\u00e3o tinha grandes despesas, assim, vivia modesta e confortavelmente.<\/p>\n<p>Foi um per\u00edodo de aproximadamente onze anos em que desfrutou de uma vida saud\u00e1vel e bastante tranquila e, porque n\u00e3o dizer, feliz com o retorno ao lar, tendo deixado para tr\u00e1s os graves problemas que roubaram sua paz nos \u00faltimos tempos vivendo em S\u00e3o Paulo. Apesar de amar a grande metr\u00f3pole, chegou a imaginar que n\u00e3o conseguiria sair vivo de l\u00e1, aos poucos, a cidade se transformou em um verdadeiro supl\u00edcio.<\/p>\n<p>Infelizmente, o destino lhe imp\u00f4s um novo rev\u00e9s, em 1987 sua m\u00e3e foi diagnosticada com uma grave doen\u00e7a, levando-a em poucos meses. Diante da trag\u00e9dia e por ser, entre os filhos, o mais pr\u00f3ximo afetivamente dela, Michel entrou em profunda depress\u00e3o e colocou na cabe\u00e7a que precisava dar, mais uma vez, um novo rumo \u00e0 vida.<\/p>\n<p>Durante a longa estada na volta \u00e0 sua cidade, dados os h\u00e1bitos modestos adotados, preservou todo o restante do dinheiro obtido com a venda da cole\u00e7\u00e3o de discos em uma aplica\u00e7\u00e3o financeira, tendo gastado apenas com a compra da passagem a\u00e9rea para Cuib\u00e1, as demais despesas da viagem e o pagamento da cl\u00ednica de reabilita\u00e7\u00e3o; e ainda conseguiu economizar uma boa soma com as sobras dos vencimentos mensais. Dessa forma, avaliando j\u00e1 possuir quantia suficiente, resolveu realizar o sonho acalentado desde muito jovem, viver durante algum tempo nos Estados Unidos.<\/p>\n<p>Vencidas as provid\u00eancias burocr\u00e1ticas, passaporte, visto, bilhete a\u00e9reo, c\u00e2mbio de alguns d\u00f3lares etc., malas prontas partiu em um voo de Cuiab\u00e1 para o Rio de Janeiro e, de l\u00e1 para sua mais nova aventura. Escolheu como destino o estado da Calif\u00f3rnia, presente em suas fantasias desde 1967, pouco tempo depois de chegar a S\u00e3o Paulo, sempre buscando estar bem-informado sobre as quest\u00f5es do mundo contempor\u00e2neo, em especial o fen\u00f4meno da contracultura e do ver\u00e3o do amor.<\/p>\n<p>Acompanhou atento as not\u00edcias sobre o \u201cMonterey Pop Festival\u201d em 1967 e, claro, o Woodstok e as tr\u00eas edi\u00e7\u00f5es do festival da Ilha de Wigth entre os anos de 1968 e 1970, na Inglaterra, palco do retorno de Bob Dylan, em 1969, e de uma das \u00faltimas apresenta\u00e7\u00f5es de Jimmi Hendrix, em 1970, mesmo ano em que se apresentaram os brasileiros Caetano e Gil, exilados em Londres, de quem tamb\u00e9m era f\u00e3; mas escolheu o estado do oeste, por ter sido o epicentro do movimento hippie no distrito de Haight-Ashbury, em S\u00e3o Francisco, na segunda metade da d\u00e9cada de 1960, representando a chave que abriu sua cabe\u00e7a para compreender toda a transforma\u00e7\u00e3o pela qual passava o mundo e os costumes naquela quadra da hist\u00f3ria.<\/p>\n<p>O local escolhido para se fixar era Los Angeles, pois tinha um parceiro dos velhos tempos morando l\u00e1 h\u00e1 v\u00e1rios anos. Edenilson, esse era seu nome, por meios n\u00e3o muito convencionais, havia obtido um green card e com isso conquistado situa\u00e7\u00e3o bastante est\u00e1vel, permitindo acolh\u00ea-lo com hospitalidade e conforto. Conheceram-se em S\u00e3o Paulo, logo ao chegarem, ambos em 1966, e foram morar na mesma pens\u00e3o. Edenilson era de Governador Valadares, MG, e embora tenham estabelecido uma grande amizade, logo se transferiu para o pa\u00eds da Am\u00e9rica do Norte, juntamente com alguns familiares.<\/p>\n<p>O amigo, radicado no pa\u00eds dos gringos e totalmente aculturado, possu\u00eda um grande c\u00edrculo de amizades, a proporcionar a Michel condi\u00e7\u00f5es mais favor\u00e1veis de socializar, o que n\u00e3o era bicho de sete cabe\u00e7as para ele, tendo em vista sua experi\u00eancia de vida, sua comunicabilidade inata e dominar razoavelmente a l\u00edngua, isso certamente o ajudaria a aprimorar a conversa\u00e7\u00e3o e a conhecer melhor o pa\u00eds e seus costumes.<\/p>\n<p>Nos primeiros meses, viajou para alguns lugares que tamb\u00e9m tinha interesse em conhecer, como Nova Yorque, Washington D. C., os Grandes Lagos, Chicago e, de l\u00e1, fazendo, com uma Harley Davison alugada, todo o percurso da Rota 66, chegando de volta \u00e0 Calif\u00f3rnia por Santa M\u00f4nica. Por\u00e9m, ao retornar para L. A., seu visto de turista j\u00e1 estava em vias de expirar, mas n\u00e3o tinha inten\u00e7\u00e3o de voltar t\u00e3o cedo ao Brasil e passou a viver clandestinamente por l\u00e1.<\/p>\n<p><strong>\u2026\u2026\u2026\u2026\u2026\u2026\u2026\u2026\u2026\u2026<\/strong><\/p>\n<p><strong>Leia a quarta parte (ep\u00edlogo) do conto <em>\u01eaue fim levou meu amigo Liverpool?<\/em> nesta quinta (03\/09).<\/strong><\/p>\n","protected":false},"excerpt":{"rendered":"<p>Conhecia uma banca na feira de artesanato da Pra\u00e7a da Rep\u00fablica, realizada todos os domingos desde meados dos anos 1950. Na verdade, o dono da banca era tamb\u00e9m propriet\u00e1rio de uma famosa loja de discos raros, nacionais e importados, e aos domingos expunha na feira algumas de suas raridades, mais como forma de marketing do [&hellip;]<\/p>\n","protected":false},"author":21,"featured_media":408383,"comment_status":"closed","ping_status":"closed","sticky":false,"template":"","format":"standard","meta":{"_acf_changed":false,"footnotes":""},"categories":[234],"tags":[],"tmauthors":[306],"class_list":["post-408382","post","type-post","status-publish","format-standard","has-post-thumbnail","category-cafe-literario"],"acf":[],"yoast_head":"<!-- This site is optimized with the Yoast SEO plugin v28.0 - https:\/\/yoast.com\/product\/yoast-seo-wordpress\/ -->\n<title>Da terra natal para a do Tio Sam - Notibras<\/title>\n<meta name=\"robots\" content=\"index, follow, max-snippet:-1, max-image-preview:large, max-video-preview:-1\" \/>\n<link rel=\"canonical\" href=\"https:\/\/www.notibras.com\/site\/da-terra-natal-para-a-do-tio-sam\/\" \/>\n<meta property=\"og:locale\" content=\"pt_BR\" \/>\n<meta property=\"og:type\" content=\"article\" \/>\n<meta property=\"og:title\" content=\"Da terra natal para a do Tio Sam - Notibras\" \/>\n<meta property=\"og:description\" content=\"Conhecia uma banca na feira de artesanato da Pra\u00e7a da Rep\u00fablica, realizada todos os domingos desde meados dos anos 1950. Na verdade, o dono da banca era tamb\u00e9m propriet\u00e1rio de uma famosa loja de discos raros, nacionais e importados, e aos domingos expunha na feira algumas de suas raridades, mais como forma de marketing do [&hellip;]\" \/>\n<meta property=\"og:url\" content=\"https:\/\/www.notibras.com\/site\/da-terra-natal-para-a-do-tio-sam\/\" \/>\n<meta property=\"og:site_name\" content=\"Notibras\" \/>\n<meta property=\"article:publisher\" content=\"https:\/\/www.facebook.com\/notibras\/\" \/>\n<meta property=\"article:published_time\" content=\"2026-09-02T04:00:57+00:00\" \/>\n<meta property=\"og:image\" content=\"https:\/\/www.notibras.com\/site\/wp-content\/uploads\/2026\/08\/WhatsApp-Image-2026-08-27-at-21.57.53.jpeg\" \/>\n\t<meta property=\"og:image:width\" content=\"1280\" \/>\n\t<meta property=\"og:image:height\" content=\"720\" \/>\n\t<meta property=\"og:image:type\" content=\"image\/jpeg\" \/>\n<meta name=\"author\" content=\"Eduardo Mart\u00ednez\" \/>\n<meta name=\"twitter:card\" content=\"summary_large_image\" \/>\n<meta name=\"twitter:creator\" content=\"@Notibras\" \/>\n<meta name=\"twitter:site\" content=\"@Notibras\" \/>\n<meta name=\"twitter:label1\" content=\"Escrito por\" \/>\n\t<meta name=\"twitter:data1\" content=\"Eduardo Mart\u00ednez\" \/>\n\t<meta name=\"twitter:label2\" content=\"Est. tempo de leitura\" \/>\n\t<meta name=\"twitter:data2\" content=\"6 minutos\" \/>\n<script type=\"application\/ld+json\" class=\"yoast-schema-graph\">{\"@context\":\"https:\\\/\\\/schema.org\",\"@graph\":[{\"@type\":\"Article\",\"@id\":\"https:\\\/\\\/www.notibras.com\\\/site\\\/da-terra-natal-para-a-do-tio-sam\\\/#article\",\"isPartOf\":{\"@id\":\"https:\\\/\\\/www.notibras.com\\\/site\\\/da-terra-natal-para-a-do-tio-sam\\\/\"},\"author\":{\"name\":\"Eduardo Mart\u00ednez\",\"@id\":\"https:\\\/\\\/www.notibras.com\\\/site\\\/#\\\/schema\\\/person\\\/5b7fabf2aedc3ada2105f03b22b4d3dd\"},\"headline\":\"Da terra natal para a do Tio Sam\",\"datePublished\":\"2026-09-02T04:00:57+00:00\",\"mainEntityOfPage\":{\"@id\":\"https:\\\/\\\/www.notibras.com\\\/site\\\/da-terra-natal-para-a-do-tio-sam\\\/\"},\"wordCount\":1146,\"publisher\":{\"@id\":\"https:\\\/\\\/www.notibras.com\\\/site\\\/#organization\"},\"image\":{\"@id\":\"https:\\\/\\\/www.notibras.com\\\/site\\\/da-terra-natal-para-a-do-tio-sam\\\/#primaryimage\"},\"thumbnailUrl\":\"https:\\\/\\\/www.notibras.com\\\/site\\\/wp-content\\\/uploads\\\/2026\\\/08\\\/WhatsApp-Image-2026-08-27-at-21.57.53.jpeg\",\"articleSection\":[\"Caf\u00e9 Liter\u00e1rio\"],\"inLanguage\":\"pt-BR\"},{\"@type\":\"WebPage\",\"@id\":\"https:\\\/\\\/www.notibras.com\\\/site\\\/da-terra-natal-para-a-do-tio-sam\\\/\",\"url\":\"https:\\\/\\\/www.notibras.com\\\/site\\\/da-terra-natal-para-a-do-tio-sam\\\/\",\"name\":\"Da terra natal para a do Tio Sam - Notibras\",\"isPartOf\":{\"@id\":\"https:\\\/\\\/www.notibras.com\\\/site\\\/#website\"},\"primaryImageOfPage\":{\"@id\":\"https:\\\/\\\/www.notibras.com\\\/site\\\/da-terra-natal-para-a-do-tio-sam\\\/#primaryimage\"},\"image\":{\"@id\":\"https:\\\/\\\/www.notibras.com\\\/site\\\/da-terra-natal-para-a-do-tio-sam\\\/#primaryimage\"},\"thumbnailUrl\":\"https:\\\/\\\/www.notibras.com\\\/site\\\/wp-content\\\/uploads\\\/2026\\\/08\\\/WhatsApp-Image-2026-08-27-at-21.57.53.jpeg\",\"datePublished\":\"2026-09-02T04:00:57+00:00\",\"breadcrumb\":{\"@id\":\"https:\\\/\\\/www.notibras.com\\\/site\\\/da-terra-natal-para-a-do-tio-sam\\\/#breadcrumb\"},\"inLanguage\":\"pt-BR\",\"potentialAction\":[{\"@type\":\"ReadAction\",\"target\":[\"https:\\\/\\\/www.notibras.com\\\/site\\\/da-terra-natal-para-a-do-tio-sam\\\/\"]}]},{\"@type\":\"ImageObject\",\"inLanguage\":\"pt-BR\",\"@id\":\"https:\\\/\\\/www.notibras.com\\\/site\\\/da-terra-natal-para-a-do-tio-sam\\\/#primaryimage\",\"url\":\"https:\\\/\\\/www.notibras.com\\\/site\\\/wp-content\\\/uploads\\\/2026\\\/08\\\/WhatsApp-Image-2026-08-27-at-21.57.53.jpeg\",\"contentUrl\":\"https:\\\/\\\/www.notibras.com\\\/site\\\/wp-content\\\/uploads\\\/2026\\\/08\\\/WhatsApp-Image-2026-08-27-at-21.57.53.jpeg\",\"width\":1280,\"height\":720},{\"@type\":\"BreadcrumbList\",\"@id\":\"https:\\\/\\\/www.notibras.com\\\/site\\\/da-terra-natal-para-a-do-tio-sam\\\/#breadcrumb\",\"itemListElement\":[{\"@type\":\"ListItem\",\"position\":1,\"name\":\"In\u00edcio\",\"item\":\"https:\\\/\\\/www.notibras.com\\\/site\\\/\"},{\"@type\":\"ListItem\",\"position\":2,\"name\":\"Da terra natal para a do Tio Sam\"}]},{\"@type\":\"WebSite\",\"@id\":\"https:\\\/\\\/www.notibras.com\\\/site\\\/#website\",\"url\":\"https:\\\/\\\/www.notibras.com\\\/site\\\/\",\"name\":\"Notibras\",\"description\":\"Not\u00edcias de Bras\u00edlia, do Brasil e do Mundo\",\"publisher\":{\"@id\":\"https:\\\/\\\/www.notibras.com\\\/site\\\/#organization\"},\"potentialAction\":[{\"@type\":\"SearchAction\",\"target\":{\"@type\":\"EntryPoint\",\"urlTemplate\":\"https:\\\/\\\/www.notibras.com\\\/site\\\/?s={search_term_string}\"},\"query-input\":{\"@type\":\"PropertyValueSpecification\",\"valueRequired\":true,\"valueName\":\"search_term_string\"}}],\"inLanguage\":\"pt-BR\"},{\"@type\":\"Organization\",\"@id\":\"https:\\\/\\\/www.notibras.com\\\/site\\\/#organization\",\"name\":\"Grupo Notibras de Comunica\u00e7\u00e3o\",\"url\":\"https:\\\/\\\/www.notibras.com\\\/site\\\/\",\"logo\":{\"@type\":\"ImageObject\",\"inLanguage\":\"pt-BR\",\"@id\":\"https:\\\/\\\/www.notibras.com\\\/site\\\/#\\\/schema\\\/logo\\\/image\\\/\",\"url\":\"https:\\\/\\\/www.notibras.com\\\/site\\\/wp-content\\\/uploads\\\/2023\\\/01\\\/notibras23.png\",\"contentUrl\":\"https:\\\/\\\/www.notibras.com\\\/site\\\/wp-content\\\/uploads\\\/2023\\\/01\\\/notibras23.png\",\"width\":350,\"height\":87,\"caption\":\"Grupo Notibras de Comunica\u00e7\u00e3o\"},\"image\":{\"@id\":\"https:\\\/\\\/www.notibras.com\\\/site\\\/#\\\/schema\\\/logo\\\/image\\\/\"},\"sameAs\":[\"https:\\\/\\\/www.facebook.com\\\/notibras\\\/\",\"https:\\\/\\\/x.com\\\/Notibras\",\"https:\\\/\\\/www.instagram.com\\\/notibras\\\/\"]},{\"@type\":\"Person\",\"@id\":\"https:\\\/\\\/www.notibras.com\\\/site\\\/#\\\/schema\\\/person\\\/5b7fabf2aedc3ada2105f03b22b4d3dd\",\"name\":\"Eduardo Mart\u00ednez\",\"image\":{\"@type\":\"ImageObject\",\"inLanguage\":\"pt-BR\",\"@id\":\"https:\\\/\\\/secure.gravatar.com\\\/avatar\\\/7902f906289926289cbcda644b5197c796b893c6ffd7b9a536a42d290f7704a0?s=96&d=mm&r=g\",\"url\":\"https:\\\/\\\/secure.gravatar.com\\\/avatar\\\/7902f906289926289cbcda644b5197c796b893c6ffd7b9a536a42d290f7704a0?s=96&d=mm&r=g\",\"contentUrl\":\"https:\\\/\\\/secure.gravatar.com\\\/avatar\\\/7902f906289926289cbcda644b5197c796b893c6ffd7b9a536a42d290f7704a0?s=96&d=mm&r=g\",\"caption\":\"Eduardo Mart\u00ednez\"}}]}<\/script>\n<!-- \/ Yoast SEO plugin. -->","yoast_head_json":{"title":"Da terra natal para a do Tio Sam - Notibras","robots":{"index":"index","follow":"follow","max-snippet":"max-snippet:-1","max-image-preview":"max-image-preview:large","max-video-preview":"max-video-preview:-1"},"canonical":"https:\/\/www.notibras.com\/site\/da-terra-natal-para-a-do-tio-sam\/","og_locale":"pt_BR","og_type":"article","og_title":"Da terra natal para a do Tio Sam - Notibras","og_description":"Conhecia uma banca na feira de artesanato da Pra\u00e7a da Rep\u00fablica, realizada todos os domingos desde meados dos anos 1950. Na verdade, o dono da banca era tamb\u00e9m propriet\u00e1rio de uma famosa loja de discos raros, nacionais e importados, e aos domingos expunha na feira algumas de suas raridades, mais como forma de marketing do [&hellip;]","og_url":"https:\/\/www.notibras.com\/site\/da-terra-natal-para-a-do-tio-sam\/","og_site_name":"Notibras","article_publisher":"https:\/\/www.facebook.com\/notibras\/","article_published_time":"2026-09-02T04:00:57+00:00","og_image":[{"width":1280,"height":720,"url":"https:\/\/www.notibras.com\/site\/wp-content\/uploads\/2026\/08\/WhatsApp-Image-2026-08-27-at-21.57.53.jpeg","type":"image\/jpeg"}],"author":"Eduardo Mart\u00ednez","twitter_card":"summary_large_image","twitter_creator":"@Notibras","twitter_site":"@Notibras","twitter_misc":{"Escrito por":"Eduardo Mart\u00ednez","Est. tempo de leitura":"6 minutos"},"schema":{"@context":"https:\/\/schema.org","@graph":[{"@type":"Article","@id":"https:\/\/www.notibras.com\/site\/da-terra-natal-para-a-do-tio-sam\/#article","isPartOf":{"@id":"https:\/\/www.notibras.com\/site\/da-terra-natal-para-a-do-tio-sam\/"},"author":{"name":"Eduardo Mart\u00ednez","@id":"https:\/\/www.notibras.com\/site\/#\/schema\/person\/5b7fabf2aedc3ada2105f03b22b4d3dd"},"headline":"Da terra natal para a do Tio Sam","datePublished":"2026-09-02T04:00:57+00:00","mainEntityOfPage":{"@id":"https:\/\/www.notibras.com\/site\/da-terra-natal-para-a-do-tio-sam\/"},"wordCount":1146,"publisher":{"@id":"https:\/\/www.notibras.com\/site\/#organization"},"image":{"@id":"https:\/\/www.notibras.com\/site\/da-terra-natal-para-a-do-tio-sam\/#primaryimage"},"thumbnailUrl":"https:\/\/www.notibras.com\/site\/wp-content\/uploads\/2026\/08\/WhatsApp-Image-2026-08-27-at-21.57.53.jpeg","articleSection":["Caf\u00e9 Liter\u00e1rio"],"inLanguage":"pt-BR"},{"@type":"WebPage","@id":"https:\/\/www.notibras.com\/site\/da-terra-natal-para-a-do-tio-sam\/","url":"https:\/\/www.notibras.com\/site\/da-terra-natal-para-a-do-tio-sam\/","name":"Da terra natal para a do Tio Sam - Notibras","isPartOf":{"@id":"https:\/\/www.notibras.com\/site\/#website"},"primaryImageOfPage":{"@id":"https:\/\/www.notibras.com\/site\/da-terra-natal-para-a-do-tio-sam\/#primaryimage"},"image":{"@id":"https:\/\/www.notibras.com\/site\/da-terra-natal-para-a-do-tio-sam\/#primaryimage"},"thumbnailUrl":"https:\/\/www.notibras.com\/site\/wp-content\/uploads\/2026\/08\/WhatsApp-Image-2026-08-27-at-21.57.53.jpeg","datePublished":"2026-09-02T04:00:57+00:00","breadcrumb":{"@id":"https:\/\/www.notibras.com\/site\/da-terra-natal-para-a-do-tio-sam\/#breadcrumb"},"inLanguage":"pt-BR","potentialAction":[{"@type":"ReadAction","target":["https:\/\/www.notibras.com\/site\/da-terra-natal-para-a-do-tio-sam\/"]}]},{"@type":"ImageObject","inLanguage":"pt-BR","@id":"https:\/\/www.notibras.com\/site\/da-terra-natal-para-a-do-tio-sam\/#primaryimage","url":"https:\/\/www.notibras.com\/site\/wp-content\/uploads\/2026\/08\/WhatsApp-Image-2026-08-27-at-21.57.53.jpeg","contentUrl":"https:\/\/www.notibras.com\/site\/wp-content\/uploads\/2026\/08\/WhatsApp-Image-2026-08-27-at-21.57.53.jpeg","width":1280,"height":720},{"@type":"BreadcrumbList","@id":"https:\/\/www.notibras.com\/site\/da-terra-natal-para-a-do-tio-sam\/#breadcrumb","itemListElement":[{"@type":"ListItem","position":1,"name":"In\u00edcio","item":"https:\/\/www.notibras.com\/site\/"},{"@type":"ListItem","position":2,"name":"Da terra natal para a do Tio Sam"}]},{"@type":"WebSite","@id":"https:\/\/www.notibras.com\/site\/#website","url":"https:\/\/www.notibras.com\/site\/","name":"Notibras","description":"Not\u00edcias de Bras\u00edlia, do Brasil e do Mundo","publisher":{"@id":"https:\/\/www.notibras.com\/site\/#organization"},"potentialAction":[{"@type":"SearchAction","target":{"@type":"EntryPoint","urlTemplate":"https:\/\/www.notibras.com\/site\/?s={search_term_string}"},"query-input":{"@type":"PropertyValueSpecification","valueRequired":true,"valueName":"search_term_string"}}],"inLanguage":"pt-BR"},{"@type":"Organization","@id":"https:\/\/www.notibras.com\/site\/#organization","name":"Grupo Notibras de Comunica\u00e7\u00e3o","url":"https:\/\/www.notibras.com\/site\/","logo":{"@type":"ImageObject","inLanguage":"pt-BR","@id":"https:\/\/www.notibras.com\/site\/#\/schema\/logo\/image\/","url":"https:\/\/www.notibras.com\/site\/wp-content\/uploads\/2023\/01\/notibras23.png","contentUrl":"https:\/\/www.notibras.com\/site\/wp-content\/uploads\/2023\/01\/notibras23.png","width":350,"height":87,"caption":"Grupo Notibras de Comunica\u00e7\u00e3o"},"image":{"@id":"https:\/\/www.notibras.com\/site\/#\/schema\/logo\/image\/"},"sameAs":["https:\/\/www.facebook.com\/notibras\/","https:\/\/x.com\/Notibras","https:\/\/www.instagram.com\/notibras\/"]},{"@type":"Person","@id":"https:\/\/www.notibras.com\/site\/#\/schema\/person\/5b7fabf2aedc3ada2105f03b22b4d3dd","name":"Eduardo Mart\u00ednez","image":{"@type":"ImageObject","inLanguage":"pt-BR","@id":"https:\/\/secure.gravatar.com\/avatar\/7902f906289926289cbcda644b5197c796b893c6ffd7b9a536a42d290f7704a0?s=96&d=mm&r=g","url":"https:\/\/secure.gravatar.com\/avatar\/7902f906289926289cbcda644b5197c796b893c6ffd7b9a536a42d290f7704a0?s=96&d=mm&r=g","contentUrl":"https:\/\/secure.gravatar.com\/avatar\/7902f906289926289cbcda644b5197c796b893c6ffd7b9a536a42d290f7704a0?s=96&d=mm&r=g","caption":"Eduardo Mart\u00ednez"}}]}},"_links":{"self":[{"href":"https:\/\/www.notibras.com\/site\/wp-json\/wp\/v2\/posts\/408382","targetHints":{"allow":["GET"]}}],"collection":[{"href":"https:\/\/www.notibras.com\/site\/wp-json\/wp\/v2\/posts"}],"about":[{"href":"https:\/\/www.notibras.com\/site\/wp-json\/wp\/v2\/types\/post"}],"author":[{"embeddable":true,"href":"https:\/\/www.notibras.com\/site\/wp-json\/wp\/v2\/users\/21"}],"replies":[{"embeddable":true,"href":"https:\/\/www.notibras.com\/site\/wp-json\/wp\/v2\/comments?post=408382"}],"version-history":[{"count":2,"href":"https:\/\/www.notibras.com\/site\/wp-json\/wp\/v2\/posts\/408382\/revisions"}],"predecessor-version":[{"id":408385,"href":"https:\/\/www.notibras.com\/site\/wp-json\/wp\/v2\/posts\/408382\/revisions\/408385"}],"wp:featuredmedia":[{"embeddable":true,"href":"https:\/\/www.notibras.com\/site\/wp-json\/wp\/v2\/media\/408383"}],"wp:attachment":[{"href":"https:\/\/www.notibras.com\/site\/wp-json\/wp\/v2\/media?parent=408382"}],"wp:term":[{"taxonomy":"category","embeddable":true,"href":"https:\/\/www.notibras.com\/site\/wp-json\/wp\/v2\/categories?post=408382"},{"taxonomy":"post_tag","embeddable":true,"href":"https:\/\/www.notibras.com\/site\/wp-json\/wp\/v2\/tags?post=408382"},{"taxonomy":"tmauthors","embeddable":true,"href":"https:\/\/www.notibras.com\/site\/wp-json\/wp\/v2\/tmauthors?post=408382"}],"curies":[{"name":"wp","href":"https:\/\/api.w.org\/{rel}","templated":true}]}}