{"id":408387,"date":"2026-09-03T01:00:57","date_gmt":"2026-09-03T04:00:57","guid":{"rendered":"https:\/\/www.notibras.com\/site\/?p=408387"},"modified":"2026-08-27T22:09:10","modified_gmt":"2026-08-28T01:09:10","slug":"de-volta-ao-inferno","status":"publish","type":"post","link":"https:\/\/www.notibras.com\/site\/de-volta-ao-inferno\/","title":{"rendered":"De volta ao inferno"},"content":{"rendered":"<p>Liverpool, com a experi\u00eancia adquirida desde a adolesc\u00eancia, quando saiu de casa pela primeira vez, vivenciando as mais diversas situa\u00e7\u00f5es, enfrentando dificuldades e at\u00e9 mesmo correndo risco de morte, se sentia cada vez mais \u00e0 vontade no novo ambiente, afinal, adaptar-se a diferentes lugares n\u00e3o era problema para ele, mesmo no papel de imigrante ilegal.<\/p>\n<p>Obteve um emprego na sua profiss\u00e3o em um sal\u00e3o unissex, cuja loja possu\u00eda, na parte posterior, um dormit\u00f3rio com banheiro exatamente para acomodar um eventual funcion\u00e1rio forasteiro, alugado por um baixo valor pelo propriet\u00e1rio do neg\u00f3cio.<\/p>\n<p>A vida seguia e ele j\u00e1 tinha, al\u00e9m do amigo Edenilson com seu c\u00edrculo de relacionamentos, um grupo pr\u00f3prio, pois j\u00e1 estava totalmente fluente no idioma e nunca teve dificuldade em interagir com quem quer que fosse; e era justamente a\u00ed onde morava o perigo. As pessoas com quem se relacionava eram seus clientes do sal\u00e3o e as frequentadoras dos mesmos locais onde costumava ir: bares, lojas de shopping, cinemas etc.<\/p>\n<p>Entre os novos companheiros havia usu\u00e1rios de drogas, algo totalmente incorporado \u00e0 paisagem local. Assim, passou a ter contato novamente com as subst\u00e2ncias as quais havia jurado a si mesmo nunca mais experimentar e, durante algum tempo, de fato, conseguiu manter a promessa, resistindo \u00e0 tenta\u00e7\u00e3o.<\/p>\n<p>Certo dia, no entanto, aceitou um convite para uma festa nada convencional onde rolaria muito sexo, drogas e rock \u2018n\u2019 roll. Depois de tomar v\u00e1rias doses de bebidas e desfrutar os prazeres que a noite oferecia, acreditando poder visitar novamente o mundo das alucina\u00e7\u00f5es apenas como forma de curtir totalmente o momento e no dia seguinte retomar sua vida virtuosa, aspirou algumas carreiras das muitas dispon\u00edveis.<\/p>\n<p>Contudo, n\u00e3o esperava haver dentro de si um resqu\u00edcio daquele infort\u00fanio que o molestou anos atr\u00e1s e, com isso, ter o v\u00edcio reativado. Por coincid\u00eancia, embora em circunst\u00e2ncias diferentes, novamente quando se achava trabalhando na sua profiss\u00e3o, com a vida estabilizada, de forma gradual, a partir daquela noite, voltou a usar a coca\u00edna com certa regularidade.<\/p>\n<p>Com o tempo essas reca\u00eddas se davam com maior frequ\u00eancia e ele passou a experimentar outras coisas. J\u00e1 n\u00e3o recusava nada, inclusive as injet\u00e1veis, com ainda maior voracidade do que no passado. Logo come\u00e7ou a descuidar do lado profissional, deixando de cumprir compromissos assumidos, e acabou sendo demito, perdendo tamb\u00e9m, como consequ\u00eancia, a moradia.<\/p>\n<p>Para sustentar o v\u00edcio e pagar o aluguel de um outro local para residir, acabou por comprometer o restante de suas economias e como n\u00e3o conseguia arrumar um novo trabalho, teve dificuldade para pagar o aluguel. Por outro lado, Edenilson, dada a situa\u00e7\u00e3o em que Michel se encontrava, embora quisesse ajudar, n\u00e3o tinha condi\u00e7\u00e3o de abrig\u00e1-lo novamente, pois tinha dois filhos pequenos e a mulher e, naturalmente, o conv\u00edvio dele com a fam\u00edlia, naquelas condi\u00e7\u00f5es, seria algo indesej\u00e1vel.<\/p>\n<p>N\u00e3o demorou para ser despejado do im\u00f3vel por falta de pagamento, indo para a rua com seus poucos objetos e roupas amontoados em uma velha mala. Foi ent\u00e3o que Liverpool desceu ao mais baixo degrau da dignidade humana, indo \u201chabitar\u201d o Skid Row, bairro de Los Angeles, que desde aquela \u00e9poca, abriga, a maior cracol\u00e2ndia do pa\u00eds.<\/p>\n<p>Perambulava pelas ruas sujas e fedorentas, a procura dos fornecedores da \u201cpedra\u201d, dormia pelas cal\u00e7adas, se alimentando, muitas vezes, do que encontrava no lixo, pois, embora o amigo levasse, pelo menos uma vez por dia, uma refei\u00e7\u00e3o, raramente o encontrava. Fazia suas necessidades pelos cantos, sem local para tomar um banho e sem poder trocar de roupas, at\u00e9 porque n\u00e3o se lembrava onde havia deixado a mala contendo seus modestos pertences.<\/p>\n<p>Edenilson, angustiado com a situa\u00e7\u00e3o e de tanto se preocupar, teve uma ideia: promover uma vaquinha entre todos os conhecidos a fim de arrecadar uma quantia suficiente para adquirir uma passagem a\u00e9rea para mand\u00e1-lo de volta ao Brasil. Ligou para os irm\u00e3os, combinando com eles de irem receb\u00ea-lo no aeroporto do Gale\u00e3o para lev\u00e1-lo de volta a Santo Ant\u00f4nio do Leverger e cuidarem novamente dele.<\/p>\n<p>N\u00e3o teve dificuldade em conseguir, todos gostavam de Liverpool, pois, quando s\u00f3brio, era, de fato, uma pessoa gentil e agrad\u00e1vel. De posse do valor necess\u00e1rio, Edenilson adquiriu a passagem para um voo direto e, no dia do embarque, convenceu o propriet\u00e1rio, a permitir que ele tomasse um banho nas depend\u00eancias do sal\u00e3o de cabelereiro onde trabalhara e arrumou roupas novas para ele, pagou-lhe uma boa refei\u00e7\u00e3o e o levou pessoalmente ao aeroporto, certificando-se de correr tudo certo com o embarque.<\/p>\n<p>No hor\u00e1rio previsto, o voo pousou no Aeroporto Internacional do Rio de Janeiro. Conforme combinado, os irm\u00e3os o esperavam e receberam-no com festa, mas ele um tanto ressabiado, reagiu de forma mais ou menos fria, talvez indicando engendrar alguma trama, mas ningu\u00e9m se deu conta desse poss\u00edvel plano mirabolante.<\/p>\n<p>Fato \u00e9 que, chegando em sua terra natal, no primeiro descuido por parte dos familiares, fugiu de casa e com uma pequena sobra de dinheiro, conseguiu embarcar em um \u00f4nibus de volta \u00e0 capital do estado de S\u00e3o Paulo, se juntando a grupos de pessoas em situa\u00e7\u00e3o de rua em diferentes pontos da cidade, at\u00e9 chegar ao local em que casualmente o encontrei.<\/p>\n<p>Profundamente consternado, n\u00e3o s\u00f3 por sua condi\u00e7\u00e3o deplor\u00e1vel, assim como por toda sua hist\u00f3ria de vida, tentei ajud\u00e1-lo a sair daquela situa\u00e7\u00e3o e buscar um novo processo de reabilita\u00e7\u00e3o, mas n\u00e3o aceitou. Depois daquele dia, voltei a falar com ele por duas vezes nas semanas seguintes, mas em v\u00e3o, dizia n\u00e3o ter mais nenhuma ambi\u00e7\u00e3o na vida e que passaria seus \u00faltimos dias vivendo pelas ruas.<\/p>\n<p>Tentei encontr\u00e1-lo uma terceira vez, seus antigos parceiros me informaram que ele havia partido para buscar um outro canto de rua para se instalar e nunca mais consegui ach\u00e1-lo. Segundo me contaram, h\u00e1 poucos dias antes de partir descobrira estar contaminado com o HIV, praticamente uma senten\u00e7a de morte naqueles idos.<\/p>\n","protected":false},"excerpt":{"rendered":"<p>Liverpool, com a experi\u00eancia adquirida desde a adolesc\u00eancia, quando saiu de casa pela primeira vez, vivenciando as mais diversas situa\u00e7\u00f5es, enfrentando dificuldades e at\u00e9 mesmo correndo risco de morte, se sentia cada vez mais \u00e0 vontade no novo ambiente, afinal, adaptar-se a diferentes lugares n\u00e3o era problema para ele, mesmo no papel de imigrante ilegal. [&hellip;]<\/p>\n","protected":false},"author":21,"featured_media":408388,"comment_status":"closed","ping_status":"closed","sticky":false,"template":"","format":"standard","meta":{"_acf_changed":false,"footnotes":""},"categories":[234],"tags":[],"tmauthors":[306],"class_list":["post-408387","post","type-post","status-publish","format-standard","has-post-thumbnail","category-cafe-literario"],"acf":[],"yoast_head":"<!-- This site is optimized with the Yoast SEO plugin v28.0 - https:\/\/yoast.com\/product\/yoast-seo-wordpress\/ -->\n<title>De volta ao inferno - Notibras<\/title>\n<meta name=\"robots\" content=\"index, follow, max-snippet:-1, max-image-preview:large, max-video-preview:-1\" \/>\n<link rel=\"canonical\" href=\"https:\/\/www.notibras.com\/site\/de-volta-ao-inferno\/\" \/>\n<meta property=\"og:locale\" content=\"pt_BR\" \/>\n<meta property=\"og:type\" content=\"article\" \/>\n<meta property=\"og:title\" content=\"De volta ao inferno - Notibras\" \/>\n<meta property=\"og:description\" content=\"Liverpool, com a experi\u00eancia adquirida desde a adolesc\u00eancia, quando saiu de casa pela primeira vez, vivenciando as mais diversas situa\u00e7\u00f5es, enfrentando dificuldades e at\u00e9 mesmo correndo risco de morte, se sentia cada vez mais \u00e0 vontade no novo ambiente, afinal, adaptar-se a diferentes lugares n\u00e3o era problema para ele, mesmo no papel de imigrante ilegal. [&hellip;]\" \/>\n<meta property=\"og:url\" content=\"https:\/\/www.notibras.com\/site\/de-volta-ao-inferno\/\" \/>\n<meta property=\"og:site_name\" content=\"Notibras\" \/>\n<meta property=\"article:publisher\" content=\"https:\/\/www.facebook.com\/notibras\/\" \/>\n<meta property=\"article:published_time\" content=\"2026-09-03T04:00:57+00:00\" \/>\n<meta property=\"og:image\" content=\"https:\/\/www.notibras.com\/site\/wp-content\/uploads\/2026\/08\/WhatsApp-Image-2026-08-27-at-22.04.30.jpeg\" \/>\n\t<meta property=\"og:image:width\" content=\"1280\" \/>\n\t<meta property=\"og:image:height\" content=\"853\" \/>\n\t<meta property=\"og:image:type\" content=\"image\/jpeg\" \/>\n<meta name=\"author\" content=\"Eduardo Mart\u00ednez\" \/>\n<meta name=\"twitter:card\" content=\"summary_large_image\" \/>\n<meta name=\"twitter:creator\" content=\"@Notibras\" \/>\n<meta name=\"twitter:site\" content=\"@Notibras\" \/>\n<meta name=\"twitter:label1\" content=\"Escrito por\" \/>\n\t<meta name=\"twitter:data1\" content=\"Eduardo Mart\u00ednez\" \/>\n\t<meta name=\"twitter:label2\" content=\"Est. tempo de leitura\" \/>\n\t<meta name=\"twitter:data2\" content=\"6 minutos\" \/>\n<script type=\"application\/ld+json\" class=\"yoast-schema-graph\">{\"@context\":\"https:\\\/\\\/schema.org\",\"@graph\":[{\"@type\":\"Article\",\"@id\":\"https:\\\/\\\/www.notibras.com\\\/site\\\/de-volta-ao-inferno\\\/#article\",\"isPartOf\":{\"@id\":\"https:\\\/\\\/www.notibras.com\\\/site\\\/de-volta-ao-inferno\\\/\"},\"author\":{\"name\":\"Eduardo Mart\u00ednez\",\"@id\":\"https:\\\/\\\/www.notibras.com\\\/site\\\/#\\\/schema\\\/person\\\/5b7fabf2aedc3ada2105f03b22b4d3dd\"},\"headline\":\"De volta ao inferno\",\"datePublished\":\"2026-09-03T04:00:57+00:00\",\"mainEntityOfPage\":{\"@id\":\"https:\\\/\\\/www.notibras.com\\\/site\\\/de-volta-ao-inferno\\\/\"},\"wordCount\":1054,\"publisher\":{\"@id\":\"https:\\\/\\\/www.notibras.com\\\/site\\\/#organization\"},\"image\":{\"@id\":\"https:\\\/\\\/www.notibras.com\\\/site\\\/de-volta-ao-inferno\\\/#primaryimage\"},\"thumbnailUrl\":\"https:\\\/\\\/www.notibras.com\\\/site\\\/wp-content\\\/uploads\\\/2026\\\/08\\\/WhatsApp-Image-2026-08-27-at-22.04.30.jpeg\",\"articleSection\":[\"Caf\u00e9 Liter\u00e1rio\"],\"inLanguage\":\"pt-BR\"},{\"@type\":\"WebPage\",\"@id\":\"https:\\\/\\\/www.notibras.com\\\/site\\\/de-volta-ao-inferno\\\/\",\"url\":\"https:\\\/\\\/www.notibras.com\\\/site\\\/de-volta-ao-inferno\\\/\",\"name\":\"De volta ao inferno - Notibras\",\"isPartOf\":{\"@id\":\"https:\\\/\\\/www.notibras.com\\\/site\\\/#website\"},\"primaryImageOfPage\":{\"@id\":\"https:\\\/\\\/www.notibras.com\\\/site\\\/de-volta-ao-inferno\\\/#primaryimage\"},\"image\":{\"@id\":\"https:\\\/\\\/www.notibras.com\\\/site\\\/de-volta-ao-inferno\\\/#primaryimage\"},\"thumbnailUrl\":\"https:\\\/\\\/www.notibras.com\\\/site\\\/wp-content\\\/uploads\\\/2026\\\/08\\\/WhatsApp-Image-2026-08-27-at-22.04.30.jpeg\",\"datePublished\":\"2026-09-03T04:00:57+00:00\",\"breadcrumb\":{\"@id\":\"https:\\\/\\\/www.notibras.com\\\/site\\\/de-volta-ao-inferno\\\/#breadcrumb\"},\"inLanguage\":\"pt-BR\",\"potentialAction\":[{\"@type\":\"ReadAction\",\"target\":[\"https:\\\/\\\/www.notibras.com\\\/site\\\/de-volta-ao-inferno\\\/\"]}]},{\"@type\":\"ImageObject\",\"inLanguage\":\"pt-BR\",\"@id\":\"https:\\\/\\\/www.notibras.com\\\/site\\\/de-volta-ao-inferno\\\/#primaryimage\",\"url\":\"https:\\\/\\\/www.notibras.com\\\/site\\\/wp-content\\\/uploads\\\/2026\\\/08\\\/WhatsApp-Image-2026-08-27-at-22.04.30.jpeg\",\"contentUrl\":\"https:\\\/\\\/www.notibras.com\\\/site\\\/wp-content\\\/uploads\\\/2026\\\/08\\\/WhatsApp-Image-2026-08-27-at-22.04.30.jpeg\",\"width\":1280,\"height\":853},{\"@type\":\"BreadcrumbList\",\"@id\":\"https:\\\/\\\/www.notibras.com\\\/site\\\/de-volta-ao-inferno\\\/#breadcrumb\",\"itemListElement\":[{\"@type\":\"ListItem\",\"position\":1,\"name\":\"In\u00edcio\",\"item\":\"https:\\\/\\\/www.notibras.com\\\/site\\\/\"},{\"@type\":\"ListItem\",\"position\":2,\"name\":\"De volta ao inferno\"}]},{\"@type\":\"WebSite\",\"@id\":\"https:\\\/\\\/www.notibras.com\\\/site\\\/#website\",\"url\":\"https:\\\/\\\/www.notibras.com\\\/site\\\/\",\"name\":\"Notibras\",\"description\":\"Not\u00edcias de Bras\u00edlia, do Brasil e do Mundo\",\"publisher\":{\"@id\":\"https:\\\/\\\/www.notibras.com\\\/site\\\/#organization\"},\"potentialAction\":[{\"@type\":\"SearchAction\",\"target\":{\"@type\":\"EntryPoint\",\"urlTemplate\":\"https:\\\/\\\/www.notibras.com\\\/site\\\/?s={search_term_string}\"},\"query-input\":{\"@type\":\"PropertyValueSpecification\",\"valueRequired\":true,\"valueName\":\"search_term_string\"}}],\"inLanguage\":\"pt-BR\"},{\"@type\":\"Organization\",\"@id\":\"https:\\\/\\\/www.notibras.com\\\/site\\\/#organization\",\"name\":\"Grupo Notibras de Comunica\u00e7\u00e3o\",\"url\":\"https:\\\/\\\/www.notibras.com\\\/site\\\/\",\"logo\":{\"@type\":\"ImageObject\",\"inLanguage\":\"pt-BR\",\"@id\":\"https:\\\/\\\/www.notibras.com\\\/site\\\/#\\\/schema\\\/logo\\\/image\\\/\",\"url\":\"https:\\\/\\\/www.notibras.com\\\/site\\\/wp-content\\\/uploads\\\/2023\\\/01\\\/notibras23.png\",\"contentUrl\":\"https:\\\/\\\/www.notibras.com\\\/site\\\/wp-content\\\/uploads\\\/2023\\\/01\\\/notibras23.png\",\"width\":350,\"height\":87,\"caption\":\"Grupo Notibras de Comunica\u00e7\u00e3o\"},\"image\":{\"@id\":\"https:\\\/\\\/www.notibras.com\\\/site\\\/#\\\/schema\\\/logo\\\/image\\\/\"},\"sameAs\":[\"https:\\\/\\\/www.facebook.com\\\/notibras\\\/\",\"https:\\\/\\\/x.com\\\/Notibras\",\"https:\\\/\\\/www.instagram.com\\\/notibras\\\/\"]},{\"@type\":\"Person\",\"@id\":\"https:\\\/\\\/www.notibras.com\\\/site\\\/#\\\/schema\\\/person\\\/5b7fabf2aedc3ada2105f03b22b4d3dd\",\"name\":\"Eduardo Mart\u00ednez\",\"image\":{\"@type\":\"ImageObject\",\"inLanguage\":\"pt-BR\",\"@id\":\"https:\\\/\\\/secure.gravatar.com\\\/avatar\\\/7902f906289926289cbcda644b5197c796b893c6ffd7b9a536a42d290f7704a0?s=96&d=mm&r=g\",\"url\":\"https:\\\/\\\/secure.gravatar.com\\\/avatar\\\/7902f906289926289cbcda644b5197c796b893c6ffd7b9a536a42d290f7704a0?s=96&d=mm&r=g\",\"contentUrl\":\"https:\\\/\\\/secure.gravatar.com\\\/avatar\\\/7902f906289926289cbcda644b5197c796b893c6ffd7b9a536a42d290f7704a0?s=96&d=mm&r=g\",\"caption\":\"Eduardo Mart\u00ednez\"}}]}<\/script>\n<!-- \/ Yoast SEO plugin. -->","yoast_head_json":{"title":"De volta ao inferno - Notibras","robots":{"index":"index","follow":"follow","max-snippet":"max-snippet:-1","max-image-preview":"max-image-preview:large","max-video-preview":"max-video-preview:-1"},"canonical":"https:\/\/www.notibras.com\/site\/de-volta-ao-inferno\/","og_locale":"pt_BR","og_type":"article","og_title":"De volta ao inferno - Notibras","og_description":"Liverpool, com a experi\u00eancia adquirida desde a adolesc\u00eancia, quando saiu de casa pela primeira vez, vivenciando as mais diversas situa\u00e7\u00f5es, enfrentando dificuldades e at\u00e9 mesmo correndo risco de morte, se sentia cada vez mais \u00e0 vontade no novo ambiente, afinal, adaptar-se a diferentes lugares n\u00e3o era problema para ele, mesmo no papel de imigrante ilegal. [&hellip;]","og_url":"https:\/\/www.notibras.com\/site\/de-volta-ao-inferno\/","og_site_name":"Notibras","article_publisher":"https:\/\/www.facebook.com\/notibras\/","article_published_time":"2026-09-03T04:00:57+00:00","og_image":[{"width":1280,"height":853,"url":"https:\/\/www.notibras.com\/site\/wp-content\/uploads\/2026\/08\/WhatsApp-Image-2026-08-27-at-22.04.30.jpeg","type":"image\/jpeg"}],"author":"Eduardo Mart\u00ednez","twitter_card":"summary_large_image","twitter_creator":"@Notibras","twitter_site":"@Notibras","twitter_misc":{"Escrito por":"Eduardo Mart\u00ednez","Est. tempo de leitura":"6 minutos"},"schema":{"@context":"https:\/\/schema.org","@graph":[{"@type":"Article","@id":"https:\/\/www.notibras.com\/site\/de-volta-ao-inferno\/#article","isPartOf":{"@id":"https:\/\/www.notibras.com\/site\/de-volta-ao-inferno\/"},"author":{"name":"Eduardo Mart\u00ednez","@id":"https:\/\/www.notibras.com\/site\/#\/schema\/person\/5b7fabf2aedc3ada2105f03b22b4d3dd"},"headline":"De volta ao inferno","datePublished":"2026-09-03T04:00:57+00:00","mainEntityOfPage":{"@id":"https:\/\/www.notibras.com\/site\/de-volta-ao-inferno\/"},"wordCount":1054,"publisher":{"@id":"https:\/\/www.notibras.com\/site\/#organization"},"image":{"@id":"https:\/\/www.notibras.com\/site\/de-volta-ao-inferno\/#primaryimage"},"thumbnailUrl":"https:\/\/www.notibras.com\/site\/wp-content\/uploads\/2026\/08\/WhatsApp-Image-2026-08-27-at-22.04.30.jpeg","articleSection":["Caf\u00e9 Liter\u00e1rio"],"inLanguage":"pt-BR"},{"@type":"WebPage","@id":"https:\/\/www.notibras.com\/site\/de-volta-ao-inferno\/","url":"https:\/\/www.notibras.com\/site\/de-volta-ao-inferno\/","name":"De volta ao inferno - Notibras","isPartOf":{"@id":"https:\/\/www.notibras.com\/site\/#website"},"primaryImageOfPage":{"@id":"https:\/\/www.notibras.com\/site\/de-volta-ao-inferno\/#primaryimage"},"image":{"@id":"https:\/\/www.notibras.com\/site\/de-volta-ao-inferno\/#primaryimage"},"thumbnailUrl":"https:\/\/www.notibras.com\/site\/wp-content\/uploads\/2026\/08\/WhatsApp-Image-2026-08-27-at-22.04.30.jpeg","datePublished":"2026-09-03T04:00:57+00:00","breadcrumb":{"@id":"https:\/\/www.notibras.com\/site\/de-volta-ao-inferno\/#breadcrumb"},"inLanguage":"pt-BR","potentialAction":[{"@type":"ReadAction","target":["https:\/\/www.notibras.com\/site\/de-volta-ao-inferno\/"]}]},{"@type":"ImageObject","inLanguage":"pt-BR","@id":"https:\/\/www.notibras.com\/site\/de-volta-ao-inferno\/#primaryimage","url":"https:\/\/www.notibras.com\/site\/wp-content\/uploads\/2026\/08\/WhatsApp-Image-2026-08-27-at-22.04.30.jpeg","contentUrl":"https:\/\/www.notibras.com\/site\/wp-content\/uploads\/2026\/08\/WhatsApp-Image-2026-08-27-at-22.04.30.jpeg","width":1280,"height":853},{"@type":"BreadcrumbList","@id":"https:\/\/www.notibras.com\/site\/de-volta-ao-inferno\/#breadcrumb","itemListElement":[{"@type":"ListItem","position":1,"name":"In\u00edcio","item":"https:\/\/www.notibras.com\/site\/"},{"@type":"ListItem","position":2,"name":"De volta ao inferno"}]},{"@type":"WebSite","@id":"https:\/\/www.notibras.com\/site\/#website","url":"https:\/\/www.notibras.com\/site\/","name":"Notibras","description":"Not\u00edcias de Bras\u00edlia, do Brasil e do Mundo","publisher":{"@id":"https:\/\/www.notibras.com\/site\/#organization"},"potentialAction":[{"@type":"SearchAction","target":{"@type":"EntryPoint","urlTemplate":"https:\/\/www.notibras.com\/site\/?s={search_term_string}"},"query-input":{"@type":"PropertyValueSpecification","valueRequired":true,"valueName":"search_term_string"}}],"inLanguage":"pt-BR"},{"@type":"Organization","@id":"https:\/\/www.notibras.com\/site\/#organization","name":"Grupo Notibras de Comunica\u00e7\u00e3o","url":"https:\/\/www.notibras.com\/site\/","logo":{"@type":"ImageObject","inLanguage":"pt-BR","@id":"https:\/\/www.notibras.com\/site\/#\/schema\/logo\/image\/","url":"https:\/\/www.notibras.com\/site\/wp-content\/uploads\/2023\/01\/notibras23.png","contentUrl":"https:\/\/www.notibras.com\/site\/wp-content\/uploads\/2023\/01\/notibras23.png","width":350,"height":87,"caption":"Grupo Notibras de Comunica\u00e7\u00e3o"},"image":{"@id":"https:\/\/www.notibras.com\/site\/#\/schema\/logo\/image\/"},"sameAs":["https:\/\/www.facebook.com\/notibras\/","https:\/\/x.com\/Notibras","https:\/\/www.instagram.com\/notibras\/"]},{"@type":"Person","@id":"https:\/\/www.notibras.com\/site\/#\/schema\/person\/5b7fabf2aedc3ada2105f03b22b4d3dd","name":"Eduardo Mart\u00ednez","image":{"@type":"ImageObject","inLanguage":"pt-BR","@id":"https:\/\/secure.gravatar.com\/avatar\/7902f906289926289cbcda644b5197c796b893c6ffd7b9a536a42d290f7704a0?s=96&d=mm&r=g","url":"https:\/\/secure.gravatar.com\/avatar\/7902f906289926289cbcda644b5197c796b893c6ffd7b9a536a42d290f7704a0?s=96&d=mm&r=g","contentUrl":"https:\/\/secure.gravatar.com\/avatar\/7902f906289926289cbcda644b5197c796b893c6ffd7b9a536a42d290f7704a0?s=96&d=mm&r=g","caption":"Eduardo Mart\u00ednez"}}]}},"_links":{"self":[{"href":"https:\/\/www.notibras.com\/site\/wp-json\/wp\/v2\/posts\/408387","targetHints":{"allow":["GET"]}}],"collection":[{"href":"https:\/\/www.notibras.com\/site\/wp-json\/wp\/v2\/posts"}],"about":[{"href":"https:\/\/www.notibras.com\/site\/wp-json\/wp\/v2\/types\/post"}],"author":[{"embeddable":true,"href":"https:\/\/www.notibras.com\/site\/wp-json\/wp\/v2\/users\/21"}],"replies":[{"embeddable":true,"href":"https:\/\/www.notibras.com\/site\/wp-json\/wp\/v2\/comments?post=408387"}],"version-history":[{"count":2,"href":"https:\/\/www.notibras.com\/site\/wp-json\/wp\/v2\/posts\/408387\/revisions"}],"predecessor-version":[{"id":408390,"href":"https:\/\/www.notibras.com\/site\/wp-json\/wp\/v2\/posts\/408387\/revisions\/408390"}],"wp:featuredmedia":[{"embeddable":true,"href":"https:\/\/www.notibras.com\/site\/wp-json\/wp\/v2\/media\/408388"}],"wp:attachment":[{"href":"https:\/\/www.notibras.com\/site\/wp-json\/wp\/v2\/media?parent=408387"}],"wp:term":[{"taxonomy":"category","embeddable":true,"href":"https:\/\/www.notibras.com\/site\/wp-json\/wp\/v2\/categories?post=408387"},{"taxonomy":"post_tag","embeddable":true,"href":"https:\/\/www.notibras.com\/site\/wp-json\/wp\/v2\/tags?post=408387"},{"taxonomy":"tmauthors","embeddable":true,"href":"https:\/\/www.notibras.com\/site\/wp-json\/wp\/v2\/tmauthors?post=408387"}],"curies":[{"name":"wp","href":"https:\/\/api.w.org\/{rel}","templated":true}]}}