{"id":408482,"date":"2026-09-02T00:00:14","date_gmt":"2026-09-02T03:00:14","guid":{"rendered":"https:\/\/www.notibras.com\/site\/?p=408482"},"modified":"2026-08-28T14:13:21","modified_gmt":"2026-08-28T17:13:21","slug":"eco-de-um-fogo-que-nao-se-apaga","status":"publish","type":"post","link":"https:\/\/www.notibras.com\/site\/eco-de-um-fogo-que-nao-se-apaga\/","title":{"rendered":"Eco de um fogo que n\u00e3o se apaga"},"content":{"rendered":"<p>Tento apagar-te da mem\u00f3ria,<br \/>\nmas cada suspiro traz de volta o mel dos teus beijos,<br \/>\no veludo dos teus dedos desenhando constela\u00e7\u00f5es na minha pele.<\/p>\n<p>A dist\u00e2ncia \u00e9 um oceano gelado que me separa do teu porto,<br \/>\nonde o calor do teu corpo era mar\u00e9 cheia,<br \/>\ne o teu toque, a \u00fanica \u00e2ncora que me mantinha viva.<br \/>\nA saudade n\u00e3o chega como brisa chega como tempestade,<br \/>\ndevasta os jardins do pensamento,<br \/>\ndeixa o peito em ru\u00ednas de desejo.<\/p>\n<p>Meu corpo clama por ti em sil\u00eancio ensurdecedor,<br \/>\na boca ainda guarda o gosto de fogo l\u00edquido dos teus l\u00e1bios,<br \/>\no eco ardente de um prazer que incendiava a noite inteira.<\/p>\n<p>Restam-me apenas os tesouros gravados na alma:<br \/>\nnoites tecidas de seda e rel\u00e2mpagos,<br \/>\nmomentos em que fui inteira, feliz, plena em teus bra\u00e7os.<\/p>\n<p>Ainda ouso sonhar que o tempo nos devolver\u00e1 o que nos roubou,<br \/>\nmas d\u00favidas dan\u00e7am como sombras em sal\u00f5es vazios,<br \/>\ne eu me torno n\u00f4made entre o ontem e o talvez,<br \/>\nvagando pelo deserto dos rel\u00f3gios que se desfazem em areia infinita.<\/p>\n<p>Quisera eu desmentir o espelho da verdade,<br \/>\ndizer que ainda \u00e9s meu como antes,<br \/>\nque o medo n\u00e3o te transformou em n\u00e9voa entre meus dedos.<\/p>\n<p>Mas cada palavra tua revela o lento esvaecimento,<br \/>\ncomo rio que foge para o mar sem olhar para tr\u00e1s.<br \/>\nSei que a felicidade cobra ped\u00e1gio em moedas de dor:<br \/>\ndecep\u00e7\u00f5es que viraram espinhos,<br \/>\ningratid\u00f5es que endureceram a terra do cora\u00e7\u00e3o,<br \/>\nfrustra\u00e7\u00f5es que cavaram abismos onde antes havia luz.<\/p>\n<p>Esse medo te sufoca como hera escura,<br \/>\nestrangulando a vontade de florescer novamente.<br \/>\nPor\u00e9m eu te amo com a for\u00e7a de quem compreendeu o mapa inteiro das tuas cicatrizes.<\/p>\n<p>Meu amor \u00e9 b\u00e1lsamo de lua cheia,<br \/>\nrem\u00e9dio de estrelas mo\u00eddas,<br \/>\no \u00fanico elixir capaz de fechar feridas que ainda sangram ao luar.<\/p>\n<p>\u00c9 vulc\u00e3o que desperta depois de s\u00e9culos de sono,<br \/>\n\u00e9 rio subterr\u00e2neo que encontra caminho mesmo sob rochas.<br \/>\nSe me permitires, entrego-te este amor sem fronteiras,<br \/>\nsem reservas, sem medidas,<br \/>\ncom a intensidade de um Kelud que irrompe em chamas e renova a terra.<\/p>\n<p>Que ele seja teu ref\u00fagio, teu rem\u00e9dio, tua primavera tardia.<br \/>\nAssim te amo:<br \/>\ninteira,<br \/>\neterna,<br \/>\nsem medo de amanh\u00e3.<\/p>\n","protected":false},"excerpt":{"rendered":"<p>Tento apagar-te da mem\u00f3ria, mas cada suspiro traz de volta o mel dos teus beijos, o veludo dos teus dedos desenhando constela\u00e7\u00f5es na minha pele. A dist\u00e2ncia \u00e9 um oceano gelado que me separa do teu porto, onde o calor do teu corpo era mar\u00e9 cheia, e o teu toque, a \u00fanica \u00e2ncora que me [&hellip;]<\/p>\n","protected":false},"author":21,"featured_media":408483,"comment_status":"closed","ping_status":"closed","sticky":false,"template":"","format":"standard","meta":{"_acf_changed":false,"footnotes":""},"categories":[234],"tags":[],"tmauthors":[306],"class_list":["post-408482","post","type-post","status-publish","format-standard","has-post-thumbnail","category-cafe-literario"],"acf":[],"yoast_head":"<!-- This site is optimized with the Yoast SEO plugin v28.0 - https:\/\/yoast.com\/product\/yoast-seo-wordpress\/ -->\n<title>Eco de um fogo que n\u00e3o se apaga - Notibras<\/title>\n<meta name=\"robots\" content=\"index, follow, max-snippet:-1, max-image-preview:large, max-video-preview:-1\" \/>\n<link rel=\"canonical\" href=\"https:\/\/www.notibras.com\/site\/eco-de-um-fogo-que-nao-se-apaga\/\" \/>\n<meta property=\"og:locale\" content=\"pt_BR\" \/>\n<meta property=\"og:type\" content=\"article\" \/>\n<meta property=\"og:title\" content=\"Eco de um fogo que n\u00e3o se apaga - Notibras\" \/>\n<meta property=\"og:description\" content=\"Tento apagar-te da mem\u00f3ria, mas cada suspiro traz de volta o mel dos teus beijos, o veludo dos teus dedos desenhando constela\u00e7\u00f5es na minha pele. A dist\u00e2ncia \u00e9 um oceano gelado que me separa do teu porto, onde o calor do teu corpo era mar\u00e9 cheia, e o teu toque, a \u00fanica \u00e2ncora que me [&hellip;]\" \/>\n<meta property=\"og:url\" content=\"https:\/\/www.notibras.com\/site\/eco-de-um-fogo-que-nao-se-apaga\/\" \/>\n<meta property=\"og:site_name\" content=\"Notibras\" \/>\n<meta property=\"article:publisher\" content=\"https:\/\/www.facebook.com\/notibras\/\" \/>\n<meta property=\"article:published_time\" content=\"2026-09-02T03:00:14+00:00\" \/>\n<meta property=\"og:image\" content=\"https:\/\/www.notibras.com\/site\/wp-content\/uploads\/2026\/08\/WhatsApp-Image-2026-08-28-at-14.12.21.jpeg\" \/>\n\t<meta property=\"og:image:width\" content=\"1280\" \/>\n\t<meta property=\"og:image:height\" content=\"853\" \/>\n\t<meta property=\"og:image:type\" content=\"image\/jpeg\" \/>\n<meta name=\"author\" content=\"Eduardo Mart\u00ednez\" \/>\n<meta name=\"twitter:card\" content=\"summary_large_image\" \/>\n<meta name=\"twitter:creator\" content=\"@Notibras\" \/>\n<meta name=\"twitter:site\" content=\"@Notibras\" \/>\n<meta name=\"twitter:label1\" content=\"Escrito por\" \/>\n\t<meta name=\"twitter:data1\" content=\"Eduardo Mart\u00ednez\" \/>\n\t<meta name=\"twitter:label2\" content=\"Est. tempo de leitura\" \/>\n\t<meta name=\"twitter:data2\" content=\"3 minutos\" \/>\n<script type=\"application\/ld+json\" class=\"yoast-schema-graph\">{\"@context\":\"https:\\\/\\\/schema.org\",\"@graph\":[{\"@type\":\"Article\",\"@id\":\"https:\\\/\\\/www.notibras.com\\\/site\\\/eco-de-um-fogo-que-nao-se-apaga\\\/#article\",\"isPartOf\":{\"@id\":\"https:\\\/\\\/www.notibras.com\\\/site\\\/eco-de-um-fogo-que-nao-se-apaga\\\/\"},\"author\":{\"name\":\"Eduardo Mart\u00ednez\",\"@id\":\"https:\\\/\\\/www.notibras.com\\\/site\\\/#\\\/schema\\\/person\\\/5b7fabf2aedc3ada2105f03b22b4d3dd\"},\"headline\":\"Eco de um fogo que n\u00e3o se apaga\",\"datePublished\":\"2026-09-02T03:00:14+00:00\",\"mainEntityOfPage\":{\"@id\":\"https:\\\/\\\/www.notibras.com\\\/site\\\/eco-de-um-fogo-que-nao-se-apaga\\\/\"},\"wordCount\":400,\"publisher\":{\"@id\":\"https:\\\/\\\/www.notibras.com\\\/site\\\/#organization\"},\"image\":{\"@id\":\"https:\\\/\\\/www.notibras.com\\\/site\\\/eco-de-um-fogo-que-nao-se-apaga\\\/#primaryimage\"},\"thumbnailUrl\":\"https:\\\/\\\/www.notibras.com\\\/site\\\/wp-content\\\/uploads\\\/2026\\\/08\\\/WhatsApp-Image-2026-08-28-at-14.12.21.jpeg\",\"articleSection\":[\"Caf\u00e9 Liter\u00e1rio\"],\"inLanguage\":\"pt-BR\"},{\"@type\":\"WebPage\",\"@id\":\"https:\\\/\\\/www.notibras.com\\\/site\\\/eco-de-um-fogo-que-nao-se-apaga\\\/\",\"url\":\"https:\\\/\\\/www.notibras.com\\\/site\\\/eco-de-um-fogo-que-nao-se-apaga\\\/\",\"name\":\"Eco de um fogo que n\u00e3o se apaga - Notibras\",\"isPartOf\":{\"@id\":\"https:\\\/\\\/www.notibras.com\\\/site\\\/#website\"},\"primaryImageOfPage\":{\"@id\":\"https:\\\/\\\/www.notibras.com\\\/site\\\/eco-de-um-fogo-que-nao-se-apaga\\\/#primaryimage\"},\"image\":{\"@id\":\"https:\\\/\\\/www.notibras.com\\\/site\\\/eco-de-um-fogo-que-nao-se-apaga\\\/#primaryimage\"},\"thumbnailUrl\":\"https:\\\/\\\/www.notibras.com\\\/site\\\/wp-content\\\/uploads\\\/2026\\\/08\\\/WhatsApp-Image-2026-08-28-at-14.12.21.jpeg\",\"datePublished\":\"2026-09-02T03:00:14+00:00\",\"breadcrumb\":{\"@id\":\"https:\\\/\\\/www.notibras.com\\\/site\\\/eco-de-um-fogo-que-nao-se-apaga\\\/#breadcrumb\"},\"inLanguage\":\"pt-BR\",\"potentialAction\":[{\"@type\":\"ReadAction\",\"target\":[\"https:\\\/\\\/www.notibras.com\\\/site\\\/eco-de-um-fogo-que-nao-se-apaga\\\/\"]}]},{\"@type\":\"ImageObject\",\"inLanguage\":\"pt-BR\",\"@id\":\"https:\\\/\\\/www.notibras.com\\\/site\\\/eco-de-um-fogo-que-nao-se-apaga\\\/#primaryimage\",\"url\":\"https:\\\/\\\/www.notibras.com\\\/site\\\/wp-content\\\/uploads\\\/2026\\\/08\\\/WhatsApp-Image-2026-08-28-at-14.12.21.jpeg\",\"contentUrl\":\"https:\\\/\\\/www.notibras.com\\\/site\\\/wp-content\\\/uploads\\\/2026\\\/08\\\/WhatsApp-Image-2026-08-28-at-14.12.21.jpeg\",\"width\":1280,\"height\":853},{\"@type\":\"BreadcrumbList\",\"@id\":\"https:\\\/\\\/www.notibras.com\\\/site\\\/eco-de-um-fogo-que-nao-se-apaga\\\/#breadcrumb\",\"itemListElement\":[{\"@type\":\"ListItem\",\"position\":1,\"name\":\"In\u00edcio\",\"item\":\"https:\\\/\\\/www.notibras.com\\\/site\\\/\"},{\"@type\":\"ListItem\",\"position\":2,\"name\":\"Eco de um fogo que n\u00e3o se apaga\"}]},{\"@type\":\"WebSite\",\"@id\":\"https:\\\/\\\/www.notibras.com\\\/site\\\/#website\",\"url\":\"https:\\\/\\\/www.notibras.com\\\/site\\\/\",\"name\":\"Notibras\",\"description\":\"Not\u00edcias de Bras\u00edlia, do Brasil e do Mundo\",\"publisher\":{\"@id\":\"https:\\\/\\\/www.notibras.com\\\/site\\\/#organization\"},\"potentialAction\":[{\"@type\":\"SearchAction\",\"target\":{\"@type\":\"EntryPoint\",\"urlTemplate\":\"https:\\\/\\\/www.notibras.com\\\/site\\\/?s={search_term_string}\"},\"query-input\":{\"@type\":\"PropertyValueSpecification\",\"valueRequired\":true,\"valueName\":\"search_term_string\"}}],\"inLanguage\":\"pt-BR\"},{\"@type\":\"Organization\",\"@id\":\"https:\\\/\\\/www.notibras.com\\\/site\\\/#organization\",\"name\":\"Grupo Notibras de Comunica\u00e7\u00e3o\",\"url\":\"https:\\\/\\\/www.notibras.com\\\/site\\\/\",\"logo\":{\"@type\":\"ImageObject\",\"inLanguage\":\"pt-BR\",\"@id\":\"https:\\\/\\\/www.notibras.com\\\/site\\\/#\\\/schema\\\/logo\\\/image\\\/\",\"url\":\"https:\\\/\\\/www.notibras.com\\\/site\\\/wp-content\\\/uploads\\\/2023\\\/01\\\/notibras23.png\",\"contentUrl\":\"https:\\\/\\\/www.notibras.com\\\/site\\\/wp-content\\\/uploads\\\/2023\\\/01\\\/notibras23.png\",\"width\":350,\"height\":87,\"caption\":\"Grupo Notibras de Comunica\u00e7\u00e3o\"},\"image\":{\"@id\":\"https:\\\/\\\/www.notibras.com\\\/site\\\/#\\\/schema\\\/logo\\\/image\\\/\"},\"sameAs\":[\"https:\\\/\\\/www.facebook.com\\\/notibras\\\/\",\"https:\\\/\\\/x.com\\\/Notibras\",\"https:\\\/\\\/www.instagram.com\\\/notibras\\\/\"]},{\"@type\":\"Person\",\"@id\":\"https:\\\/\\\/www.notibras.com\\\/site\\\/#\\\/schema\\\/person\\\/5b7fabf2aedc3ada2105f03b22b4d3dd\",\"name\":\"Eduardo Mart\u00ednez\",\"image\":{\"@type\":\"ImageObject\",\"inLanguage\":\"pt-BR\",\"@id\":\"https:\\\/\\\/secure.gravatar.com\\\/avatar\\\/7902f906289926289cbcda644b5197c796b893c6ffd7b9a536a42d290f7704a0?s=96&d=mm&r=g\",\"url\":\"https:\\\/\\\/secure.gravatar.com\\\/avatar\\\/7902f906289926289cbcda644b5197c796b893c6ffd7b9a536a42d290f7704a0?s=96&d=mm&r=g\",\"contentUrl\":\"https:\\\/\\\/secure.gravatar.com\\\/avatar\\\/7902f906289926289cbcda644b5197c796b893c6ffd7b9a536a42d290f7704a0?s=96&d=mm&r=g\",\"caption\":\"Eduardo Mart\u00ednez\"}}]}<\/script>\n<!-- \/ Yoast SEO plugin. -->","yoast_head_json":{"title":"Eco de um fogo que n\u00e3o se apaga - Notibras","robots":{"index":"index","follow":"follow","max-snippet":"max-snippet:-1","max-image-preview":"max-image-preview:large","max-video-preview":"max-video-preview:-1"},"canonical":"https:\/\/www.notibras.com\/site\/eco-de-um-fogo-que-nao-se-apaga\/","og_locale":"pt_BR","og_type":"article","og_title":"Eco de um fogo que n\u00e3o se apaga - Notibras","og_description":"Tento apagar-te da mem\u00f3ria, mas cada suspiro traz de volta o mel dos teus beijos, o veludo dos teus dedos desenhando constela\u00e7\u00f5es na minha pele. A dist\u00e2ncia \u00e9 um oceano gelado que me separa do teu porto, onde o calor do teu corpo era mar\u00e9 cheia, e o teu toque, a \u00fanica \u00e2ncora que me [&hellip;]","og_url":"https:\/\/www.notibras.com\/site\/eco-de-um-fogo-que-nao-se-apaga\/","og_site_name":"Notibras","article_publisher":"https:\/\/www.facebook.com\/notibras\/","article_published_time":"2026-09-02T03:00:14+00:00","og_image":[{"width":1280,"height":853,"url":"https:\/\/www.notibras.com\/site\/wp-content\/uploads\/2026\/08\/WhatsApp-Image-2026-08-28-at-14.12.21.jpeg","type":"image\/jpeg"}],"author":"Eduardo Mart\u00ednez","twitter_card":"summary_large_image","twitter_creator":"@Notibras","twitter_site":"@Notibras","twitter_misc":{"Escrito por":"Eduardo Mart\u00ednez","Est. tempo de leitura":"3 minutos"},"schema":{"@context":"https:\/\/schema.org","@graph":[{"@type":"Article","@id":"https:\/\/www.notibras.com\/site\/eco-de-um-fogo-que-nao-se-apaga\/#article","isPartOf":{"@id":"https:\/\/www.notibras.com\/site\/eco-de-um-fogo-que-nao-se-apaga\/"},"author":{"name":"Eduardo Mart\u00ednez","@id":"https:\/\/www.notibras.com\/site\/#\/schema\/person\/5b7fabf2aedc3ada2105f03b22b4d3dd"},"headline":"Eco de um fogo que n\u00e3o se apaga","datePublished":"2026-09-02T03:00:14+00:00","mainEntityOfPage":{"@id":"https:\/\/www.notibras.com\/site\/eco-de-um-fogo-que-nao-se-apaga\/"},"wordCount":400,"publisher":{"@id":"https:\/\/www.notibras.com\/site\/#organization"},"image":{"@id":"https:\/\/www.notibras.com\/site\/eco-de-um-fogo-que-nao-se-apaga\/#primaryimage"},"thumbnailUrl":"https:\/\/www.notibras.com\/site\/wp-content\/uploads\/2026\/08\/WhatsApp-Image-2026-08-28-at-14.12.21.jpeg","articleSection":["Caf\u00e9 Liter\u00e1rio"],"inLanguage":"pt-BR"},{"@type":"WebPage","@id":"https:\/\/www.notibras.com\/site\/eco-de-um-fogo-que-nao-se-apaga\/","url":"https:\/\/www.notibras.com\/site\/eco-de-um-fogo-que-nao-se-apaga\/","name":"Eco de um fogo que n\u00e3o se apaga - Notibras","isPartOf":{"@id":"https:\/\/www.notibras.com\/site\/#website"},"primaryImageOfPage":{"@id":"https:\/\/www.notibras.com\/site\/eco-de-um-fogo-que-nao-se-apaga\/#primaryimage"},"image":{"@id":"https:\/\/www.notibras.com\/site\/eco-de-um-fogo-que-nao-se-apaga\/#primaryimage"},"thumbnailUrl":"https:\/\/www.notibras.com\/site\/wp-content\/uploads\/2026\/08\/WhatsApp-Image-2026-08-28-at-14.12.21.jpeg","datePublished":"2026-09-02T03:00:14+00:00","breadcrumb":{"@id":"https:\/\/www.notibras.com\/site\/eco-de-um-fogo-que-nao-se-apaga\/#breadcrumb"},"inLanguage":"pt-BR","potentialAction":[{"@type":"ReadAction","target":["https:\/\/www.notibras.com\/site\/eco-de-um-fogo-que-nao-se-apaga\/"]}]},{"@type":"ImageObject","inLanguage":"pt-BR","@id":"https:\/\/www.notibras.com\/site\/eco-de-um-fogo-que-nao-se-apaga\/#primaryimage","url":"https:\/\/www.notibras.com\/site\/wp-content\/uploads\/2026\/08\/WhatsApp-Image-2026-08-28-at-14.12.21.jpeg","contentUrl":"https:\/\/www.notibras.com\/site\/wp-content\/uploads\/2026\/08\/WhatsApp-Image-2026-08-28-at-14.12.21.jpeg","width":1280,"height":853},{"@type":"BreadcrumbList","@id":"https:\/\/www.notibras.com\/site\/eco-de-um-fogo-que-nao-se-apaga\/#breadcrumb","itemListElement":[{"@type":"ListItem","position":1,"name":"In\u00edcio","item":"https:\/\/www.notibras.com\/site\/"},{"@type":"ListItem","position":2,"name":"Eco de um fogo que n\u00e3o se apaga"}]},{"@type":"WebSite","@id":"https:\/\/www.notibras.com\/site\/#website","url":"https:\/\/www.notibras.com\/site\/","name":"Notibras","description":"Not\u00edcias de Bras\u00edlia, do Brasil e do Mundo","publisher":{"@id":"https:\/\/www.notibras.com\/site\/#organization"},"potentialAction":[{"@type":"SearchAction","target":{"@type":"EntryPoint","urlTemplate":"https:\/\/www.notibras.com\/site\/?s={search_term_string}"},"query-input":{"@type":"PropertyValueSpecification","valueRequired":true,"valueName":"search_term_string"}}],"inLanguage":"pt-BR"},{"@type":"Organization","@id":"https:\/\/www.notibras.com\/site\/#organization","name":"Grupo Notibras de Comunica\u00e7\u00e3o","url":"https:\/\/www.notibras.com\/site\/","logo":{"@type":"ImageObject","inLanguage":"pt-BR","@id":"https:\/\/www.notibras.com\/site\/#\/schema\/logo\/image\/","url":"https:\/\/www.notibras.com\/site\/wp-content\/uploads\/2023\/01\/notibras23.png","contentUrl":"https:\/\/www.notibras.com\/site\/wp-content\/uploads\/2023\/01\/notibras23.png","width":350,"height":87,"caption":"Grupo Notibras de Comunica\u00e7\u00e3o"},"image":{"@id":"https:\/\/www.notibras.com\/site\/#\/schema\/logo\/image\/"},"sameAs":["https:\/\/www.facebook.com\/notibras\/","https:\/\/x.com\/Notibras","https:\/\/www.instagram.com\/notibras\/"]},{"@type":"Person","@id":"https:\/\/www.notibras.com\/site\/#\/schema\/person\/5b7fabf2aedc3ada2105f03b22b4d3dd","name":"Eduardo Mart\u00ednez","image":{"@type":"ImageObject","inLanguage":"pt-BR","@id":"https:\/\/secure.gravatar.com\/avatar\/7902f906289926289cbcda644b5197c796b893c6ffd7b9a536a42d290f7704a0?s=96&d=mm&r=g","url":"https:\/\/secure.gravatar.com\/avatar\/7902f906289926289cbcda644b5197c796b893c6ffd7b9a536a42d290f7704a0?s=96&d=mm&r=g","contentUrl":"https:\/\/secure.gravatar.com\/avatar\/7902f906289926289cbcda644b5197c796b893c6ffd7b9a536a42d290f7704a0?s=96&d=mm&r=g","caption":"Eduardo Mart\u00ednez"}}]}},"_links":{"self":[{"href":"https:\/\/www.notibras.com\/site\/wp-json\/wp\/v2\/posts\/408482","targetHints":{"allow":["GET"]}}],"collection":[{"href":"https:\/\/www.notibras.com\/site\/wp-json\/wp\/v2\/posts"}],"about":[{"href":"https:\/\/www.notibras.com\/site\/wp-json\/wp\/v2\/types\/post"}],"author":[{"embeddable":true,"href":"https:\/\/www.notibras.com\/site\/wp-json\/wp\/v2\/users\/21"}],"replies":[{"embeddable":true,"href":"https:\/\/www.notibras.com\/site\/wp-json\/wp\/v2\/comments?post=408482"}],"version-history":[{"count":2,"href":"https:\/\/www.notibras.com\/site\/wp-json\/wp\/v2\/posts\/408482\/revisions"}],"predecessor-version":[{"id":408485,"href":"https:\/\/www.notibras.com\/site\/wp-json\/wp\/v2\/posts\/408482\/revisions\/408485"}],"wp:featuredmedia":[{"embeddable":true,"href":"https:\/\/www.notibras.com\/site\/wp-json\/wp\/v2\/media\/408483"}],"wp:attachment":[{"href":"https:\/\/www.notibras.com\/site\/wp-json\/wp\/v2\/media?parent=408482"}],"wp:term":[{"taxonomy":"category","embeddable":true,"href":"https:\/\/www.notibras.com\/site\/wp-json\/wp\/v2\/categories?post=408482"},{"taxonomy":"post_tag","embeddable":true,"href":"https:\/\/www.notibras.com\/site\/wp-json\/wp\/v2\/tags?post=408482"},{"taxonomy":"tmauthors","embeddable":true,"href":"https:\/\/www.notibras.com\/site\/wp-json\/wp\/v2\/tmauthors?post=408482"}],"curies":[{"name":"wp","href":"https:\/\/api.w.org\/{rel}","templated":true}]}}