{"id":408494,"date":"2026-09-01T00:15:53","date_gmt":"2026-09-01T03:15:53","guid":{"rendered":"https:\/\/www.notibras.com\/site\/?p=408494"},"modified":"2026-08-28T14:55:11","modified_gmt":"2026-08-28T17:55:11","slug":"a-despedida-do-tiziu","status":"publish","type":"post","link":"https:\/\/www.notibras.com\/site\/a-despedida-do-tiziu\/","title":{"rendered":"A despedida do Tiziu"},"content":{"rendered":"<p>O pai chegou em casa meio endemoninhado. Era tarde de agosto e o m\u00eas do cachorro-louco acho que mexeu com ele.<\/p>\n<p>&#8220;Vamos l\u00e1, pois o Tiziu morreu&#8221; -, disse o pai.<\/p>\n<p>Naquele tempo eu j\u00e1 estava acostumado com as loucuras de pedra e os rituais alucinados de nossos pais em rela\u00e7\u00e3o aos vel\u00f3rios.<\/p>\n<p>Tiziu era um negro mec\u00e2nico e muito pobre; jogava no mesmo time de futebol de v\u00e1rzea que eu, o Bonsussesso \u2013 assim mesmo \u00e9 que se escrevia, com tantos &#8220;esses&#8221; \u2013 mas o fato \u00e9 que fomos l\u00e1: eu, o pai e o Divino, o nosso agregado da fam\u00edlia desde sempre.<\/p>\n<p>Chegamos na Vila Ind\u00fastria e a casa era lament\u00e1vel: parava em p\u00e9 por pura sorte.<\/p>\n<p>Logo na chegada o &#8220;senhor Motinha&#8221; foi saldado com urras de louvor. Ningu\u00e9m de &#8220;figur\u00e3o&#8221; foi l\u00e1 ver o Tiziu; apenas o &#8220;seu&#8221; Motinha, o pai do Marinho e do Beto, e levamos, de quebra, o Divino. Ah! O Divino, sempre ele.<\/p>\n<p>Percebemos algo grave logo na chegada: n\u00e3o havia caix\u00e3o e o corpo do Tiziu estava sobre uma mesa de pernas bambas com quatro velas no entorno. Fiquei indignado; afinal, Tiziu salvara tantos gols contra o nosso time que o meu pai teria de fazer alguma coisa.<\/p>\n<p>\u2013 Divino, vai l\u00e1 no Ademir e manda ele trazer um caix\u00e3o decente para o rapaz- ordenou o &#8220;seu&#8221; Motinha.<\/p>\n<p>Saudades do pai, que nessas horas tinha a no\u00e7\u00e3o perfeita da dignidade humana. Mesmo porque tratava-se de despachar o pobre Tiziu para uma melhor. O problema repousava novamente em confiar ao Divin\u00e3o a tarefa mais importante.<\/p>\n<p>Oito da manh\u00e3 chega o Divino com o caix\u00e3o, completamente b\u00eabado e soltando roj\u00f5es. Tentamos colocar o Tiziu dentro, mas devido aos efeitos do vinho barato ao longo da madrugada de vel\u00f3rio, conseguimos apenas derrubar o corpo do esticado neguinho Tiziu no ch\u00e3o de t\u00e1buas carcomidas. Horas depois, &#8220;embalamos&#8221; o Tiziu como presente aos c\u00e9us, pois, sem d\u00favida, ele iria mesmo para l\u00e1.<\/p>\n<p>Anos depois, o pai achava melhor n\u00e3o falar sobre esta hist\u00f3ria, pois eu tinha apenas 13 anos de idade e ele deveria ter me dado o melhor exemplo. E deu mesmo: humanidade.<\/p>\n<p>Voltamos para o hotel; a m\u00e3e fez caf\u00e9, nos deu um beijo quentinho e colocamos o Divino para dormir. Ressacas de vel\u00f3rios s\u00e3o sempre as piores. Vai-se o grande amigo; fica a dor de cabe\u00e7a e, na boca, aquele gosto de cabo de guarda-chuva.<\/p>\n<p><strong>&#8230;&#8230;&#8230;&#8230;&#8230;&#8230;&#8230;&#8230;..<\/strong><\/p>\n<p><strong>Gilberto Motta \u00e9 escritor, jornalista, pesquisador de vel\u00f3rios e outros jogos da vida e da morte. Ama o futebol e foi Supercampe\u00e3o \u2013 com o Tiziu -, na V\u00e1rzea de Tup\u00e3, interior de SP, anos 60\/70. Vive na Guarda do Emba\u00fa, litoral de SC.<\/strong><\/p>\n","protected":false},"excerpt":{"rendered":"<p>O pai chegou em casa meio endemoninhado. Era tarde de agosto e o m\u00eas do cachorro-louco acho que mexeu com ele. &#8220;Vamos l\u00e1, pois o Tiziu morreu&#8221; -, disse o pai. Naquele tempo eu j\u00e1 estava acostumado com as loucuras de pedra e os rituais alucinados de nossos pais em rela\u00e7\u00e3o aos vel\u00f3rios. Tiziu era [&hellip;]<\/p>\n","protected":false},"author":21,"featured_media":408495,"comment_status":"closed","ping_status":"closed","sticky":false,"template":"","format":"standard","meta":{"_acf_changed":false,"footnotes":""},"categories":[234],"tags":[],"tmauthors":[306],"class_list":["post-408494","post","type-post","status-publish","format-standard","has-post-thumbnail","category-cafe-literario"],"acf":[],"yoast_head":"<!-- This site is optimized with the Yoast SEO plugin v28.0 - https:\/\/yoast.com\/product\/yoast-seo-wordpress\/ -->\n<title>A despedida do Tiziu - Notibras<\/title>\n<meta name=\"robots\" content=\"index, follow, max-snippet:-1, max-image-preview:large, max-video-preview:-1\" \/>\n<link rel=\"canonical\" href=\"https:\/\/www.notibras.com\/site\/a-despedida-do-tiziu\/\" \/>\n<meta property=\"og:locale\" content=\"pt_BR\" \/>\n<meta property=\"og:type\" content=\"article\" \/>\n<meta property=\"og:title\" content=\"A despedida do Tiziu - Notibras\" \/>\n<meta property=\"og:description\" content=\"O pai chegou em casa meio endemoninhado. Era tarde de agosto e o m\u00eas do cachorro-louco acho que mexeu com ele. &#8220;Vamos l\u00e1, pois o Tiziu morreu&#8221; -, disse o pai. Naquele tempo eu j\u00e1 estava acostumado com as loucuras de pedra e os rituais alucinados de nossos pais em rela\u00e7\u00e3o aos vel\u00f3rios. Tiziu era [&hellip;]\" \/>\n<meta property=\"og:url\" content=\"https:\/\/www.notibras.com\/site\/a-despedida-do-tiziu\/\" \/>\n<meta property=\"og:site_name\" content=\"Notibras\" \/>\n<meta property=\"article:publisher\" content=\"https:\/\/www.facebook.com\/notibras\/\" \/>\n<meta property=\"article:published_time\" content=\"2026-09-01T03:15:53+00:00\" \/>\n<meta property=\"og:image\" content=\"https:\/\/www.notibras.com\/site\/wp-content\/uploads\/2026\/08\/image-4.png\" \/>\n\t<meta property=\"og:image:width\" content=\"720\" \/>\n\t<meta property=\"og:image:height\" content=\"720\" \/>\n\t<meta property=\"og:image:type\" content=\"image\/png\" \/>\n<meta name=\"author\" content=\"Eduardo Mart\u00ednez\" \/>\n<meta name=\"twitter:card\" content=\"summary_large_image\" \/>\n<meta name=\"twitter:creator\" content=\"@Notibras\" \/>\n<meta name=\"twitter:site\" content=\"@Notibras\" \/>\n<meta name=\"twitter:label1\" content=\"Escrito por\" \/>\n\t<meta name=\"twitter:data1\" content=\"Eduardo Mart\u00ednez\" \/>\n\t<meta name=\"twitter:label2\" content=\"Est. tempo de leitura\" \/>\n\t<meta name=\"twitter:data2\" content=\"3 minutos\" \/>\n<script type=\"application\/ld+json\" class=\"yoast-schema-graph\">{\"@context\":\"https:\\\/\\\/schema.org\",\"@graph\":[{\"@type\":\"Article\",\"@id\":\"https:\\\/\\\/www.notibras.com\\\/site\\\/a-despedida-do-tiziu\\\/#article\",\"isPartOf\":{\"@id\":\"https:\\\/\\\/www.notibras.com\\\/site\\\/a-despedida-do-tiziu\\\/\"},\"author\":{\"name\":\"Eduardo Mart\u00ednez\",\"@id\":\"https:\\\/\\\/www.notibras.com\\\/site\\\/#\\\/schema\\\/person\\\/5b7fabf2aedc3ada2105f03b22b4d3dd\"},\"headline\":\"A despedida do Tiziu\",\"datePublished\":\"2026-09-01T03:15:53+00:00\",\"mainEntityOfPage\":{\"@id\":\"https:\\\/\\\/www.notibras.com\\\/site\\\/a-despedida-do-tiziu\\\/\"},\"wordCount\":473,\"publisher\":{\"@id\":\"https:\\\/\\\/www.notibras.com\\\/site\\\/#organization\"},\"image\":{\"@id\":\"https:\\\/\\\/www.notibras.com\\\/site\\\/a-despedida-do-tiziu\\\/#primaryimage\"},\"thumbnailUrl\":\"https:\\\/\\\/www.notibras.com\\\/site\\\/wp-content\\\/uploads\\\/2026\\\/08\\\/image-4.png\",\"articleSection\":[\"Caf\u00e9 Liter\u00e1rio\"],\"inLanguage\":\"pt-BR\"},{\"@type\":\"WebPage\",\"@id\":\"https:\\\/\\\/www.notibras.com\\\/site\\\/a-despedida-do-tiziu\\\/\",\"url\":\"https:\\\/\\\/www.notibras.com\\\/site\\\/a-despedida-do-tiziu\\\/\",\"name\":\"A despedida do Tiziu - Notibras\",\"isPartOf\":{\"@id\":\"https:\\\/\\\/www.notibras.com\\\/site\\\/#website\"},\"primaryImageOfPage\":{\"@id\":\"https:\\\/\\\/www.notibras.com\\\/site\\\/a-despedida-do-tiziu\\\/#primaryimage\"},\"image\":{\"@id\":\"https:\\\/\\\/www.notibras.com\\\/site\\\/a-despedida-do-tiziu\\\/#primaryimage\"},\"thumbnailUrl\":\"https:\\\/\\\/www.notibras.com\\\/site\\\/wp-content\\\/uploads\\\/2026\\\/08\\\/image-4.png\",\"datePublished\":\"2026-09-01T03:15:53+00:00\",\"breadcrumb\":{\"@id\":\"https:\\\/\\\/www.notibras.com\\\/site\\\/a-despedida-do-tiziu\\\/#breadcrumb\"},\"inLanguage\":\"pt-BR\",\"potentialAction\":[{\"@type\":\"ReadAction\",\"target\":[\"https:\\\/\\\/www.notibras.com\\\/site\\\/a-despedida-do-tiziu\\\/\"]}]},{\"@type\":\"ImageObject\",\"inLanguage\":\"pt-BR\",\"@id\":\"https:\\\/\\\/www.notibras.com\\\/site\\\/a-despedida-do-tiziu\\\/#primaryimage\",\"url\":\"https:\\\/\\\/www.notibras.com\\\/site\\\/wp-content\\\/uploads\\\/2026\\\/08\\\/image-4.png\",\"contentUrl\":\"https:\\\/\\\/www.notibras.com\\\/site\\\/wp-content\\\/uploads\\\/2026\\\/08\\\/image-4.png\",\"width\":720,\"height\":720},{\"@type\":\"BreadcrumbList\",\"@id\":\"https:\\\/\\\/www.notibras.com\\\/site\\\/a-despedida-do-tiziu\\\/#breadcrumb\",\"itemListElement\":[{\"@type\":\"ListItem\",\"position\":1,\"name\":\"In\u00edcio\",\"item\":\"https:\\\/\\\/www.notibras.com\\\/site\\\/\"},{\"@type\":\"ListItem\",\"position\":2,\"name\":\"A despedida do Tiziu\"}]},{\"@type\":\"WebSite\",\"@id\":\"https:\\\/\\\/www.notibras.com\\\/site\\\/#website\",\"url\":\"https:\\\/\\\/www.notibras.com\\\/site\\\/\",\"name\":\"Notibras\",\"description\":\"Not\u00edcias de Bras\u00edlia, do Brasil e do Mundo\",\"publisher\":{\"@id\":\"https:\\\/\\\/www.notibras.com\\\/site\\\/#organization\"},\"potentialAction\":[{\"@type\":\"SearchAction\",\"target\":{\"@type\":\"EntryPoint\",\"urlTemplate\":\"https:\\\/\\\/www.notibras.com\\\/site\\\/?s={search_term_string}\"},\"query-input\":{\"@type\":\"PropertyValueSpecification\",\"valueRequired\":true,\"valueName\":\"search_term_string\"}}],\"inLanguage\":\"pt-BR\"},{\"@type\":\"Organization\",\"@id\":\"https:\\\/\\\/www.notibras.com\\\/site\\\/#organization\",\"name\":\"Grupo Notibras de Comunica\u00e7\u00e3o\",\"url\":\"https:\\\/\\\/www.notibras.com\\\/site\\\/\",\"logo\":{\"@type\":\"ImageObject\",\"inLanguage\":\"pt-BR\",\"@id\":\"https:\\\/\\\/www.notibras.com\\\/site\\\/#\\\/schema\\\/logo\\\/image\\\/\",\"url\":\"https:\\\/\\\/www.notibras.com\\\/site\\\/wp-content\\\/uploads\\\/2023\\\/01\\\/notibras23.png\",\"contentUrl\":\"https:\\\/\\\/www.notibras.com\\\/site\\\/wp-content\\\/uploads\\\/2023\\\/01\\\/notibras23.png\",\"width\":350,\"height\":87,\"caption\":\"Grupo Notibras de Comunica\u00e7\u00e3o\"},\"image\":{\"@id\":\"https:\\\/\\\/www.notibras.com\\\/site\\\/#\\\/schema\\\/logo\\\/image\\\/\"},\"sameAs\":[\"https:\\\/\\\/www.facebook.com\\\/notibras\\\/\",\"https:\\\/\\\/x.com\\\/Notibras\",\"https:\\\/\\\/www.instagram.com\\\/notibras\\\/\"]},{\"@type\":\"Person\",\"@id\":\"https:\\\/\\\/www.notibras.com\\\/site\\\/#\\\/schema\\\/person\\\/5b7fabf2aedc3ada2105f03b22b4d3dd\",\"name\":\"Eduardo Mart\u00ednez\",\"image\":{\"@type\":\"ImageObject\",\"inLanguage\":\"pt-BR\",\"@id\":\"https:\\\/\\\/secure.gravatar.com\\\/avatar\\\/7902f906289926289cbcda644b5197c796b893c6ffd7b9a536a42d290f7704a0?s=96&d=mm&r=g\",\"url\":\"https:\\\/\\\/secure.gravatar.com\\\/avatar\\\/7902f906289926289cbcda644b5197c796b893c6ffd7b9a536a42d290f7704a0?s=96&d=mm&r=g\",\"contentUrl\":\"https:\\\/\\\/secure.gravatar.com\\\/avatar\\\/7902f906289926289cbcda644b5197c796b893c6ffd7b9a536a42d290f7704a0?s=96&d=mm&r=g\",\"caption\":\"Eduardo Mart\u00ednez\"}}]}<\/script>\n<!-- \/ Yoast SEO plugin. -->","yoast_head_json":{"title":"A despedida do Tiziu - Notibras","robots":{"index":"index","follow":"follow","max-snippet":"max-snippet:-1","max-image-preview":"max-image-preview:large","max-video-preview":"max-video-preview:-1"},"canonical":"https:\/\/www.notibras.com\/site\/a-despedida-do-tiziu\/","og_locale":"pt_BR","og_type":"article","og_title":"A despedida do Tiziu - Notibras","og_description":"O pai chegou em casa meio endemoninhado. Era tarde de agosto e o m\u00eas do cachorro-louco acho que mexeu com ele. &#8220;Vamos l\u00e1, pois o Tiziu morreu&#8221; -, disse o pai. Naquele tempo eu j\u00e1 estava acostumado com as loucuras de pedra e os rituais alucinados de nossos pais em rela\u00e7\u00e3o aos vel\u00f3rios. Tiziu era [&hellip;]","og_url":"https:\/\/www.notibras.com\/site\/a-despedida-do-tiziu\/","og_site_name":"Notibras","article_publisher":"https:\/\/www.facebook.com\/notibras\/","article_published_time":"2026-09-01T03:15:53+00:00","og_image":[{"width":720,"height":720,"url":"https:\/\/www.notibras.com\/site\/wp-content\/uploads\/2026\/08\/image-4.png","type":"image\/png"}],"author":"Eduardo Mart\u00ednez","twitter_card":"summary_large_image","twitter_creator":"@Notibras","twitter_site":"@Notibras","twitter_misc":{"Escrito por":"Eduardo Mart\u00ednez","Est. tempo de leitura":"3 minutos"},"schema":{"@context":"https:\/\/schema.org","@graph":[{"@type":"Article","@id":"https:\/\/www.notibras.com\/site\/a-despedida-do-tiziu\/#article","isPartOf":{"@id":"https:\/\/www.notibras.com\/site\/a-despedida-do-tiziu\/"},"author":{"name":"Eduardo Mart\u00ednez","@id":"https:\/\/www.notibras.com\/site\/#\/schema\/person\/5b7fabf2aedc3ada2105f03b22b4d3dd"},"headline":"A despedida do Tiziu","datePublished":"2026-09-01T03:15:53+00:00","mainEntityOfPage":{"@id":"https:\/\/www.notibras.com\/site\/a-despedida-do-tiziu\/"},"wordCount":473,"publisher":{"@id":"https:\/\/www.notibras.com\/site\/#organization"},"image":{"@id":"https:\/\/www.notibras.com\/site\/a-despedida-do-tiziu\/#primaryimage"},"thumbnailUrl":"https:\/\/www.notibras.com\/site\/wp-content\/uploads\/2026\/08\/image-4.png","articleSection":["Caf\u00e9 Liter\u00e1rio"],"inLanguage":"pt-BR"},{"@type":"WebPage","@id":"https:\/\/www.notibras.com\/site\/a-despedida-do-tiziu\/","url":"https:\/\/www.notibras.com\/site\/a-despedida-do-tiziu\/","name":"A despedida do Tiziu - Notibras","isPartOf":{"@id":"https:\/\/www.notibras.com\/site\/#website"},"primaryImageOfPage":{"@id":"https:\/\/www.notibras.com\/site\/a-despedida-do-tiziu\/#primaryimage"},"image":{"@id":"https:\/\/www.notibras.com\/site\/a-despedida-do-tiziu\/#primaryimage"},"thumbnailUrl":"https:\/\/www.notibras.com\/site\/wp-content\/uploads\/2026\/08\/image-4.png","datePublished":"2026-09-01T03:15:53+00:00","breadcrumb":{"@id":"https:\/\/www.notibras.com\/site\/a-despedida-do-tiziu\/#breadcrumb"},"inLanguage":"pt-BR","potentialAction":[{"@type":"ReadAction","target":["https:\/\/www.notibras.com\/site\/a-despedida-do-tiziu\/"]}]},{"@type":"ImageObject","inLanguage":"pt-BR","@id":"https:\/\/www.notibras.com\/site\/a-despedida-do-tiziu\/#primaryimage","url":"https:\/\/www.notibras.com\/site\/wp-content\/uploads\/2026\/08\/image-4.png","contentUrl":"https:\/\/www.notibras.com\/site\/wp-content\/uploads\/2026\/08\/image-4.png","width":720,"height":720},{"@type":"BreadcrumbList","@id":"https:\/\/www.notibras.com\/site\/a-despedida-do-tiziu\/#breadcrumb","itemListElement":[{"@type":"ListItem","position":1,"name":"In\u00edcio","item":"https:\/\/www.notibras.com\/site\/"},{"@type":"ListItem","position":2,"name":"A despedida do Tiziu"}]},{"@type":"WebSite","@id":"https:\/\/www.notibras.com\/site\/#website","url":"https:\/\/www.notibras.com\/site\/","name":"Notibras","description":"Not\u00edcias de Bras\u00edlia, do Brasil e do Mundo","publisher":{"@id":"https:\/\/www.notibras.com\/site\/#organization"},"potentialAction":[{"@type":"SearchAction","target":{"@type":"EntryPoint","urlTemplate":"https:\/\/www.notibras.com\/site\/?s={search_term_string}"},"query-input":{"@type":"PropertyValueSpecification","valueRequired":true,"valueName":"search_term_string"}}],"inLanguage":"pt-BR"},{"@type":"Organization","@id":"https:\/\/www.notibras.com\/site\/#organization","name":"Grupo Notibras de Comunica\u00e7\u00e3o","url":"https:\/\/www.notibras.com\/site\/","logo":{"@type":"ImageObject","inLanguage":"pt-BR","@id":"https:\/\/www.notibras.com\/site\/#\/schema\/logo\/image\/","url":"https:\/\/www.notibras.com\/site\/wp-content\/uploads\/2023\/01\/notibras23.png","contentUrl":"https:\/\/www.notibras.com\/site\/wp-content\/uploads\/2023\/01\/notibras23.png","width":350,"height":87,"caption":"Grupo Notibras de Comunica\u00e7\u00e3o"},"image":{"@id":"https:\/\/www.notibras.com\/site\/#\/schema\/logo\/image\/"},"sameAs":["https:\/\/www.facebook.com\/notibras\/","https:\/\/x.com\/Notibras","https:\/\/www.instagram.com\/notibras\/"]},{"@type":"Person","@id":"https:\/\/www.notibras.com\/site\/#\/schema\/person\/5b7fabf2aedc3ada2105f03b22b4d3dd","name":"Eduardo Mart\u00ednez","image":{"@type":"ImageObject","inLanguage":"pt-BR","@id":"https:\/\/secure.gravatar.com\/avatar\/7902f906289926289cbcda644b5197c796b893c6ffd7b9a536a42d290f7704a0?s=96&d=mm&r=g","url":"https:\/\/secure.gravatar.com\/avatar\/7902f906289926289cbcda644b5197c796b893c6ffd7b9a536a42d290f7704a0?s=96&d=mm&r=g","contentUrl":"https:\/\/secure.gravatar.com\/avatar\/7902f906289926289cbcda644b5197c796b893c6ffd7b9a536a42d290f7704a0?s=96&d=mm&r=g","caption":"Eduardo Mart\u00ednez"}}]}},"_links":{"self":[{"href":"https:\/\/www.notibras.com\/site\/wp-json\/wp\/v2\/posts\/408494","targetHints":{"allow":["GET"]}}],"collection":[{"href":"https:\/\/www.notibras.com\/site\/wp-json\/wp\/v2\/posts"}],"about":[{"href":"https:\/\/www.notibras.com\/site\/wp-json\/wp\/v2\/types\/post"}],"author":[{"embeddable":true,"href":"https:\/\/www.notibras.com\/site\/wp-json\/wp\/v2\/users\/21"}],"replies":[{"embeddable":true,"href":"https:\/\/www.notibras.com\/site\/wp-json\/wp\/v2\/comments?post=408494"}],"version-history":[{"count":2,"href":"https:\/\/www.notibras.com\/site\/wp-json\/wp\/v2\/posts\/408494\/revisions"}],"predecessor-version":[{"id":408497,"href":"https:\/\/www.notibras.com\/site\/wp-json\/wp\/v2\/posts\/408494\/revisions\/408497"}],"wp:featuredmedia":[{"embeddable":true,"href":"https:\/\/www.notibras.com\/site\/wp-json\/wp\/v2\/media\/408495"}],"wp:attachment":[{"href":"https:\/\/www.notibras.com\/site\/wp-json\/wp\/v2\/media?parent=408494"}],"wp:term":[{"taxonomy":"category","embeddable":true,"href":"https:\/\/www.notibras.com\/site\/wp-json\/wp\/v2\/categories?post=408494"},{"taxonomy":"post_tag","embeddable":true,"href":"https:\/\/www.notibras.com\/site\/wp-json\/wp\/v2\/tags?post=408494"},{"taxonomy":"tmauthors","embeddable":true,"href":"https:\/\/www.notibras.com\/site\/wp-json\/wp\/v2\/tmauthors?post=408494"}],"curies":[{"name":"wp","href":"https:\/\/api.w.org\/{rel}","templated":true}]}}