{"id":408551,"date":"2026-09-03T00:45:54","date_gmt":"2026-09-03T03:45:54","guid":{"rendered":"https:\/\/www.notibras.com\/site\/?p=408551"},"modified":"2026-08-28T21:30:25","modified_gmt":"2026-08-29T00:30:25","slug":"variacoes-sobre-a-lingua-dos-anjos","status":"publish","type":"post","link":"https:\/\/www.notibras.com\/site\/variacoes-sobre-a-lingua-dos-anjos\/","title":{"rendered":"Varia\u00e7\u00f5es sobre a l\u00edngua dos anjos"},"content":{"rendered":"<p class=\"v1MsoNormal\">Beatriz \u00e9 uma menina-personagem fict\u00edcia que me acompanha h\u00e1 d\u00e9cadas. Sempre surge com suas h\/est\u00f3rias delicadas, sens\u00edveis, sapecas e saborosas e faz de mim seu confidente especial. Algumas cr\u00f4nicas de nossa autoria j\u00e1 publicadas aqui no Caf\u00e9 Liter\u00e1rio:<\/p>\n<p class=\"v1MsoNormal\"><strong>&#8211; &#8220;Cr\u00f4nica para espantar a pandemia&#8221;:<\/strong><\/p>\n<p class=\"v1MsoNormal\"><a href=\"https:\/\/www.notibras.com\/site\/cronicas-pandemicas-com-variacoes-sobre-a-lingua-dos-anjos\/\" target=\"_blank\" rel=\"noopener noreferrer\">https:\/\/www.notibras.com\/site\/cronicas-pandemicas-com-variacoes-sobre-a-lingua-dos-anjos\/<\/a><\/p>\n<p class=\"v1MsoNormal\"><strong>&#8211; &#8220;Uma Estrela muito Especial:<\/strong><\/p>\n<p class=\"v1MsoNormal\"><a href=\"https:\/\/www.notibras.com\/site\/uma-estrela-muito-especial\/\" target=\"_blank\" rel=\"noopener noreferrer\">https:\/\/www.notibras.com\/site\/uma-estrela-muito-especial\/<\/a><\/p>\n<p class=\"v1MsoNormal\"><strong>&#8211; &#8220;A Voz das Coisas&#8221;:<\/strong><\/p>\n<p class=\"v1MsoNormal\"><a href=\"https:\/\/www.notibras.com\/site\/a-voz-das-coisas-2\/\" target=\"_blank\" rel=\"noopener noreferrer\">https:\/\/www.notibras.com\/site\/a-voz-das-coisas-2\/<\/a><\/p>\n<p class=\"v1MsoNormal\">*Aqui, a cr\u00f4nica que d\u00e1 t\u00edtulo ao livro: &#8220;A menina e o av\u00f4: Varia\u00e7\u00f5es sobre a L\u00edngua dos Anjos&#8221;<\/p>\n<p class=\"v1MsoNormal\">Era inverno.<\/p>\n<p class=\"v1MsoNormal\">A menina e o av\u00f4 deixaram a casa ap\u00f3s meses de isolamento.<\/p>\n<p class=\"v1MsoNormal\">A pra\u00e7a est\u00e1 vazia, a maior da cidade. As pessoas com medo do v\u00edrus.<\/p>\n<p class=\"v1MsoNormal\">A grama toda queimada de geada e as \u00e1rvores quase carecas pela perda das folhas.<\/p>\n<p class=\"v1MsoNormal\">O vento cantava forte e na rua algumas pessoas se distanciavam usando m\u00e1scaras.<\/p>\n<p class=\"v1MsoNormal\">A cidade e o planeta ainda respiravam tristeza e impossibilidades de abra\u00e7os, de proximidades.<\/p>\n<p class=\"v1MsoNormal\">Beatriz e o av\u00f4 estavam imunizados.<\/p>\n<p class=\"v1MsoNormal\">Pararam pr\u00f3ximos a uns velhos carvalhos.<\/p>\n<p class=\"v1MsoNormal\">\u2013 Est\u00e1 notando alguma coisa estranha, Bea ? \u2013perguntou o av\u00f4.<\/p>\n<p class=\"v1MsoNormal\">\u2013 N\u00e3o sei, v\u00f4 \u2013 respondeu insegura -, essas \u00e1rvores est\u00e3o todas sequinhas, mas ainda tem algumas folhas&#8230;<\/p>\n<p class=\"v1MsoNormal\">\u2013 Cert\u00edssimo, garotinha! Os carvalhos nunca deixam cair todas as folhas durante o inverno. E sabe por qu\u00ea? \u2013 A menina pensou, pensou e abanou a cabe\u00e7a dizendo que n\u00e3o.<\/p>\n<p class=\"v1MsoNormal\">\u2013 Ou\u00e7a \u2013 disse-lhe o av\u00f4. Naquele instante, uma rajada de vento sacudiu os ramos e dos ramos saiu um barulhinho seco e leve. Parecia muito com o barulhinho do rabo da cobra cascavel que a menina vira na TV.<\/p>\n<p class=\"v1MsoNormal\">\u2013 Ouviu? Esta \u00e9 a voz dos velhos carvalhos no inverno. Se n\u00e3o fossem as folhas secas, poderia ser facilmente confundido com a voz da goiabeira ou com a do eucalipto. As coisas falam, Bea. Cada \u00e1rvore tem a sua pr\u00f3pria voz. S\u00f3 \u00e9 preciso aprender a ouvi-la.<\/p>\n<p><img loading=\"lazy\" loading=\"lazy\" decoding=\"async\" class=\"alignnone wp-image-408553 aligncenter\" src=\"https:\/\/www.notibras.com\/site\/wp-content\/uploads\/2026\/08\/image-7-200x300.png\" alt=\"\" width=\"436\" height=\"654\" srcset=\"https:\/\/www.notibras.com\/site\/wp-content\/uploads\/2026\/08\/image-7-200x300.png 200w, https:\/\/www.notibras.com\/site\/wp-content\/uploads\/2026\/08\/image-7.png 600w\" sizes=\"auto, (max-width: 436px) 100vw, 436px\" \/><\/p>\n<p class=\"v1MsoNormal\">A tarde chegou e uma n\u00e9voa intensa cobriu a pra\u00e7a.<\/p>\n<p class=\"v1MsoNormal\">No caminho de volta, a menina congelou. Apenas a m\u00e3o que segurava firme a do av\u00f4 ainda estava quente. E o narizinho sob a necess\u00e1ria m\u00e1scara, Bea quase nem sentia.<\/p>\n<p class=\"v1MsoNormal\">De vez em quando um saco pl\u00e1stico de supermercados rodopiava no ar como pipas enlouquecidas.<\/p>\n<p class=\"v1MsoNormal\">\u2013 Vov\u00f4 \u2013disse Beatriz-, os sacos de pl\u00e1sticos tamb\u00e9m falam?<\/p>\n<p class=\"v1MsoNormal\">\u2013 Sim, os saquinhos, as latas, todo lixo que a gente produz&#8230;<\/p>\n<p class=\"v1MsoNormal\">\u2013 E as pedras?<\/p>\n<p class=\"v1MsoNormal\">\u2013 As pedras, os rios, os mares, as flores&#8230;<\/p>\n<p class=\"v1MsoNormal\">\u2013 E os carros?<\/p>\n<p class=\"v1MsoNormal\">\u2013 V\u00edxi! Os carros falam demais e muito alto. Para n\u00e3o falar dos \u00f4nibus, dos caminh\u00f5es e dos tratores e avi\u00f5es.<\/p>\n<p class=\"v1MsoNormal\">\u2013 E as roupas no varal?<\/p>\n<p class=\"v1MsoNormal\">\u2013 Sem d\u00favida alguma, meu amorzinho, sem d\u00favida&#8230; elas tamb\u00e9m falam.<\/p>\n<p class=\"v1MsoNormal\">Se voc\u00ea prestar bem aten\u00e7\u00e3o nos len\u00e7\u00f3is balan\u00e7ando ao vento, na graminha verdinha que cobre o quintal, ah! poder\u00e1 descobrir uma linguagem bem especial&#8230;um poema inteiro&#8230; uma hist\u00f3ria.<\/p>\n<p class=\"v1MsoNormal\">De m\u00e3os dadas, seguiram caminhando em sil\u00eancio, enquanto a n\u00e9voa pintava de cinza a tarde por detr\u00e1s dos velhos pr\u00e9dios da cidade e da solid\u00e3o das pessoas.<\/p>\n<p class=\"v1MsoNormal\">No final da tarde, assim que chegaram em casa, a menina montou de cavalinho nas costas do ainda bem conservado av\u00f4 e sussurrou baixinho em seu ouvido.<\/p>\n<p class=\"v1MsoNormal\">\u2013 Av\u00f4, voc\u00ea \u00e9 mesmo um velhote safadinho, n\u00e9, v\u00f4?&#8230; sabe tudo!<\/p>\n<p class=\"v1MsoNormal\">O av\u00f4 acariciou-lhe a cabe\u00e7a com a m\u00e3o direita e, com a esquerda, enxugou disfar\u00e7adamente uma pequena l\u00e1grima que desceu por seu rosto.<\/p>\n<p class=\"v1MsoNormal\">\u2013 Talvez, meu anjinho&#8230; talvez&#8230;<\/p>\n<p class=\"v1MsoNormal\">E assim l\u00e1 se foi junho.<\/p>\n<p class=\"v1MsoNormal\">No m\u00eas seguinte, vov\u00f4 sentiu-se mal. A imunidade ao v\u00edrus foi uma ilus\u00e3o.<\/p>\n<p class=\"v1MsoNormal\">N\u00e3o pudemos nem dar adeus ao V\u00f4, mas sei que l\u00e1 do jeito dele, todas as coisas cantavam uma m\u00fasica alegre de despedida e de boa viagem para a nova casa dele, no c\u00e9u.<\/p>\n<p class=\"v1MsoNormal\">Chegamos em novembro.<\/p>\n<p class=\"v1MsoNormal\">Ainda n\u00e3o tirei a m\u00e1scara, mas nesta tarde de sol a nossa pra\u00e7a parece mais linda e os velhos carvalhos j\u00e1 est\u00e3o vivos novamente, cheios de folhas verdinhas e repletos de passarinhos.<\/p>\n<p class=\"v1MsoNormal\">H\u00e1 m\u00fasica por toda parte.<\/p>\n<p class=\"v1MsoNormal\">Nestes meses sozinha em meio a pandemia, sigo aprendendo sempre que os &#8220;barulhos&#8221; s\u00e3o palavras, sons, sinfonias. Sinto a presen\u00e7a doce do V\u00f4 em cada palavra que as coisas, os objetos me lan\u00e7am.<\/p>\n<p class=\"v1MsoNormal\">&#8220;Talvez, meu anjinho&#8230; talvez&#8230;&#8221;.<\/p>\n<p class=\"v1MsoNormal\">&#8220;Ben\u00e7\u00e3o, V\u00f4, meu velhote safadinho!&#8221;<\/p>\n<p class=\"v1MsoNormal\">(Beatriz)<\/p>\n<p class=\"v1MsoNormal\"><strong>&#8230;&#8230;&#8230;&#8230;&#8230;&#8230;&#8230;&#8230;&#8230;&#8230;.<\/strong><\/p>\n<p class=\"v1MsoNormal\"><strong>*A cr\u00f4nica DOCE VELHOTE SAFADINHO, faz parte do livro ainda in\u00e9dito VARIA\u00c7\u00d5ES SOBRE A L\u00cdNGUA DOS ANJOS, com narrativas da menina fict\u00edcia Beatriz.<\/strong><\/p>\n<p class=\"v1MsoNormal\"><b>Gilberto Motta \u00e9 escritor, jornalista e aprendiz de poesia. Pesquisa os diferentes campos da Arte, Cultura e os meios de comunica\u00e7\u00e3o. Dois outros livros infanto-juvenis de sua autoria: MONGA, A MENINA GORILA e A INCR\u00cdVEL JORNADA DA MENINA CARECA. Vive na pequena Guarda do Emba\u00fa, litoral Sul de SC.<\/b><\/p>\n","protected":false},"excerpt":{"rendered":"<p>Beatriz \u00e9 uma menina-personagem fict\u00edcia que me acompanha h\u00e1 d\u00e9cadas. Sempre surge com suas h\/est\u00f3rias delicadas, sens\u00edveis, sapecas e saborosas e faz de mim seu confidente especial. Algumas cr\u00f4nicas de nossa autoria j\u00e1 publicadas aqui no Caf\u00e9 Liter\u00e1rio: &#8211; &#8220;Cr\u00f4nica para espantar a pandemia&#8221;: https:\/\/www.notibras.com\/site\/cronicas-pandemicas-com-variacoes-sobre-a-lingua-dos-anjos\/ &#8211; &#8220;Uma Estrela muito Especial: https:\/\/www.notibras.com\/site\/uma-estrela-muito-especial\/ &#8211; &#8220;A Voz das [&hellip;]<\/p>\n","protected":false},"author":21,"featured_media":408552,"comment_status":"closed","ping_status":"closed","sticky":false,"template":"","format":"standard","meta":{"_acf_changed":false,"footnotes":""},"categories":[234],"tags":[],"tmauthors":[306],"class_list":["post-408551","post","type-post","status-publish","format-standard","has-post-thumbnail","category-cafe-literario"],"acf":[],"yoast_head":"<!-- This site is optimized with the Yoast SEO plugin v28.0 - https:\/\/yoast.com\/product\/yoast-seo-wordpress\/ -->\n<title>Varia\u00e7\u00f5es sobre a l\u00edngua dos anjos - Notibras<\/title>\n<meta name=\"robots\" content=\"index, follow, max-snippet:-1, max-image-preview:large, max-video-preview:-1\" \/>\n<link rel=\"canonical\" href=\"https:\/\/www.notibras.com\/site\/variacoes-sobre-a-lingua-dos-anjos\/\" \/>\n<meta property=\"og:locale\" content=\"pt_BR\" \/>\n<meta property=\"og:type\" content=\"article\" \/>\n<meta property=\"og:title\" content=\"Varia\u00e7\u00f5es sobre a l\u00edngua dos anjos - Notibras\" \/>\n<meta property=\"og:description\" content=\"Beatriz \u00e9 uma menina-personagem fict\u00edcia que me acompanha h\u00e1 d\u00e9cadas. Sempre surge com suas h\/est\u00f3rias delicadas, sens\u00edveis, sapecas e saborosas e faz de mim seu confidente especial. Algumas cr\u00f4nicas de nossa autoria j\u00e1 publicadas aqui no Caf\u00e9 Liter\u00e1rio: &#8211; &#8220;Cr\u00f4nica para espantar a pandemia&#8221;: https:\/\/www.notibras.com\/site\/cronicas-pandemicas-com-variacoes-sobre-a-lingua-dos-anjos\/ &#8211; &#8220;Uma Estrela muito Especial: https:\/\/www.notibras.com\/site\/uma-estrela-muito-especial\/ &#8211; &#8220;A Voz das [&hellip;]\" \/>\n<meta property=\"og:url\" content=\"https:\/\/www.notibras.com\/site\/variacoes-sobre-a-lingua-dos-anjos\/\" \/>\n<meta property=\"og:site_name\" content=\"Notibras\" \/>\n<meta property=\"article:publisher\" content=\"https:\/\/www.facebook.com\/notibras\/\" \/>\n<meta property=\"article:published_time\" content=\"2026-09-03T03:45:54+00:00\" \/>\n<meta property=\"og:image\" content=\"https:\/\/www.notibras.com\/site\/wp-content\/uploads\/2026\/08\/image-8.png\" \/>\n\t<meta property=\"og:image:width\" content=\"480\" \/>\n\t<meta property=\"og:image:height\" content=\"366\" \/>\n\t<meta property=\"og:image:type\" content=\"image\/png\" \/>\n<meta name=\"author\" content=\"Eduardo Mart\u00ednez\" \/>\n<meta name=\"twitter:card\" content=\"summary_large_image\" \/>\n<meta name=\"twitter:creator\" content=\"@Notibras\" \/>\n<meta name=\"twitter:site\" content=\"@Notibras\" \/>\n<meta name=\"twitter:label1\" content=\"Escrito por\" \/>\n\t<meta name=\"twitter:data1\" content=\"Eduardo Mart\u00ednez\" \/>\n\t<meta name=\"twitter:label2\" content=\"Est. tempo de leitura\" \/>\n\t<meta name=\"twitter:data2\" content=\"5 minutos\" \/>\n<script type=\"application\/ld+json\" class=\"yoast-schema-graph\">{\"@context\":\"https:\\\/\\\/schema.org\",\"@graph\":[{\"@type\":\"Article\",\"@id\":\"https:\\\/\\\/www.notibras.com\\\/site\\\/variacoes-sobre-a-lingua-dos-anjos\\\/#article\",\"isPartOf\":{\"@id\":\"https:\\\/\\\/www.notibras.com\\\/site\\\/variacoes-sobre-a-lingua-dos-anjos\\\/\"},\"author\":{\"name\":\"Eduardo Mart\u00ednez\",\"@id\":\"https:\\\/\\\/www.notibras.com\\\/site\\\/#\\\/schema\\\/person\\\/5b7fabf2aedc3ada2105f03b22b4d3dd\"},\"headline\":\"Varia\u00e7\u00f5es sobre a l\u00edngua dos anjos\",\"datePublished\":\"2026-09-03T03:45:54+00:00\",\"mainEntityOfPage\":{\"@id\":\"https:\\\/\\\/www.notibras.com\\\/site\\\/variacoes-sobre-a-lingua-dos-anjos\\\/\"},\"wordCount\":844,\"publisher\":{\"@id\":\"https:\\\/\\\/www.notibras.com\\\/site\\\/#organization\"},\"image\":{\"@id\":\"https:\\\/\\\/www.notibras.com\\\/site\\\/variacoes-sobre-a-lingua-dos-anjos\\\/#primaryimage\"},\"thumbnailUrl\":\"https:\\\/\\\/www.notibras.com\\\/site\\\/wp-content\\\/uploads\\\/2026\\\/08\\\/image-8.png\",\"articleSection\":[\"Caf\u00e9 Liter\u00e1rio\"],\"inLanguage\":\"pt-BR\"},{\"@type\":\"WebPage\",\"@id\":\"https:\\\/\\\/www.notibras.com\\\/site\\\/variacoes-sobre-a-lingua-dos-anjos\\\/\",\"url\":\"https:\\\/\\\/www.notibras.com\\\/site\\\/variacoes-sobre-a-lingua-dos-anjos\\\/\",\"name\":\"Varia\u00e7\u00f5es sobre a l\u00edngua dos anjos - Notibras\",\"isPartOf\":{\"@id\":\"https:\\\/\\\/www.notibras.com\\\/site\\\/#website\"},\"primaryImageOfPage\":{\"@id\":\"https:\\\/\\\/www.notibras.com\\\/site\\\/variacoes-sobre-a-lingua-dos-anjos\\\/#primaryimage\"},\"image\":{\"@id\":\"https:\\\/\\\/www.notibras.com\\\/site\\\/variacoes-sobre-a-lingua-dos-anjos\\\/#primaryimage\"},\"thumbnailUrl\":\"https:\\\/\\\/www.notibras.com\\\/site\\\/wp-content\\\/uploads\\\/2026\\\/08\\\/image-8.png\",\"datePublished\":\"2026-09-03T03:45:54+00:00\",\"breadcrumb\":{\"@id\":\"https:\\\/\\\/www.notibras.com\\\/site\\\/variacoes-sobre-a-lingua-dos-anjos\\\/#breadcrumb\"},\"inLanguage\":\"pt-BR\",\"potentialAction\":[{\"@type\":\"ReadAction\",\"target\":[\"https:\\\/\\\/www.notibras.com\\\/site\\\/variacoes-sobre-a-lingua-dos-anjos\\\/\"]}]},{\"@type\":\"ImageObject\",\"inLanguage\":\"pt-BR\",\"@id\":\"https:\\\/\\\/www.notibras.com\\\/site\\\/variacoes-sobre-a-lingua-dos-anjos\\\/#primaryimage\",\"url\":\"https:\\\/\\\/www.notibras.com\\\/site\\\/wp-content\\\/uploads\\\/2026\\\/08\\\/image-8.png\",\"contentUrl\":\"https:\\\/\\\/www.notibras.com\\\/site\\\/wp-content\\\/uploads\\\/2026\\\/08\\\/image-8.png\",\"width\":480,\"height\":366},{\"@type\":\"BreadcrumbList\",\"@id\":\"https:\\\/\\\/www.notibras.com\\\/site\\\/variacoes-sobre-a-lingua-dos-anjos\\\/#breadcrumb\",\"itemListElement\":[{\"@type\":\"ListItem\",\"position\":1,\"name\":\"In\u00edcio\",\"item\":\"https:\\\/\\\/www.notibras.com\\\/site\\\/\"},{\"@type\":\"ListItem\",\"position\":2,\"name\":\"Varia\u00e7\u00f5es sobre a l\u00edngua dos anjos\"}]},{\"@type\":\"WebSite\",\"@id\":\"https:\\\/\\\/www.notibras.com\\\/site\\\/#website\",\"url\":\"https:\\\/\\\/www.notibras.com\\\/site\\\/\",\"name\":\"Notibras\",\"description\":\"Not\u00edcias de Bras\u00edlia, do Brasil e do Mundo\",\"publisher\":{\"@id\":\"https:\\\/\\\/www.notibras.com\\\/site\\\/#organization\"},\"potentialAction\":[{\"@type\":\"SearchAction\",\"target\":{\"@type\":\"EntryPoint\",\"urlTemplate\":\"https:\\\/\\\/www.notibras.com\\\/site\\\/?s={search_term_string}\"},\"query-input\":{\"@type\":\"PropertyValueSpecification\",\"valueRequired\":true,\"valueName\":\"search_term_string\"}}],\"inLanguage\":\"pt-BR\"},{\"@type\":\"Organization\",\"@id\":\"https:\\\/\\\/www.notibras.com\\\/site\\\/#organization\",\"name\":\"Grupo Notibras de Comunica\u00e7\u00e3o\",\"url\":\"https:\\\/\\\/www.notibras.com\\\/site\\\/\",\"logo\":{\"@type\":\"ImageObject\",\"inLanguage\":\"pt-BR\",\"@id\":\"https:\\\/\\\/www.notibras.com\\\/site\\\/#\\\/schema\\\/logo\\\/image\\\/\",\"url\":\"https:\\\/\\\/www.notibras.com\\\/site\\\/wp-content\\\/uploads\\\/2023\\\/01\\\/notibras23.png\",\"contentUrl\":\"https:\\\/\\\/www.notibras.com\\\/site\\\/wp-content\\\/uploads\\\/2023\\\/01\\\/notibras23.png\",\"width\":350,\"height\":87,\"caption\":\"Grupo Notibras de Comunica\u00e7\u00e3o\"},\"image\":{\"@id\":\"https:\\\/\\\/www.notibras.com\\\/site\\\/#\\\/schema\\\/logo\\\/image\\\/\"},\"sameAs\":[\"https:\\\/\\\/www.facebook.com\\\/notibras\\\/\",\"https:\\\/\\\/x.com\\\/Notibras\",\"https:\\\/\\\/www.instagram.com\\\/notibras\\\/\"]},{\"@type\":\"Person\",\"@id\":\"https:\\\/\\\/www.notibras.com\\\/site\\\/#\\\/schema\\\/person\\\/5b7fabf2aedc3ada2105f03b22b4d3dd\",\"name\":\"Eduardo Mart\u00ednez\",\"image\":{\"@type\":\"ImageObject\",\"inLanguage\":\"pt-BR\",\"@id\":\"https:\\\/\\\/secure.gravatar.com\\\/avatar\\\/7902f906289926289cbcda644b5197c796b893c6ffd7b9a536a42d290f7704a0?s=96&d=mm&r=g\",\"url\":\"https:\\\/\\\/secure.gravatar.com\\\/avatar\\\/7902f906289926289cbcda644b5197c796b893c6ffd7b9a536a42d290f7704a0?s=96&d=mm&r=g\",\"contentUrl\":\"https:\\\/\\\/secure.gravatar.com\\\/avatar\\\/7902f906289926289cbcda644b5197c796b893c6ffd7b9a536a42d290f7704a0?s=96&d=mm&r=g\",\"caption\":\"Eduardo Mart\u00ednez\"}}]}<\/script>\n<!-- \/ Yoast SEO plugin. -->","yoast_head_json":{"title":"Varia\u00e7\u00f5es sobre a l\u00edngua dos anjos - Notibras","robots":{"index":"index","follow":"follow","max-snippet":"max-snippet:-1","max-image-preview":"max-image-preview:large","max-video-preview":"max-video-preview:-1"},"canonical":"https:\/\/www.notibras.com\/site\/variacoes-sobre-a-lingua-dos-anjos\/","og_locale":"pt_BR","og_type":"article","og_title":"Varia\u00e7\u00f5es sobre a l\u00edngua dos anjos - Notibras","og_description":"Beatriz \u00e9 uma menina-personagem fict\u00edcia que me acompanha h\u00e1 d\u00e9cadas. Sempre surge com suas h\/est\u00f3rias delicadas, sens\u00edveis, sapecas e saborosas e faz de mim seu confidente especial. Algumas cr\u00f4nicas de nossa autoria j\u00e1 publicadas aqui no Caf\u00e9 Liter\u00e1rio: &#8211; &#8220;Cr\u00f4nica para espantar a pandemia&#8221;: https:\/\/www.notibras.com\/site\/cronicas-pandemicas-com-variacoes-sobre-a-lingua-dos-anjos\/ &#8211; &#8220;Uma Estrela muito Especial: https:\/\/www.notibras.com\/site\/uma-estrela-muito-especial\/ &#8211; &#8220;A Voz das [&hellip;]","og_url":"https:\/\/www.notibras.com\/site\/variacoes-sobre-a-lingua-dos-anjos\/","og_site_name":"Notibras","article_publisher":"https:\/\/www.facebook.com\/notibras\/","article_published_time":"2026-09-03T03:45:54+00:00","og_image":[{"width":480,"height":366,"url":"https:\/\/www.notibras.com\/site\/wp-content\/uploads\/2026\/08\/image-8.png","type":"image\/png"}],"author":"Eduardo Mart\u00ednez","twitter_card":"summary_large_image","twitter_creator":"@Notibras","twitter_site":"@Notibras","twitter_misc":{"Escrito por":"Eduardo Mart\u00ednez","Est. tempo de leitura":"5 minutos"},"schema":{"@context":"https:\/\/schema.org","@graph":[{"@type":"Article","@id":"https:\/\/www.notibras.com\/site\/variacoes-sobre-a-lingua-dos-anjos\/#article","isPartOf":{"@id":"https:\/\/www.notibras.com\/site\/variacoes-sobre-a-lingua-dos-anjos\/"},"author":{"name":"Eduardo Mart\u00ednez","@id":"https:\/\/www.notibras.com\/site\/#\/schema\/person\/5b7fabf2aedc3ada2105f03b22b4d3dd"},"headline":"Varia\u00e7\u00f5es sobre a l\u00edngua dos anjos","datePublished":"2026-09-03T03:45:54+00:00","mainEntityOfPage":{"@id":"https:\/\/www.notibras.com\/site\/variacoes-sobre-a-lingua-dos-anjos\/"},"wordCount":844,"publisher":{"@id":"https:\/\/www.notibras.com\/site\/#organization"},"image":{"@id":"https:\/\/www.notibras.com\/site\/variacoes-sobre-a-lingua-dos-anjos\/#primaryimage"},"thumbnailUrl":"https:\/\/www.notibras.com\/site\/wp-content\/uploads\/2026\/08\/image-8.png","articleSection":["Caf\u00e9 Liter\u00e1rio"],"inLanguage":"pt-BR"},{"@type":"WebPage","@id":"https:\/\/www.notibras.com\/site\/variacoes-sobre-a-lingua-dos-anjos\/","url":"https:\/\/www.notibras.com\/site\/variacoes-sobre-a-lingua-dos-anjos\/","name":"Varia\u00e7\u00f5es sobre a l\u00edngua dos anjos - Notibras","isPartOf":{"@id":"https:\/\/www.notibras.com\/site\/#website"},"primaryImageOfPage":{"@id":"https:\/\/www.notibras.com\/site\/variacoes-sobre-a-lingua-dos-anjos\/#primaryimage"},"image":{"@id":"https:\/\/www.notibras.com\/site\/variacoes-sobre-a-lingua-dos-anjos\/#primaryimage"},"thumbnailUrl":"https:\/\/www.notibras.com\/site\/wp-content\/uploads\/2026\/08\/image-8.png","datePublished":"2026-09-03T03:45:54+00:00","breadcrumb":{"@id":"https:\/\/www.notibras.com\/site\/variacoes-sobre-a-lingua-dos-anjos\/#breadcrumb"},"inLanguage":"pt-BR","potentialAction":[{"@type":"ReadAction","target":["https:\/\/www.notibras.com\/site\/variacoes-sobre-a-lingua-dos-anjos\/"]}]},{"@type":"ImageObject","inLanguage":"pt-BR","@id":"https:\/\/www.notibras.com\/site\/variacoes-sobre-a-lingua-dos-anjos\/#primaryimage","url":"https:\/\/www.notibras.com\/site\/wp-content\/uploads\/2026\/08\/image-8.png","contentUrl":"https:\/\/www.notibras.com\/site\/wp-content\/uploads\/2026\/08\/image-8.png","width":480,"height":366},{"@type":"BreadcrumbList","@id":"https:\/\/www.notibras.com\/site\/variacoes-sobre-a-lingua-dos-anjos\/#breadcrumb","itemListElement":[{"@type":"ListItem","position":1,"name":"In\u00edcio","item":"https:\/\/www.notibras.com\/site\/"},{"@type":"ListItem","position":2,"name":"Varia\u00e7\u00f5es sobre a l\u00edngua dos anjos"}]},{"@type":"WebSite","@id":"https:\/\/www.notibras.com\/site\/#website","url":"https:\/\/www.notibras.com\/site\/","name":"Notibras","description":"Not\u00edcias de Bras\u00edlia, do Brasil e do Mundo","publisher":{"@id":"https:\/\/www.notibras.com\/site\/#organization"},"potentialAction":[{"@type":"SearchAction","target":{"@type":"EntryPoint","urlTemplate":"https:\/\/www.notibras.com\/site\/?s={search_term_string}"},"query-input":{"@type":"PropertyValueSpecification","valueRequired":true,"valueName":"search_term_string"}}],"inLanguage":"pt-BR"},{"@type":"Organization","@id":"https:\/\/www.notibras.com\/site\/#organization","name":"Grupo Notibras de Comunica\u00e7\u00e3o","url":"https:\/\/www.notibras.com\/site\/","logo":{"@type":"ImageObject","inLanguage":"pt-BR","@id":"https:\/\/www.notibras.com\/site\/#\/schema\/logo\/image\/","url":"https:\/\/www.notibras.com\/site\/wp-content\/uploads\/2023\/01\/notibras23.png","contentUrl":"https:\/\/www.notibras.com\/site\/wp-content\/uploads\/2023\/01\/notibras23.png","width":350,"height":87,"caption":"Grupo Notibras de Comunica\u00e7\u00e3o"},"image":{"@id":"https:\/\/www.notibras.com\/site\/#\/schema\/logo\/image\/"},"sameAs":["https:\/\/www.facebook.com\/notibras\/","https:\/\/x.com\/Notibras","https:\/\/www.instagram.com\/notibras\/"]},{"@type":"Person","@id":"https:\/\/www.notibras.com\/site\/#\/schema\/person\/5b7fabf2aedc3ada2105f03b22b4d3dd","name":"Eduardo Mart\u00ednez","image":{"@type":"ImageObject","inLanguage":"pt-BR","@id":"https:\/\/secure.gravatar.com\/avatar\/7902f906289926289cbcda644b5197c796b893c6ffd7b9a536a42d290f7704a0?s=96&d=mm&r=g","url":"https:\/\/secure.gravatar.com\/avatar\/7902f906289926289cbcda644b5197c796b893c6ffd7b9a536a42d290f7704a0?s=96&d=mm&r=g","contentUrl":"https:\/\/secure.gravatar.com\/avatar\/7902f906289926289cbcda644b5197c796b893c6ffd7b9a536a42d290f7704a0?s=96&d=mm&r=g","caption":"Eduardo Mart\u00ednez"}}]}},"_links":{"self":[{"href":"https:\/\/www.notibras.com\/site\/wp-json\/wp\/v2\/posts\/408551","targetHints":{"allow":["GET"]}}],"collection":[{"href":"https:\/\/www.notibras.com\/site\/wp-json\/wp\/v2\/posts"}],"about":[{"href":"https:\/\/www.notibras.com\/site\/wp-json\/wp\/v2\/types\/post"}],"author":[{"embeddable":true,"href":"https:\/\/www.notibras.com\/site\/wp-json\/wp\/v2\/users\/21"}],"replies":[{"embeddable":true,"href":"https:\/\/www.notibras.com\/site\/wp-json\/wp\/v2\/comments?post=408551"}],"version-history":[{"count":4,"href":"https:\/\/www.notibras.com\/site\/wp-json\/wp\/v2\/posts\/408551\/revisions"}],"predecessor-version":[{"id":408557,"href":"https:\/\/www.notibras.com\/site\/wp-json\/wp\/v2\/posts\/408551\/revisions\/408557"}],"wp:featuredmedia":[{"embeddable":true,"href":"https:\/\/www.notibras.com\/site\/wp-json\/wp\/v2\/media\/408552"}],"wp:attachment":[{"href":"https:\/\/www.notibras.com\/site\/wp-json\/wp\/v2\/media?parent=408551"}],"wp:term":[{"taxonomy":"category","embeddable":true,"href":"https:\/\/www.notibras.com\/site\/wp-json\/wp\/v2\/categories?post=408551"},{"taxonomy":"post_tag","embeddable":true,"href":"https:\/\/www.notibras.com\/site\/wp-json\/wp\/v2\/tags?post=408551"},{"taxonomy":"tmauthors","embeddable":true,"href":"https:\/\/www.notibras.com\/site\/wp-json\/wp\/v2\/tmauthors?post=408551"}],"curies":[{"name":"wp","href":"https:\/\/api.w.org\/{rel}","templated":true}]}}