{"id":408562,"date":"2026-09-03T02:15:05","date_gmt":"2026-09-03T05:15:05","guid":{"rendered":"https:\/\/www.notibras.com\/site\/?p=408562"},"modified":"2026-08-28T21:53:40","modified_gmt":"2026-08-29T00:53:40","slug":"a-arte-de-parecer-ocupado","status":"publish","type":"post","link":"https:\/\/www.notibras.com\/site\/a-arte-de-parecer-ocupado\/","title":{"rendered":"A arte de parecer ocupado"},"content":{"rendered":"<p>Existe uma habilidade social que n\u00e3o consta em nenhum curr\u00edculo universit\u00e1rio, mas que aparentemente se tornou indispens\u00e1vel \u00e0 vida contempor\u00e2nea: parecer ocupado.<\/p>\n<p>N\u00e3o necessariamente estar ocupado.<\/p>\n<p>Parecer.<\/p>\n<p>H\u00e1 uma diferen\u00e7a metodologicamente importante.<\/p>\n<p>A pessoa pode estar sentada h\u00e1 quarenta minutos olhando para o celular, mas, se algu\u00e9m perguntar, ela est\u00e1 \u201cresolvendo algumas coisas\u201d.<\/p>\n<p>Algumas coisas.<\/p>\n<p>Express\u00e3o maravilhosa. Serve para tudo.<\/p>\n<p>\u201cVoc\u00ea est\u00e1 trabalhando?\u201d<\/p>\n<p>\u201cEstou resolvendo algumas coisas.\u201d<\/p>\n<p>\u201cEst\u00e1 estudando?\u201d<\/p>\n<p>\u201cEstou resolvendo algumas coisas.\u201d<\/p>\n<p>\u201cEst\u00e1 fazendo o qu\u00ea?\u201d<\/p>\n<p>Nesse momento, a investiga\u00e7\u00e3o come\u00e7a a ficar invasiva.<\/p>\n<p>A sociedade contempor\u00e2nea desenvolveu uma verdadeira est\u00e9tica da ocupa\u00e7\u00e3o. Agenda cheia virou s\u00edmbolo de import\u00e2ncia. Responder mensagens imediatamente parece suspeito. Ter tempo livre produz quase uma confiss\u00e3o de fracasso.<\/p>\n<p>\u00c9 preciso estar cansado.<\/p>\n<p>Muito cansado.<\/p>\n<p>O cansa\u00e7o, ali\u00e1s, tornou-se uma esp\u00e9cie de certificado moral.<\/p>\n<p>Quanto mais exausto, mais virtuoso parece o sujeito.<\/p>\n<p>\u201cEstou sem tempo.\u201d<\/p>\n<p>\u201cMinha semana est\u00e1 uma loucura.\u201d<\/p>\n<p>\u201cN\u00e3o consegui nem respirar.\u201d<\/p>\n<p>Existe quase uma competi\u00e7\u00e3o silenciosa para descobrir quem est\u00e1 mais perto do colapso.<\/p>\n<p>Goffman provavelmente encontraria aqui um campo emp\u00edrico fascinante. A vida social \u00e9 tamb\u00e9m uma administra\u00e7\u00e3o de impress\u00f5es. N\u00e3o basta desempenhar determinados pap\u00e9is; precisamos demonstrar que estamos desempenhando-os corretamente.<\/p>\n<p>O profissional competente precisa parecer ocupado.<\/p>\n<p>O pesquisador precisa parecer produtivo.<\/p>\n<p>A m\u00e3e precisa dar conta de tudo.<\/p>\n<p>O professor precisa estar sempre preparando alguma coisa.<\/p>\n<p>O empreendedor precisa estar \u201cconstruindo\u201d.<\/p>\n<p>O sujeito que tem tempo demais corre o risco de parecer desnecess\u00e1rio.<\/p>\n<p>Eis a ironia: em uma sociedade obcecada por produtividade, descansar tornou-se quase uma atividade clandestina.<\/p>\n<p>At\u00e9 o \u00f3cio precisa ser justificado.<\/p>\n<p>Se voc\u00ea l\u00ea, precisa ser para aprender.<\/p>\n<p>Se viaja, precisa produzir conte\u00fado.<\/p>\n<p>Se pratica exerc\u00edcio, precisa melhorar o desempenho.<\/p>\n<p>Se dorme, precisa dormir oito horas para produzir melhor amanh\u00e3.<\/p>\n<p>Quando exatamente come\u00e7amos a transformar a vida em uma planilha?<\/p>\n<p>Talvez Foucault nos lembrasse que o poder contempor\u00e2neo n\u00e3o precisa necessariamente mandar. Ele pode produzir sujeitos que passam a vigiar a si pr\u00f3prios.<\/p>\n<p>N\u00e3o precisamos mais de algu\u00e9m dizendo \u201ctrabalhe\u201d.<\/p>\n<p>N\u00f3s mesmos fazemos isso.<\/p>\n<p>\u00c0s vezes at\u00e9 durante o domingo.<\/p>\n<p>A pessoa est\u00e1 no sof\u00e1, mas mentalmente est\u00e1 respondendo e-mails.<\/p>\n<p>Est\u00e1 viajando, mas pensando no trabalho.<\/p>\n<p>Est\u00e1 de f\u00e9rias e pede desculpas por n\u00e3o estar dispon\u00edvel.<\/p>\n<p>\u00c9 uma curiosa forma de liberdade: temos permiss\u00e3o para parar, mas n\u00e3o conseguimos mais.<\/p>\n<p>Talvez a verdadeira rebeldia contempor\u00e2nea seja dizer:<\/p>\n<p>\u201cHoje n\u00e3o estou fazendo nada.\u201d<\/p>\n<p>E n\u00e3o completar a frase com uma justificativa.<\/p>\n<p>Nada.<\/p>\n<p>Simplesmente nada.<\/p>\n<p>O mundo provavelmente continuar\u00e1 funcionando.<\/p>\n<p>E, se n\u00e3o continuar, pelo menos descobriremos que talvez nunca tiv\u00e9ssemos tanto controle assim.<\/p>\n","protected":false},"excerpt":{"rendered":"<p>Existe uma habilidade social que n\u00e3o consta em nenhum curr\u00edculo universit\u00e1rio, mas que aparentemente se tornou indispens\u00e1vel \u00e0 vida contempor\u00e2nea: parecer ocupado. N\u00e3o necessariamente estar ocupado. Parecer. H\u00e1 uma diferen\u00e7a metodologicamente importante. A pessoa pode estar sentada h\u00e1 quarenta minutos olhando para o celular, mas, se algu\u00e9m perguntar, ela est\u00e1 \u201cresolvendo algumas coisas\u201d. Algumas coisas. [&hellip;]<\/p>\n","protected":false},"author":21,"featured_media":408563,"comment_status":"closed","ping_status":"closed","sticky":false,"template":"","format":"standard","meta":{"_acf_changed":false,"footnotes":""},"categories":[155],"tags":[],"tmauthors":[306],"class_list":["post-408562","post","type-post","status-publish","format-standard","has-post-thumbnail","category-leitura-vip"],"acf":[],"yoast_head":"<!-- This site is optimized with the Yoast SEO plugin v28.0 - https:\/\/yoast.com\/product\/yoast-seo-wordpress\/ -->\n<title>A arte de parecer ocupado - Notibras<\/title>\n<meta name=\"robots\" content=\"index, follow, max-snippet:-1, max-image-preview:large, max-video-preview:-1\" \/>\n<link rel=\"canonical\" href=\"https:\/\/www.notibras.com\/site\/a-arte-de-parecer-ocupado\/\" \/>\n<meta property=\"og:locale\" content=\"pt_BR\" \/>\n<meta property=\"og:type\" content=\"article\" \/>\n<meta property=\"og:title\" content=\"A arte de parecer ocupado - Notibras\" \/>\n<meta property=\"og:description\" content=\"Existe uma habilidade social que n\u00e3o consta em nenhum curr\u00edculo universit\u00e1rio, mas que aparentemente se tornou indispens\u00e1vel \u00e0 vida contempor\u00e2nea: parecer ocupado. N\u00e3o necessariamente estar ocupado. Parecer. H\u00e1 uma diferen\u00e7a metodologicamente importante. A pessoa pode estar sentada h\u00e1 quarenta minutos olhando para o celular, mas, se algu\u00e9m perguntar, ela est\u00e1 \u201cresolvendo algumas coisas\u201d. Algumas coisas. [&hellip;]\" \/>\n<meta property=\"og:url\" content=\"https:\/\/www.notibras.com\/site\/a-arte-de-parecer-ocupado\/\" \/>\n<meta property=\"og:site_name\" content=\"Notibras\" \/>\n<meta property=\"article:publisher\" content=\"https:\/\/www.facebook.com\/notibras\/\" \/>\n<meta property=\"article:published_time\" content=\"2026-09-03T05:15:05+00:00\" \/>\n<meta property=\"og:image\" content=\"https:\/\/www.notibras.com\/site\/wp-content\/uploads\/2026\/08\/WhatsApp-Image-2026-08-28-at-21.52.11-1.jpeg\" \/>\n\t<meta property=\"og:image:width\" content=\"1280\" \/>\n\t<meta property=\"og:image:height\" content=\"853\" \/>\n\t<meta property=\"og:image:type\" content=\"image\/jpeg\" \/>\n<meta name=\"author\" content=\"Eduardo Mart\u00ednez\" \/>\n<meta name=\"twitter:card\" content=\"summary_large_image\" \/>\n<meta name=\"twitter:creator\" content=\"@Notibras\" \/>\n<meta name=\"twitter:site\" content=\"@Notibras\" \/>\n<meta name=\"twitter:label1\" content=\"Escrito por\" \/>\n\t<meta name=\"twitter:data1\" content=\"Eduardo Mart\u00ednez\" \/>\n\t<meta name=\"twitter:label2\" content=\"Est. tempo de leitura\" \/>\n\t<meta name=\"twitter:data2\" content=\"3 minutos\" \/>\n<script type=\"application\/ld+json\" class=\"yoast-schema-graph\">{\"@context\":\"https:\\\/\\\/schema.org\",\"@graph\":[{\"@type\":\"Article\",\"@id\":\"https:\\\/\\\/www.notibras.com\\\/site\\\/a-arte-de-parecer-ocupado\\\/#article\",\"isPartOf\":{\"@id\":\"https:\\\/\\\/www.notibras.com\\\/site\\\/a-arte-de-parecer-ocupado\\\/\"},\"author\":{\"name\":\"Eduardo Mart\u00ednez\",\"@id\":\"https:\\\/\\\/www.notibras.com\\\/site\\\/#\\\/schema\\\/person\\\/5b7fabf2aedc3ada2105f03b22b4d3dd\"},\"headline\":\"A arte de parecer ocupado\",\"datePublished\":\"2026-09-03T05:15:05+00:00\",\"mainEntityOfPage\":{\"@id\":\"https:\\\/\\\/www.notibras.com\\\/site\\\/a-arte-de-parecer-ocupado\\\/\"},\"wordCount\":465,\"publisher\":{\"@id\":\"https:\\\/\\\/www.notibras.com\\\/site\\\/#organization\"},\"image\":{\"@id\":\"https:\\\/\\\/www.notibras.com\\\/site\\\/a-arte-de-parecer-ocupado\\\/#primaryimage\"},\"thumbnailUrl\":\"https:\\\/\\\/www.notibras.com\\\/site\\\/wp-content\\\/uploads\\\/2026\\\/08\\\/WhatsApp-Image-2026-08-28-at-21.52.11-1.jpeg\",\"articleSection\":[\"Leitura Vip\"],\"inLanguage\":\"pt-BR\"},{\"@type\":\"WebPage\",\"@id\":\"https:\\\/\\\/www.notibras.com\\\/site\\\/a-arte-de-parecer-ocupado\\\/\",\"url\":\"https:\\\/\\\/www.notibras.com\\\/site\\\/a-arte-de-parecer-ocupado\\\/\",\"name\":\"A arte de parecer ocupado - Notibras\",\"isPartOf\":{\"@id\":\"https:\\\/\\\/www.notibras.com\\\/site\\\/#website\"},\"primaryImageOfPage\":{\"@id\":\"https:\\\/\\\/www.notibras.com\\\/site\\\/a-arte-de-parecer-ocupado\\\/#primaryimage\"},\"image\":{\"@id\":\"https:\\\/\\\/www.notibras.com\\\/site\\\/a-arte-de-parecer-ocupado\\\/#primaryimage\"},\"thumbnailUrl\":\"https:\\\/\\\/www.notibras.com\\\/site\\\/wp-content\\\/uploads\\\/2026\\\/08\\\/WhatsApp-Image-2026-08-28-at-21.52.11-1.jpeg\",\"datePublished\":\"2026-09-03T05:15:05+00:00\",\"breadcrumb\":{\"@id\":\"https:\\\/\\\/www.notibras.com\\\/site\\\/a-arte-de-parecer-ocupado\\\/#breadcrumb\"},\"inLanguage\":\"pt-BR\",\"potentialAction\":[{\"@type\":\"ReadAction\",\"target\":[\"https:\\\/\\\/www.notibras.com\\\/site\\\/a-arte-de-parecer-ocupado\\\/\"]}]},{\"@type\":\"ImageObject\",\"inLanguage\":\"pt-BR\",\"@id\":\"https:\\\/\\\/www.notibras.com\\\/site\\\/a-arte-de-parecer-ocupado\\\/#primaryimage\",\"url\":\"https:\\\/\\\/www.notibras.com\\\/site\\\/wp-content\\\/uploads\\\/2026\\\/08\\\/WhatsApp-Image-2026-08-28-at-21.52.11-1.jpeg\",\"contentUrl\":\"https:\\\/\\\/www.notibras.com\\\/site\\\/wp-content\\\/uploads\\\/2026\\\/08\\\/WhatsApp-Image-2026-08-28-at-21.52.11-1.jpeg\",\"width\":1280,\"height\":853},{\"@type\":\"BreadcrumbList\",\"@id\":\"https:\\\/\\\/www.notibras.com\\\/site\\\/a-arte-de-parecer-ocupado\\\/#breadcrumb\",\"itemListElement\":[{\"@type\":\"ListItem\",\"position\":1,\"name\":\"In\u00edcio\",\"item\":\"https:\\\/\\\/www.notibras.com\\\/site\\\/\"},{\"@type\":\"ListItem\",\"position\":2,\"name\":\"A arte de parecer ocupado\"}]},{\"@type\":\"WebSite\",\"@id\":\"https:\\\/\\\/www.notibras.com\\\/site\\\/#website\",\"url\":\"https:\\\/\\\/www.notibras.com\\\/site\\\/\",\"name\":\"Notibras\",\"description\":\"Not\u00edcias de Bras\u00edlia, do Brasil e do Mundo\",\"publisher\":{\"@id\":\"https:\\\/\\\/www.notibras.com\\\/site\\\/#organization\"},\"potentialAction\":[{\"@type\":\"SearchAction\",\"target\":{\"@type\":\"EntryPoint\",\"urlTemplate\":\"https:\\\/\\\/www.notibras.com\\\/site\\\/?s={search_term_string}\"},\"query-input\":{\"@type\":\"PropertyValueSpecification\",\"valueRequired\":true,\"valueName\":\"search_term_string\"}}],\"inLanguage\":\"pt-BR\"},{\"@type\":\"Organization\",\"@id\":\"https:\\\/\\\/www.notibras.com\\\/site\\\/#organization\",\"name\":\"Grupo Notibras de Comunica\u00e7\u00e3o\",\"url\":\"https:\\\/\\\/www.notibras.com\\\/site\\\/\",\"logo\":{\"@type\":\"ImageObject\",\"inLanguage\":\"pt-BR\",\"@id\":\"https:\\\/\\\/www.notibras.com\\\/site\\\/#\\\/schema\\\/logo\\\/image\\\/\",\"url\":\"https:\\\/\\\/www.notibras.com\\\/site\\\/wp-content\\\/uploads\\\/2023\\\/01\\\/notibras23.png\",\"contentUrl\":\"https:\\\/\\\/www.notibras.com\\\/site\\\/wp-content\\\/uploads\\\/2023\\\/01\\\/notibras23.png\",\"width\":350,\"height\":87,\"caption\":\"Grupo Notibras de Comunica\u00e7\u00e3o\"},\"image\":{\"@id\":\"https:\\\/\\\/www.notibras.com\\\/site\\\/#\\\/schema\\\/logo\\\/image\\\/\"},\"sameAs\":[\"https:\\\/\\\/www.facebook.com\\\/notibras\\\/\",\"https:\\\/\\\/x.com\\\/Notibras\",\"https:\\\/\\\/www.instagram.com\\\/notibras\\\/\"]},{\"@type\":\"Person\",\"@id\":\"https:\\\/\\\/www.notibras.com\\\/site\\\/#\\\/schema\\\/person\\\/5b7fabf2aedc3ada2105f03b22b4d3dd\",\"name\":\"Eduardo Mart\u00ednez\",\"image\":{\"@type\":\"ImageObject\",\"inLanguage\":\"pt-BR\",\"@id\":\"https:\\\/\\\/secure.gravatar.com\\\/avatar\\\/7902f906289926289cbcda644b5197c796b893c6ffd7b9a536a42d290f7704a0?s=96&d=mm&r=g\",\"url\":\"https:\\\/\\\/secure.gravatar.com\\\/avatar\\\/7902f906289926289cbcda644b5197c796b893c6ffd7b9a536a42d290f7704a0?s=96&d=mm&r=g\",\"contentUrl\":\"https:\\\/\\\/secure.gravatar.com\\\/avatar\\\/7902f906289926289cbcda644b5197c796b893c6ffd7b9a536a42d290f7704a0?s=96&d=mm&r=g\",\"caption\":\"Eduardo Mart\u00ednez\"}}]}<\/script>\n<!-- \/ Yoast SEO plugin. -->","yoast_head_json":{"title":"A arte de parecer ocupado - Notibras","robots":{"index":"index","follow":"follow","max-snippet":"max-snippet:-1","max-image-preview":"max-image-preview:large","max-video-preview":"max-video-preview:-1"},"canonical":"https:\/\/www.notibras.com\/site\/a-arte-de-parecer-ocupado\/","og_locale":"pt_BR","og_type":"article","og_title":"A arte de parecer ocupado - Notibras","og_description":"Existe uma habilidade social que n\u00e3o consta em nenhum curr\u00edculo universit\u00e1rio, mas que aparentemente se tornou indispens\u00e1vel \u00e0 vida contempor\u00e2nea: parecer ocupado. N\u00e3o necessariamente estar ocupado. Parecer. H\u00e1 uma diferen\u00e7a metodologicamente importante. A pessoa pode estar sentada h\u00e1 quarenta minutos olhando para o celular, mas, se algu\u00e9m perguntar, ela est\u00e1 \u201cresolvendo algumas coisas\u201d. Algumas coisas. [&hellip;]","og_url":"https:\/\/www.notibras.com\/site\/a-arte-de-parecer-ocupado\/","og_site_name":"Notibras","article_publisher":"https:\/\/www.facebook.com\/notibras\/","article_published_time":"2026-09-03T05:15:05+00:00","og_image":[{"width":1280,"height":853,"url":"https:\/\/www.notibras.com\/site\/wp-content\/uploads\/2026\/08\/WhatsApp-Image-2026-08-28-at-21.52.11-1.jpeg","type":"image\/jpeg"}],"author":"Eduardo Mart\u00ednez","twitter_card":"summary_large_image","twitter_creator":"@Notibras","twitter_site":"@Notibras","twitter_misc":{"Escrito por":"Eduardo Mart\u00ednez","Est. tempo de leitura":"3 minutos"},"schema":{"@context":"https:\/\/schema.org","@graph":[{"@type":"Article","@id":"https:\/\/www.notibras.com\/site\/a-arte-de-parecer-ocupado\/#article","isPartOf":{"@id":"https:\/\/www.notibras.com\/site\/a-arte-de-parecer-ocupado\/"},"author":{"name":"Eduardo Mart\u00ednez","@id":"https:\/\/www.notibras.com\/site\/#\/schema\/person\/5b7fabf2aedc3ada2105f03b22b4d3dd"},"headline":"A arte de parecer ocupado","datePublished":"2026-09-03T05:15:05+00:00","mainEntityOfPage":{"@id":"https:\/\/www.notibras.com\/site\/a-arte-de-parecer-ocupado\/"},"wordCount":465,"publisher":{"@id":"https:\/\/www.notibras.com\/site\/#organization"},"image":{"@id":"https:\/\/www.notibras.com\/site\/a-arte-de-parecer-ocupado\/#primaryimage"},"thumbnailUrl":"https:\/\/www.notibras.com\/site\/wp-content\/uploads\/2026\/08\/WhatsApp-Image-2026-08-28-at-21.52.11-1.jpeg","articleSection":["Leitura Vip"],"inLanguage":"pt-BR"},{"@type":"WebPage","@id":"https:\/\/www.notibras.com\/site\/a-arte-de-parecer-ocupado\/","url":"https:\/\/www.notibras.com\/site\/a-arte-de-parecer-ocupado\/","name":"A arte de parecer ocupado - Notibras","isPartOf":{"@id":"https:\/\/www.notibras.com\/site\/#website"},"primaryImageOfPage":{"@id":"https:\/\/www.notibras.com\/site\/a-arte-de-parecer-ocupado\/#primaryimage"},"image":{"@id":"https:\/\/www.notibras.com\/site\/a-arte-de-parecer-ocupado\/#primaryimage"},"thumbnailUrl":"https:\/\/www.notibras.com\/site\/wp-content\/uploads\/2026\/08\/WhatsApp-Image-2026-08-28-at-21.52.11-1.jpeg","datePublished":"2026-09-03T05:15:05+00:00","breadcrumb":{"@id":"https:\/\/www.notibras.com\/site\/a-arte-de-parecer-ocupado\/#breadcrumb"},"inLanguage":"pt-BR","potentialAction":[{"@type":"ReadAction","target":["https:\/\/www.notibras.com\/site\/a-arte-de-parecer-ocupado\/"]}]},{"@type":"ImageObject","inLanguage":"pt-BR","@id":"https:\/\/www.notibras.com\/site\/a-arte-de-parecer-ocupado\/#primaryimage","url":"https:\/\/www.notibras.com\/site\/wp-content\/uploads\/2026\/08\/WhatsApp-Image-2026-08-28-at-21.52.11-1.jpeg","contentUrl":"https:\/\/www.notibras.com\/site\/wp-content\/uploads\/2026\/08\/WhatsApp-Image-2026-08-28-at-21.52.11-1.jpeg","width":1280,"height":853},{"@type":"BreadcrumbList","@id":"https:\/\/www.notibras.com\/site\/a-arte-de-parecer-ocupado\/#breadcrumb","itemListElement":[{"@type":"ListItem","position":1,"name":"In\u00edcio","item":"https:\/\/www.notibras.com\/site\/"},{"@type":"ListItem","position":2,"name":"A arte de parecer ocupado"}]},{"@type":"WebSite","@id":"https:\/\/www.notibras.com\/site\/#website","url":"https:\/\/www.notibras.com\/site\/","name":"Notibras","description":"Not\u00edcias de Bras\u00edlia, do Brasil e do Mundo","publisher":{"@id":"https:\/\/www.notibras.com\/site\/#organization"},"potentialAction":[{"@type":"SearchAction","target":{"@type":"EntryPoint","urlTemplate":"https:\/\/www.notibras.com\/site\/?s={search_term_string}"},"query-input":{"@type":"PropertyValueSpecification","valueRequired":true,"valueName":"search_term_string"}}],"inLanguage":"pt-BR"},{"@type":"Organization","@id":"https:\/\/www.notibras.com\/site\/#organization","name":"Grupo Notibras de Comunica\u00e7\u00e3o","url":"https:\/\/www.notibras.com\/site\/","logo":{"@type":"ImageObject","inLanguage":"pt-BR","@id":"https:\/\/www.notibras.com\/site\/#\/schema\/logo\/image\/","url":"https:\/\/www.notibras.com\/site\/wp-content\/uploads\/2023\/01\/notibras23.png","contentUrl":"https:\/\/www.notibras.com\/site\/wp-content\/uploads\/2023\/01\/notibras23.png","width":350,"height":87,"caption":"Grupo Notibras de Comunica\u00e7\u00e3o"},"image":{"@id":"https:\/\/www.notibras.com\/site\/#\/schema\/logo\/image\/"},"sameAs":["https:\/\/www.facebook.com\/notibras\/","https:\/\/x.com\/Notibras","https:\/\/www.instagram.com\/notibras\/"]},{"@type":"Person","@id":"https:\/\/www.notibras.com\/site\/#\/schema\/person\/5b7fabf2aedc3ada2105f03b22b4d3dd","name":"Eduardo Mart\u00ednez","image":{"@type":"ImageObject","inLanguage":"pt-BR","@id":"https:\/\/secure.gravatar.com\/avatar\/7902f906289926289cbcda644b5197c796b893c6ffd7b9a536a42d290f7704a0?s=96&d=mm&r=g","url":"https:\/\/secure.gravatar.com\/avatar\/7902f906289926289cbcda644b5197c796b893c6ffd7b9a536a42d290f7704a0?s=96&d=mm&r=g","contentUrl":"https:\/\/secure.gravatar.com\/avatar\/7902f906289926289cbcda644b5197c796b893c6ffd7b9a536a42d290f7704a0?s=96&d=mm&r=g","caption":"Eduardo Mart\u00ednez"}}]}},"_links":{"self":[{"href":"https:\/\/www.notibras.com\/site\/wp-json\/wp\/v2\/posts\/408562","targetHints":{"allow":["GET"]}}],"collection":[{"href":"https:\/\/www.notibras.com\/site\/wp-json\/wp\/v2\/posts"}],"about":[{"href":"https:\/\/www.notibras.com\/site\/wp-json\/wp\/v2\/types\/post"}],"author":[{"embeddable":true,"href":"https:\/\/www.notibras.com\/site\/wp-json\/wp\/v2\/users\/21"}],"replies":[{"embeddable":true,"href":"https:\/\/www.notibras.com\/site\/wp-json\/wp\/v2\/comments?post=408562"}],"version-history":[{"count":2,"href":"https:\/\/www.notibras.com\/site\/wp-json\/wp\/v2\/posts\/408562\/revisions"}],"predecessor-version":[{"id":408565,"href":"https:\/\/www.notibras.com\/site\/wp-json\/wp\/v2\/posts\/408562\/revisions\/408565"}],"wp:featuredmedia":[{"embeddable":true,"href":"https:\/\/www.notibras.com\/site\/wp-json\/wp\/v2\/media\/408563"}],"wp:attachment":[{"href":"https:\/\/www.notibras.com\/site\/wp-json\/wp\/v2\/media?parent=408562"}],"wp:term":[{"taxonomy":"category","embeddable":true,"href":"https:\/\/www.notibras.com\/site\/wp-json\/wp\/v2\/categories?post=408562"},{"taxonomy":"post_tag","embeddable":true,"href":"https:\/\/www.notibras.com\/site\/wp-json\/wp\/v2\/tags?post=408562"},{"taxonomy":"tmauthors","embeddable":true,"href":"https:\/\/www.notibras.com\/site\/wp-json\/wp\/v2\/tmauthors?post=408562"}],"curies":[{"name":"wp","href":"https:\/\/api.w.org\/{rel}","templated":true}]}}