{"id":408566,"date":"2026-09-04T02:15:09","date_gmt":"2026-09-04T05:15:09","guid":{"rendered":"https:\/\/www.notibras.com\/site\/?p=408566"},"modified":"2026-08-28T21:59:14","modified_gmt":"2026-08-29T00:59:14","slug":"o-tribunal-permanente-das-redes-sociais","status":"publish","type":"post","link":"https:\/\/www.notibras.com\/site\/o-tribunal-permanente-das-redes-sociais\/","title":{"rendered":"O tribunal permanente das redes sociais"},"content":{"rendered":"<p>Vivemos diante de um tribunal que n\u00e3o fecha.<\/p>\n<p>N\u00e3o tem expediente.<\/p>\n<p>N\u00e3o tem feriado.<\/p>\n<p>N\u00e3o tem recesso.<\/p>\n<p>E, curiosamente, quase ningu\u00e9m foi oficialmente nomeado juiz.<\/p>\n<p>As redes sociais transformaram cada cidad\u00e3o em comentarista, fiscal, perito, terapeuta e especialista em comportamento humano.<\/p>\n<p>Uma pessoa publica uma fotografia.<\/p>\n<p>Come\u00e7a o julgamento.<\/p>\n<p>\u201cEst\u00e1 feliz demais.\u201d<\/p>\n<p>\u201cEst\u00e1 querendo aparecer.\u201d<\/p>\n<p>\u201cEst\u00e1 triste.\u201d<\/p>\n<p>\u201cEst\u00e1 fingindo.\u201d<\/p>\n<p>\u201cEst\u00e1 rica.\u201d<\/p>\n<p>\u201cEst\u00e1 endividada.\u201d<\/p>\n<p>\u201cEst\u00e1 apaixonada.\u201d<\/p>\n<p>\u201cEst\u00e1 tentando superar.\u201d<\/p>\n<p>\u00c9 impressionante o alcance da hermen\u00eautica digital.<\/p>\n<p>Uma fotografia de tr\u00eas segundos pode produzir uma an\u00e1lise psicol\u00f3gica de quinze par\u00e1grafos.<\/p>\n<p>Goffman talvez chamasse aten\u00e7\u00e3o para a dimens\u00e3o perform\u00e1tica dessa exist\u00eancia p\u00fablica. Afinal, toda apresenta\u00e7\u00e3o de si envolve escolhas: o que mostrar, o que esconder, qual cen\u00e1rio utilizar, qual impress\u00e3o produzir.<\/p>\n<p>Mas existe um detalhe que esquecemos: observar a fachada de algu\u00e9m n\u00e3o significa conhecer os bastidores.<\/p>\n<p>O problema \u00e9 que a sociedade digital aboliu parcialmente essa distin\u00e7\u00e3o.<\/p>\n<p>A imagem virou prova.<\/p>\n<p>E a interpreta\u00e7\u00e3o virou verdade.<\/p>\n<p>Foucault teria material suficiente para alguns volumes ao observar a quantidade de pessoas que vigiam umas \u00e0s outras sem que ningu\u00e9m precise pedir.<\/p>\n<p>Quem curtiu.<\/p>\n<p>Quem deixou de curtir.<\/p>\n<p>Quem visualizou.<\/p>\n<p>Quem n\u00e3o respondeu.<\/p>\n<p>Quem publicou.<\/p>\n<p>Quem apagou.<\/p>\n<p>Quem apareceu com quem.<\/p>\n<p>O pan\u00f3ptico ganhou conex\u00e3o de fibra \u00f3ptica.<\/p>\n<p>E n\u00f3s participamos voluntariamente.<\/p>\n<p>O mais curioso \u00e9 que muitas vezes denunciamos a vigil\u00e2ncia enquanto praticamos vigil\u00e2ncia.<\/p>\n<p>Queremos privacidade para n\u00f3s e informa\u00e7\u00f5es sobre os outros.<\/p>\n<p>Queremos liberdade para publicar e liberdade para interpretar.<\/p>\n<p>Queremos n\u00e3o ser julgados, mas temos opini\u00f5es muito precisas sobre a vida alheia.<\/p>\n<p>A contradi\u00e7\u00e3o \u00e9 quase uma especialidade humana.<\/p>\n<p>Talvez o exerc\u00edcio mais sofisticado de liberdade hoje seja n\u00e3o transformar toda informa\u00e7\u00e3o em julgamento.<\/p>\n<p>Nem tudo que vemos precisa ser interpretado.<\/p>\n<p>Nem toda publica\u00e7\u00e3o precisa de diagn\u00f3stico.<\/p>\n<p>Nem toda vida precisa de parecer.<\/p>\n<p>\u00c0s vezes uma foto \u00e9 s\u00f3 uma foto.<\/p>\n<p>Uma viagem \u00e9 s\u00f3 uma viagem.<\/p>\n<p>Um caf\u00e9 \u00e9 s\u00f3 um caf\u00e9.<\/p>\n<p>E uma pessoa sorrindo pode simplesmente estar sorrindo.<\/p>\n<p>A vida real, felizmente, continua muito mais complexa do que o algoritmo consegue imaginar.<\/p>\n","protected":false},"excerpt":{"rendered":"<p>Vivemos diante de um tribunal que n\u00e3o fecha. N\u00e3o tem expediente. N\u00e3o tem feriado. N\u00e3o tem recesso. E, curiosamente, quase ningu\u00e9m foi oficialmente nomeado juiz. As redes sociais transformaram cada cidad\u00e3o em comentarista, fiscal, perito, terapeuta e especialista em comportamento humano. Uma pessoa publica uma fotografia. Come\u00e7a o julgamento. \u201cEst\u00e1 feliz demais.\u201d \u201cEst\u00e1 querendo aparecer.\u201d [&hellip;]<\/p>\n","protected":false},"author":21,"featured_media":408567,"comment_status":"closed","ping_status":"closed","sticky":false,"template":"","format":"standard","meta":{"_acf_changed":false,"footnotes":""},"categories":[155],"tags":[],"tmauthors":[306],"class_list":["post-408566","post","type-post","status-publish","format-standard","has-post-thumbnail","category-leitura-vip"],"acf":[],"yoast_head":"<!-- This site is optimized with the Yoast SEO plugin v28.0 - https:\/\/yoast.com\/product\/yoast-seo-wordpress\/ -->\n<title>O tribunal permanente das redes sociais - Notibras<\/title>\n<meta name=\"robots\" content=\"index, follow, max-snippet:-1, max-image-preview:large, max-video-preview:-1\" \/>\n<link rel=\"canonical\" href=\"https:\/\/www.notibras.com\/site\/o-tribunal-permanente-das-redes-sociais\/\" \/>\n<meta property=\"og:locale\" content=\"pt_BR\" \/>\n<meta property=\"og:type\" content=\"article\" \/>\n<meta property=\"og:title\" content=\"O tribunal permanente das redes sociais - Notibras\" \/>\n<meta property=\"og:description\" content=\"Vivemos diante de um tribunal que n\u00e3o fecha. N\u00e3o tem expediente. N\u00e3o tem feriado. N\u00e3o tem recesso. E, curiosamente, quase ningu\u00e9m foi oficialmente nomeado juiz. As redes sociais transformaram cada cidad\u00e3o em comentarista, fiscal, perito, terapeuta e especialista em comportamento humano. Uma pessoa publica uma fotografia. Come\u00e7a o julgamento. \u201cEst\u00e1 feliz demais.\u201d \u201cEst\u00e1 querendo aparecer.\u201d [&hellip;]\" \/>\n<meta property=\"og:url\" content=\"https:\/\/www.notibras.com\/site\/o-tribunal-permanente-das-redes-sociais\/\" \/>\n<meta property=\"og:site_name\" content=\"Notibras\" \/>\n<meta property=\"article:publisher\" content=\"https:\/\/www.facebook.com\/notibras\/\" \/>\n<meta property=\"article:published_time\" content=\"2026-09-04T05:15:09+00:00\" \/>\n<meta property=\"og:image\" content=\"https:\/\/www.notibras.com\/site\/wp-content\/uploads\/2026\/08\/WhatsApp-Image-2026-08-28-at-21.57.29.jpeg\" \/>\n\t<meta property=\"og:image:width\" content=\"1280\" \/>\n\t<meta property=\"og:image:height\" content=\"853\" \/>\n\t<meta property=\"og:image:type\" content=\"image\/jpeg\" \/>\n<meta name=\"author\" content=\"Eduardo Mart\u00ednez\" \/>\n<meta name=\"twitter:card\" content=\"summary_large_image\" \/>\n<meta name=\"twitter:creator\" content=\"@Notibras\" \/>\n<meta name=\"twitter:site\" content=\"@Notibras\" \/>\n<meta name=\"twitter:label1\" content=\"Escrito por\" \/>\n\t<meta name=\"twitter:data1\" content=\"Eduardo Mart\u00ednez\" \/>\n\t<meta name=\"twitter:label2\" content=\"Est. tempo de leitura\" \/>\n\t<meta name=\"twitter:data2\" content=\"3 minutos\" \/>\n<script type=\"application\/ld+json\" class=\"yoast-schema-graph\">{\"@context\":\"https:\\\/\\\/schema.org\",\"@graph\":[{\"@type\":\"Article\",\"@id\":\"https:\\\/\\\/www.notibras.com\\\/site\\\/o-tribunal-permanente-das-redes-sociais\\\/#article\",\"isPartOf\":{\"@id\":\"https:\\\/\\\/www.notibras.com\\\/site\\\/o-tribunal-permanente-das-redes-sociais\\\/\"},\"author\":{\"name\":\"Eduardo Mart\u00ednez\",\"@id\":\"https:\\\/\\\/www.notibras.com\\\/site\\\/#\\\/schema\\\/person\\\/5b7fabf2aedc3ada2105f03b22b4d3dd\"},\"headline\":\"O tribunal permanente das redes sociais\",\"datePublished\":\"2026-09-04T05:15:09+00:00\",\"mainEntityOfPage\":{\"@id\":\"https:\\\/\\\/www.notibras.com\\\/site\\\/o-tribunal-permanente-das-redes-sociais\\\/\"},\"wordCount\":373,\"publisher\":{\"@id\":\"https:\\\/\\\/www.notibras.com\\\/site\\\/#organization\"},\"image\":{\"@id\":\"https:\\\/\\\/www.notibras.com\\\/site\\\/o-tribunal-permanente-das-redes-sociais\\\/#primaryimage\"},\"thumbnailUrl\":\"https:\\\/\\\/www.notibras.com\\\/site\\\/wp-content\\\/uploads\\\/2026\\\/08\\\/WhatsApp-Image-2026-08-28-at-21.57.29.jpeg\",\"articleSection\":[\"Leitura Vip\"],\"inLanguage\":\"pt-BR\"},{\"@type\":\"WebPage\",\"@id\":\"https:\\\/\\\/www.notibras.com\\\/site\\\/o-tribunal-permanente-das-redes-sociais\\\/\",\"url\":\"https:\\\/\\\/www.notibras.com\\\/site\\\/o-tribunal-permanente-das-redes-sociais\\\/\",\"name\":\"O tribunal permanente das redes sociais - Notibras\",\"isPartOf\":{\"@id\":\"https:\\\/\\\/www.notibras.com\\\/site\\\/#website\"},\"primaryImageOfPage\":{\"@id\":\"https:\\\/\\\/www.notibras.com\\\/site\\\/o-tribunal-permanente-das-redes-sociais\\\/#primaryimage\"},\"image\":{\"@id\":\"https:\\\/\\\/www.notibras.com\\\/site\\\/o-tribunal-permanente-das-redes-sociais\\\/#primaryimage\"},\"thumbnailUrl\":\"https:\\\/\\\/www.notibras.com\\\/site\\\/wp-content\\\/uploads\\\/2026\\\/08\\\/WhatsApp-Image-2026-08-28-at-21.57.29.jpeg\",\"datePublished\":\"2026-09-04T05:15:09+00:00\",\"breadcrumb\":{\"@id\":\"https:\\\/\\\/www.notibras.com\\\/site\\\/o-tribunal-permanente-das-redes-sociais\\\/#breadcrumb\"},\"inLanguage\":\"pt-BR\",\"potentialAction\":[{\"@type\":\"ReadAction\",\"target\":[\"https:\\\/\\\/www.notibras.com\\\/site\\\/o-tribunal-permanente-das-redes-sociais\\\/\"]}]},{\"@type\":\"ImageObject\",\"inLanguage\":\"pt-BR\",\"@id\":\"https:\\\/\\\/www.notibras.com\\\/site\\\/o-tribunal-permanente-das-redes-sociais\\\/#primaryimage\",\"url\":\"https:\\\/\\\/www.notibras.com\\\/site\\\/wp-content\\\/uploads\\\/2026\\\/08\\\/WhatsApp-Image-2026-08-28-at-21.57.29.jpeg\",\"contentUrl\":\"https:\\\/\\\/www.notibras.com\\\/site\\\/wp-content\\\/uploads\\\/2026\\\/08\\\/WhatsApp-Image-2026-08-28-at-21.57.29.jpeg\",\"width\":1280,\"height\":853},{\"@type\":\"BreadcrumbList\",\"@id\":\"https:\\\/\\\/www.notibras.com\\\/site\\\/o-tribunal-permanente-das-redes-sociais\\\/#breadcrumb\",\"itemListElement\":[{\"@type\":\"ListItem\",\"position\":1,\"name\":\"In\u00edcio\",\"item\":\"https:\\\/\\\/www.notibras.com\\\/site\\\/\"},{\"@type\":\"ListItem\",\"position\":2,\"name\":\"O tribunal permanente das redes sociais\"}]},{\"@type\":\"WebSite\",\"@id\":\"https:\\\/\\\/www.notibras.com\\\/site\\\/#website\",\"url\":\"https:\\\/\\\/www.notibras.com\\\/site\\\/\",\"name\":\"Notibras\",\"description\":\"Not\u00edcias de Bras\u00edlia, do Brasil e do Mundo\",\"publisher\":{\"@id\":\"https:\\\/\\\/www.notibras.com\\\/site\\\/#organization\"},\"potentialAction\":[{\"@type\":\"SearchAction\",\"target\":{\"@type\":\"EntryPoint\",\"urlTemplate\":\"https:\\\/\\\/www.notibras.com\\\/site\\\/?s={search_term_string}\"},\"query-input\":{\"@type\":\"PropertyValueSpecification\",\"valueRequired\":true,\"valueName\":\"search_term_string\"}}],\"inLanguage\":\"pt-BR\"},{\"@type\":\"Organization\",\"@id\":\"https:\\\/\\\/www.notibras.com\\\/site\\\/#organization\",\"name\":\"Grupo Notibras de Comunica\u00e7\u00e3o\",\"url\":\"https:\\\/\\\/www.notibras.com\\\/site\\\/\",\"logo\":{\"@type\":\"ImageObject\",\"inLanguage\":\"pt-BR\",\"@id\":\"https:\\\/\\\/www.notibras.com\\\/site\\\/#\\\/schema\\\/logo\\\/image\\\/\",\"url\":\"https:\\\/\\\/www.notibras.com\\\/site\\\/wp-content\\\/uploads\\\/2023\\\/01\\\/notibras23.png\",\"contentUrl\":\"https:\\\/\\\/www.notibras.com\\\/site\\\/wp-content\\\/uploads\\\/2023\\\/01\\\/notibras23.png\",\"width\":350,\"height\":87,\"caption\":\"Grupo Notibras de Comunica\u00e7\u00e3o\"},\"image\":{\"@id\":\"https:\\\/\\\/www.notibras.com\\\/site\\\/#\\\/schema\\\/logo\\\/image\\\/\"},\"sameAs\":[\"https:\\\/\\\/www.facebook.com\\\/notibras\\\/\",\"https:\\\/\\\/x.com\\\/Notibras\",\"https:\\\/\\\/www.instagram.com\\\/notibras\\\/\"]},{\"@type\":\"Person\",\"@id\":\"https:\\\/\\\/www.notibras.com\\\/site\\\/#\\\/schema\\\/person\\\/5b7fabf2aedc3ada2105f03b22b4d3dd\",\"name\":\"Eduardo Mart\u00ednez\",\"image\":{\"@type\":\"ImageObject\",\"inLanguage\":\"pt-BR\",\"@id\":\"https:\\\/\\\/secure.gravatar.com\\\/avatar\\\/7902f906289926289cbcda644b5197c796b893c6ffd7b9a536a42d290f7704a0?s=96&d=mm&r=g\",\"url\":\"https:\\\/\\\/secure.gravatar.com\\\/avatar\\\/7902f906289926289cbcda644b5197c796b893c6ffd7b9a536a42d290f7704a0?s=96&d=mm&r=g\",\"contentUrl\":\"https:\\\/\\\/secure.gravatar.com\\\/avatar\\\/7902f906289926289cbcda644b5197c796b893c6ffd7b9a536a42d290f7704a0?s=96&d=mm&r=g\",\"caption\":\"Eduardo Mart\u00ednez\"}}]}<\/script>\n<!-- \/ Yoast SEO plugin. -->","yoast_head_json":{"title":"O tribunal permanente das redes sociais - Notibras","robots":{"index":"index","follow":"follow","max-snippet":"max-snippet:-1","max-image-preview":"max-image-preview:large","max-video-preview":"max-video-preview:-1"},"canonical":"https:\/\/www.notibras.com\/site\/o-tribunal-permanente-das-redes-sociais\/","og_locale":"pt_BR","og_type":"article","og_title":"O tribunal permanente das redes sociais - Notibras","og_description":"Vivemos diante de um tribunal que n\u00e3o fecha. N\u00e3o tem expediente. N\u00e3o tem feriado. N\u00e3o tem recesso. E, curiosamente, quase ningu\u00e9m foi oficialmente nomeado juiz. As redes sociais transformaram cada cidad\u00e3o em comentarista, fiscal, perito, terapeuta e especialista em comportamento humano. Uma pessoa publica uma fotografia. Come\u00e7a o julgamento. \u201cEst\u00e1 feliz demais.\u201d \u201cEst\u00e1 querendo aparecer.\u201d [&hellip;]","og_url":"https:\/\/www.notibras.com\/site\/o-tribunal-permanente-das-redes-sociais\/","og_site_name":"Notibras","article_publisher":"https:\/\/www.facebook.com\/notibras\/","article_published_time":"2026-09-04T05:15:09+00:00","og_image":[{"width":1280,"height":853,"url":"https:\/\/www.notibras.com\/site\/wp-content\/uploads\/2026\/08\/WhatsApp-Image-2026-08-28-at-21.57.29.jpeg","type":"image\/jpeg"}],"author":"Eduardo Mart\u00ednez","twitter_card":"summary_large_image","twitter_creator":"@Notibras","twitter_site":"@Notibras","twitter_misc":{"Escrito por":"Eduardo Mart\u00ednez","Est. tempo de leitura":"3 minutos"},"schema":{"@context":"https:\/\/schema.org","@graph":[{"@type":"Article","@id":"https:\/\/www.notibras.com\/site\/o-tribunal-permanente-das-redes-sociais\/#article","isPartOf":{"@id":"https:\/\/www.notibras.com\/site\/o-tribunal-permanente-das-redes-sociais\/"},"author":{"name":"Eduardo Mart\u00ednez","@id":"https:\/\/www.notibras.com\/site\/#\/schema\/person\/5b7fabf2aedc3ada2105f03b22b4d3dd"},"headline":"O tribunal permanente das redes sociais","datePublished":"2026-09-04T05:15:09+00:00","mainEntityOfPage":{"@id":"https:\/\/www.notibras.com\/site\/o-tribunal-permanente-das-redes-sociais\/"},"wordCount":373,"publisher":{"@id":"https:\/\/www.notibras.com\/site\/#organization"},"image":{"@id":"https:\/\/www.notibras.com\/site\/o-tribunal-permanente-das-redes-sociais\/#primaryimage"},"thumbnailUrl":"https:\/\/www.notibras.com\/site\/wp-content\/uploads\/2026\/08\/WhatsApp-Image-2026-08-28-at-21.57.29.jpeg","articleSection":["Leitura Vip"],"inLanguage":"pt-BR"},{"@type":"WebPage","@id":"https:\/\/www.notibras.com\/site\/o-tribunal-permanente-das-redes-sociais\/","url":"https:\/\/www.notibras.com\/site\/o-tribunal-permanente-das-redes-sociais\/","name":"O tribunal permanente das redes sociais - Notibras","isPartOf":{"@id":"https:\/\/www.notibras.com\/site\/#website"},"primaryImageOfPage":{"@id":"https:\/\/www.notibras.com\/site\/o-tribunal-permanente-das-redes-sociais\/#primaryimage"},"image":{"@id":"https:\/\/www.notibras.com\/site\/o-tribunal-permanente-das-redes-sociais\/#primaryimage"},"thumbnailUrl":"https:\/\/www.notibras.com\/site\/wp-content\/uploads\/2026\/08\/WhatsApp-Image-2026-08-28-at-21.57.29.jpeg","datePublished":"2026-09-04T05:15:09+00:00","breadcrumb":{"@id":"https:\/\/www.notibras.com\/site\/o-tribunal-permanente-das-redes-sociais\/#breadcrumb"},"inLanguage":"pt-BR","potentialAction":[{"@type":"ReadAction","target":["https:\/\/www.notibras.com\/site\/o-tribunal-permanente-das-redes-sociais\/"]}]},{"@type":"ImageObject","inLanguage":"pt-BR","@id":"https:\/\/www.notibras.com\/site\/o-tribunal-permanente-das-redes-sociais\/#primaryimage","url":"https:\/\/www.notibras.com\/site\/wp-content\/uploads\/2026\/08\/WhatsApp-Image-2026-08-28-at-21.57.29.jpeg","contentUrl":"https:\/\/www.notibras.com\/site\/wp-content\/uploads\/2026\/08\/WhatsApp-Image-2026-08-28-at-21.57.29.jpeg","width":1280,"height":853},{"@type":"BreadcrumbList","@id":"https:\/\/www.notibras.com\/site\/o-tribunal-permanente-das-redes-sociais\/#breadcrumb","itemListElement":[{"@type":"ListItem","position":1,"name":"In\u00edcio","item":"https:\/\/www.notibras.com\/site\/"},{"@type":"ListItem","position":2,"name":"O tribunal permanente das redes sociais"}]},{"@type":"WebSite","@id":"https:\/\/www.notibras.com\/site\/#website","url":"https:\/\/www.notibras.com\/site\/","name":"Notibras","description":"Not\u00edcias de Bras\u00edlia, do Brasil e do Mundo","publisher":{"@id":"https:\/\/www.notibras.com\/site\/#organization"},"potentialAction":[{"@type":"SearchAction","target":{"@type":"EntryPoint","urlTemplate":"https:\/\/www.notibras.com\/site\/?s={search_term_string}"},"query-input":{"@type":"PropertyValueSpecification","valueRequired":true,"valueName":"search_term_string"}}],"inLanguage":"pt-BR"},{"@type":"Organization","@id":"https:\/\/www.notibras.com\/site\/#organization","name":"Grupo Notibras de Comunica\u00e7\u00e3o","url":"https:\/\/www.notibras.com\/site\/","logo":{"@type":"ImageObject","inLanguage":"pt-BR","@id":"https:\/\/www.notibras.com\/site\/#\/schema\/logo\/image\/","url":"https:\/\/www.notibras.com\/site\/wp-content\/uploads\/2023\/01\/notibras23.png","contentUrl":"https:\/\/www.notibras.com\/site\/wp-content\/uploads\/2023\/01\/notibras23.png","width":350,"height":87,"caption":"Grupo Notibras de Comunica\u00e7\u00e3o"},"image":{"@id":"https:\/\/www.notibras.com\/site\/#\/schema\/logo\/image\/"},"sameAs":["https:\/\/www.facebook.com\/notibras\/","https:\/\/x.com\/Notibras","https:\/\/www.instagram.com\/notibras\/"]},{"@type":"Person","@id":"https:\/\/www.notibras.com\/site\/#\/schema\/person\/5b7fabf2aedc3ada2105f03b22b4d3dd","name":"Eduardo Mart\u00ednez","image":{"@type":"ImageObject","inLanguage":"pt-BR","@id":"https:\/\/secure.gravatar.com\/avatar\/7902f906289926289cbcda644b5197c796b893c6ffd7b9a536a42d290f7704a0?s=96&d=mm&r=g","url":"https:\/\/secure.gravatar.com\/avatar\/7902f906289926289cbcda644b5197c796b893c6ffd7b9a536a42d290f7704a0?s=96&d=mm&r=g","contentUrl":"https:\/\/secure.gravatar.com\/avatar\/7902f906289926289cbcda644b5197c796b893c6ffd7b9a536a42d290f7704a0?s=96&d=mm&r=g","caption":"Eduardo Mart\u00ednez"}}]}},"_links":{"self":[{"href":"https:\/\/www.notibras.com\/site\/wp-json\/wp\/v2\/posts\/408566","targetHints":{"allow":["GET"]}}],"collection":[{"href":"https:\/\/www.notibras.com\/site\/wp-json\/wp\/v2\/posts"}],"about":[{"href":"https:\/\/www.notibras.com\/site\/wp-json\/wp\/v2\/types\/post"}],"author":[{"embeddable":true,"href":"https:\/\/www.notibras.com\/site\/wp-json\/wp\/v2\/users\/21"}],"replies":[{"embeddable":true,"href":"https:\/\/www.notibras.com\/site\/wp-json\/wp\/v2\/comments?post=408566"}],"version-history":[{"count":2,"href":"https:\/\/www.notibras.com\/site\/wp-json\/wp\/v2\/posts\/408566\/revisions"}],"predecessor-version":[{"id":408569,"href":"https:\/\/www.notibras.com\/site\/wp-json\/wp\/v2\/posts\/408566\/revisions\/408569"}],"wp:featuredmedia":[{"embeddable":true,"href":"https:\/\/www.notibras.com\/site\/wp-json\/wp\/v2\/media\/408567"}],"wp:attachment":[{"href":"https:\/\/www.notibras.com\/site\/wp-json\/wp\/v2\/media?parent=408566"}],"wp:term":[{"taxonomy":"category","embeddable":true,"href":"https:\/\/www.notibras.com\/site\/wp-json\/wp\/v2\/categories?post=408566"},{"taxonomy":"post_tag","embeddable":true,"href":"https:\/\/www.notibras.com\/site\/wp-json\/wp\/v2\/tags?post=408566"},{"taxonomy":"tmauthors","embeddable":true,"href":"https:\/\/www.notibras.com\/site\/wp-json\/wp\/v2\/tmauthors?post=408566"}],"curies":[{"name":"wp","href":"https:\/\/api.w.org\/{rel}","templated":true}]}}