{"id":408570,"date":"2026-08-30T03:00:58","date_gmt":"2026-08-30T06:00:58","guid":{"rendered":"https:\/\/www.notibras.com\/site\/?p=408570"},"modified":"2026-08-30T03:26:36","modified_gmt":"2026-08-30T06:26:36","slug":"babesiose-doenca-do-carrapato-que-ataca-caes","status":"publish","type":"post","link":"https:\/\/www.notibras.com\/site\/babesiose-doenca-do-carrapato-que-ataca-caes\/","title":{"rendered":"Babesiose, doen\u00e7a do carrapato que ataca c\u00e3es"},"content":{"rendered":"<p>A babesiose canina \u00e9 uma doen\u00e7a infecciosa grave que preocupa veterin\u00e1rios e tutores em todo o Brasil. Conhecida popularmente como uma das &#8220;doen\u00e7as do carrapato&#8221;, essa enfermidade ataca diretamente o organismo dos cachorros. O problema principal \u00e9 que ela destr\u00f3i os gl\u00f3bulos vermelhos, que s\u00e3o as c\u00e9lulas respons\u00e1veis por levar oxig\u00eanio para todo o corpo do animal.<\/p>\n<p>O grande vil\u00e3o por tr\u00e1s dessa transmiss\u00e3o \u00e9 o carrapato infectado, principalmente a esp\u00e9cie conhecida como &#8220;carrapato vermelho&#8221; (<em>Rhipicephalus sanguineus<\/em>). Quando o parasita pica o cachorro para se alimentar de sangue, ele libera o protozo\u00e1rio atrav\u00e9s de sua saliva contaminada. Al\u00e9m da picada, a doen\u00e7a tamb\u00e9m pode ser transmitida se o c\u00e3o receber uma transfus\u00e3o de sangue de outro animal que j\u00e1 esteja doente.<\/p>\n<p>Assim que entra na corrente sangu\u00ednea do pet, o parasita invade as c\u00e9lulas vermelhas do sangue. L\u00e1 dentro, ele come\u00e7a a se multiplicar rapidamente at\u00e9 fazer com que essas c\u00e9lulas se rompam completamente. Esse processo de destrui\u00e7\u00e3o em massa gera um quadro perigoso de anemia hemol\u00edtica, deixando o cachorro fraco e sem energia de forma muito r\u00e1pida.<\/p>\n<p>O tempo que a doen\u00e7a leva para se manifestar, chamado de per\u00edodo de incuba\u00e7\u00e3o, costuma variar entre 10 e 28 dias ap\u00f3s a picada. No entanto, o parasita pode ficar escondido no corpo do animal por anos sem dar sinais. Os sintomas s\u00f3 aparecem muito tempo depois, quando o sistema de defesa do cachorro fica fraco por algum motivo de estresse ou outra doen\u00e7a.<\/p>\n<p>Os tutores devem ficar atentos aos primeiros sinais de que algo est\u00e1 errado com o companheiro de quatro patas. O cachorro infectado costuma demonstrar uma tristeza profunda, apatia e passa o dia todo deitado sem querer brincar. A perda de apetite \u00e9 outro sinal muito comum, fazendo com que o animal recuse at\u00e9 mesmo os seus petiscos favoritos e comece a emagrecer.<\/p>\n<p>Com o avan\u00e7o da anemia, outros sintomas f\u00edsicos bem claros come\u00e7am a surgir no corpo do pet. As mucosas dos olhos e da gengiva, que deveriam ser rosadas, ficam muito p\u00e1lidas ou completamente brancas. O c\u00e3o tamb\u00e9m costuma apresentar febre alta e, em casos mais avan\u00e7ados, pode ter icter\u00edcia, que \u00e9 quando os olhos e as gengivas ganham uma cor amarelada.<\/p>\n<p>Outro sinal de alerta muito importante que pode ser notado em casa \u00e9 a altera\u00e7\u00e3o na urina do cachorro. Devido \u00e0 destrui\u00e7\u00e3o das c\u00e9lulas de sangue, a urina do animal passa a apresentar uma colora\u00e7\u00e3o muito escura, parecida com a cor de cerveja preta, ou exibe tra\u00e7os vis\u00edveis de sangue. Esse sintoma indica que o organismo est\u00e1 sofrendo e precisa de atendimento m\u00e9dico urgente.<\/p>\n<p>A gravidade da doen\u00e7a varia muito de um animal para o outro, dependendo da imunidade dele e do tipo de parasita envolvido. Os filhotes de tr\u00eas a seis meses s\u00e3o os que mais sofrem e ficam vulner\u00e1veis, pois o sistema de defesa deles ainda est\u00e1 se desenvolvendo. Por outro lado, alguns c\u00e3es adultos n\u00e3o apresentam nenhum sintoma, o que tamb\u00e9m \u00e9 um perigo silencioso.<\/p>\n<p>Os c\u00e3es que est\u00e3o infectados mas n\u00e3o mostram sinais da doen\u00e7a s\u00e3o chamados de assintom\u00e1ticos. Se eles n\u00e3o forem descobertos e tratados, continuam carregando o parasita no organismo por longos per\u00edodos. Dessa forma, esses animais funcionam como uma fonte invis\u00edvel de contamina\u00e7\u00e3o, transmitindo o protozo\u00e1rio para novos carrapatos que depois v\u00e3o picar e adoecer outros pets.<\/p>\n<p>Para descobrir se o c\u00e3o est\u00e1 com a doen\u00e7a, o veterin\u00e1rio precisa realizar exames de sangue espec\u00edficos. O hemograma completo \u00e9 o primeiro passo para avaliar a gravidade da anemia e checar se as plaquetas est\u00e3o baixas. Outro teste comum \u00e9 o esfrega\u00e7o sangu\u00edneo, onde o m\u00e9dico analisa uma gota de sangue da ponta da orelha no microsc\u00f3pio para tentar enxergar o parasita.<\/p>\n<p>Quando os exames tradicionais n\u00e3o s\u00e3o suficientes, os profissionais recorrem ao exame de PCR. Este \u00e9 um teste molecular moderno e muito sens\u00edvel que consegue identificar o pr\u00f3prio DNA do parasita no sangue do animal, garantindo a confirma\u00e7\u00e3o do diagn\u00f3stico. Descobrir a doen\u00e7a de forma r\u00e1pida e assertiva \u00e9 fundamental para come\u00e7ar o tratamento logo e salvar a vida do pet.<\/p>\n<p>Embora o foco principal seja nos c\u00e3es, a doen\u00e7a tem ampla distribui\u00e7\u00e3o e pode acometer animais silvestres e at\u00e9 seres humanos. Os gatos dom\u00e9sticos s\u00e3o os menos afetados porque n\u00e3o costumam ter tantos carrapatos quanto os cachorros. No Brasil, o clima quente e \u00famido favorece a prolifera\u00e7\u00e3o dos carrapatos o ano todo, tornando a preven\u00e7\u00e3o e o cuidado di\u00e1rio a melhor arma dos tutores.<\/p>\n<p><strong>\u2026\u2026\u2026\u2026\u2026\u2026\u2026\u2026\u2026\u2026\u2026\u2026.<\/strong><\/p>\n<p><strong>Acabe com carrapatos e outras pragas:<\/strong><\/p>\n<p><strong>A Solu Insetos DF \u00e9 uma empresa familiar localizada na CLN 116 Bloco D loja 27, Asa Norte, Bras\u00edlia-DF.<\/strong><br \/>\n<strong>\u2022 Telefone: (61) 99815-1411<\/strong><br \/>\n<strong>\u2022 Site:\u00a0<a href=\"http:\/\/www.soluinsetosdf.com.br\/\">www.soluinsetosdf.com.br<\/a><\/strong><br \/>\n<strong>\u2022 E-mail: soluinsetosdf@gmail.com<\/strong><br \/>\n<strong>\u2022 Redes Sociais: Instagram @soluinsetos | Facebook @SoluinsetosDF<\/strong><\/p>\n","protected":false},"excerpt":{"rendered":"<p>A babesiose canina \u00e9 uma doen\u00e7a infecciosa grave que preocupa veterin\u00e1rios e tutores em todo o Brasil. Conhecida popularmente como uma das &#8220;doen\u00e7as do carrapato&#8221;, essa enfermidade ataca diretamente o organismo dos cachorros. O problema principal \u00e9 que ela destr\u00f3i os gl\u00f3bulos vermelhos, que s\u00e3o as c\u00e9lulas respons\u00e1veis por levar oxig\u00eanio para todo o corpo [&hellip;]<\/p>\n","protected":false},"author":21,"featured_media":408571,"comment_status":"closed","ping_status":"closed","sticky":false,"template":"","format":"standard","meta":{"_acf_changed":false,"footnotes":""},"categories":[155],"tags":[],"tmauthors":[306],"class_list":["post-408570","post","type-post","status-publish","format-standard","has-post-thumbnail","category-leitura-vip"],"acf":[],"yoast_head":"<!-- This site is optimized with the Yoast SEO plugin v28.0 - https:\/\/yoast.com\/product\/yoast-seo-wordpress\/ -->\n<title>Babesiose, doen\u00e7a do carrapato que ataca c\u00e3es - Notibras<\/title>\n<meta name=\"robots\" content=\"index, follow, max-snippet:-1, max-image-preview:large, max-video-preview:-1\" \/>\n<link rel=\"canonical\" href=\"https:\/\/www.notibras.com\/site\/babesiose-doenca-do-carrapato-que-ataca-caes\/\" \/>\n<meta property=\"og:locale\" content=\"pt_BR\" \/>\n<meta property=\"og:type\" content=\"article\" \/>\n<meta property=\"og:title\" content=\"Babesiose, doen\u00e7a do carrapato que ataca c\u00e3es - Notibras\" \/>\n<meta property=\"og:description\" content=\"A babesiose canina \u00e9 uma doen\u00e7a infecciosa grave que preocupa veterin\u00e1rios e tutores em todo o Brasil. Conhecida popularmente como uma das &#8220;doen\u00e7as do carrapato&#8221;, essa enfermidade ataca diretamente o organismo dos cachorros. O problema principal \u00e9 que ela destr\u00f3i os gl\u00f3bulos vermelhos, que s\u00e3o as c\u00e9lulas respons\u00e1veis por levar oxig\u00eanio para todo o corpo [&hellip;]\" \/>\n<meta property=\"og:url\" content=\"https:\/\/www.notibras.com\/site\/babesiose-doenca-do-carrapato-que-ataca-caes\/\" \/>\n<meta property=\"og:site_name\" content=\"Notibras\" \/>\n<meta property=\"article:publisher\" content=\"https:\/\/www.facebook.com\/notibras\/\" \/>\n<meta property=\"article:published_time\" content=\"2026-08-30T06:00:58+00:00\" \/>\n<meta property=\"article:modified_time\" content=\"2026-08-30T06:26:36+00:00\" \/>\n<meta property=\"og:image\" content=\"https:\/\/www.notibras.com\/site\/wp-content\/uploads\/2026\/08\/WhatsApp-Image-2026-08-28-at-22.13.42.jpeg\" \/>\n\t<meta property=\"og:image:width\" content=\"1280\" \/>\n\t<meta property=\"og:image:height\" content=\"853\" \/>\n\t<meta property=\"og:image:type\" content=\"image\/jpeg\" \/>\n<meta name=\"author\" content=\"Eduardo Mart\u00ednez\" \/>\n<meta name=\"twitter:card\" content=\"summary_large_image\" \/>\n<meta name=\"twitter:creator\" content=\"@Notibras\" \/>\n<meta name=\"twitter:site\" content=\"@Notibras\" \/>\n<meta name=\"twitter:label1\" content=\"Escrito por\" \/>\n\t<meta name=\"twitter:data1\" content=\"Eduardo Mart\u00ednez\" \/>\n\t<meta name=\"twitter:label2\" content=\"Est. tempo de leitura\" \/>\n\t<meta name=\"twitter:data2\" content=\"5 minutos\" \/>\n<script type=\"application\/ld+json\" class=\"yoast-schema-graph\">{\"@context\":\"https:\\\/\\\/schema.org\",\"@graph\":[{\"@type\":\"Article\",\"@id\":\"https:\\\/\\\/www.notibras.com\\\/site\\\/babesiose-doenca-do-carrapato-que-ataca-caes\\\/#article\",\"isPartOf\":{\"@id\":\"https:\\\/\\\/www.notibras.com\\\/site\\\/babesiose-doenca-do-carrapato-que-ataca-caes\\\/\"},\"author\":{\"name\":\"Eduardo Mart\u00ednez\",\"@id\":\"https:\\\/\\\/www.notibras.com\\\/site\\\/#\\\/schema\\\/person\\\/5b7fabf2aedc3ada2105f03b22b4d3dd\"},\"headline\":\"Babesiose, doen\u00e7a do carrapato que ataca c\u00e3es\",\"datePublished\":\"2026-08-30T06:00:58+00:00\",\"dateModified\":\"2026-08-30T06:26:36+00:00\",\"mainEntityOfPage\":{\"@id\":\"https:\\\/\\\/www.notibras.com\\\/site\\\/babesiose-doenca-do-carrapato-que-ataca-caes\\\/\"},\"wordCount\":865,\"publisher\":{\"@id\":\"https:\\\/\\\/www.notibras.com\\\/site\\\/#organization\"},\"image\":{\"@id\":\"https:\\\/\\\/www.notibras.com\\\/site\\\/babesiose-doenca-do-carrapato-que-ataca-caes\\\/#primaryimage\"},\"thumbnailUrl\":\"https:\\\/\\\/www.notibras.com\\\/site\\\/wp-content\\\/uploads\\\/2026\\\/08\\\/WhatsApp-Image-2026-08-28-at-22.13.42.jpeg\",\"articleSection\":[\"Leitura Vip\"],\"inLanguage\":\"pt-BR\"},{\"@type\":\"WebPage\",\"@id\":\"https:\\\/\\\/www.notibras.com\\\/site\\\/babesiose-doenca-do-carrapato-que-ataca-caes\\\/\",\"url\":\"https:\\\/\\\/www.notibras.com\\\/site\\\/babesiose-doenca-do-carrapato-que-ataca-caes\\\/\",\"name\":\"Babesiose, doen\u00e7a do carrapato que ataca c\u00e3es - Notibras\",\"isPartOf\":{\"@id\":\"https:\\\/\\\/www.notibras.com\\\/site\\\/#website\"},\"primaryImageOfPage\":{\"@id\":\"https:\\\/\\\/www.notibras.com\\\/site\\\/babesiose-doenca-do-carrapato-que-ataca-caes\\\/#primaryimage\"},\"image\":{\"@id\":\"https:\\\/\\\/www.notibras.com\\\/site\\\/babesiose-doenca-do-carrapato-que-ataca-caes\\\/#primaryimage\"},\"thumbnailUrl\":\"https:\\\/\\\/www.notibras.com\\\/site\\\/wp-content\\\/uploads\\\/2026\\\/08\\\/WhatsApp-Image-2026-08-28-at-22.13.42.jpeg\",\"datePublished\":\"2026-08-30T06:00:58+00:00\",\"dateModified\":\"2026-08-30T06:26:36+00:00\",\"breadcrumb\":{\"@id\":\"https:\\\/\\\/www.notibras.com\\\/site\\\/babesiose-doenca-do-carrapato-que-ataca-caes\\\/#breadcrumb\"},\"inLanguage\":\"pt-BR\",\"potentialAction\":[{\"@type\":\"ReadAction\",\"target\":[\"https:\\\/\\\/www.notibras.com\\\/site\\\/babesiose-doenca-do-carrapato-que-ataca-caes\\\/\"]}]},{\"@type\":\"ImageObject\",\"inLanguage\":\"pt-BR\",\"@id\":\"https:\\\/\\\/www.notibras.com\\\/site\\\/babesiose-doenca-do-carrapato-que-ataca-caes\\\/#primaryimage\",\"url\":\"https:\\\/\\\/www.notibras.com\\\/site\\\/wp-content\\\/uploads\\\/2026\\\/08\\\/WhatsApp-Image-2026-08-28-at-22.13.42.jpeg\",\"contentUrl\":\"https:\\\/\\\/www.notibras.com\\\/site\\\/wp-content\\\/uploads\\\/2026\\\/08\\\/WhatsApp-Image-2026-08-28-at-22.13.42.jpeg\",\"width\":1280,\"height\":853},{\"@type\":\"BreadcrumbList\",\"@id\":\"https:\\\/\\\/www.notibras.com\\\/site\\\/babesiose-doenca-do-carrapato-que-ataca-caes\\\/#breadcrumb\",\"itemListElement\":[{\"@type\":\"ListItem\",\"position\":1,\"name\":\"In\u00edcio\",\"item\":\"https:\\\/\\\/www.notibras.com\\\/site\\\/\"},{\"@type\":\"ListItem\",\"position\":2,\"name\":\"Babesiose, doen\u00e7a do carrapato que ataca c\u00e3es\"}]},{\"@type\":\"WebSite\",\"@id\":\"https:\\\/\\\/www.notibras.com\\\/site\\\/#website\",\"url\":\"https:\\\/\\\/www.notibras.com\\\/site\\\/\",\"name\":\"Notibras\",\"description\":\"Not\u00edcias de Bras\u00edlia, do Brasil e do Mundo\",\"publisher\":{\"@id\":\"https:\\\/\\\/www.notibras.com\\\/site\\\/#organization\"},\"potentialAction\":[{\"@type\":\"SearchAction\",\"target\":{\"@type\":\"EntryPoint\",\"urlTemplate\":\"https:\\\/\\\/www.notibras.com\\\/site\\\/?s={search_term_string}\"},\"query-input\":{\"@type\":\"PropertyValueSpecification\",\"valueRequired\":true,\"valueName\":\"search_term_string\"}}],\"inLanguage\":\"pt-BR\"},{\"@type\":\"Organization\",\"@id\":\"https:\\\/\\\/www.notibras.com\\\/site\\\/#organization\",\"name\":\"Grupo Notibras de Comunica\u00e7\u00e3o\",\"url\":\"https:\\\/\\\/www.notibras.com\\\/site\\\/\",\"logo\":{\"@type\":\"ImageObject\",\"inLanguage\":\"pt-BR\",\"@id\":\"https:\\\/\\\/www.notibras.com\\\/site\\\/#\\\/schema\\\/logo\\\/image\\\/\",\"url\":\"https:\\\/\\\/www.notibras.com\\\/site\\\/wp-content\\\/uploads\\\/2023\\\/01\\\/notibras23.png\",\"contentUrl\":\"https:\\\/\\\/www.notibras.com\\\/site\\\/wp-content\\\/uploads\\\/2023\\\/01\\\/notibras23.png\",\"width\":350,\"height\":87,\"caption\":\"Grupo Notibras de Comunica\u00e7\u00e3o\"},\"image\":{\"@id\":\"https:\\\/\\\/www.notibras.com\\\/site\\\/#\\\/schema\\\/logo\\\/image\\\/\"},\"sameAs\":[\"https:\\\/\\\/www.facebook.com\\\/notibras\\\/\",\"https:\\\/\\\/x.com\\\/Notibras\",\"https:\\\/\\\/www.instagram.com\\\/notibras\\\/\"]},{\"@type\":\"Person\",\"@id\":\"https:\\\/\\\/www.notibras.com\\\/site\\\/#\\\/schema\\\/person\\\/5b7fabf2aedc3ada2105f03b22b4d3dd\",\"name\":\"Eduardo Mart\u00ednez\",\"image\":{\"@type\":\"ImageObject\",\"inLanguage\":\"pt-BR\",\"@id\":\"https:\\\/\\\/secure.gravatar.com\\\/avatar\\\/7902f906289926289cbcda644b5197c796b893c6ffd7b9a536a42d290f7704a0?s=96&d=mm&r=g\",\"url\":\"https:\\\/\\\/secure.gravatar.com\\\/avatar\\\/7902f906289926289cbcda644b5197c796b893c6ffd7b9a536a42d290f7704a0?s=96&d=mm&r=g\",\"contentUrl\":\"https:\\\/\\\/secure.gravatar.com\\\/avatar\\\/7902f906289926289cbcda644b5197c796b893c6ffd7b9a536a42d290f7704a0?s=96&d=mm&r=g\",\"caption\":\"Eduardo Mart\u00ednez\"}}]}<\/script>\n<!-- \/ Yoast SEO plugin. -->","yoast_head_json":{"title":"Babesiose, doen\u00e7a do carrapato que ataca c\u00e3es - Notibras","robots":{"index":"index","follow":"follow","max-snippet":"max-snippet:-1","max-image-preview":"max-image-preview:large","max-video-preview":"max-video-preview:-1"},"canonical":"https:\/\/www.notibras.com\/site\/babesiose-doenca-do-carrapato-que-ataca-caes\/","og_locale":"pt_BR","og_type":"article","og_title":"Babesiose, doen\u00e7a do carrapato que ataca c\u00e3es - Notibras","og_description":"A babesiose canina \u00e9 uma doen\u00e7a infecciosa grave que preocupa veterin\u00e1rios e tutores em todo o Brasil. Conhecida popularmente como uma das &#8220;doen\u00e7as do carrapato&#8221;, essa enfermidade ataca diretamente o organismo dos cachorros. O problema principal \u00e9 que ela destr\u00f3i os gl\u00f3bulos vermelhos, que s\u00e3o as c\u00e9lulas respons\u00e1veis por levar oxig\u00eanio para todo o corpo [&hellip;]","og_url":"https:\/\/www.notibras.com\/site\/babesiose-doenca-do-carrapato-que-ataca-caes\/","og_site_name":"Notibras","article_publisher":"https:\/\/www.facebook.com\/notibras\/","article_published_time":"2026-08-30T06:00:58+00:00","article_modified_time":"2026-08-30T06:26:36+00:00","og_image":[{"width":1280,"height":853,"url":"https:\/\/www.notibras.com\/site\/wp-content\/uploads\/2026\/08\/WhatsApp-Image-2026-08-28-at-22.13.42.jpeg","type":"image\/jpeg"}],"author":"Eduardo Mart\u00ednez","twitter_card":"summary_large_image","twitter_creator":"@Notibras","twitter_site":"@Notibras","twitter_misc":{"Escrito por":"Eduardo Mart\u00ednez","Est. tempo de leitura":"5 minutos"},"schema":{"@context":"https:\/\/schema.org","@graph":[{"@type":"Article","@id":"https:\/\/www.notibras.com\/site\/babesiose-doenca-do-carrapato-que-ataca-caes\/#article","isPartOf":{"@id":"https:\/\/www.notibras.com\/site\/babesiose-doenca-do-carrapato-que-ataca-caes\/"},"author":{"name":"Eduardo Mart\u00ednez","@id":"https:\/\/www.notibras.com\/site\/#\/schema\/person\/5b7fabf2aedc3ada2105f03b22b4d3dd"},"headline":"Babesiose, doen\u00e7a do carrapato que ataca c\u00e3es","datePublished":"2026-08-30T06:00:58+00:00","dateModified":"2026-08-30T06:26:36+00:00","mainEntityOfPage":{"@id":"https:\/\/www.notibras.com\/site\/babesiose-doenca-do-carrapato-que-ataca-caes\/"},"wordCount":865,"publisher":{"@id":"https:\/\/www.notibras.com\/site\/#organization"},"image":{"@id":"https:\/\/www.notibras.com\/site\/babesiose-doenca-do-carrapato-que-ataca-caes\/#primaryimage"},"thumbnailUrl":"https:\/\/www.notibras.com\/site\/wp-content\/uploads\/2026\/08\/WhatsApp-Image-2026-08-28-at-22.13.42.jpeg","articleSection":["Leitura Vip"],"inLanguage":"pt-BR"},{"@type":"WebPage","@id":"https:\/\/www.notibras.com\/site\/babesiose-doenca-do-carrapato-que-ataca-caes\/","url":"https:\/\/www.notibras.com\/site\/babesiose-doenca-do-carrapato-que-ataca-caes\/","name":"Babesiose, doen\u00e7a do carrapato que ataca c\u00e3es - Notibras","isPartOf":{"@id":"https:\/\/www.notibras.com\/site\/#website"},"primaryImageOfPage":{"@id":"https:\/\/www.notibras.com\/site\/babesiose-doenca-do-carrapato-que-ataca-caes\/#primaryimage"},"image":{"@id":"https:\/\/www.notibras.com\/site\/babesiose-doenca-do-carrapato-que-ataca-caes\/#primaryimage"},"thumbnailUrl":"https:\/\/www.notibras.com\/site\/wp-content\/uploads\/2026\/08\/WhatsApp-Image-2026-08-28-at-22.13.42.jpeg","datePublished":"2026-08-30T06:00:58+00:00","dateModified":"2026-08-30T06:26:36+00:00","breadcrumb":{"@id":"https:\/\/www.notibras.com\/site\/babesiose-doenca-do-carrapato-que-ataca-caes\/#breadcrumb"},"inLanguage":"pt-BR","potentialAction":[{"@type":"ReadAction","target":["https:\/\/www.notibras.com\/site\/babesiose-doenca-do-carrapato-que-ataca-caes\/"]}]},{"@type":"ImageObject","inLanguage":"pt-BR","@id":"https:\/\/www.notibras.com\/site\/babesiose-doenca-do-carrapato-que-ataca-caes\/#primaryimage","url":"https:\/\/www.notibras.com\/site\/wp-content\/uploads\/2026\/08\/WhatsApp-Image-2026-08-28-at-22.13.42.jpeg","contentUrl":"https:\/\/www.notibras.com\/site\/wp-content\/uploads\/2026\/08\/WhatsApp-Image-2026-08-28-at-22.13.42.jpeg","width":1280,"height":853},{"@type":"BreadcrumbList","@id":"https:\/\/www.notibras.com\/site\/babesiose-doenca-do-carrapato-que-ataca-caes\/#breadcrumb","itemListElement":[{"@type":"ListItem","position":1,"name":"In\u00edcio","item":"https:\/\/www.notibras.com\/site\/"},{"@type":"ListItem","position":2,"name":"Babesiose, doen\u00e7a do carrapato que ataca c\u00e3es"}]},{"@type":"WebSite","@id":"https:\/\/www.notibras.com\/site\/#website","url":"https:\/\/www.notibras.com\/site\/","name":"Notibras","description":"Not\u00edcias de Bras\u00edlia, do Brasil e do Mundo","publisher":{"@id":"https:\/\/www.notibras.com\/site\/#organization"},"potentialAction":[{"@type":"SearchAction","target":{"@type":"EntryPoint","urlTemplate":"https:\/\/www.notibras.com\/site\/?s={search_term_string}"},"query-input":{"@type":"PropertyValueSpecification","valueRequired":true,"valueName":"search_term_string"}}],"inLanguage":"pt-BR"},{"@type":"Organization","@id":"https:\/\/www.notibras.com\/site\/#organization","name":"Grupo Notibras de Comunica\u00e7\u00e3o","url":"https:\/\/www.notibras.com\/site\/","logo":{"@type":"ImageObject","inLanguage":"pt-BR","@id":"https:\/\/www.notibras.com\/site\/#\/schema\/logo\/image\/","url":"https:\/\/www.notibras.com\/site\/wp-content\/uploads\/2023\/01\/notibras23.png","contentUrl":"https:\/\/www.notibras.com\/site\/wp-content\/uploads\/2023\/01\/notibras23.png","width":350,"height":87,"caption":"Grupo Notibras de Comunica\u00e7\u00e3o"},"image":{"@id":"https:\/\/www.notibras.com\/site\/#\/schema\/logo\/image\/"},"sameAs":["https:\/\/www.facebook.com\/notibras\/","https:\/\/x.com\/Notibras","https:\/\/www.instagram.com\/notibras\/"]},{"@type":"Person","@id":"https:\/\/www.notibras.com\/site\/#\/schema\/person\/5b7fabf2aedc3ada2105f03b22b4d3dd","name":"Eduardo Mart\u00ednez","image":{"@type":"ImageObject","inLanguage":"pt-BR","@id":"https:\/\/secure.gravatar.com\/avatar\/7902f906289926289cbcda644b5197c796b893c6ffd7b9a536a42d290f7704a0?s=96&d=mm&r=g","url":"https:\/\/secure.gravatar.com\/avatar\/7902f906289926289cbcda644b5197c796b893c6ffd7b9a536a42d290f7704a0?s=96&d=mm&r=g","contentUrl":"https:\/\/secure.gravatar.com\/avatar\/7902f906289926289cbcda644b5197c796b893c6ffd7b9a536a42d290f7704a0?s=96&d=mm&r=g","caption":"Eduardo Mart\u00ednez"}}]}},"_links":{"self":[{"href":"https:\/\/www.notibras.com\/site\/wp-json\/wp\/v2\/posts\/408570","targetHints":{"allow":["GET"]}}],"collection":[{"href":"https:\/\/www.notibras.com\/site\/wp-json\/wp\/v2\/posts"}],"about":[{"href":"https:\/\/www.notibras.com\/site\/wp-json\/wp\/v2\/types\/post"}],"author":[{"embeddable":true,"href":"https:\/\/www.notibras.com\/site\/wp-json\/wp\/v2\/users\/21"}],"replies":[{"embeddable":true,"href":"https:\/\/www.notibras.com\/site\/wp-json\/wp\/v2\/comments?post=408570"}],"version-history":[{"count":5,"href":"https:\/\/www.notibras.com\/site\/wp-json\/wp\/v2\/posts\/408570\/revisions"}],"predecessor-version":[{"id":408699,"href":"https:\/\/www.notibras.com\/site\/wp-json\/wp\/v2\/posts\/408570\/revisions\/408699"}],"wp:featuredmedia":[{"embeddable":true,"href":"https:\/\/www.notibras.com\/site\/wp-json\/wp\/v2\/media\/408571"}],"wp:attachment":[{"href":"https:\/\/www.notibras.com\/site\/wp-json\/wp\/v2\/media?parent=408570"}],"wp:term":[{"taxonomy":"category","embeddable":true,"href":"https:\/\/www.notibras.com\/site\/wp-json\/wp\/v2\/categories?post=408570"},{"taxonomy":"post_tag","embeddable":true,"href":"https:\/\/www.notibras.com\/site\/wp-json\/wp\/v2\/tags?post=408570"},{"taxonomy":"tmauthors","embeddable":true,"href":"https:\/\/www.notibras.com\/site\/wp-json\/wp\/v2\/tmauthors?post=408570"}],"curies":[{"name":"wp","href":"https:\/\/api.w.org\/{rel}","templated":true}]}}