{"id":408585,"date":"2026-09-05T02:15:50","date_gmt":"2026-09-05T05:15:50","guid":{"rendered":"https:\/\/www.notibras.com\/site\/?p=408585"},"modified":"2026-08-29T09:17:18","modified_gmt":"2026-08-29T12:17:18","slug":"goffman-e-a-pessoa-que-diz-sou-assim-mesmo","status":"publish","type":"post","link":"https:\/\/www.notibras.com\/site\/goffman-e-a-pessoa-que-diz-sou-assim-mesmo\/","title":{"rendered":"Goffman e a pessoa que diz \u201csou assim mesmo\u201d"},"content":{"rendered":"<p>Existe uma frase que deveria ser estudada como fen\u00f4meno social:<\/p>\n<p>\u201cEu sou assim mesmo.\u201d<\/p>\n<p>Geralmente aparece depois de alguma grosseria.<\/p>\n<p>Ou de uma aus\u00eancia.<\/p>\n<p>Ou de uma irresponsabilidade.<\/p>\n<p>Ou depois de algu\u00e9m dizer algo que n\u00e3o deveria.<\/p>\n<p>\u00c9 uma frase extraordin\u00e1ria porque transforma um comportamento em identidade e, de quebra, encerra a discuss\u00e3o.<\/p>\n<p>\u201cSou assim mesmo.\u201d<\/p>\n<p>Pronto.<\/p>\n<p>Caso encerrado.<\/p>\n<p>Goffman provavelmente ficaria interessado nessa pequena declara\u00e7\u00e3o de identidade porque ela elimina justamente aquilo que sua sociologia nos ajuda a perceber: somos diferentes conforme as situa\u00e7\u00f5es, os pap\u00e9is, os contextos e as rela\u00e7\u00f5es.<\/p>\n<p>Ningu\u00e9m \u00e9 exatamente igual o tempo inteiro.<\/p>\n<p>Somos filhos em uma casa, profissionais em um escrit\u00f3rio, amigos em uma mesa de bar, professores em uma sala, desconhecidos em um elevador.<\/p>\n<p>Mudamos.<\/p>\n<p>Adaptamo-nos.<\/p>\n<p>Negociamos.<\/p>\n<p>Representamos.<\/p>\n<p>Isso n\u00e3o significa necessariamente falsidade.<\/p>\n<p>Significa vida social.<\/p>\n<p>O problema \u00e9 quando algu\u00e9m utiliza \u201csou assim mesmo\u201d como licen\u00e7a para n\u00e3o refletir sobre os efeitos do pr\u00f3prio comportamento.<\/p>\n<p>Porque personalidade n\u00e3o deveria ser \u00e1libi.<\/p>\n<p>Ser sincero n\u00e3o d\u00e1 direito \u00e0 crueldade.<\/p>\n<p>Ser espont\u00e2neo n\u00e3o transforma grosseria em virtude.<\/p>\n<p>Ser direto n\u00e3o elimina responsabilidade.<\/p>\n<p>E dizer \u201ceu n\u00e3o sei demonstrar afeto\u201d n\u00e3o obriga ningu\u00e9m a aceitar neglig\u00eancia afetiva.<\/p>\n<p>Talvez exista uma diferen\u00e7a entre autenticidade e comodismo.<\/p>\n<p>Autenticidade \u00e9 reconhecer quem somos.<\/p>\n<p>Comodismo \u00e9 acreditar que n\u00e3o precisamos mudar nada.<\/p>\n<p>E talvez a maturidade comece justamente quando percebemos que podemos ser respons\u00e1veis por aquilo que fazemos sem precisar transformar cada cr\u00edtica em amea\u00e7a \u00e0 nossa identidade.<\/p>\n<p>Afinal, se \u201csou assim mesmo\u201d fosse argumento suficiente, ningu\u00e9m precisaria amadurecer.<\/p>\n<p>E a humanidade provavelmente ainda estaria morando em cavernas, justificando tudo com a mesma frase.<\/p>\n","protected":false},"excerpt":{"rendered":"<p>Existe uma frase que deveria ser estudada como fen\u00f4meno social: \u201cEu sou assim mesmo.\u201d Geralmente aparece depois de alguma grosseria. Ou de uma aus\u00eancia. Ou de uma irresponsabilidade. Ou depois de algu\u00e9m dizer algo que n\u00e3o deveria. \u00c9 uma frase extraordin\u00e1ria porque transforma um comportamento em identidade e, de quebra, encerra a discuss\u00e3o. \u201cSou assim [&hellip;]<\/p>\n","protected":false},"author":21,"featured_media":408593,"comment_status":"closed","ping_status":"closed","sticky":false,"template":"","format":"standard","meta":{"_acf_changed":false,"footnotes":""},"categories":[155],"tags":[],"tmauthors":[306],"class_list":["post-408585","post","type-post","status-publish","format-standard","has-post-thumbnail","category-leitura-vip"],"acf":[],"yoast_head":"<!-- This site is optimized with the Yoast SEO plugin v28.0 - https:\/\/yoast.com\/product\/yoast-seo-wordpress\/ -->\n<title>Goffman e a pessoa que diz \u201csou assim mesmo\u201d - Notibras<\/title>\n<meta name=\"robots\" content=\"index, follow, max-snippet:-1, max-image-preview:large, max-video-preview:-1\" \/>\n<link rel=\"canonical\" href=\"https:\/\/www.notibras.com\/site\/goffman-e-a-pessoa-que-diz-sou-assim-mesmo\/\" \/>\n<meta property=\"og:locale\" content=\"pt_BR\" \/>\n<meta property=\"og:type\" content=\"article\" \/>\n<meta property=\"og:title\" content=\"Goffman e a pessoa que diz \u201csou assim mesmo\u201d - Notibras\" \/>\n<meta property=\"og:description\" content=\"Existe uma frase que deveria ser estudada como fen\u00f4meno social: \u201cEu sou assim mesmo.\u201d Geralmente aparece depois de alguma grosseria. Ou de uma aus\u00eancia. Ou de uma irresponsabilidade. Ou depois de algu\u00e9m dizer algo que n\u00e3o deveria. \u00c9 uma frase extraordin\u00e1ria porque transforma um comportamento em identidade e, de quebra, encerra a discuss\u00e3o. \u201cSou assim [&hellip;]\" \/>\n<meta property=\"og:url\" content=\"https:\/\/www.notibras.com\/site\/goffman-e-a-pessoa-que-diz-sou-assim-mesmo\/\" \/>\n<meta property=\"og:site_name\" content=\"Notibras\" \/>\n<meta property=\"article:publisher\" content=\"https:\/\/www.facebook.com\/notibras\/\" \/>\n<meta property=\"article:published_time\" content=\"2026-09-05T05:15:50+00:00\" \/>\n<meta property=\"og:image\" content=\"https:\/\/www.notibras.com\/site\/wp-content\/uploads\/2026\/08\/WhatsApp-Image-2026-08-29-at-09.01.54.jpeg\" \/>\n\t<meta property=\"og:image:width\" content=\"1280\" \/>\n\t<meta property=\"og:image:height\" content=\"853\" \/>\n\t<meta property=\"og:image:type\" content=\"image\/jpeg\" \/>\n<meta name=\"author\" content=\"Eduardo Mart\u00ednez\" \/>\n<meta name=\"twitter:card\" content=\"summary_large_image\" \/>\n<meta name=\"twitter:creator\" content=\"@Notibras\" \/>\n<meta name=\"twitter:site\" content=\"@Notibras\" \/>\n<meta name=\"twitter:label1\" content=\"Escrito por\" \/>\n\t<meta name=\"twitter:data1\" content=\"Eduardo Mart\u00ednez\" \/>\n\t<meta name=\"twitter:label2\" content=\"Est. tempo de leitura\" \/>\n\t<meta name=\"twitter:data2\" content=\"2 minutos\" \/>\n<script type=\"application\/ld+json\" class=\"yoast-schema-graph\">{\"@context\":\"https:\\\/\\\/schema.org\",\"@graph\":[{\"@type\":\"Article\",\"@id\":\"https:\\\/\\\/www.notibras.com\\\/site\\\/goffman-e-a-pessoa-que-diz-sou-assim-mesmo\\\/#article\",\"isPartOf\":{\"@id\":\"https:\\\/\\\/www.notibras.com\\\/site\\\/goffman-e-a-pessoa-que-diz-sou-assim-mesmo\\\/\"},\"author\":{\"name\":\"Eduardo Mart\u00ednez\",\"@id\":\"https:\\\/\\\/www.notibras.com\\\/site\\\/#\\\/schema\\\/person\\\/5b7fabf2aedc3ada2105f03b22b4d3dd\"},\"headline\":\"Goffman e a pessoa que diz \u201csou assim mesmo\u201d\",\"datePublished\":\"2026-09-05T05:15:50+00:00\",\"mainEntityOfPage\":{\"@id\":\"https:\\\/\\\/www.notibras.com\\\/site\\\/goffman-e-a-pessoa-que-diz-sou-assim-mesmo\\\/\"},\"wordCount\":300,\"publisher\":{\"@id\":\"https:\\\/\\\/www.notibras.com\\\/site\\\/#organization\"},\"image\":{\"@id\":\"https:\\\/\\\/www.notibras.com\\\/site\\\/goffman-e-a-pessoa-que-diz-sou-assim-mesmo\\\/#primaryimage\"},\"thumbnailUrl\":\"https:\\\/\\\/www.notibras.com\\\/site\\\/wp-content\\\/uploads\\\/2026\\\/08\\\/WhatsApp-Image-2026-08-29-at-09.01.54.jpeg\",\"articleSection\":[\"Leitura Vip\"],\"inLanguage\":\"pt-BR\"},{\"@type\":\"WebPage\",\"@id\":\"https:\\\/\\\/www.notibras.com\\\/site\\\/goffman-e-a-pessoa-que-diz-sou-assim-mesmo\\\/\",\"url\":\"https:\\\/\\\/www.notibras.com\\\/site\\\/goffman-e-a-pessoa-que-diz-sou-assim-mesmo\\\/\",\"name\":\"Goffman e a pessoa que diz \u201csou assim mesmo\u201d - Notibras\",\"isPartOf\":{\"@id\":\"https:\\\/\\\/www.notibras.com\\\/site\\\/#website\"},\"primaryImageOfPage\":{\"@id\":\"https:\\\/\\\/www.notibras.com\\\/site\\\/goffman-e-a-pessoa-que-diz-sou-assim-mesmo\\\/#primaryimage\"},\"image\":{\"@id\":\"https:\\\/\\\/www.notibras.com\\\/site\\\/goffman-e-a-pessoa-que-diz-sou-assim-mesmo\\\/#primaryimage\"},\"thumbnailUrl\":\"https:\\\/\\\/www.notibras.com\\\/site\\\/wp-content\\\/uploads\\\/2026\\\/08\\\/WhatsApp-Image-2026-08-29-at-09.01.54.jpeg\",\"datePublished\":\"2026-09-05T05:15:50+00:00\",\"breadcrumb\":{\"@id\":\"https:\\\/\\\/www.notibras.com\\\/site\\\/goffman-e-a-pessoa-que-diz-sou-assim-mesmo\\\/#breadcrumb\"},\"inLanguage\":\"pt-BR\",\"potentialAction\":[{\"@type\":\"ReadAction\",\"target\":[\"https:\\\/\\\/www.notibras.com\\\/site\\\/goffman-e-a-pessoa-que-diz-sou-assim-mesmo\\\/\"]}]},{\"@type\":\"ImageObject\",\"inLanguage\":\"pt-BR\",\"@id\":\"https:\\\/\\\/www.notibras.com\\\/site\\\/goffman-e-a-pessoa-que-diz-sou-assim-mesmo\\\/#primaryimage\",\"url\":\"https:\\\/\\\/www.notibras.com\\\/site\\\/wp-content\\\/uploads\\\/2026\\\/08\\\/WhatsApp-Image-2026-08-29-at-09.01.54.jpeg\",\"contentUrl\":\"https:\\\/\\\/www.notibras.com\\\/site\\\/wp-content\\\/uploads\\\/2026\\\/08\\\/WhatsApp-Image-2026-08-29-at-09.01.54.jpeg\",\"width\":1280,\"height\":853},{\"@type\":\"BreadcrumbList\",\"@id\":\"https:\\\/\\\/www.notibras.com\\\/site\\\/goffman-e-a-pessoa-que-diz-sou-assim-mesmo\\\/#breadcrumb\",\"itemListElement\":[{\"@type\":\"ListItem\",\"position\":1,\"name\":\"In\u00edcio\",\"item\":\"https:\\\/\\\/www.notibras.com\\\/site\\\/\"},{\"@type\":\"ListItem\",\"position\":2,\"name\":\"Goffman e a pessoa que diz \u201csou assim mesmo\u201d\"}]},{\"@type\":\"WebSite\",\"@id\":\"https:\\\/\\\/www.notibras.com\\\/site\\\/#website\",\"url\":\"https:\\\/\\\/www.notibras.com\\\/site\\\/\",\"name\":\"Notibras\",\"description\":\"Not\u00edcias de Bras\u00edlia, do Brasil e do Mundo\",\"publisher\":{\"@id\":\"https:\\\/\\\/www.notibras.com\\\/site\\\/#organization\"},\"potentialAction\":[{\"@type\":\"SearchAction\",\"target\":{\"@type\":\"EntryPoint\",\"urlTemplate\":\"https:\\\/\\\/www.notibras.com\\\/site\\\/?s={search_term_string}\"},\"query-input\":{\"@type\":\"PropertyValueSpecification\",\"valueRequired\":true,\"valueName\":\"search_term_string\"}}],\"inLanguage\":\"pt-BR\"},{\"@type\":\"Organization\",\"@id\":\"https:\\\/\\\/www.notibras.com\\\/site\\\/#organization\",\"name\":\"Grupo Notibras de Comunica\u00e7\u00e3o\",\"url\":\"https:\\\/\\\/www.notibras.com\\\/site\\\/\",\"logo\":{\"@type\":\"ImageObject\",\"inLanguage\":\"pt-BR\",\"@id\":\"https:\\\/\\\/www.notibras.com\\\/site\\\/#\\\/schema\\\/logo\\\/image\\\/\",\"url\":\"https:\\\/\\\/www.notibras.com\\\/site\\\/wp-content\\\/uploads\\\/2023\\\/01\\\/notibras23.png\",\"contentUrl\":\"https:\\\/\\\/www.notibras.com\\\/site\\\/wp-content\\\/uploads\\\/2023\\\/01\\\/notibras23.png\",\"width\":350,\"height\":87,\"caption\":\"Grupo Notibras de Comunica\u00e7\u00e3o\"},\"image\":{\"@id\":\"https:\\\/\\\/www.notibras.com\\\/site\\\/#\\\/schema\\\/logo\\\/image\\\/\"},\"sameAs\":[\"https:\\\/\\\/www.facebook.com\\\/notibras\\\/\",\"https:\\\/\\\/x.com\\\/Notibras\",\"https:\\\/\\\/www.instagram.com\\\/notibras\\\/\"]},{\"@type\":\"Person\",\"@id\":\"https:\\\/\\\/www.notibras.com\\\/site\\\/#\\\/schema\\\/person\\\/5b7fabf2aedc3ada2105f03b22b4d3dd\",\"name\":\"Eduardo Mart\u00ednez\",\"image\":{\"@type\":\"ImageObject\",\"inLanguage\":\"pt-BR\",\"@id\":\"https:\\\/\\\/secure.gravatar.com\\\/avatar\\\/7902f906289926289cbcda644b5197c796b893c6ffd7b9a536a42d290f7704a0?s=96&d=mm&r=g\",\"url\":\"https:\\\/\\\/secure.gravatar.com\\\/avatar\\\/7902f906289926289cbcda644b5197c796b893c6ffd7b9a536a42d290f7704a0?s=96&d=mm&r=g\",\"contentUrl\":\"https:\\\/\\\/secure.gravatar.com\\\/avatar\\\/7902f906289926289cbcda644b5197c796b893c6ffd7b9a536a42d290f7704a0?s=96&d=mm&r=g\",\"caption\":\"Eduardo Mart\u00ednez\"}}]}<\/script>\n<!-- \/ Yoast SEO plugin. -->","yoast_head_json":{"title":"Goffman e a pessoa que diz \u201csou assim mesmo\u201d - Notibras","robots":{"index":"index","follow":"follow","max-snippet":"max-snippet:-1","max-image-preview":"max-image-preview:large","max-video-preview":"max-video-preview:-1"},"canonical":"https:\/\/www.notibras.com\/site\/goffman-e-a-pessoa-que-diz-sou-assim-mesmo\/","og_locale":"pt_BR","og_type":"article","og_title":"Goffman e a pessoa que diz \u201csou assim mesmo\u201d - Notibras","og_description":"Existe uma frase que deveria ser estudada como fen\u00f4meno social: \u201cEu sou assim mesmo.\u201d Geralmente aparece depois de alguma grosseria. Ou de uma aus\u00eancia. Ou de uma irresponsabilidade. Ou depois de algu\u00e9m dizer algo que n\u00e3o deveria. \u00c9 uma frase extraordin\u00e1ria porque transforma um comportamento em identidade e, de quebra, encerra a discuss\u00e3o. \u201cSou assim [&hellip;]","og_url":"https:\/\/www.notibras.com\/site\/goffman-e-a-pessoa-que-diz-sou-assim-mesmo\/","og_site_name":"Notibras","article_publisher":"https:\/\/www.facebook.com\/notibras\/","article_published_time":"2026-09-05T05:15:50+00:00","og_image":[{"width":1280,"height":853,"url":"https:\/\/www.notibras.com\/site\/wp-content\/uploads\/2026\/08\/WhatsApp-Image-2026-08-29-at-09.01.54.jpeg","type":"image\/jpeg"}],"author":"Eduardo Mart\u00ednez","twitter_card":"summary_large_image","twitter_creator":"@Notibras","twitter_site":"@Notibras","twitter_misc":{"Escrito por":"Eduardo Mart\u00ednez","Est. tempo de leitura":"2 minutos"},"schema":{"@context":"https:\/\/schema.org","@graph":[{"@type":"Article","@id":"https:\/\/www.notibras.com\/site\/goffman-e-a-pessoa-que-diz-sou-assim-mesmo\/#article","isPartOf":{"@id":"https:\/\/www.notibras.com\/site\/goffman-e-a-pessoa-que-diz-sou-assim-mesmo\/"},"author":{"name":"Eduardo Mart\u00ednez","@id":"https:\/\/www.notibras.com\/site\/#\/schema\/person\/5b7fabf2aedc3ada2105f03b22b4d3dd"},"headline":"Goffman e a pessoa que diz \u201csou assim mesmo\u201d","datePublished":"2026-09-05T05:15:50+00:00","mainEntityOfPage":{"@id":"https:\/\/www.notibras.com\/site\/goffman-e-a-pessoa-que-diz-sou-assim-mesmo\/"},"wordCount":300,"publisher":{"@id":"https:\/\/www.notibras.com\/site\/#organization"},"image":{"@id":"https:\/\/www.notibras.com\/site\/goffman-e-a-pessoa-que-diz-sou-assim-mesmo\/#primaryimage"},"thumbnailUrl":"https:\/\/www.notibras.com\/site\/wp-content\/uploads\/2026\/08\/WhatsApp-Image-2026-08-29-at-09.01.54.jpeg","articleSection":["Leitura Vip"],"inLanguage":"pt-BR"},{"@type":"WebPage","@id":"https:\/\/www.notibras.com\/site\/goffman-e-a-pessoa-que-diz-sou-assim-mesmo\/","url":"https:\/\/www.notibras.com\/site\/goffman-e-a-pessoa-que-diz-sou-assim-mesmo\/","name":"Goffman e a pessoa que diz \u201csou assim mesmo\u201d - Notibras","isPartOf":{"@id":"https:\/\/www.notibras.com\/site\/#website"},"primaryImageOfPage":{"@id":"https:\/\/www.notibras.com\/site\/goffman-e-a-pessoa-que-diz-sou-assim-mesmo\/#primaryimage"},"image":{"@id":"https:\/\/www.notibras.com\/site\/goffman-e-a-pessoa-que-diz-sou-assim-mesmo\/#primaryimage"},"thumbnailUrl":"https:\/\/www.notibras.com\/site\/wp-content\/uploads\/2026\/08\/WhatsApp-Image-2026-08-29-at-09.01.54.jpeg","datePublished":"2026-09-05T05:15:50+00:00","breadcrumb":{"@id":"https:\/\/www.notibras.com\/site\/goffman-e-a-pessoa-que-diz-sou-assim-mesmo\/#breadcrumb"},"inLanguage":"pt-BR","potentialAction":[{"@type":"ReadAction","target":["https:\/\/www.notibras.com\/site\/goffman-e-a-pessoa-que-diz-sou-assim-mesmo\/"]}]},{"@type":"ImageObject","inLanguage":"pt-BR","@id":"https:\/\/www.notibras.com\/site\/goffman-e-a-pessoa-que-diz-sou-assim-mesmo\/#primaryimage","url":"https:\/\/www.notibras.com\/site\/wp-content\/uploads\/2026\/08\/WhatsApp-Image-2026-08-29-at-09.01.54.jpeg","contentUrl":"https:\/\/www.notibras.com\/site\/wp-content\/uploads\/2026\/08\/WhatsApp-Image-2026-08-29-at-09.01.54.jpeg","width":1280,"height":853},{"@type":"BreadcrumbList","@id":"https:\/\/www.notibras.com\/site\/goffman-e-a-pessoa-que-diz-sou-assim-mesmo\/#breadcrumb","itemListElement":[{"@type":"ListItem","position":1,"name":"In\u00edcio","item":"https:\/\/www.notibras.com\/site\/"},{"@type":"ListItem","position":2,"name":"Goffman e a pessoa que diz \u201csou assim mesmo\u201d"}]},{"@type":"WebSite","@id":"https:\/\/www.notibras.com\/site\/#website","url":"https:\/\/www.notibras.com\/site\/","name":"Notibras","description":"Not\u00edcias de Bras\u00edlia, do Brasil e do Mundo","publisher":{"@id":"https:\/\/www.notibras.com\/site\/#organization"},"potentialAction":[{"@type":"SearchAction","target":{"@type":"EntryPoint","urlTemplate":"https:\/\/www.notibras.com\/site\/?s={search_term_string}"},"query-input":{"@type":"PropertyValueSpecification","valueRequired":true,"valueName":"search_term_string"}}],"inLanguage":"pt-BR"},{"@type":"Organization","@id":"https:\/\/www.notibras.com\/site\/#organization","name":"Grupo Notibras de Comunica\u00e7\u00e3o","url":"https:\/\/www.notibras.com\/site\/","logo":{"@type":"ImageObject","inLanguage":"pt-BR","@id":"https:\/\/www.notibras.com\/site\/#\/schema\/logo\/image\/","url":"https:\/\/www.notibras.com\/site\/wp-content\/uploads\/2023\/01\/notibras23.png","contentUrl":"https:\/\/www.notibras.com\/site\/wp-content\/uploads\/2023\/01\/notibras23.png","width":350,"height":87,"caption":"Grupo Notibras de Comunica\u00e7\u00e3o"},"image":{"@id":"https:\/\/www.notibras.com\/site\/#\/schema\/logo\/image\/"},"sameAs":["https:\/\/www.facebook.com\/notibras\/","https:\/\/x.com\/Notibras","https:\/\/www.instagram.com\/notibras\/"]},{"@type":"Person","@id":"https:\/\/www.notibras.com\/site\/#\/schema\/person\/5b7fabf2aedc3ada2105f03b22b4d3dd","name":"Eduardo Mart\u00ednez","image":{"@type":"ImageObject","inLanguage":"pt-BR","@id":"https:\/\/secure.gravatar.com\/avatar\/7902f906289926289cbcda644b5197c796b893c6ffd7b9a536a42d290f7704a0?s=96&d=mm&r=g","url":"https:\/\/secure.gravatar.com\/avatar\/7902f906289926289cbcda644b5197c796b893c6ffd7b9a536a42d290f7704a0?s=96&d=mm&r=g","contentUrl":"https:\/\/secure.gravatar.com\/avatar\/7902f906289926289cbcda644b5197c796b893c6ffd7b9a536a42d290f7704a0?s=96&d=mm&r=g","caption":"Eduardo Mart\u00ednez"}}]}},"_links":{"self":[{"href":"https:\/\/www.notibras.com\/site\/wp-json\/wp\/v2\/posts\/408585","targetHints":{"allow":["GET"]}}],"collection":[{"href":"https:\/\/www.notibras.com\/site\/wp-json\/wp\/v2\/posts"}],"about":[{"href":"https:\/\/www.notibras.com\/site\/wp-json\/wp\/v2\/types\/post"}],"author":[{"embeddable":true,"href":"https:\/\/www.notibras.com\/site\/wp-json\/wp\/v2\/users\/21"}],"replies":[{"embeddable":true,"href":"https:\/\/www.notibras.com\/site\/wp-json\/wp\/v2\/comments?post=408585"}],"version-history":[{"count":2,"href":"https:\/\/www.notibras.com\/site\/wp-json\/wp\/v2\/posts\/408585\/revisions"}],"predecessor-version":[{"id":408595,"href":"https:\/\/www.notibras.com\/site\/wp-json\/wp\/v2\/posts\/408585\/revisions\/408595"}],"wp:featuredmedia":[{"embeddable":true,"href":"https:\/\/www.notibras.com\/site\/wp-json\/wp\/v2\/media\/408593"}],"wp:attachment":[{"href":"https:\/\/www.notibras.com\/site\/wp-json\/wp\/v2\/media?parent=408585"}],"wp:term":[{"taxonomy":"category","embeddable":true,"href":"https:\/\/www.notibras.com\/site\/wp-json\/wp\/v2\/categories?post=408585"},{"taxonomy":"post_tag","embeddable":true,"href":"https:\/\/www.notibras.com\/site\/wp-json\/wp\/v2\/tags?post=408585"},{"taxonomy":"tmauthors","embeddable":true,"href":"https:\/\/www.notibras.com\/site\/wp-json\/wp\/v2\/tmauthors?post=408585"}],"curies":[{"name":"wp","href":"https:\/\/api.w.org\/{rel}","templated":true}]}}