{"id":40864,"date":"2015-03-22T23:13:43","date_gmt":"2015-03-23T02:13:43","guid":{"rendered":"http:\/\/www.notibras.com\/site\/?p=40864"},"modified":"2015-03-22T23:15:15","modified_gmt":"2015-03-23T02:15:15","slug":"vitor-hugo-marca-de-bicicleta-na-vitoria-do-palmeiras","status":"publish","type":"post","link":"https:\/\/www.notibras.com\/site\/vitor-hugo-marca-de-bicicleta-na-vitoria-do-palmeiras\/","title":{"rendered":"Zagueiro Vitor Hugo marca de bicicleta na vit\u00f3ria do Palmeiras"},"content":{"rendered":"<p>O Palmeiras conseguiu vencer o S\u00e3o Bernardo por 1 a 0 na noite deste domingo, no est\u00e1dio 1\u00ba de maio, em S\u00e3o Bernardo, com muito sacrif\u00edcio. O time da casa deu trabalho, e coube ao zagueiro Vitor Hugo, com um gola\u00e7o de bicicleta, furar o bloqueio advers\u00e1rio e decidir a partida.<\/p>\n<p>A vit\u00f3ria praticamente garante a classifica\u00e7\u00e3o do alviverde para a pr\u00f3xima fase: \u00e9 s\u00f3 a Portuguesa n\u00e3o vencer o Corinthians na ter\u00e7a-feira. O Palmeiras \u00e9 l\u00edder do Grupo 3, com 24 pontos.<\/p>\n<p>Agora o foco total \u00e9 na quarta-feira, quando acontece o cl\u00e1ssico contra o S\u00e3o Paulo, no Allianz Parque \u2013 nenhum dos dois clubes venceu um rival ainda na temporada.<\/p>\n<p>O primeiro tempo foi extremamente truncado: marcando forte, o S\u00e3o Bernardo conseguiu travar as a\u00e7\u00f5es ofensivas do Palmeiras. Do lado alviverde, o jogador que mais se articulava para criar algo era Cristaldo: saindo muito da \u00e1rea, o argentino buscou bastante a bola.<\/p>\n<blockquote><p>Apesar da movimenta\u00e7\u00e3o de Cristaldo, a maior parte das finaliza\u00e7\u00f5es saiu dos p\u00e9s de Rafael Marques: o atacante tentou de fora da \u00e1rea, de cabe\u00e7a e at\u00e9 um voleio, mas n\u00e3o conseguiu levar muito perigo ao gol de Daniel.<\/p><\/blockquote>\n<p>A melhor chance foi com Dudu: o camisa 7 recebeu bom passe na \u00e1rea, se livrou do marcador e bateu rasteiro, rente \u00e0 trave direita do gol. Quase.<\/p>\n<p>O S\u00e3o Bernardo arriscou alguns contragolpes, mas tamb\u00e9m sem assustar Fernando Prass. O apito do intervalo colocou um fim em uma primeira metade morna e de poucas emo\u00e7\u00f5es no est\u00e1dio 1\u00ba de Maio.<\/p>\n<p>As coisas n\u00e3o melhoraram muito no segundo tempo, que come\u00e7ou com Gabriel arriscando um bom chute \u2013 a bola passou com perigo. Robinho teve uma boa chance, aproveitando um desvio de cabe\u00e7a de Rafael Marques, mas n\u00e3o conseguiu acertar em cheio no chute.<\/p>\n<p>Se o ataque e o meio n\u00e3o funcionavam tamb\u00e9m, coube a um zagueiro tirar o zero do placar \u2013 e com que estilo. Depois de cobran\u00e7a de escanteio da direita, Rafael Marques outra vez cabeceou. Daniel espalmou e, no rebote, Vitor Hugo acertou uma linda bicicleta. 1 a 0 Palmeiras.<\/p>\n<p>O gol abriu um pouco a partida, e Fernando Prass precisou trabalhar, com uma bela defesa em cobran\u00e7a de falta de Jean Carlos. Bom para o Palmeiras, que conseguiu segurar a vit\u00f3ria at\u00e9 o final.<\/p>\n","protected":false},"excerpt":{"rendered":"<p>O Palmeiras conseguiu vencer o S\u00e3o Bernardo por 1 a 0 na noite deste domingo, no est\u00e1dio 1\u00ba de maio, em S\u00e3o Bernardo, com muito sacrif\u00edcio. O time da casa deu trabalho, e coube ao zagueiro Vitor Hugo, com um gola\u00e7o de bicicleta, furar o bloqueio advers\u00e1rio e decidir a partida. A vit\u00f3ria praticamente garante [&hellip;]<\/p>\n","protected":false},"author":2,"featured_media":40865,"comment_status":"open","ping_status":"closed","sticky":false,"template":"","format":"standard","meta":{"_acf_changed":false,"footnotes":""},"categories":[19,29],"tags":[],"class_list":["post-40864","post","type-post","status-publish","format-standard","has-post-thumbnail","hentry","category-esportes","category-futebol"],"acf":[],"yoast_head":"<!-- This site is optimized with the Yoast SEO plugin v27.2 - https:\/\/yoast.com\/product\/yoast-seo-wordpress\/ -->\n<title>Zagueiro Vitor Hugo marca de bicicleta na vit\u00f3ria do Palmeiras - Notibras<\/title>\n<meta name=\"robots\" content=\"index, follow, max-snippet:-1, max-image-preview:large, max-video-preview:-1\" \/>\n<link rel=\"canonical\" href=\"https:\/\/www.notibras.com\/site\/vitor-hugo-marca-de-bicicleta-na-vitoria-do-palmeiras\/\" \/>\n<meta property=\"og:locale\" content=\"pt_BR\" \/>\n<meta property=\"og:type\" content=\"article\" \/>\n<meta property=\"og:title\" content=\"Zagueiro Vitor Hugo marca de bicicleta na vit\u00f3ria do Palmeiras - Notibras\" \/>\n<meta property=\"og:description\" content=\"O Palmeiras conseguiu vencer o S\u00e3o Bernardo por 1 a 0 na noite deste domingo, no est\u00e1dio 1\u00ba de maio, em S\u00e3o Bernardo, com muito sacrif\u00edcio. O time da casa deu trabalho, e coube ao zagueiro Vitor Hugo, com um gola\u00e7o de bicicleta, furar o bloqueio advers\u00e1rio e decidir a partida. A vit\u00f3ria praticamente garante [&hellip;]\" \/>\n<meta property=\"og:url\" content=\"https:\/\/www.notibras.com\/site\/vitor-hugo-marca-de-bicicleta-na-vitoria-do-palmeiras\/\" \/>\n<meta property=\"og:site_name\" content=\"Notibras\" \/>\n<meta property=\"article:publisher\" content=\"https:\/\/www.facebook.com\/notibras\/\" \/>\n<meta property=\"article:published_time\" content=\"2015-03-23T02:13:43+00:00\" \/>\n<meta property=\"article:modified_time\" content=\"2015-03-23T02:15:15+00:00\" \/>\n<meta property=\"og:image\" content=\"https:\/\/www.notibras.com\/site\/wp-content\/uploads\/2015\/03\/22palmeirast.jpg\" \/>\n\t<meta property=\"og:image:width\" content=\"300\" \/>\n\t<meta property=\"og:image:height\" content=\"200\" \/>\n\t<meta property=\"og:image:type\" content=\"image\/jpeg\" \/>\n<meta name=\"author\" content=\"Reda\u00e7\u00e3o\" \/>\n<meta name=\"twitter:card\" content=\"summary_large_image\" \/>\n<meta name=\"twitter:creator\" content=\"@Notibras\" \/>\n<meta name=\"twitter:site\" content=\"@Notibras\" \/>\n<meta name=\"twitter:label1\" content=\"Escrito por\" \/>\n\t<meta name=\"twitter:data1\" content=\"Reda\u00e7\u00e3o\" \/>\n\t<meta name=\"twitter:label2\" content=\"Est. tempo de leitura\" \/>\n\t<meta name=\"twitter:data2\" content=\"2 minutos\" \/>\n<script type=\"application\/ld+json\" class=\"yoast-schema-graph\">{\"@context\":\"https:\/\/schema.org\",\"@graph\":[{\"@type\":\"Article\",\"@id\":\"https:\/\/www.notibras.com\/site\/vitor-hugo-marca-de-bicicleta-na-vitoria-do-palmeiras\/#article\",\"isPartOf\":{\"@id\":\"https:\/\/www.notibras.com\/site\/vitor-hugo-marca-de-bicicleta-na-vitoria-do-palmeiras\/\"},\"author\":{\"name\":\"Reda\u00e7\u00e3o\",\"@id\":\"https:\/\/www.notibras.com\/site\/#\/schema\/person\/36ab0979449956132d3e5b517ea76ac8\"},\"headline\":\"Zagueiro Vitor Hugo marca de bicicleta na vit\u00f3ria do Palmeiras\",\"datePublished\":\"2015-03-23T02:13:43+00:00\",\"dateModified\":\"2015-03-23T02:15:15+00:00\",\"mainEntityOfPage\":{\"@id\":\"https:\/\/www.notibras.com\/site\/vitor-hugo-marca-de-bicicleta-na-vitoria-do-palmeiras\/\"},\"wordCount\":411,\"commentCount\":0,\"publisher\":{\"@id\":\"https:\/\/www.notibras.com\/site\/#organization\"},\"image\":{\"@id\":\"https:\/\/www.notibras.com\/site\/vitor-hugo-marca-de-bicicleta-na-vitoria-do-palmeiras\/#primaryimage\"},\"thumbnailUrl\":\"https:\/\/www.notibras.com\/site\/wp-content\/uploads\/2015\/03\/22palmeirast.jpg\",\"articleSection\":[\"Esportes\",\"Futebol\"],\"inLanguage\":\"pt-BR\",\"potentialAction\":[{\"@type\":\"CommentAction\",\"name\":\"Comment\",\"target\":[\"https:\/\/www.notibras.com\/site\/vitor-hugo-marca-de-bicicleta-na-vitoria-do-palmeiras\/#respond\"]}]},{\"@type\":\"WebPage\",\"@id\":\"https:\/\/www.notibras.com\/site\/vitor-hugo-marca-de-bicicleta-na-vitoria-do-palmeiras\/\",\"url\":\"https:\/\/www.notibras.com\/site\/vitor-hugo-marca-de-bicicleta-na-vitoria-do-palmeiras\/\",\"name\":\"Zagueiro Vitor Hugo marca de bicicleta na vit\u00f3ria do Palmeiras - Notibras\",\"isPartOf\":{\"@id\":\"https:\/\/www.notibras.com\/site\/#website\"},\"primaryImageOfPage\":{\"@id\":\"https:\/\/www.notibras.com\/site\/vitor-hugo-marca-de-bicicleta-na-vitoria-do-palmeiras\/#primaryimage\"},\"image\":{\"@id\":\"https:\/\/www.notibras.com\/site\/vitor-hugo-marca-de-bicicleta-na-vitoria-do-palmeiras\/#primaryimage\"},\"thumbnailUrl\":\"https:\/\/www.notibras.com\/site\/wp-content\/uploads\/2015\/03\/22palmeirast.jpg\",\"datePublished\":\"2015-03-23T02:13:43+00:00\",\"dateModified\":\"2015-03-23T02:15:15+00:00\",\"breadcrumb\":{\"@id\":\"https:\/\/www.notibras.com\/site\/vitor-hugo-marca-de-bicicleta-na-vitoria-do-palmeiras\/#breadcrumb\"},\"inLanguage\":\"pt-BR\",\"potentialAction\":[{\"@type\":\"ReadAction\",\"target\":[\"https:\/\/www.notibras.com\/site\/vitor-hugo-marca-de-bicicleta-na-vitoria-do-palmeiras\/\"]}]},{\"@type\":\"ImageObject\",\"inLanguage\":\"pt-BR\",\"@id\":\"https:\/\/www.notibras.com\/site\/vitor-hugo-marca-de-bicicleta-na-vitoria-do-palmeiras\/#primaryimage\",\"url\":\"https:\/\/www.notibras.com\/site\/wp-content\/uploads\/2015\/03\/22palmeirast.jpg\",\"contentUrl\":\"https:\/\/www.notibras.com\/site\/wp-content\/uploads\/2015\/03\/22palmeirast.jpg\",\"width\":300,\"height\":200},{\"@type\":\"BreadcrumbList\",\"@id\":\"https:\/\/www.notibras.com\/site\/vitor-hugo-marca-de-bicicleta-na-vitoria-do-palmeiras\/#breadcrumb\",\"itemListElement\":[{\"@type\":\"ListItem\",\"position\":1,\"name\":\"In\u00edcio\",\"item\":\"https:\/\/www.notibras.com\/site\/\"},{\"@type\":\"ListItem\",\"position\":2,\"name\":\"Zagueiro Vitor Hugo marca de bicicleta na vit\u00f3ria do Palmeiras\"}]},{\"@type\":\"WebSite\",\"@id\":\"https:\/\/www.notibras.com\/site\/#website\",\"url\":\"https:\/\/www.notibras.com\/site\/\",\"name\":\"Notibras\",\"description\":\"Not\u00edcias de Bras\u00edlia, do Brasil e do Mundo\",\"publisher\":{\"@id\":\"https:\/\/www.notibras.com\/site\/#organization\"},\"potentialAction\":[{\"@type\":\"SearchAction\",\"target\":{\"@type\":\"EntryPoint\",\"urlTemplate\":\"https:\/\/www.notibras.com\/site\/?s={search_term_string}\"},\"query-input\":{\"@type\":\"PropertyValueSpecification\",\"valueRequired\":true,\"valueName\":\"search_term_string\"}}],\"inLanguage\":\"pt-BR\"},{\"@type\":\"Organization\",\"@id\":\"https:\/\/www.notibras.com\/site\/#organization\",\"name\":\"Grupo Notibras de Comunica\u00e7\u00e3o\",\"url\":\"https:\/\/www.notibras.com\/site\/\",\"logo\":{\"@type\":\"ImageObject\",\"inLanguage\":\"pt-BR\",\"@id\":\"https:\/\/www.notibras.com\/site\/#\/schema\/logo\/image\/\",\"url\":\"https:\/\/www.notibras.com\/site\/wp-content\/uploads\/2023\/01\/notibras23.png\",\"contentUrl\":\"https:\/\/www.notibras.com\/site\/wp-content\/uploads\/2023\/01\/notibras23.png\",\"width\":350,\"height\":87,\"caption\":\"Grupo Notibras de Comunica\u00e7\u00e3o\"},\"image\":{\"@id\":\"https:\/\/www.notibras.com\/site\/#\/schema\/logo\/image\/\"},\"sameAs\":[\"https:\/\/www.facebook.com\/notibras\/\",\"https:\/\/x.com\/Notibras\",\"https:\/\/www.instagram.com\/notibras\/\"]},{\"@type\":\"Person\",\"@id\":\"https:\/\/www.notibras.com\/site\/#\/schema\/person\/36ab0979449956132d3e5b517ea76ac8\",\"name\":\"Reda\u00e7\u00e3o\",\"image\":{\"@type\":\"ImageObject\",\"inLanguage\":\"pt-BR\",\"@id\":\"https:\/\/secure.gravatar.com\/avatar\/e0a867bdedb85fd243eadf09663511f96fc81e0720a4a42581f334ad4303aa6b?s=96&d=mm&r=g\",\"url\":\"https:\/\/secure.gravatar.com\/avatar\/e0a867bdedb85fd243eadf09663511f96fc81e0720a4a42581f334ad4303aa6b?s=96&d=mm&r=g\",\"contentUrl\":\"https:\/\/secure.gravatar.com\/avatar\/e0a867bdedb85fd243eadf09663511f96fc81e0720a4a42581f334ad4303aa6b?s=96&d=mm&r=g\",\"caption\":\"Reda\u00e7\u00e3o\"}}]}<\/script>\n<!-- \/ Yoast SEO plugin. -->","yoast_head_json":{"title":"Zagueiro Vitor Hugo marca de bicicleta na vit\u00f3ria do Palmeiras - Notibras","robots":{"index":"index","follow":"follow","max-snippet":"max-snippet:-1","max-image-preview":"max-image-preview:large","max-video-preview":"max-video-preview:-1"},"canonical":"https:\/\/www.notibras.com\/site\/vitor-hugo-marca-de-bicicleta-na-vitoria-do-palmeiras\/","og_locale":"pt_BR","og_type":"article","og_title":"Zagueiro Vitor Hugo marca de bicicleta na vit\u00f3ria do Palmeiras - Notibras","og_description":"O Palmeiras conseguiu vencer o S\u00e3o Bernardo por 1 a 0 na noite deste domingo, no est\u00e1dio 1\u00ba de maio, em S\u00e3o Bernardo, com muito sacrif\u00edcio. O time da casa deu trabalho, e coube ao zagueiro Vitor Hugo, com um gola\u00e7o de bicicleta, furar o bloqueio advers\u00e1rio e decidir a partida. A vit\u00f3ria praticamente garante [&hellip;]","og_url":"https:\/\/www.notibras.com\/site\/vitor-hugo-marca-de-bicicleta-na-vitoria-do-palmeiras\/","og_site_name":"Notibras","article_publisher":"https:\/\/www.facebook.com\/notibras\/","article_published_time":"2015-03-23T02:13:43+00:00","article_modified_time":"2015-03-23T02:15:15+00:00","og_image":[{"width":300,"height":200,"url":"https:\/\/www.notibras.com\/site\/wp-content\/uploads\/2015\/03\/22palmeirast.jpg","type":"image\/jpeg"}],"author":"Reda\u00e7\u00e3o","twitter_card":"summary_large_image","twitter_creator":"@Notibras","twitter_site":"@Notibras","twitter_misc":{"Escrito por":"Reda\u00e7\u00e3o","Est. tempo de leitura":"2 minutos"},"schema":{"@context":"https:\/\/schema.org","@graph":[{"@type":"Article","@id":"https:\/\/www.notibras.com\/site\/vitor-hugo-marca-de-bicicleta-na-vitoria-do-palmeiras\/#article","isPartOf":{"@id":"https:\/\/www.notibras.com\/site\/vitor-hugo-marca-de-bicicleta-na-vitoria-do-palmeiras\/"},"author":{"name":"Reda\u00e7\u00e3o","@id":"https:\/\/www.notibras.com\/site\/#\/schema\/person\/36ab0979449956132d3e5b517ea76ac8"},"headline":"Zagueiro Vitor Hugo marca de bicicleta na vit\u00f3ria do Palmeiras","datePublished":"2015-03-23T02:13:43+00:00","dateModified":"2015-03-23T02:15:15+00:00","mainEntityOfPage":{"@id":"https:\/\/www.notibras.com\/site\/vitor-hugo-marca-de-bicicleta-na-vitoria-do-palmeiras\/"},"wordCount":411,"commentCount":0,"publisher":{"@id":"https:\/\/www.notibras.com\/site\/#organization"},"image":{"@id":"https:\/\/www.notibras.com\/site\/vitor-hugo-marca-de-bicicleta-na-vitoria-do-palmeiras\/#primaryimage"},"thumbnailUrl":"https:\/\/www.notibras.com\/site\/wp-content\/uploads\/2015\/03\/22palmeirast.jpg","articleSection":["Esportes","Futebol"],"inLanguage":"pt-BR","potentialAction":[{"@type":"CommentAction","name":"Comment","target":["https:\/\/www.notibras.com\/site\/vitor-hugo-marca-de-bicicleta-na-vitoria-do-palmeiras\/#respond"]}]},{"@type":"WebPage","@id":"https:\/\/www.notibras.com\/site\/vitor-hugo-marca-de-bicicleta-na-vitoria-do-palmeiras\/","url":"https:\/\/www.notibras.com\/site\/vitor-hugo-marca-de-bicicleta-na-vitoria-do-palmeiras\/","name":"Zagueiro Vitor Hugo marca de bicicleta na vit\u00f3ria do Palmeiras - Notibras","isPartOf":{"@id":"https:\/\/www.notibras.com\/site\/#website"},"primaryImageOfPage":{"@id":"https:\/\/www.notibras.com\/site\/vitor-hugo-marca-de-bicicleta-na-vitoria-do-palmeiras\/#primaryimage"},"image":{"@id":"https:\/\/www.notibras.com\/site\/vitor-hugo-marca-de-bicicleta-na-vitoria-do-palmeiras\/#primaryimage"},"thumbnailUrl":"https:\/\/www.notibras.com\/site\/wp-content\/uploads\/2015\/03\/22palmeirast.jpg","datePublished":"2015-03-23T02:13:43+00:00","dateModified":"2015-03-23T02:15:15+00:00","breadcrumb":{"@id":"https:\/\/www.notibras.com\/site\/vitor-hugo-marca-de-bicicleta-na-vitoria-do-palmeiras\/#breadcrumb"},"inLanguage":"pt-BR","potentialAction":[{"@type":"ReadAction","target":["https:\/\/www.notibras.com\/site\/vitor-hugo-marca-de-bicicleta-na-vitoria-do-palmeiras\/"]}]},{"@type":"ImageObject","inLanguage":"pt-BR","@id":"https:\/\/www.notibras.com\/site\/vitor-hugo-marca-de-bicicleta-na-vitoria-do-palmeiras\/#primaryimage","url":"https:\/\/www.notibras.com\/site\/wp-content\/uploads\/2015\/03\/22palmeirast.jpg","contentUrl":"https:\/\/www.notibras.com\/site\/wp-content\/uploads\/2015\/03\/22palmeirast.jpg","width":300,"height":200},{"@type":"BreadcrumbList","@id":"https:\/\/www.notibras.com\/site\/vitor-hugo-marca-de-bicicleta-na-vitoria-do-palmeiras\/#breadcrumb","itemListElement":[{"@type":"ListItem","position":1,"name":"In\u00edcio","item":"https:\/\/www.notibras.com\/site\/"},{"@type":"ListItem","position":2,"name":"Zagueiro Vitor Hugo marca de bicicleta na vit\u00f3ria do Palmeiras"}]},{"@type":"WebSite","@id":"https:\/\/www.notibras.com\/site\/#website","url":"https:\/\/www.notibras.com\/site\/","name":"Notibras","description":"Not\u00edcias de Bras\u00edlia, do Brasil e do Mundo","publisher":{"@id":"https:\/\/www.notibras.com\/site\/#organization"},"potentialAction":[{"@type":"SearchAction","target":{"@type":"EntryPoint","urlTemplate":"https:\/\/www.notibras.com\/site\/?s={search_term_string}"},"query-input":{"@type":"PropertyValueSpecification","valueRequired":true,"valueName":"search_term_string"}}],"inLanguage":"pt-BR"},{"@type":"Organization","@id":"https:\/\/www.notibras.com\/site\/#organization","name":"Grupo Notibras de Comunica\u00e7\u00e3o","url":"https:\/\/www.notibras.com\/site\/","logo":{"@type":"ImageObject","inLanguage":"pt-BR","@id":"https:\/\/www.notibras.com\/site\/#\/schema\/logo\/image\/","url":"https:\/\/www.notibras.com\/site\/wp-content\/uploads\/2023\/01\/notibras23.png","contentUrl":"https:\/\/www.notibras.com\/site\/wp-content\/uploads\/2023\/01\/notibras23.png","width":350,"height":87,"caption":"Grupo Notibras de Comunica\u00e7\u00e3o"},"image":{"@id":"https:\/\/www.notibras.com\/site\/#\/schema\/logo\/image\/"},"sameAs":["https:\/\/www.facebook.com\/notibras\/","https:\/\/x.com\/Notibras","https:\/\/www.instagram.com\/notibras\/"]},{"@type":"Person","@id":"https:\/\/www.notibras.com\/site\/#\/schema\/person\/36ab0979449956132d3e5b517ea76ac8","name":"Reda\u00e7\u00e3o","image":{"@type":"ImageObject","inLanguage":"pt-BR","@id":"https:\/\/secure.gravatar.com\/avatar\/e0a867bdedb85fd243eadf09663511f96fc81e0720a4a42581f334ad4303aa6b?s=96&d=mm&r=g","url":"https:\/\/secure.gravatar.com\/avatar\/e0a867bdedb85fd243eadf09663511f96fc81e0720a4a42581f334ad4303aa6b?s=96&d=mm&r=g","contentUrl":"https:\/\/secure.gravatar.com\/avatar\/e0a867bdedb85fd243eadf09663511f96fc81e0720a4a42581f334ad4303aa6b?s=96&d=mm&r=g","caption":"Reda\u00e7\u00e3o"}}]}},"amp_enabled":true,"_links":{"self":[{"href":"https:\/\/www.notibras.com\/site\/wp-json\/wp\/v2\/posts\/40864","targetHints":{"allow":["GET"]}}],"collection":[{"href":"https:\/\/www.notibras.com\/site\/wp-json\/wp\/v2\/posts"}],"about":[{"href":"https:\/\/www.notibras.com\/site\/wp-json\/wp\/v2\/types\/post"}],"author":[{"embeddable":true,"href":"https:\/\/www.notibras.com\/site\/wp-json\/wp\/v2\/users\/2"}],"replies":[{"embeddable":true,"href":"https:\/\/www.notibras.com\/site\/wp-json\/wp\/v2\/comments?post=40864"}],"version-history":[{"count":0,"href":"https:\/\/www.notibras.com\/site\/wp-json\/wp\/v2\/posts\/40864\/revisions"}],"wp:featuredmedia":[{"embeddable":true,"href":"https:\/\/www.notibras.com\/site\/wp-json\/wp\/v2\/media\/40865"}],"wp:attachment":[{"href":"https:\/\/www.notibras.com\/site\/wp-json\/wp\/v2\/media?parent=40864"}],"wp:term":[{"taxonomy":"category","embeddable":true,"href":"https:\/\/www.notibras.com\/site\/wp-json\/wp\/v2\/categories?post=40864"},{"taxonomy":"post_tag","embeddable":true,"href":"https:\/\/www.notibras.com\/site\/wp-json\/wp\/v2\/tags?post=40864"}],"curies":[{"name":"wp","href":"https:\/\/api.w.org\/{rel}","templated":true}]}}