{"id":408701,"date":"2026-08-30T01:15:31","date_gmt":"2026-08-30T04:15:31","guid":{"rendered":"https:\/\/www.notibras.com\/site\/?p=408701"},"modified":"2026-08-30T11:14:43","modified_gmt":"2026-08-30T14:14:43","slug":"livro-volta-a-cabeceira-com-juras-de-amor-eterno","status":"publish","type":"post","link":"https:\/\/www.notibras.com\/site\/livro-volta-a-cabeceira-com-juras-de-amor-eterno\/","title":{"rendered":"Livro volta \u00e0 cabeceira com juras de amor eterno"},"content":{"rendered":"<p>Durante algum tempo, houve quem decretasse a morte do livro. Primeiro disseram que seria a televis\u00e3o. Depois vieram os computadores, os celulares, as redes sociais e essa avalanche de informa\u00e7\u00f5es que cabe na palma da m\u00e3o. Parecia n\u00e3o haver mais espa\u00e7o para aquelas p\u00e1ginas que exigem sil\u00eancio, aten\u00e7\u00e3o e uma certa entrega. Felizmente, os profetas do apocalipse liter\u00e1rio erraram, porque o livro est\u00e1 voltando \u00e0 cabeceira.<\/p>\n<p>N\u00e3o necessariamente como pe\u00e7a de decora\u00e7\u00e3o, daquelas que acumulam poeira ao lado do abajur. H\u00e1 sinais de uma redescoberta do prazer de ler \u2014 especialmente daquele velho ritual de abrir algumas p\u00e1ginas antes de dormir, quando finalmente diminuem os ru\u00eddos do mundo.<\/p>\n<p>Talvez seja justamente o excesso de telas que esteja empurrando muita gente de volta para o papel. Passamos o dia recebendo mensagens, assistindo a v\u00eddeos de poucos segundos, percorrendo manchetes, respondendo a notifica\u00e7\u00f5es e deslizando os dedos por uma infinidade de conte\u00fados que desaparecem quase na mesma velocidade em que surgem. Sabemos um pouco de tudo, mas frequentemente n\u00e3o nos aprofundamos em quase nada.<\/p>\n<p>J\u00e1 o livro oferece o contr\u00e1rio, porque pede tempo e talvez o tempo tenha se transformado no maior luxo deste s\u00e9culo.<\/p>\n<p>Quem abre um romance precisa acompanhar personagens, compreender suas ang\u00fastias, imaginar cen\u00e1rios e esperar o desenrolar da hist\u00f3ria. Quem escolhe uma biografia atravessa a vida de algu\u00e9m. Quem mergulha em filosofia aceita conversar com perguntas que provavelmente n\u00e3o encontrar\u00e3o respostas em quinze segundos.<\/p>\n<p>Ler exige concentra\u00e7\u00e3o, uma coisa que o mundo digital tenta nos roubar diariamente. E h\u00e1 algo particularmente bonito na imagem de um livro sobre a mesa de cabeceira. Ele permanece ali, paciente, sem emitir sons, sem vibrar, sem acender sozinho. E mais: livro n\u00e3o cobra resposta, n\u00e3o pergunta onde voc\u00ea est\u00e1 e n\u00e3o avisa que algu\u00e9m publicou alguma coisa. Ele simplesmente espera.<\/p>\n<p>Pode ser Machado de Assis, Clarice Lispector, Gabriel Garc\u00eda M\u00e1rquez, Jorge Amado, Fernando Pessoa, Dostoi\u00e9vski ou um escritor desconhecido descoberto por acaso numa livraria. Pode ser romance, poesia, hist\u00f3ria, pol\u00edtica, espiritualidade, fic\u00e7\u00e3o cient\u00edfica ou uma velha edi\u00e7\u00e3o encontrada no fundo de um sebo. Isso pouco importa, porque o fundamental \u00e9 que haja p\u00e1ginas esperando por olhos curiosos.<\/p>\n<p>Tamb\u00e9m existe um componente afetivo nessa retomada. Livros carregam marcas, como uma dobra no canto de uma p\u00e1gina, uma frase sublinhada, uma dedicat\u00f3ria escrita d\u00e9cadas atr\u00e1s. Alguns guardam at\u00e9 cheiros capazes de devolver pessoas e lugares que julg\u00e1vamos esquecidos. J\u00e1 um arquivo digital dificilmente envelhece conosco dessa maneira.<\/p>\n<p>H\u00e1 livros que atravessam gera\u00e7\u00f5es. Pertenceram ao av\u00f4, passaram para o pai e chegaram ao filho trazendo anota\u00e7\u00f5es feitas por m\u00e3os que talvez j\u00e1 n\u00e3o estejam aqui. Nesse instante, ler deixa de ser apenas absorver palavras e permite conversar com fantasmas queridos.<\/p>\n<p>Talvez por isso seja precipitado imaginar que a tecnologia derrotaria definitivamente o papel. Ela mudou nossos h\u00e1bitos, facilitou o acesso ao conhecimento e colocou bibliotecas inteiras dentro de pequenos aparelhos. Isso \u00e9 extraordin\u00e1rio. O livro eletr\u00f4nico tamb\u00e9m \u00e9 livro, e o audiolivro abriu outras portas para a literatura. N\u00e3o existe raz\u00e3o para transformar formatos em inimigos.<\/p>\n<p>Mas h\u00e1 uma diferen\u00e7a entre consumir informa\u00e7\u00e3o e mergulhar numa hist\u00f3ria, e o leitor sabe disso, como tamb\u00e9m entende que algumas p\u00e1ginas conseguem fazer aquilo que nenhuma sequ\u00eancia fren\u00e9tica de v\u00eddeos consegue: interromper o mundo ao redor.<\/p>\n<p>De repente estamos em Macondo ou no sert\u00e3o de Guimar\u00e3es Rosa. Caminhamos pelas ruas do Rio antigo com Machado de Assis, sofremos diante das inquieta\u00e7\u00f5es de Clarice e viajamos por oceanos que nunca atravessamos e conhecemos pessoas que jamais existiram \u2014 embora, depois de algumas dezenas de p\u00e1ginas, pare\u00e7am mais \u00edntimas do que muitos conhecidos reais.<\/p>\n<p>Esse \u00e9 um dos milagres da leitura, onde um homem sozinho em um quarto pode carregar uma multid\u00e3o dentro da cabe\u00e7a. E h\u00e1 ainda um detalhe precioso. \u00c9 que quem l\u00ea, aprende a ouvir. Por fim, um lado ainda mais realista: algumas das melhores viagens da vida come\u00e7am sem que seja necess\u00e1rio sair da cama.<\/p>\n<p>&#8230;&#8230;&#8230;<\/p>\n<p><strong>*Maria Clara Vilella \u00e9 professora aposentada de Arte Contempor\u00e2nea<\/strong><\/p>\n","protected":false},"excerpt":{"rendered":"<p>Durante algum tempo, houve quem decretasse a morte do livro. Primeiro disseram que seria a televis\u00e3o. Depois vieram os computadores, os celulares, as redes sociais e essa avalanche de informa\u00e7\u00f5es que cabe na palma da m\u00e3o. Parecia n\u00e3o haver mais espa\u00e7o para aquelas p\u00e1ginas que exigem sil\u00eancio, aten\u00e7\u00e3o e uma certa entrega. Felizmente, os profetas [&hellip;]<\/p>\n","protected":false},"author":2,"featured_media":408702,"comment_status":"closed","ping_status":"closed","sticky":false,"template":"","format":"standard","meta":{"_acf_changed":false,"footnotes":""},"categories":[234],"tags":[],"tmauthors":[307],"class_list":["post-408701","post","type-post","status-publish","format-standard","has-post-thumbnail","category-cafe-literario"],"acf":[],"yoast_head":"<!-- This site is optimized with the Yoast SEO plugin v28.0 - https:\/\/yoast.com\/product\/yoast-seo-wordpress\/ -->\n<title>Livro volta \u00e0 cabeceira com juras de amor eterno - Notibras<\/title>\n<meta name=\"robots\" content=\"index, follow, max-snippet:-1, max-image-preview:large, max-video-preview:-1\" \/>\n<link rel=\"canonical\" href=\"https:\/\/www.notibras.com\/site\/livro-volta-a-cabeceira-com-juras-de-amor-eterno\/\" \/>\n<meta property=\"og:locale\" content=\"pt_BR\" \/>\n<meta property=\"og:type\" content=\"article\" \/>\n<meta property=\"og:title\" content=\"Livro volta \u00e0 cabeceira com juras de amor eterno - Notibras\" \/>\n<meta property=\"og:description\" content=\"Durante algum tempo, houve quem decretasse a morte do livro. Primeiro disseram que seria a televis\u00e3o. Depois vieram os computadores, os celulares, as redes sociais e essa avalanche de informa\u00e7\u00f5es que cabe na palma da m\u00e3o. Parecia n\u00e3o haver mais espa\u00e7o para aquelas p\u00e1ginas que exigem sil\u00eancio, aten\u00e7\u00e3o e uma certa entrega. Felizmente, os profetas [&hellip;]\" \/>\n<meta property=\"og:url\" content=\"https:\/\/www.notibras.com\/site\/livro-volta-a-cabeceira-com-juras-de-amor-eterno\/\" \/>\n<meta property=\"og:site_name\" content=\"Notibras\" \/>\n<meta property=\"article:publisher\" content=\"https:\/\/www.facebook.com\/notibras\/\" \/>\n<meta property=\"article:published_time\" content=\"2026-08-30T04:15:31+00:00\" \/>\n<meta property=\"article:modified_time\" content=\"2026-08-30T14:14:43+00:00\" \/>\n<meta property=\"og:image\" content=\"https:\/\/www.notibras.com\/site\/wp-content\/uploads\/2026\/08\/df90efc6-30dd-4ab1-bbb5-6f17b4e8888b-1024x683.png\" \/>\n\t<meta property=\"og:image:width\" content=\"1024\" \/>\n\t<meta property=\"og:image:height\" content=\"683\" \/>\n\t<meta property=\"og:image:type\" content=\"image\/png\" \/>\n<meta name=\"author\" content=\"Reda\u00e7\u00e3o\" \/>\n<meta name=\"twitter:card\" content=\"summary_large_image\" \/>\n<meta name=\"twitter:creator\" content=\"@Notibras\" \/>\n<meta name=\"twitter:site\" content=\"@Notibras\" \/>\n<meta name=\"twitter:label1\" content=\"Escrito por\" \/>\n\t<meta name=\"twitter:data1\" content=\"Reda\u00e7\u00e3o\" \/>\n\t<meta name=\"twitter:label2\" content=\"Est. tempo de leitura\" \/>\n\t<meta name=\"twitter:data2\" content=\"4 minutos\" \/>\n<script type=\"application\/ld+json\" class=\"yoast-schema-graph\">{\"@context\":\"https:\\\/\\\/schema.org\",\"@graph\":[{\"@type\":\"Article\",\"@id\":\"https:\\\/\\\/www.notibras.com\\\/site\\\/livro-volta-a-cabeceira-com-juras-de-amor-eterno\\\/#article\",\"isPartOf\":{\"@id\":\"https:\\\/\\\/www.notibras.com\\\/site\\\/livro-volta-a-cabeceira-com-juras-de-amor-eterno\\\/\"},\"author\":{\"name\":\"Reda\u00e7\u00e3o\",\"@id\":\"https:\\\/\\\/www.notibras.com\\\/site\\\/#\\\/schema\\\/person\\\/36ab0979449956132d3e5b517ea76ac8\"},\"headline\":\"Livro volta \u00e0 cabeceira com juras de amor eterno\",\"datePublished\":\"2026-08-30T04:15:31+00:00\",\"dateModified\":\"2026-08-30T14:14:43+00:00\",\"mainEntityOfPage\":{\"@id\":\"https:\\\/\\\/www.notibras.com\\\/site\\\/livro-volta-a-cabeceira-com-juras-de-amor-eterno\\\/\"},\"wordCount\":731,\"publisher\":{\"@id\":\"https:\\\/\\\/www.notibras.com\\\/site\\\/#organization\"},\"image\":{\"@id\":\"https:\\\/\\\/www.notibras.com\\\/site\\\/livro-volta-a-cabeceira-com-juras-de-amor-eterno\\\/#primaryimage\"},\"thumbnailUrl\":\"https:\\\/\\\/www.notibras.com\\\/site\\\/wp-content\\\/uploads\\\/2026\\\/08\\\/df90efc6-30dd-4ab1-bbb5-6f17b4e8888b.png\",\"articleSection\":[\"Caf\u00e9 Liter\u00e1rio\"],\"inLanguage\":\"pt-BR\"},{\"@type\":\"WebPage\",\"@id\":\"https:\\\/\\\/www.notibras.com\\\/site\\\/livro-volta-a-cabeceira-com-juras-de-amor-eterno\\\/\",\"url\":\"https:\\\/\\\/www.notibras.com\\\/site\\\/livro-volta-a-cabeceira-com-juras-de-amor-eterno\\\/\",\"name\":\"Livro volta \u00e0 cabeceira com juras de amor eterno - Notibras\",\"isPartOf\":{\"@id\":\"https:\\\/\\\/www.notibras.com\\\/site\\\/#website\"},\"primaryImageOfPage\":{\"@id\":\"https:\\\/\\\/www.notibras.com\\\/site\\\/livro-volta-a-cabeceira-com-juras-de-amor-eterno\\\/#primaryimage\"},\"image\":{\"@id\":\"https:\\\/\\\/www.notibras.com\\\/site\\\/livro-volta-a-cabeceira-com-juras-de-amor-eterno\\\/#primaryimage\"},\"thumbnailUrl\":\"https:\\\/\\\/www.notibras.com\\\/site\\\/wp-content\\\/uploads\\\/2026\\\/08\\\/df90efc6-30dd-4ab1-bbb5-6f17b4e8888b.png\",\"datePublished\":\"2026-08-30T04:15:31+00:00\",\"dateModified\":\"2026-08-30T14:14:43+00:00\",\"breadcrumb\":{\"@id\":\"https:\\\/\\\/www.notibras.com\\\/site\\\/livro-volta-a-cabeceira-com-juras-de-amor-eterno\\\/#breadcrumb\"},\"inLanguage\":\"pt-BR\",\"potentialAction\":[{\"@type\":\"ReadAction\",\"target\":[\"https:\\\/\\\/www.notibras.com\\\/site\\\/livro-volta-a-cabeceira-com-juras-de-amor-eterno\\\/\"]}]},{\"@type\":\"ImageObject\",\"inLanguage\":\"pt-BR\",\"@id\":\"https:\\\/\\\/www.notibras.com\\\/site\\\/livro-volta-a-cabeceira-com-juras-de-amor-eterno\\\/#primaryimage\",\"url\":\"https:\\\/\\\/www.notibras.com\\\/site\\\/wp-content\\\/uploads\\\/2026\\\/08\\\/df90efc6-30dd-4ab1-bbb5-6f17b4e8888b.png\",\"contentUrl\":\"https:\\\/\\\/www.notibras.com\\\/site\\\/wp-content\\\/uploads\\\/2026\\\/08\\\/df90efc6-30dd-4ab1-bbb5-6f17b4e8888b.png\",\"width\":1536,\"height\":1024},{\"@type\":\"BreadcrumbList\",\"@id\":\"https:\\\/\\\/www.notibras.com\\\/site\\\/livro-volta-a-cabeceira-com-juras-de-amor-eterno\\\/#breadcrumb\",\"itemListElement\":[{\"@type\":\"ListItem\",\"position\":1,\"name\":\"In\u00edcio\",\"item\":\"https:\\\/\\\/www.notibras.com\\\/site\\\/\"},{\"@type\":\"ListItem\",\"position\":2,\"name\":\"Livro volta \u00e0 cabeceira com juras de amor eterno\"}]},{\"@type\":\"WebSite\",\"@id\":\"https:\\\/\\\/www.notibras.com\\\/site\\\/#website\",\"url\":\"https:\\\/\\\/www.notibras.com\\\/site\\\/\",\"name\":\"Notibras\",\"description\":\"Not\u00edcias de Bras\u00edlia, do Brasil e do Mundo\",\"publisher\":{\"@id\":\"https:\\\/\\\/www.notibras.com\\\/site\\\/#organization\"},\"potentialAction\":[{\"@type\":\"SearchAction\",\"target\":{\"@type\":\"EntryPoint\",\"urlTemplate\":\"https:\\\/\\\/www.notibras.com\\\/site\\\/?s={search_term_string}\"},\"query-input\":{\"@type\":\"PropertyValueSpecification\",\"valueRequired\":true,\"valueName\":\"search_term_string\"}}],\"inLanguage\":\"pt-BR\"},{\"@type\":\"Organization\",\"@id\":\"https:\\\/\\\/www.notibras.com\\\/site\\\/#organization\",\"name\":\"Grupo Notibras de Comunica\u00e7\u00e3o\",\"url\":\"https:\\\/\\\/www.notibras.com\\\/site\\\/\",\"logo\":{\"@type\":\"ImageObject\",\"inLanguage\":\"pt-BR\",\"@id\":\"https:\\\/\\\/www.notibras.com\\\/site\\\/#\\\/schema\\\/logo\\\/image\\\/\",\"url\":\"https:\\\/\\\/www.notibras.com\\\/site\\\/wp-content\\\/uploads\\\/2023\\\/01\\\/notibras23.png\",\"contentUrl\":\"https:\\\/\\\/www.notibras.com\\\/site\\\/wp-content\\\/uploads\\\/2023\\\/01\\\/notibras23.png\",\"width\":350,\"height\":87,\"caption\":\"Grupo Notibras de Comunica\u00e7\u00e3o\"},\"image\":{\"@id\":\"https:\\\/\\\/www.notibras.com\\\/site\\\/#\\\/schema\\\/logo\\\/image\\\/\"},\"sameAs\":[\"https:\\\/\\\/www.facebook.com\\\/notibras\\\/\",\"https:\\\/\\\/x.com\\\/Notibras\",\"https:\\\/\\\/www.instagram.com\\\/notibras\\\/\"]},{\"@type\":\"Person\",\"@id\":\"https:\\\/\\\/www.notibras.com\\\/site\\\/#\\\/schema\\\/person\\\/36ab0979449956132d3e5b517ea76ac8\",\"name\":\"Reda\u00e7\u00e3o\",\"image\":{\"@type\":\"ImageObject\",\"inLanguage\":\"pt-BR\",\"@id\":\"https:\\\/\\\/secure.gravatar.com\\\/avatar\\\/e0a867bdedb85fd243eadf09663511f96fc81e0720a4a42581f334ad4303aa6b?s=96&d=mm&r=g\",\"url\":\"https:\\\/\\\/secure.gravatar.com\\\/avatar\\\/e0a867bdedb85fd243eadf09663511f96fc81e0720a4a42581f334ad4303aa6b?s=96&d=mm&r=g\",\"contentUrl\":\"https:\\\/\\\/secure.gravatar.com\\\/avatar\\\/e0a867bdedb85fd243eadf09663511f96fc81e0720a4a42581f334ad4303aa6b?s=96&d=mm&r=g\",\"caption\":\"Reda\u00e7\u00e3o\"}}]}<\/script>\n<!-- \/ Yoast SEO plugin. -->","yoast_head_json":{"title":"Livro volta \u00e0 cabeceira com juras de amor eterno - Notibras","robots":{"index":"index","follow":"follow","max-snippet":"max-snippet:-1","max-image-preview":"max-image-preview:large","max-video-preview":"max-video-preview:-1"},"canonical":"https:\/\/www.notibras.com\/site\/livro-volta-a-cabeceira-com-juras-de-amor-eterno\/","og_locale":"pt_BR","og_type":"article","og_title":"Livro volta \u00e0 cabeceira com juras de amor eterno - Notibras","og_description":"Durante algum tempo, houve quem decretasse a morte do livro. Primeiro disseram que seria a televis\u00e3o. Depois vieram os computadores, os celulares, as redes sociais e essa avalanche de informa\u00e7\u00f5es que cabe na palma da m\u00e3o. Parecia n\u00e3o haver mais espa\u00e7o para aquelas p\u00e1ginas que exigem sil\u00eancio, aten\u00e7\u00e3o e uma certa entrega. Felizmente, os profetas [&hellip;]","og_url":"https:\/\/www.notibras.com\/site\/livro-volta-a-cabeceira-com-juras-de-amor-eterno\/","og_site_name":"Notibras","article_publisher":"https:\/\/www.facebook.com\/notibras\/","article_published_time":"2026-08-30T04:15:31+00:00","article_modified_time":"2026-08-30T14:14:43+00:00","og_image":[{"width":1024,"height":683,"url":"https:\/\/www.notibras.com\/site\/wp-content\/uploads\/2026\/08\/df90efc6-30dd-4ab1-bbb5-6f17b4e8888b-1024x683.png","type":"image\/png"}],"author":"Reda\u00e7\u00e3o","twitter_card":"summary_large_image","twitter_creator":"@Notibras","twitter_site":"@Notibras","twitter_misc":{"Escrito por":"Reda\u00e7\u00e3o","Est. tempo de leitura":"4 minutos"},"schema":{"@context":"https:\/\/schema.org","@graph":[{"@type":"Article","@id":"https:\/\/www.notibras.com\/site\/livro-volta-a-cabeceira-com-juras-de-amor-eterno\/#article","isPartOf":{"@id":"https:\/\/www.notibras.com\/site\/livro-volta-a-cabeceira-com-juras-de-amor-eterno\/"},"author":{"name":"Reda\u00e7\u00e3o","@id":"https:\/\/www.notibras.com\/site\/#\/schema\/person\/36ab0979449956132d3e5b517ea76ac8"},"headline":"Livro volta \u00e0 cabeceira com juras de amor eterno","datePublished":"2026-08-30T04:15:31+00:00","dateModified":"2026-08-30T14:14:43+00:00","mainEntityOfPage":{"@id":"https:\/\/www.notibras.com\/site\/livro-volta-a-cabeceira-com-juras-de-amor-eterno\/"},"wordCount":731,"publisher":{"@id":"https:\/\/www.notibras.com\/site\/#organization"},"image":{"@id":"https:\/\/www.notibras.com\/site\/livro-volta-a-cabeceira-com-juras-de-amor-eterno\/#primaryimage"},"thumbnailUrl":"https:\/\/www.notibras.com\/site\/wp-content\/uploads\/2026\/08\/df90efc6-30dd-4ab1-bbb5-6f17b4e8888b.png","articleSection":["Caf\u00e9 Liter\u00e1rio"],"inLanguage":"pt-BR"},{"@type":"WebPage","@id":"https:\/\/www.notibras.com\/site\/livro-volta-a-cabeceira-com-juras-de-amor-eterno\/","url":"https:\/\/www.notibras.com\/site\/livro-volta-a-cabeceira-com-juras-de-amor-eterno\/","name":"Livro volta \u00e0 cabeceira com juras de amor eterno - Notibras","isPartOf":{"@id":"https:\/\/www.notibras.com\/site\/#website"},"primaryImageOfPage":{"@id":"https:\/\/www.notibras.com\/site\/livro-volta-a-cabeceira-com-juras-de-amor-eterno\/#primaryimage"},"image":{"@id":"https:\/\/www.notibras.com\/site\/livro-volta-a-cabeceira-com-juras-de-amor-eterno\/#primaryimage"},"thumbnailUrl":"https:\/\/www.notibras.com\/site\/wp-content\/uploads\/2026\/08\/df90efc6-30dd-4ab1-bbb5-6f17b4e8888b.png","datePublished":"2026-08-30T04:15:31+00:00","dateModified":"2026-08-30T14:14:43+00:00","breadcrumb":{"@id":"https:\/\/www.notibras.com\/site\/livro-volta-a-cabeceira-com-juras-de-amor-eterno\/#breadcrumb"},"inLanguage":"pt-BR","potentialAction":[{"@type":"ReadAction","target":["https:\/\/www.notibras.com\/site\/livro-volta-a-cabeceira-com-juras-de-amor-eterno\/"]}]},{"@type":"ImageObject","inLanguage":"pt-BR","@id":"https:\/\/www.notibras.com\/site\/livro-volta-a-cabeceira-com-juras-de-amor-eterno\/#primaryimage","url":"https:\/\/www.notibras.com\/site\/wp-content\/uploads\/2026\/08\/df90efc6-30dd-4ab1-bbb5-6f17b4e8888b.png","contentUrl":"https:\/\/www.notibras.com\/site\/wp-content\/uploads\/2026\/08\/df90efc6-30dd-4ab1-bbb5-6f17b4e8888b.png","width":1536,"height":1024},{"@type":"BreadcrumbList","@id":"https:\/\/www.notibras.com\/site\/livro-volta-a-cabeceira-com-juras-de-amor-eterno\/#breadcrumb","itemListElement":[{"@type":"ListItem","position":1,"name":"In\u00edcio","item":"https:\/\/www.notibras.com\/site\/"},{"@type":"ListItem","position":2,"name":"Livro volta \u00e0 cabeceira com juras de amor eterno"}]},{"@type":"WebSite","@id":"https:\/\/www.notibras.com\/site\/#website","url":"https:\/\/www.notibras.com\/site\/","name":"Notibras","description":"Not\u00edcias de Bras\u00edlia, do Brasil e do Mundo","publisher":{"@id":"https:\/\/www.notibras.com\/site\/#organization"},"potentialAction":[{"@type":"SearchAction","target":{"@type":"EntryPoint","urlTemplate":"https:\/\/www.notibras.com\/site\/?s={search_term_string}"},"query-input":{"@type":"PropertyValueSpecification","valueRequired":true,"valueName":"search_term_string"}}],"inLanguage":"pt-BR"},{"@type":"Organization","@id":"https:\/\/www.notibras.com\/site\/#organization","name":"Grupo Notibras de Comunica\u00e7\u00e3o","url":"https:\/\/www.notibras.com\/site\/","logo":{"@type":"ImageObject","inLanguage":"pt-BR","@id":"https:\/\/www.notibras.com\/site\/#\/schema\/logo\/image\/","url":"https:\/\/www.notibras.com\/site\/wp-content\/uploads\/2023\/01\/notibras23.png","contentUrl":"https:\/\/www.notibras.com\/site\/wp-content\/uploads\/2023\/01\/notibras23.png","width":350,"height":87,"caption":"Grupo Notibras de Comunica\u00e7\u00e3o"},"image":{"@id":"https:\/\/www.notibras.com\/site\/#\/schema\/logo\/image\/"},"sameAs":["https:\/\/www.facebook.com\/notibras\/","https:\/\/x.com\/Notibras","https:\/\/www.instagram.com\/notibras\/"]},{"@type":"Person","@id":"https:\/\/www.notibras.com\/site\/#\/schema\/person\/36ab0979449956132d3e5b517ea76ac8","name":"Reda\u00e7\u00e3o","image":{"@type":"ImageObject","inLanguage":"pt-BR","@id":"https:\/\/secure.gravatar.com\/avatar\/e0a867bdedb85fd243eadf09663511f96fc81e0720a4a42581f334ad4303aa6b?s=96&d=mm&r=g","url":"https:\/\/secure.gravatar.com\/avatar\/e0a867bdedb85fd243eadf09663511f96fc81e0720a4a42581f334ad4303aa6b?s=96&d=mm&r=g","contentUrl":"https:\/\/secure.gravatar.com\/avatar\/e0a867bdedb85fd243eadf09663511f96fc81e0720a4a42581f334ad4303aa6b?s=96&d=mm&r=g","caption":"Reda\u00e7\u00e3o"}}]}},"_links":{"self":[{"href":"https:\/\/www.notibras.com\/site\/wp-json\/wp\/v2\/posts\/408701","targetHints":{"allow":["GET"]}}],"collection":[{"href":"https:\/\/www.notibras.com\/site\/wp-json\/wp\/v2\/posts"}],"about":[{"href":"https:\/\/www.notibras.com\/site\/wp-json\/wp\/v2\/types\/post"}],"author":[{"embeddable":true,"href":"https:\/\/www.notibras.com\/site\/wp-json\/wp\/v2\/users\/2"}],"replies":[{"embeddable":true,"href":"https:\/\/www.notibras.com\/site\/wp-json\/wp\/v2\/comments?post=408701"}],"version-history":[{"count":2,"href":"https:\/\/www.notibras.com\/site\/wp-json\/wp\/v2\/posts\/408701\/revisions"}],"predecessor-version":[{"id":408713,"href":"https:\/\/www.notibras.com\/site\/wp-json\/wp\/v2\/posts\/408701\/revisions\/408713"}],"wp:featuredmedia":[{"embeddable":true,"href":"https:\/\/www.notibras.com\/site\/wp-json\/wp\/v2\/media\/408702"}],"wp:attachment":[{"href":"https:\/\/www.notibras.com\/site\/wp-json\/wp\/v2\/media?parent=408701"}],"wp:term":[{"taxonomy":"category","embeddable":true,"href":"https:\/\/www.notibras.com\/site\/wp-json\/wp\/v2\/categories?post=408701"},{"taxonomy":"post_tag","embeddable":true,"href":"https:\/\/www.notibras.com\/site\/wp-json\/wp\/v2\/tags?post=408701"},{"taxonomy":"tmauthors","embeddable":true,"href":"https:\/\/www.notibras.com\/site\/wp-json\/wp\/v2\/tmauthors?post=408701"}],"curies":[{"name":"wp","href":"https:\/\/api.w.org\/{rel}","templated":true}]}}