{"id":408704,"date":"2026-08-30T00:35:27","date_gmt":"2026-08-30T03:35:27","guid":{"rendered":"https:\/\/www.notibras.com\/site\/?p=408704"},"modified":"2026-08-30T10:37:44","modified_gmt":"2026-08-30T13:37:44","slug":"grupo-multinacional-busca-vacina-contra-a-hepatite-b","status":"publish","type":"post","link":"https:\/\/www.notibras.com\/site\/grupo-multinacional-busca-vacina-contra-a-hepatite-b\/","title":{"rendered":"Grupo multinacional busca vacina contra a Hepatite B"},"content":{"rendered":"<p>Duas universidades p\u00fablicas brasileiras se uniram a institui\u00e7\u00f5es internacionais na busca de novos tratamentos e at\u00e9 mesmo de uma cura para a hepatite B.<\/p>\n<p>O cons\u00f3rcio \u00e9 liderado pela Faculdade de Medicina da Universidade Johns Hopkins, nos Estados Unidos, e \u00e9 composto por grupos de pesquisa do Brasil, \u00cdndia, Senegal e Uganda. O Brasil \u00e9 representado pelo Hospital Universit\u00e1rio Cassiano Ant\u00f4nio Moraes da Universidade Federal do Esp\u00edrito Santo (Hucam-Ufes) e pela Universidade de S\u00e3o Paulo (USP).<\/p>\n<p>A pesquisa global ir\u00e1 observar, a n\u00edvel celular, tanto o comportamento do v\u00edrus em pacientes de diferentes pa\u00edses como as respostas imunol\u00f3gicas das pessoas infectadas. Ser\u00e3o analisadas tamb\u00e9m pessoas infectadas ao mesmo tempo por hepatite B e HIV.<\/p>\n<p>\u201cA hepatite B n\u00e3o tem cura, esse \u00e9 o grande objetivo global\u201d, diz a professora do Hucam-Ufes, refer\u00eancia no assunto, T\u00e2nia Reuter. \u201cO primeiro objetivo \u00e9 eliminar as hepatites virais, no nosso caso aqui, eliminar a hepatite B como problema de sa\u00fade p\u00fablica at\u00e9 2030\u201d, enfatiza.<\/p>\n<p><strong>Pesquisa in\u00e9dita<\/strong><br \/>\nO cons\u00f3rcio foi criado em 2023, mas acabou sendo suspenso em 2024 e retomado no ano seguinte. No Brasil, o estudo teve in\u00edcio este ano e dever\u00e1 durar cerca de 5 anos. A metodologia integra pesquisa cient\u00edfica b\u00e1sica com pr\u00e1tica cl\u00ednica.<\/p>\n<p>Reuter explica que os pesquisadores ir\u00e3o observar 600 pacientes com hepatite B e com a coinfec\u00e7\u00e3o por hepatite B e HIV por cerca de quatro anos e meio cada. Ser\u00e3o 150 pacientes de cada pa\u00eds. Desses, 75 ser\u00e3o analisados pela equipe dela.<\/p>\n<p>O estudo pretende identificar o que faz com que o v\u00edrus evolua diferentemente em cada paciente, quais caracter\u00edsticas gen\u00e9ticas s\u00e3o capazes de proteger as pessoas de uma evolu\u00e7\u00e3o mais r\u00e1pida e quais subpart\u00edculas do v\u00edrus podem funcionar como preditores de cura ou de tratamento.<\/p>\n<p>&#8220;Eu quero descobrir alvos que possam auxiliar no manejo para cura da hepatite B\u201d, explica a pesquisadora. &#8220;[O que for achado] pode ser um alvo para desenvolvimento de f\u00e1rmacos, sejam imunoestimuladores, imunomodulador, etc&#8221;, diz.<\/p>\n<p>Reuter iniciou o recrutamento dos pacientes em julho e, at\u00e9 o momento, conta com 40 participantes. Ela pretende ter o grupo de 75 completo at\u00e9 o final deste ano. O prazo dado pela pesquisa \u00e9 at\u00e9 meados de 2027.<\/p>\n<p>\u201cO v\u00edrus da hepatite B \u00e9 um dos maiores causadores de c\u00e2ncer hep\u00e1tico. C\u00e2ncer prim\u00e1rio de f\u00edgado ou hepatocarcinoma\u201d, diz. \u201cA gente est\u00e1 aqui trabalhando para mitigar a evolu\u00e7\u00e3o de cirrose e c\u00e2ncer hep\u00e1tico\u201d, enfatiza Reuter.<\/p>\n<p><strong>Hepatite B<\/strong><br \/>\nA hepatite B \u00e9 uma doen\u00e7a viral silenciosa que ataca o f\u00edgado. Ela ainda n\u00e3o tem cura e a progress\u00e3o pode levar a quadros de cirrose, c\u00e2ncer hep\u00e1tico e morte. Segundo a OMS, cerca de 240 milh\u00f5es de pessoas vivem com infec\u00e7\u00e3o cr\u00f4nica, segundo dados de 2024.<\/p>\n<p>Somente no Brasil, segundo o Minist\u00e9rio da Sa\u00fade, 276,6 mil casos foram confirmados entre 2000 a 2022.<\/p>\n<p>A hepatite B pode ser transmitida sexualmente e por contato com sangue contaminado, inclusive durante a gesta\u00e7\u00e3o ou no parto, passando da m\u00e3e para o beb\u00ea. De acordo com a Sociedade Brasileira de Cl\u00ednica M\u00e9dica, o v\u00edrus do tipo B \u00e9 100 vezes mais contagioso que o HIV.<\/p>\n<p>A meta global da OMS \u00e9 erradicar o HIV, as hepatites virais e as infec\u00e7\u00f5es sexualmente transmiss\u00edvel (ISTs) como amea\u00e7as \u00e0 sa\u00fade p\u00fablica at\u00e9 2030. Segundo relat\u00f3rio da organiza\u00e7\u00e3o divulgado em julho deste ano, as infec\u00e7\u00f5es por hepatites virais anuais ca\u00edram 32% globalmente desde 2015, refletindo o aumento na cobertura da vacina\u00e7\u00e3o infantil, que alcan\u00e7ou 84% em 2024.<\/p>\n<p><strong>Preven\u00e7\u00e3o<\/strong><br \/>\nDe acordo com o Minist\u00e9rio da Sa\u00fade, a principal forma de preven\u00e7\u00e3o \u00e9 a vacina, que est\u00e1 dispon\u00edvel no Sistema \u00danico de Sa\u00fade (SUS) para todas as pessoas n\u00e3o vacinadas, independentemente da idade.<\/p>\n<p>Para crian\u00e7as, a recomenda\u00e7\u00e3o \u00e9 que se fa\u00e7am quatro doses da vacina, sendo: ao nascer, aos 2, 4 e 6 meses de idade. J\u00e1 para a popula\u00e7\u00e3o adulta, via de regra, o esquema completo se d\u00e1 com aplica\u00e7\u00e3o de tr\u00eas doses.<\/p>\n<p>Outras formas de preven\u00e7\u00e3o s\u00e3o uso de preservativo interno e externo em todas as rela\u00e7\u00f5es sexuais e n\u00e3o compartilhar objetos perfurocortantes e os de uso pessoal.<\/p>\n","protected":false},"excerpt":{"rendered":"<p>Duas universidades p\u00fablicas brasileiras se uniram a institui\u00e7\u00f5es internacionais na busca de novos tratamentos e at\u00e9 mesmo de uma cura para a hepatite B. O cons\u00f3rcio \u00e9 liderado pela Faculdade de Medicina da Universidade Johns Hopkins, nos Estados Unidos, e \u00e9 composto por grupos de pesquisa do Brasil, \u00cdndia, Senegal e Uganda. O Brasil \u00e9 [&hellip;]<\/p>\n","protected":false},"author":2,"featured_media":408705,"comment_status":"closed","ping_status":"closed","sticky":false,"template":"","format":"standard","meta":{"_acf_changed":false,"footnotes":""},"categories":[16],"tags":[],"tmauthors":[307],"class_list":["post-408704","post","type-post","status-publish","format-standard","has-post-thumbnail","category-brasil"],"acf":[],"yoast_head":"<!-- This site is optimized with the Yoast SEO plugin v28.0 - https:\/\/yoast.com\/product\/yoast-seo-wordpress\/ -->\n<title>Grupo multinacional busca vacina contra a Hepatite B - Notibras<\/title>\n<meta name=\"robots\" content=\"index, follow, max-snippet:-1, max-image-preview:large, max-video-preview:-1\" \/>\n<link rel=\"canonical\" href=\"https:\/\/www.notibras.com\/site\/grupo-multinacional-busca-vacina-contra-a-hepatite-b\/\" \/>\n<meta property=\"og:locale\" content=\"pt_BR\" \/>\n<meta property=\"og:type\" content=\"article\" \/>\n<meta property=\"og:title\" content=\"Grupo multinacional busca vacina contra a Hepatite B - Notibras\" \/>\n<meta property=\"og:description\" content=\"Duas universidades p\u00fablicas brasileiras se uniram a institui\u00e7\u00f5es internacionais na busca de novos tratamentos e at\u00e9 mesmo de uma cura para a hepatite B. O cons\u00f3rcio \u00e9 liderado pela Faculdade de Medicina da Universidade Johns Hopkins, nos Estados Unidos, e \u00e9 composto por grupos de pesquisa do Brasil, \u00cdndia, Senegal e Uganda. O Brasil \u00e9 [&hellip;]\" \/>\n<meta property=\"og:url\" content=\"https:\/\/www.notibras.com\/site\/grupo-multinacional-busca-vacina-contra-a-hepatite-b\/\" \/>\n<meta property=\"og:site_name\" content=\"Notibras\" \/>\n<meta property=\"article:publisher\" content=\"https:\/\/www.facebook.com\/notibras\/\" \/>\n<meta property=\"article:published_time\" content=\"2026-08-30T03:35:27+00:00\" \/>\n<meta property=\"article:modified_time\" content=\"2026-08-30T13:37:44+00:00\" \/>\n<meta property=\"og:image\" content=\"https:\/\/www.notibras.com\/site\/wp-content\/uploads\/2026\/08\/hepatite_tania_rego.webp\" \/>\n\t<meta property=\"og:image:width\" content=\"1170\" \/>\n\t<meta property=\"og:image:height\" content=\"700\" \/>\n\t<meta property=\"og:image:type\" content=\"image\/webp\" \/>\n<meta name=\"author\" content=\"Reda\u00e7\u00e3o\" \/>\n<meta name=\"twitter:card\" content=\"summary_large_image\" \/>\n<meta name=\"twitter:creator\" content=\"@Notibras\" \/>\n<meta name=\"twitter:site\" content=\"@Notibras\" \/>\n<meta name=\"twitter:label1\" content=\"Escrito por\" \/>\n\t<meta name=\"twitter:data1\" content=\"Reda\u00e7\u00e3o\" \/>\n\t<meta name=\"twitter:label2\" content=\"Est. tempo de leitura\" \/>\n\t<meta name=\"twitter:data2\" content=\"4 minutos\" \/>\n<script type=\"application\/ld+json\" class=\"yoast-schema-graph\">{\"@context\":\"https:\\\/\\\/schema.org\",\"@graph\":[{\"@type\":\"Article\",\"@id\":\"https:\\\/\\\/www.notibras.com\\\/site\\\/grupo-multinacional-busca-vacina-contra-a-hepatite-b\\\/#article\",\"isPartOf\":{\"@id\":\"https:\\\/\\\/www.notibras.com\\\/site\\\/grupo-multinacional-busca-vacina-contra-a-hepatite-b\\\/\"},\"author\":{\"name\":\"Reda\u00e7\u00e3o\",\"@id\":\"https:\\\/\\\/www.notibras.com\\\/site\\\/#\\\/schema\\\/person\\\/36ab0979449956132d3e5b517ea76ac8\"},\"headline\":\"Grupo multinacional busca vacina contra a Hepatite B\",\"datePublished\":\"2026-08-30T03:35:27+00:00\",\"dateModified\":\"2026-08-30T13:37:44+00:00\",\"mainEntityOfPage\":{\"@id\":\"https:\\\/\\\/www.notibras.com\\\/site\\\/grupo-multinacional-busca-vacina-contra-a-hepatite-b\\\/\"},\"wordCount\":734,\"publisher\":{\"@id\":\"https:\\\/\\\/www.notibras.com\\\/site\\\/#organization\"},\"image\":{\"@id\":\"https:\\\/\\\/www.notibras.com\\\/site\\\/grupo-multinacional-busca-vacina-contra-a-hepatite-b\\\/#primaryimage\"},\"thumbnailUrl\":\"https:\\\/\\\/www.notibras.com\\\/site\\\/wp-content\\\/uploads\\\/2026\\\/08\\\/hepatite_tania_rego.webp\",\"articleSection\":[\"Brasil\"],\"inLanguage\":\"pt-BR\"},{\"@type\":\"WebPage\",\"@id\":\"https:\\\/\\\/www.notibras.com\\\/site\\\/grupo-multinacional-busca-vacina-contra-a-hepatite-b\\\/\",\"url\":\"https:\\\/\\\/www.notibras.com\\\/site\\\/grupo-multinacional-busca-vacina-contra-a-hepatite-b\\\/\",\"name\":\"Grupo multinacional busca vacina contra a Hepatite B - Notibras\",\"isPartOf\":{\"@id\":\"https:\\\/\\\/www.notibras.com\\\/site\\\/#website\"},\"primaryImageOfPage\":{\"@id\":\"https:\\\/\\\/www.notibras.com\\\/site\\\/grupo-multinacional-busca-vacina-contra-a-hepatite-b\\\/#primaryimage\"},\"image\":{\"@id\":\"https:\\\/\\\/www.notibras.com\\\/site\\\/grupo-multinacional-busca-vacina-contra-a-hepatite-b\\\/#primaryimage\"},\"thumbnailUrl\":\"https:\\\/\\\/www.notibras.com\\\/site\\\/wp-content\\\/uploads\\\/2026\\\/08\\\/hepatite_tania_rego.webp\",\"datePublished\":\"2026-08-30T03:35:27+00:00\",\"dateModified\":\"2026-08-30T13:37:44+00:00\",\"breadcrumb\":{\"@id\":\"https:\\\/\\\/www.notibras.com\\\/site\\\/grupo-multinacional-busca-vacina-contra-a-hepatite-b\\\/#breadcrumb\"},\"inLanguage\":\"pt-BR\",\"potentialAction\":[{\"@type\":\"ReadAction\",\"target\":[\"https:\\\/\\\/www.notibras.com\\\/site\\\/grupo-multinacional-busca-vacina-contra-a-hepatite-b\\\/\"]}]},{\"@type\":\"ImageObject\",\"inLanguage\":\"pt-BR\",\"@id\":\"https:\\\/\\\/www.notibras.com\\\/site\\\/grupo-multinacional-busca-vacina-contra-a-hepatite-b\\\/#primaryimage\",\"url\":\"https:\\\/\\\/www.notibras.com\\\/site\\\/wp-content\\\/uploads\\\/2026\\\/08\\\/hepatite_tania_rego.webp\",\"contentUrl\":\"https:\\\/\\\/www.notibras.com\\\/site\\\/wp-content\\\/uploads\\\/2026\\\/08\\\/hepatite_tania_rego.webp\",\"width\":1170,\"height\":700},{\"@type\":\"BreadcrumbList\",\"@id\":\"https:\\\/\\\/www.notibras.com\\\/site\\\/grupo-multinacional-busca-vacina-contra-a-hepatite-b\\\/#breadcrumb\",\"itemListElement\":[{\"@type\":\"ListItem\",\"position\":1,\"name\":\"In\u00edcio\",\"item\":\"https:\\\/\\\/www.notibras.com\\\/site\\\/\"},{\"@type\":\"ListItem\",\"position\":2,\"name\":\"Grupo multinacional busca vacina contra a Hepatite B\"}]},{\"@type\":\"WebSite\",\"@id\":\"https:\\\/\\\/www.notibras.com\\\/site\\\/#website\",\"url\":\"https:\\\/\\\/www.notibras.com\\\/site\\\/\",\"name\":\"Notibras\",\"description\":\"Not\u00edcias de Bras\u00edlia, do Brasil e do Mundo\",\"publisher\":{\"@id\":\"https:\\\/\\\/www.notibras.com\\\/site\\\/#organization\"},\"potentialAction\":[{\"@type\":\"SearchAction\",\"target\":{\"@type\":\"EntryPoint\",\"urlTemplate\":\"https:\\\/\\\/www.notibras.com\\\/site\\\/?s={search_term_string}\"},\"query-input\":{\"@type\":\"PropertyValueSpecification\",\"valueRequired\":true,\"valueName\":\"search_term_string\"}}],\"inLanguage\":\"pt-BR\"},{\"@type\":\"Organization\",\"@id\":\"https:\\\/\\\/www.notibras.com\\\/site\\\/#organization\",\"name\":\"Grupo Notibras de Comunica\u00e7\u00e3o\",\"url\":\"https:\\\/\\\/www.notibras.com\\\/site\\\/\",\"logo\":{\"@type\":\"ImageObject\",\"inLanguage\":\"pt-BR\",\"@id\":\"https:\\\/\\\/www.notibras.com\\\/site\\\/#\\\/schema\\\/logo\\\/image\\\/\",\"url\":\"https:\\\/\\\/www.notibras.com\\\/site\\\/wp-content\\\/uploads\\\/2023\\\/01\\\/notibras23.png\",\"contentUrl\":\"https:\\\/\\\/www.notibras.com\\\/site\\\/wp-content\\\/uploads\\\/2023\\\/01\\\/notibras23.png\",\"width\":350,\"height\":87,\"caption\":\"Grupo Notibras de Comunica\u00e7\u00e3o\"},\"image\":{\"@id\":\"https:\\\/\\\/www.notibras.com\\\/site\\\/#\\\/schema\\\/logo\\\/image\\\/\"},\"sameAs\":[\"https:\\\/\\\/www.facebook.com\\\/notibras\\\/\",\"https:\\\/\\\/x.com\\\/Notibras\",\"https:\\\/\\\/www.instagram.com\\\/notibras\\\/\"]},{\"@type\":\"Person\",\"@id\":\"https:\\\/\\\/www.notibras.com\\\/site\\\/#\\\/schema\\\/person\\\/36ab0979449956132d3e5b517ea76ac8\",\"name\":\"Reda\u00e7\u00e3o\",\"image\":{\"@type\":\"ImageObject\",\"inLanguage\":\"pt-BR\",\"@id\":\"https:\\\/\\\/secure.gravatar.com\\\/avatar\\\/e0a867bdedb85fd243eadf09663511f96fc81e0720a4a42581f334ad4303aa6b?s=96&d=mm&r=g\",\"url\":\"https:\\\/\\\/secure.gravatar.com\\\/avatar\\\/e0a867bdedb85fd243eadf09663511f96fc81e0720a4a42581f334ad4303aa6b?s=96&d=mm&r=g\",\"contentUrl\":\"https:\\\/\\\/secure.gravatar.com\\\/avatar\\\/e0a867bdedb85fd243eadf09663511f96fc81e0720a4a42581f334ad4303aa6b?s=96&d=mm&r=g\",\"caption\":\"Reda\u00e7\u00e3o\"}}]}<\/script>\n<!-- \/ Yoast SEO plugin. -->","yoast_head_json":{"title":"Grupo multinacional busca vacina contra a Hepatite B - Notibras","robots":{"index":"index","follow":"follow","max-snippet":"max-snippet:-1","max-image-preview":"max-image-preview:large","max-video-preview":"max-video-preview:-1"},"canonical":"https:\/\/www.notibras.com\/site\/grupo-multinacional-busca-vacina-contra-a-hepatite-b\/","og_locale":"pt_BR","og_type":"article","og_title":"Grupo multinacional busca vacina contra a Hepatite B - Notibras","og_description":"Duas universidades p\u00fablicas brasileiras se uniram a institui\u00e7\u00f5es internacionais na busca de novos tratamentos e at\u00e9 mesmo de uma cura para a hepatite B. O cons\u00f3rcio \u00e9 liderado pela Faculdade de Medicina da Universidade Johns Hopkins, nos Estados Unidos, e \u00e9 composto por grupos de pesquisa do Brasil, \u00cdndia, Senegal e Uganda. O Brasil \u00e9 [&hellip;]","og_url":"https:\/\/www.notibras.com\/site\/grupo-multinacional-busca-vacina-contra-a-hepatite-b\/","og_site_name":"Notibras","article_publisher":"https:\/\/www.facebook.com\/notibras\/","article_published_time":"2026-08-30T03:35:27+00:00","article_modified_time":"2026-08-30T13:37:44+00:00","og_image":[{"width":1170,"height":700,"url":"https:\/\/www.notibras.com\/site\/wp-content\/uploads\/2026\/08\/hepatite_tania_rego.webp","type":"image\/webp"}],"author":"Reda\u00e7\u00e3o","twitter_card":"summary_large_image","twitter_creator":"@Notibras","twitter_site":"@Notibras","twitter_misc":{"Escrito por":"Reda\u00e7\u00e3o","Est. tempo de leitura":"4 minutos"},"schema":{"@context":"https:\/\/schema.org","@graph":[{"@type":"Article","@id":"https:\/\/www.notibras.com\/site\/grupo-multinacional-busca-vacina-contra-a-hepatite-b\/#article","isPartOf":{"@id":"https:\/\/www.notibras.com\/site\/grupo-multinacional-busca-vacina-contra-a-hepatite-b\/"},"author":{"name":"Reda\u00e7\u00e3o","@id":"https:\/\/www.notibras.com\/site\/#\/schema\/person\/36ab0979449956132d3e5b517ea76ac8"},"headline":"Grupo multinacional busca vacina contra a Hepatite B","datePublished":"2026-08-30T03:35:27+00:00","dateModified":"2026-08-30T13:37:44+00:00","mainEntityOfPage":{"@id":"https:\/\/www.notibras.com\/site\/grupo-multinacional-busca-vacina-contra-a-hepatite-b\/"},"wordCount":734,"publisher":{"@id":"https:\/\/www.notibras.com\/site\/#organization"},"image":{"@id":"https:\/\/www.notibras.com\/site\/grupo-multinacional-busca-vacina-contra-a-hepatite-b\/#primaryimage"},"thumbnailUrl":"https:\/\/www.notibras.com\/site\/wp-content\/uploads\/2026\/08\/hepatite_tania_rego.webp","articleSection":["Brasil"],"inLanguage":"pt-BR"},{"@type":"WebPage","@id":"https:\/\/www.notibras.com\/site\/grupo-multinacional-busca-vacina-contra-a-hepatite-b\/","url":"https:\/\/www.notibras.com\/site\/grupo-multinacional-busca-vacina-contra-a-hepatite-b\/","name":"Grupo multinacional busca vacina contra a Hepatite B - Notibras","isPartOf":{"@id":"https:\/\/www.notibras.com\/site\/#website"},"primaryImageOfPage":{"@id":"https:\/\/www.notibras.com\/site\/grupo-multinacional-busca-vacina-contra-a-hepatite-b\/#primaryimage"},"image":{"@id":"https:\/\/www.notibras.com\/site\/grupo-multinacional-busca-vacina-contra-a-hepatite-b\/#primaryimage"},"thumbnailUrl":"https:\/\/www.notibras.com\/site\/wp-content\/uploads\/2026\/08\/hepatite_tania_rego.webp","datePublished":"2026-08-30T03:35:27+00:00","dateModified":"2026-08-30T13:37:44+00:00","breadcrumb":{"@id":"https:\/\/www.notibras.com\/site\/grupo-multinacional-busca-vacina-contra-a-hepatite-b\/#breadcrumb"},"inLanguage":"pt-BR","potentialAction":[{"@type":"ReadAction","target":["https:\/\/www.notibras.com\/site\/grupo-multinacional-busca-vacina-contra-a-hepatite-b\/"]}]},{"@type":"ImageObject","inLanguage":"pt-BR","@id":"https:\/\/www.notibras.com\/site\/grupo-multinacional-busca-vacina-contra-a-hepatite-b\/#primaryimage","url":"https:\/\/www.notibras.com\/site\/wp-content\/uploads\/2026\/08\/hepatite_tania_rego.webp","contentUrl":"https:\/\/www.notibras.com\/site\/wp-content\/uploads\/2026\/08\/hepatite_tania_rego.webp","width":1170,"height":700},{"@type":"BreadcrumbList","@id":"https:\/\/www.notibras.com\/site\/grupo-multinacional-busca-vacina-contra-a-hepatite-b\/#breadcrumb","itemListElement":[{"@type":"ListItem","position":1,"name":"In\u00edcio","item":"https:\/\/www.notibras.com\/site\/"},{"@type":"ListItem","position":2,"name":"Grupo multinacional busca vacina contra a Hepatite B"}]},{"@type":"WebSite","@id":"https:\/\/www.notibras.com\/site\/#website","url":"https:\/\/www.notibras.com\/site\/","name":"Notibras","description":"Not\u00edcias de Bras\u00edlia, do Brasil e do Mundo","publisher":{"@id":"https:\/\/www.notibras.com\/site\/#organization"},"potentialAction":[{"@type":"SearchAction","target":{"@type":"EntryPoint","urlTemplate":"https:\/\/www.notibras.com\/site\/?s={search_term_string}"},"query-input":{"@type":"PropertyValueSpecification","valueRequired":true,"valueName":"search_term_string"}}],"inLanguage":"pt-BR"},{"@type":"Organization","@id":"https:\/\/www.notibras.com\/site\/#organization","name":"Grupo Notibras de Comunica\u00e7\u00e3o","url":"https:\/\/www.notibras.com\/site\/","logo":{"@type":"ImageObject","inLanguage":"pt-BR","@id":"https:\/\/www.notibras.com\/site\/#\/schema\/logo\/image\/","url":"https:\/\/www.notibras.com\/site\/wp-content\/uploads\/2023\/01\/notibras23.png","contentUrl":"https:\/\/www.notibras.com\/site\/wp-content\/uploads\/2023\/01\/notibras23.png","width":350,"height":87,"caption":"Grupo Notibras de Comunica\u00e7\u00e3o"},"image":{"@id":"https:\/\/www.notibras.com\/site\/#\/schema\/logo\/image\/"},"sameAs":["https:\/\/www.facebook.com\/notibras\/","https:\/\/x.com\/Notibras","https:\/\/www.instagram.com\/notibras\/"]},{"@type":"Person","@id":"https:\/\/www.notibras.com\/site\/#\/schema\/person\/36ab0979449956132d3e5b517ea76ac8","name":"Reda\u00e7\u00e3o","image":{"@type":"ImageObject","inLanguage":"pt-BR","@id":"https:\/\/secure.gravatar.com\/avatar\/e0a867bdedb85fd243eadf09663511f96fc81e0720a4a42581f334ad4303aa6b?s=96&d=mm&r=g","url":"https:\/\/secure.gravatar.com\/avatar\/e0a867bdedb85fd243eadf09663511f96fc81e0720a4a42581f334ad4303aa6b?s=96&d=mm&r=g","contentUrl":"https:\/\/secure.gravatar.com\/avatar\/e0a867bdedb85fd243eadf09663511f96fc81e0720a4a42581f334ad4303aa6b?s=96&d=mm&r=g","caption":"Reda\u00e7\u00e3o"}}]}},"_links":{"self":[{"href":"https:\/\/www.notibras.com\/site\/wp-json\/wp\/v2\/posts\/408704","targetHints":{"allow":["GET"]}}],"collection":[{"href":"https:\/\/www.notibras.com\/site\/wp-json\/wp\/v2\/posts"}],"about":[{"href":"https:\/\/www.notibras.com\/site\/wp-json\/wp\/v2\/types\/post"}],"author":[{"embeddable":true,"href":"https:\/\/www.notibras.com\/site\/wp-json\/wp\/v2\/users\/2"}],"replies":[{"embeddable":true,"href":"https:\/\/www.notibras.com\/site\/wp-json\/wp\/v2\/comments?post=408704"}],"version-history":[{"count":1,"href":"https:\/\/www.notibras.com\/site\/wp-json\/wp\/v2\/posts\/408704\/revisions"}],"predecessor-version":[{"id":408706,"href":"https:\/\/www.notibras.com\/site\/wp-json\/wp\/v2\/posts\/408704\/revisions\/408706"}],"wp:featuredmedia":[{"embeddable":true,"href":"https:\/\/www.notibras.com\/site\/wp-json\/wp\/v2\/media\/408705"}],"wp:attachment":[{"href":"https:\/\/www.notibras.com\/site\/wp-json\/wp\/v2\/media?parent=408704"}],"wp:term":[{"taxonomy":"category","embeddable":true,"href":"https:\/\/www.notibras.com\/site\/wp-json\/wp\/v2\/categories?post=408704"},{"taxonomy":"post_tag","embeddable":true,"href":"https:\/\/www.notibras.com\/site\/wp-json\/wp\/v2\/tags?post=408704"},{"taxonomy":"tmauthors","embeddable":true,"href":"https:\/\/www.notibras.com\/site\/wp-json\/wp\/v2\/tmauthors?post=408704"}],"curies":[{"name":"wp","href":"https:\/\/api.w.org\/{rel}","templated":true}]}}