{"id":408714,"date":"2026-08-30T18:11:08","date_gmt":"2026-08-30T21:11:08","guid":{"rendered":"https:\/\/www.notibras.com\/site\/?p=408714"},"modified":"2026-08-30T18:43:39","modified_gmt":"2026-08-30T21:43:39","slug":"flamengo-apaga-fogao-com-dois-de-samuel-lino","status":"publish","type":"post","link":"https:\/\/www.notibras.com\/site\/flamengo-apaga-fogao-com-dois-de-samuel-lino\/","title":{"rendered":"Flamengo apaga Fog\u00e3o com dois de Samuel Lino"},"content":{"rendered":"<p class=\"isSelectedEnd\">O Flamengo n\u00e3o deu espa\u00e7o para o Botafogo respirar no cl\u00e1ssico deste domingo (30). Diante de sua torcida no Maracan\u00e3, o Rubro-Negro venceu por 3 a 0, pela 25\u00aa rodada do Campeonato Brasileiro, recuperou-se na competi\u00e7\u00e3o e mandou um recado direto ao Palmeiras na disputa pelas primeiras posi\u00e7\u00f5es.<\/p>\n<p class=\"isSelectedEnd\">O grande nome da partida foi Samuel Lino. Em tarde inspirada, o atacante marcou duas vezes e comandou a vit\u00f3ria flamenguista. Carrascal completou o placar e transformou o cl\u00e1ssico em uma atua\u00e7\u00e3o convincente de uma equipe que entrou em campo sabendo que n\u00e3o poderia desperdi\u00e7ar pontos.<\/p>\n<p class=\"isSelectedEnd\">O Botafogo chegou a assustar no come\u00e7o da partida e balan\u00e7ou as redes, mas o lance acabou anulado. Passado o susto, o Flamengo tomou conta das a\u00e7\u00f5es e come\u00e7ou a encontrar espa\u00e7os na defesa alvinegra.<\/p>\n<p class=\"isSelectedEnd\">Samuel Lino apareceu como protagonista. Com velocidade, movimenta\u00e7\u00e3o e efici\u00eancia nas conclus\u00f5es, o atacante desequilibrou o cl\u00e1ssico e colocou o Rubro-Negro em situa\u00e7\u00e3o confort\u00e1vel. O Botafogo tentou reagir, mas encontrou dificuldades para superar a marca\u00e7\u00e3o advers\u00e1ria e pouco conseguiu produzir para mudar o rumo do confronto.<\/p>\n<p class=\"isSelectedEnd\">Com a vantagem constru\u00edda, o Flamengo administrou a partida sem abrir m\u00e3o de atacar. Carrascal tratou de fechar a conta e sacramentou o 3 a 0 diante de um Maracan\u00e3 em festa.<\/p>\n<p class=\"isSelectedEnd\">Al\u00e9m da import\u00e2ncia natural de vencer um cl\u00e1ssico, o resultado tem peso consider\u00e1vel na corrida pelas primeiras posi\u00e7\u00f5es do Brasileir\u00e3o. Depois de trope\u00e7ar diante do Cruzeiro na rodada anterior, o Flamengo precisava dar uma resposta e conseguiu faz\u00ea-lo de maneira contundente.<\/p>\n<p class=\"isSelectedEnd\">Os tr\u00eas pontos tamb\u00e9m servem para aumentar a press\u00e3o sobre o Palmeiras. Na persegui\u00e7\u00e3o ao l\u00edder, o Rubro-Negro mant\u00e9m viva a disputa e deixa claro que pretende transformar cada rodada restante em mais um cap\u00edtulo da briga pelo t\u00edtulo.<\/p>\n<p class=\"isSelectedEnd\">Para o Botafogo, a derrota deixa um gosto ainda mais amargo. Depois de come\u00e7ar o cl\u00e1ssico dando sinais de que poderia dificultar a vida do rival, o Alvinegro viu o Flamengo assumir o controle, crescer durante a partida e transformar um dos confrontos mais tradicionais do futebol carioca em uma vit\u00f3ria sem contesta\u00e7\u00e3o.<\/p>\n<p>No Maracan\u00e3, Samuel Lino comandou o espet\u00e1culo. E o Flamengo fez aquilo que precisava: venceu, convenceu e manteve acesa a persegui\u00e7\u00e3o ao Palmeiras.<\/p>\n","protected":false},"excerpt":{"rendered":"<p>O Flamengo n\u00e3o deu espa\u00e7o para o Botafogo respirar no cl\u00e1ssico deste domingo (30). Diante de sua torcida no Maracan\u00e3, o Rubro-Negro venceu por 3 a 0, pela 25\u00aa rodada do Campeonato Brasileiro, recuperou-se na competi\u00e7\u00e3o e mandou um recado direto ao Palmeiras na disputa pelas primeiras posi\u00e7\u00f5es. O grande nome da partida foi Samuel [&hellip;]<\/p>\n","protected":false},"author":2,"featured_media":408715,"comment_status":"closed","ping_status":"closed","sticky":false,"template":"","format":"standard","meta":{"_acf_changed":false,"footnotes":""},"categories":[19],"tags":[],"tmauthors":[307],"class_list":["post-408714","post","type-post","status-publish","format-standard","has-post-thumbnail","category-esportes"],"acf":[],"yoast_head":"<!-- This site is optimized with the Yoast SEO plugin v28.0 - https:\/\/yoast.com\/product\/yoast-seo-wordpress\/ -->\n<title>Flamengo apaga Fog\u00e3o com dois de Samuel Lino - Notibras<\/title>\n<meta name=\"robots\" content=\"index, follow, max-snippet:-1, max-image-preview:large, max-video-preview:-1\" \/>\n<link rel=\"canonical\" href=\"https:\/\/www.notibras.com\/site\/flamengo-apaga-fogao-com-dois-de-samuel-lino\/\" \/>\n<meta property=\"og:locale\" content=\"pt_BR\" \/>\n<meta property=\"og:type\" content=\"article\" \/>\n<meta property=\"og:title\" content=\"Flamengo apaga Fog\u00e3o com dois de Samuel Lino - Notibras\" \/>\n<meta property=\"og:description\" content=\"O Flamengo n\u00e3o deu espa\u00e7o para o Botafogo respirar no cl\u00e1ssico deste domingo (30). Diante de sua torcida no Maracan\u00e3, o Rubro-Negro venceu por 3 a 0, pela 25\u00aa rodada do Campeonato Brasileiro, recuperou-se na competi\u00e7\u00e3o e mandou um recado direto ao Palmeiras na disputa pelas primeiras posi\u00e7\u00f5es. O grande nome da partida foi Samuel [&hellip;]\" \/>\n<meta property=\"og:url\" content=\"https:\/\/www.notibras.com\/site\/flamengo-apaga-fogao-com-dois-de-samuel-lino\/\" \/>\n<meta property=\"og:site_name\" content=\"Notibras\" \/>\n<meta property=\"article:publisher\" content=\"https:\/\/www.facebook.com\/notibras\/\" \/>\n<meta property=\"article:published_time\" content=\"2026-08-30T21:11:08+00:00\" \/>\n<meta property=\"article:modified_time\" content=\"2026-08-30T21:43:39+00:00\" \/>\n<meta name=\"author\" content=\"Reda\u00e7\u00e3o\" \/>\n<meta name=\"twitter:card\" content=\"summary_large_image\" \/>\n<meta name=\"twitter:creator\" content=\"@Notibras\" \/>\n<meta name=\"twitter:site\" content=\"@Notibras\" \/>\n<meta name=\"twitter:label1\" content=\"Escrito por\" \/>\n\t<meta name=\"twitter:data1\" content=\"Reda\u00e7\u00e3o\" \/>\n\t<meta name=\"twitter:label2\" content=\"Est. tempo de leitura\" \/>\n\t<meta name=\"twitter:data2\" content=\"3 minutos\" \/>\n<script type=\"application\/ld+json\" class=\"yoast-schema-graph\">{\"@context\":\"https:\\\/\\\/schema.org\",\"@graph\":[{\"@type\":\"Article\",\"@id\":\"https:\\\/\\\/www.notibras.com\\\/site\\\/flamengo-apaga-fogao-com-dois-de-samuel-lino\\\/#article\",\"isPartOf\":{\"@id\":\"https:\\\/\\\/www.notibras.com\\\/site\\\/flamengo-apaga-fogao-com-dois-de-samuel-lino\\\/\"},\"author\":{\"name\":\"Reda\u00e7\u00e3o\",\"@id\":\"https:\\\/\\\/www.notibras.com\\\/site\\\/#\\\/schema\\\/person\\\/36ab0979449956132d3e5b517ea76ac8\"},\"headline\":\"Flamengo apaga Fog\u00e3o com dois de Samuel Lino\",\"datePublished\":\"2026-08-30T21:11:08+00:00\",\"dateModified\":\"2026-08-30T21:43:39+00:00\",\"mainEntityOfPage\":{\"@id\":\"https:\\\/\\\/www.notibras.com\\\/site\\\/flamengo-apaga-fogao-com-dois-de-samuel-lino\\\/\"},\"wordCount\":413,\"publisher\":{\"@id\":\"https:\\\/\\\/www.notibras.com\\\/site\\\/#organization\"},\"image\":{\"@id\":\"https:\\\/\\\/www.notibras.com\\\/site\\\/flamengo-apaga-fogao-com-dois-de-samuel-lino\\\/#primaryimage\"},\"thumbnailUrl\":\"https:\\\/\\\/www.notibras.com\\\/site\\\/wp-content\\\/uploads\\\/2026\\\/08\\\/samuel-lino.avif\",\"articleSection\":[\"Esportes\"],\"inLanguage\":\"pt-BR\"},{\"@type\":\"WebPage\",\"@id\":\"https:\\\/\\\/www.notibras.com\\\/site\\\/flamengo-apaga-fogao-com-dois-de-samuel-lino\\\/\",\"url\":\"https:\\\/\\\/www.notibras.com\\\/site\\\/flamengo-apaga-fogao-com-dois-de-samuel-lino\\\/\",\"name\":\"Flamengo apaga Fog\u00e3o com dois de Samuel Lino - Notibras\",\"isPartOf\":{\"@id\":\"https:\\\/\\\/www.notibras.com\\\/site\\\/#website\"},\"primaryImageOfPage\":{\"@id\":\"https:\\\/\\\/www.notibras.com\\\/site\\\/flamengo-apaga-fogao-com-dois-de-samuel-lino\\\/#primaryimage\"},\"image\":{\"@id\":\"https:\\\/\\\/www.notibras.com\\\/site\\\/flamengo-apaga-fogao-com-dois-de-samuel-lino\\\/#primaryimage\"},\"thumbnailUrl\":\"https:\\\/\\\/www.notibras.com\\\/site\\\/wp-content\\\/uploads\\\/2026\\\/08\\\/samuel-lino.avif\",\"datePublished\":\"2026-08-30T21:11:08+00:00\",\"dateModified\":\"2026-08-30T21:43:39+00:00\",\"breadcrumb\":{\"@id\":\"https:\\\/\\\/www.notibras.com\\\/site\\\/flamengo-apaga-fogao-com-dois-de-samuel-lino\\\/#breadcrumb\"},\"inLanguage\":\"pt-BR\",\"potentialAction\":[{\"@type\":\"ReadAction\",\"target\":[\"https:\\\/\\\/www.notibras.com\\\/site\\\/flamengo-apaga-fogao-com-dois-de-samuel-lino\\\/\"]}]},{\"@type\":\"ImageObject\",\"inLanguage\":\"pt-BR\",\"@id\":\"https:\\\/\\\/www.notibras.com\\\/site\\\/flamengo-apaga-fogao-com-dois-de-samuel-lino\\\/#primaryimage\",\"url\":\"https:\\\/\\\/www.notibras.com\\\/site\\\/wp-content\\\/uploads\\\/2026\\\/08\\\/samuel-lino.avif\",\"contentUrl\":\"https:\\\/\\\/www.notibras.com\\\/site\\\/wp-content\\\/uploads\\\/2026\\\/08\\\/samuel-lino.avif\",\"width\":1200,\"height\":1552},{\"@type\":\"BreadcrumbList\",\"@id\":\"https:\\\/\\\/www.notibras.com\\\/site\\\/flamengo-apaga-fogao-com-dois-de-samuel-lino\\\/#breadcrumb\",\"itemListElement\":[{\"@type\":\"ListItem\",\"position\":1,\"name\":\"In\u00edcio\",\"item\":\"https:\\\/\\\/www.notibras.com\\\/site\\\/\"},{\"@type\":\"ListItem\",\"position\":2,\"name\":\"Flamengo apaga Fog\u00e3o com dois de Samuel Lino\"}]},{\"@type\":\"WebSite\",\"@id\":\"https:\\\/\\\/www.notibras.com\\\/site\\\/#website\",\"url\":\"https:\\\/\\\/www.notibras.com\\\/site\\\/\",\"name\":\"Notibras\",\"description\":\"Not\u00edcias de Bras\u00edlia, do Brasil e do Mundo\",\"publisher\":{\"@id\":\"https:\\\/\\\/www.notibras.com\\\/site\\\/#organization\"},\"potentialAction\":[{\"@type\":\"SearchAction\",\"target\":{\"@type\":\"EntryPoint\",\"urlTemplate\":\"https:\\\/\\\/www.notibras.com\\\/site\\\/?s={search_term_string}\"},\"query-input\":{\"@type\":\"PropertyValueSpecification\",\"valueRequired\":true,\"valueName\":\"search_term_string\"}}],\"inLanguage\":\"pt-BR\"},{\"@type\":\"Organization\",\"@id\":\"https:\\\/\\\/www.notibras.com\\\/site\\\/#organization\",\"name\":\"Grupo Notibras de Comunica\u00e7\u00e3o\",\"url\":\"https:\\\/\\\/www.notibras.com\\\/site\\\/\",\"logo\":{\"@type\":\"ImageObject\",\"inLanguage\":\"pt-BR\",\"@id\":\"https:\\\/\\\/www.notibras.com\\\/site\\\/#\\\/schema\\\/logo\\\/image\\\/\",\"url\":\"https:\\\/\\\/www.notibras.com\\\/site\\\/wp-content\\\/uploads\\\/2023\\\/01\\\/notibras23.png\",\"contentUrl\":\"https:\\\/\\\/www.notibras.com\\\/site\\\/wp-content\\\/uploads\\\/2023\\\/01\\\/notibras23.png\",\"width\":350,\"height\":87,\"caption\":\"Grupo Notibras de Comunica\u00e7\u00e3o\"},\"image\":{\"@id\":\"https:\\\/\\\/www.notibras.com\\\/site\\\/#\\\/schema\\\/logo\\\/image\\\/\"},\"sameAs\":[\"https:\\\/\\\/www.facebook.com\\\/notibras\\\/\",\"https:\\\/\\\/x.com\\\/Notibras\",\"https:\\\/\\\/www.instagram.com\\\/notibras\\\/\"]},{\"@type\":\"Person\",\"@id\":\"https:\\\/\\\/www.notibras.com\\\/site\\\/#\\\/schema\\\/person\\\/36ab0979449956132d3e5b517ea76ac8\",\"name\":\"Reda\u00e7\u00e3o\",\"image\":{\"@type\":\"ImageObject\",\"inLanguage\":\"pt-BR\",\"@id\":\"https:\\\/\\\/secure.gravatar.com\\\/avatar\\\/e0a867bdedb85fd243eadf09663511f96fc81e0720a4a42581f334ad4303aa6b?s=96&d=mm&r=g\",\"url\":\"https:\\\/\\\/secure.gravatar.com\\\/avatar\\\/e0a867bdedb85fd243eadf09663511f96fc81e0720a4a42581f334ad4303aa6b?s=96&d=mm&r=g\",\"contentUrl\":\"https:\\\/\\\/secure.gravatar.com\\\/avatar\\\/e0a867bdedb85fd243eadf09663511f96fc81e0720a4a42581f334ad4303aa6b?s=96&d=mm&r=g\",\"caption\":\"Reda\u00e7\u00e3o\"}}]}<\/script>\n<!-- \/ Yoast SEO plugin. -->","yoast_head_json":{"title":"Flamengo apaga Fog\u00e3o com dois de Samuel Lino - Notibras","robots":{"index":"index","follow":"follow","max-snippet":"max-snippet:-1","max-image-preview":"max-image-preview:large","max-video-preview":"max-video-preview:-1"},"canonical":"https:\/\/www.notibras.com\/site\/flamengo-apaga-fogao-com-dois-de-samuel-lino\/","og_locale":"pt_BR","og_type":"article","og_title":"Flamengo apaga Fog\u00e3o com dois de Samuel Lino - Notibras","og_description":"O Flamengo n\u00e3o deu espa\u00e7o para o Botafogo respirar no cl\u00e1ssico deste domingo (30). Diante de sua torcida no Maracan\u00e3, o Rubro-Negro venceu por 3 a 0, pela 25\u00aa rodada do Campeonato Brasileiro, recuperou-se na competi\u00e7\u00e3o e mandou um recado direto ao Palmeiras na disputa pelas primeiras posi\u00e7\u00f5es. O grande nome da partida foi Samuel [&hellip;]","og_url":"https:\/\/www.notibras.com\/site\/flamengo-apaga-fogao-com-dois-de-samuel-lino\/","og_site_name":"Notibras","article_publisher":"https:\/\/www.facebook.com\/notibras\/","article_published_time":"2026-08-30T21:11:08+00:00","article_modified_time":"2026-08-30T21:43:39+00:00","author":"Reda\u00e7\u00e3o","twitter_card":"summary_large_image","twitter_creator":"@Notibras","twitter_site":"@Notibras","twitter_misc":{"Escrito por":"Reda\u00e7\u00e3o","Est. tempo de leitura":"3 minutos"},"schema":{"@context":"https:\/\/schema.org","@graph":[{"@type":"Article","@id":"https:\/\/www.notibras.com\/site\/flamengo-apaga-fogao-com-dois-de-samuel-lino\/#article","isPartOf":{"@id":"https:\/\/www.notibras.com\/site\/flamengo-apaga-fogao-com-dois-de-samuel-lino\/"},"author":{"name":"Reda\u00e7\u00e3o","@id":"https:\/\/www.notibras.com\/site\/#\/schema\/person\/36ab0979449956132d3e5b517ea76ac8"},"headline":"Flamengo apaga Fog\u00e3o com dois de Samuel Lino","datePublished":"2026-08-30T21:11:08+00:00","dateModified":"2026-08-30T21:43:39+00:00","mainEntityOfPage":{"@id":"https:\/\/www.notibras.com\/site\/flamengo-apaga-fogao-com-dois-de-samuel-lino\/"},"wordCount":413,"publisher":{"@id":"https:\/\/www.notibras.com\/site\/#organization"},"image":{"@id":"https:\/\/www.notibras.com\/site\/flamengo-apaga-fogao-com-dois-de-samuel-lino\/#primaryimage"},"thumbnailUrl":"https:\/\/www.notibras.com\/site\/wp-content\/uploads\/2026\/08\/samuel-lino.avif","articleSection":["Esportes"],"inLanguage":"pt-BR"},{"@type":"WebPage","@id":"https:\/\/www.notibras.com\/site\/flamengo-apaga-fogao-com-dois-de-samuel-lino\/","url":"https:\/\/www.notibras.com\/site\/flamengo-apaga-fogao-com-dois-de-samuel-lino\/","name":"Flamengo apaga Fog\u00e3o com dois de Samuel Lino - Notibras","isPartOf":{"@id":"https:\/\/www.notibras.com\/site\/#website"},"primaryImageOfPage":{"@id":"https:\/\/www.notibras.com\/site\/flamengo-apaga-fogao-com-dois-de-samuel-lino\/#primaryimage"},"image":{"@id":"https:\/\/www.notibras.com\/site\/flamengo-apaga-fogao-com-dois-de-samuel-lino\/#primaryimage"},"thumbnailUrl":"https:\/\/www.notibras.com\/site\/wp-content\/uploads\/2026\/08\/samuel-lino.avif","datePublished":"2026-08-30T21:11:08+00:00","dateModified":"2026-08-30T21:43:39+00:00","breadcrumb":{"@id":"https:\/\/www.notibras.com\/site\/flamengo-apaga-fogao-com-dois-de-samuel-lino\/#breadcrumb"},"inLanguage":"pt-BR","potentialAction":[{"@type":"ReadAction","target":["https:\/\/www.notibras.com\/site\/flamengo-apaga-fogao-com-dois-de-samuel-lino\/"]}]},{"@type":"ImageObject","inLanguage":"pt-BR","@id":"https:\/\/www.notibras.com\/site\/flamengo-apaga-fogao-com-dois-de-samuel-lino\/#primaryimage","url":"https:\/\/www.notibras.com\/site\/wp-content\/uploads\/2026\/08\/samuel-lino.avif","contentUrl":"https:\/\/www.notibras.com\/site\/wp-content\/uploads\/2026\/08\/samuel-lino.avif","width":1200,"height":1552},{"@type":"BreadcrumbList","@id":"https:\/\/www.notibras.com\/site\/flamengo-apaga-fogao-com-dois-de-samuel-lino\/#breadcrumb","itemListElement":[{"@type":"ListItem","position":1,"name":"In\u00edcio","item":"https:\/\/www.notibras.com\/site\/"},{"@type":"ListItem","position":2,"name":"Flamengo apaga Fog\u00e3o com dois de Samuel Lino"}]},{"@type":"WebSite","@id":"https:\/\/www.notibras.com\/site\/#website","url":"https:\/\/www.notibras.com\/site\/","name":"Notibras","description":"Not\u00edcias de Bras\u00edlia, do Brasil e do Mundo","publisher":{"@id":"https:\/\/www.notibras.com\/site\/#organization"},"potentialAction":[{"@type":"SearchAction","target":{"@type":"EntryPoint","urlTemplate":"https:\/\/www.notibras.com\/site\/?s={search_term_string}"},"query-input":{"@type":"PropertyValueSpecification","valueRequired":true,"valueName":"search_term_string"}}],"inLanguage":"pt-BR"},{"@type":"Organization","@id":"https:\/\/www.notibras.com\/site\/#organization","name":"Grupo Notibras de Comunica\u00e7\u00e3o","url":"https:\/\/www.notibras.com\/site\/","logo":{"@type":"ImageObject","inLanguage":"pt-BR","@id":"https:\/\/www.notibras.com\/site\/#\/schema\/logo\/image\/","url":"https:\/\/www.notibras.com\/site\/wp-content\/uploads\/2023\/01\/notibras23.png","contentUrl":"https:\/\/www.notibras.com\/site\/wp-content\/uploads\/2023\/01\/notibras23.png","width":350,"height":87,"caption":"Grupo Notibras de Comunica\u00e7\u00e3o"},"image":{"@id":"https:\/\/www.notibras.com\/site\/#\/schema\/logo\/image\/"},"sameAs":["https:\/\/www.facebook.com\/notibras\/","https:\/\/x.com\/Notibras","https:\/\/www.instagram.com\/notibras\/"]},{"@type":"Person","@id":"https:\/\/www.notibras.com\/site\/#\/schema\/person\/36ab0979449956132d3e5b517ea76ac8","name":"Reda\u00e7\u00e3o","image":{"@type":"ImageObject","inLanguage":"pt-BR","@id":"https:\/\/secure.gravatar.com\/avatar\/e0a867bdedb85fd243eadf09663511f96fc81e0720a4a42581f334ad4303aa6b?s=96&d=mm&r=g","url":"https:\/\/secure.gravatar.com\/avatar\/e0a867bdedb85fd243eadf09663511f96fc81e0720a4a42581f334ad4303aa6b?s=96&d=mm&r=g","contentUrl":"https:\/\/secure.gravatar.com\/avatar\/e0a867bdedb85fd243eadf09663511f96fc81e0720a4a42581f334ad4303aa6b?s=96&d=mm&r=g","caption":"Reda\u00e7\u00e3o"}}]}},"_links":{"self":[{"href":"https:\/\/www.notibras.com\/site\/wp-json\/wp\/v2\/posts\/408714","targetHints":{"allow":["GET"]}}],"collection":[{"href":"https:\/\/www.notibras.com\/site\/wp-json\/wp\/v2\/posts"}],"about":[{"href":"https:\/\/www.notibras.com\/site\/wp-json\/wp\/v2\/types\/post"}],"author":[{"embeddable":true,"href":"https:\/\/www.notibras.com\/site\/wp-json\/wp\/v2\/users\/2"}],"replies":[{"embeddable":true,"href":"https:\/\/www.notibras.com\/site\/wp-json\/wp\/v2\/comments?post=408714"}],"version-history":[{"count":3,"href":"https:\/\/www.notibras.com\/site\/wp-json\/wp\/v2\/posts\/408714\/revisions"}],"predecessor-version":[{"id":408718,"href":"https:\/\/www.notibras.com\/site\/wp-json\/wp\/v2\/posts\/408714\/revisions\/408718"}],"wp:featuredmedia":[{"embeddable":true,"href":"https:\/\/www.notibras.com\/site\/wp-json\/wp\/v2\/media\/408715"}],"wp:attachment":[{"href":"https:\/\/www.notibras.com\/site\/wp-json\/wp\/v2\/media?parent=408714"}],"wp:term":[{"taxonomy":"category","embeddable":true,"href":"https:\/\/www.notibras.com\/site\/wp-json\/wp\/v2\/categories?post=408714"},{"taxonomy":"post_tag","embeddable":true,"href":"https:\/\/www.notibras.com\/site\/wp-json\/wp\/v2\/tags?post=408714"},{"taxonomy":"tmauthors","embeddable":true,"href":"https:\/\/www.notibras.com\/site\/wp-json\/wp\/v2\/tmauthors?post=408714"}],"curies":[{"name":"wp","href":"https:\/\/api.w.org\/{rel}","templated":true}]}}