{"id":408733,"date":"2026-08-31T00:45:05","date_gmt":"2026-08-31T03:45:05","guid":{"rendered":"https:\/\/www.notibras.com\/site\/?p=408733"},"modified":"2026-08-30T20:39:49","modified_gmt":"2026-08-30T23:39:49","slug":"um-vinho-as-sete-da-manha","status":"publish","type":"post","link":"https:\/\/www.notibras.com\/site\/um-vinho-as-sete-da-manha\/","title":{"rendered":"Um vinho \u00e0s sete da manh\u00e3"},"content":{"rendered":"<p>O sol rompia a manh\u00e3 abusado: coloria o c\u00e9u, esquentava o dia e trazia consigo a alegria e a energia presentes.<\/p>\n<p>Eu aprendi a desfrutar de algumas dessas manh\u00e3s com uma garrafa de vinho, o som do mar e o sil\u00eancio da minha mente. Impedida de fazer minhas longas caminhadas devido a um problema de sa\u00fade, n\u00e3o me dei por vencida. Caminhei at\u00e9 onde aguentei, fui at\u00e9 o barzinho e pedi ao gar\u00e7om para abrir meu vinho \u2014 j\u00e1 que eu havia esquecido o abridor \u2014 e me sentei \u00e0 sombra de uma \u00e1rvore.<\/p>\n<p>Aos poucos as pessoas come\u00e7avam a chegar. A manh\u00e3 convidativa e o mar limpo encantavam. Um pequeno grupo empolgado se aproximou, escolheu uma mesa pr\u00f3xima ao local onde eu estava e se sentou. Uma mulher de uns cinquenta anos me lan\u00e7ou um olhar de julgamento. Apenas observei. A colega dela se sentou e ela falou algo em tom baixo; embora eu n\u00e3o tenha entendido a frase por completo, entendi o julgamento. Um julgamento antigo, reservado \u00e0s mulheres que calculatedly ocupavam os espa\u00e7os com prazer e sem culpa: uma mulher bebendo \u00e0s sete horas da manh\u00e3. H\u00e1 quinze anos, sob o peso dessa conven\u00e7\u00e3o, talvez eu tivesse me sentido envergonhada. Ri comigo mesma, me virei para o mar e apreciei minha ta\u00e7a.<\/p>\n<p>Um homem branco, alto e sorridente chegou \u00e0 mesa. Eu o observei por um instante e vi que ele estava chamando a aten\u00e7\u00e3o da mulher. N\u00e3o entendi o motivo, mas percebi que ele era psic\u00f3logo e os dois eram amigos. Me distrai, entretida com o mar, o sol e o vinho.<\/p>\n<p>Alguns minutos se passaram e uma discuss\u00e3o se iniciou na beira da \u00e1gua. Quatro pessoas com \u00e1gua na altura do joelho \u2014 entre elas, a mulher e o homem. Ele, paciente, enquanto ela gritava. Ao que tudo indicava, ela tomou um caldo em uma mar\u00e9 baix\u00edssima e culpava os dois homens por t\u00ea-la convencido a entrar no mar.<\/p>\n<p>Todos voltaram \u00e0 mesa. Os outros tr\u00eas em sil\u00eancio; ela continuava a reclamar do cabelo molhado, de ter bebido \u00e1gua, da \u00e1gua fria, de ter se sentado em uma cadeira no sol. Todos na mesa tentavam convenc\u00ea-la de que ela estava exagerando. O homem tentou usar seu conhecimento em psicologia e quase iniciou um tratamento ao ar livre. Ap\u00f3s tentar explicar a ela que precisava de acompanhamento para aprender a relaxar e a viver a vida, ele desistiu quando ela rebateu:<\/p>\n<p>\u2014 Eu entendo tudo de psicologia, sei muito bem o que tenho que fazer e n\u00e3o concordo com psic\u00f3logos.<\/p>\n<p>Eu, que prestava aten\u00e7\u00e3o com o ouvido, mas mantinha meus olhos no mar, me virei rapidamente, olhei para ela e nem vou dizer o que pensei. O homem a encarou e silenciou; a mesa silenciou. Ela continuou a reclamar, ningu\u00e9m respondia mais nada. O constrangimento tomou conta da mesa, transformando a manh\u00e3 aconchegante em frieza.<\/p>\n<p>O gar\u00e7om se aproximou da mesa trazendo o card\u00e1pio e um suco. Colocou na frente da reclamona, que tomou um gole e disse:<\/p>\n<p>\u2014 Esse suco n\u00e3o est\u00e1 bom, est\u00e1 quente e muito doce.<\/p>\n<p>O gar\u00e7om sorriu:<\/p>\n<p>\u2014 Acho que n\u00e3o vou conseguir atender ao seu gosto.<\/p>\n<p>Enquanto o gar\u00e7om caminhava de volta, ela tomou outro gole e disse:<\/p>\n<p>\u2014 Isso est\u00e1 ralo, vou tomar essa porcaria porque preciso cuidar da minha sa\u00fade e tomar meu rem\u00e9dio.<\/p>\n<p>Nesse instante, o psic\u00f3logo e a mulher que chegou com ela se irritaram e responderam quase em coro, apontando para mim:<\/p>\n<p>\u2014 Pois \u00e9, fa\u00e7a igual a ela: se embriague \u00e0s sete da manh\u00e3! Talvez seja alco\u00f3latra, mas est\u00e1 feliz.<\/p>\n<p>Olhei fixamente para os dois, que ficaram sem gra\u00e7a. O gar\u00e7om parou, se virou para mim, sacudiu a cabe\u00e7a e riu. Eu ri encarando o mar.<\/p>\n<p>&#8220;Oxi, sobrou at\u00e9 para mim&#8221;, resmunguei.<\/p>\n<p>No dia seguinte, cheguei cedo ao barzinho, sem vinho. O gar\u00e7om se aproximou com uma garrafa de vinho e um bilhete:<\/p>\n<p>&#8220;Nos desculpe por ontem. Nossa amiga \u00e9 reclamona, ningu\u00e9m pensou que voc\u00ea fosse alco\u00f3latra. No fundo, ficamos com inveja da sua tranquilidade.&#8221;<\/p>\n<p>Guardei aquela garrafa por um bom tempo para me lembrar do quanto a falta de paz afeta as pessoas \u00e0 nossa volta.<\/p>\n<p><strong>&#8230;&#8230;&#8230;&#8230;&#8230;&#8230;&#8230;<\/strong><\/p>\n<p><strong>M\u00e9rcia Souza \u00e9 escritora, colunista de jornais e revistas, e artes\u00e3 crocheteira. Autora de tr\u00eas livros publicados \u2014 transitando entre o romance e as cr\u00f4nicas \u2014, expressa sua vis\u00e3o de mundo tanto atrav\u00e9s das palavras quanto das linhas. Feminista, m\u00e3e e av\u00f3, reside atualmente em Cachoeiro de Itapemirim (ES), onde divide seu tempo entre a literatura, o artesanato e o amor pelas montanhas e pelo mar.<\/strong><\/p>\n","protected":false},"excerpt":{"rendered":"<p>O sol rompia a manh\u00e3 abusado: coloria o c\u00e9u, esquentava o dia e trazia consigo a alegria e a energia presentes. Eu aprendi a desfrutar de algumas dessas manh\u00e3s com uma garrafa de vinho, o som do mar e o sil\u00eancio da minha mente. Impedida de fazer minhas longas caminhadas devido a um problema de [&hellip;]<\/p>\n","protected":false},"author":21,"featured_media":408734,"comment_status":"closed","ping_status":"closed","sticky":false,"template":"","format":"standard","meta":{"_acf_changed":false,"footnotes":""},"categories":[234],"tags":[],"tmauthors":[306],"class_list":["post-408733","post","type-post","status-publish","format-standard","has-post-thumbnail","category-cafe-literario"],"acf":[],"yoast_head":"<!-- This site is optimized with the Yoast SEO plugin v28.0 - https:\/\/yoast.com\/product\/yoast-seo-wordpress\/ -->\n<title>Um vinho \u00e0s sete da manh\u00e3 - Notibras<\/title>\n<meta name=\"robots\" content=\"index, follow, max-snippet:-1, max-image-preview:large, max-video-preview:-1\" \/>\n<link rel=\"canonical\" href=\"https:\/\/www.notibras.com\/site\/um-vinho-as-sete-da-manha\/\" \/>\n<meta property=\"og:locale\" content=\"pt_BR\" \/>\n<meta property=\"og:type\" content=\"article\" \/>\n<meta property=\"og:title\" content=\"Um vinho \u00e0s sete da manh\u00e3 - Notibras\" \/>\n<meta property=\"og:description\" content=\"O sol rompia a manh\u00e3 abusado: coloria o c\u00e9u, esquentava o dia e trazia consigo a alegria e a energia presentes. Eu aprendi a desfrutar de algumas dessas manh\u00e3s com uma garrafa de vinho, o som do mar e o sil\u00eancio da minha mente. Impedida de fazer minhas longas caminhadas devido a um problema de [&hellip;]\" \/>\n<meta property=\"og:url\" content=\"https:\/\/www.notibras.com\/site\/um-vinho-as-sete-da-manha\/\" \/>\n<meta property=\"og:site_name\" content=\"Notibras\" \/>\n<meta property=\"article:publisher\" content=\"https:\/\/www.facebook.com\/notibras\/\" \/>\n<meta property=\"article:published_time\" content=\"2026-08-31T03:45:05+00:00\" \/>\n<meta property=\"og:image\" content=\"https:\/\/www.notibras.com\/site\/wp-content\/uploads\/2026\/08\/WhatsApp-Image-2026-08-30-at-20.38.16.jpeg\" \/>\n\t<meta property=\"og:image:width\" content=\"1280\" \/>\n\t<meta property=\"og:image:height\" content=\"720\" \/>\n\t<meta property=\"og:image:type\" content=\"image\/jpeg\" \/>\n<meta name=\"author\" content=\"Eduardo Mart\u00ednez\" \/>\n<meta name=\"twitter:card\" content=\"summary_large_image\" \/>\n<meta name=\"twitter:creator\" content=\"@Notibras\" \/>\n<meta name=\"twitter:site\" content=\"@Notibras\" \/>\n<meta name=\"twitter:label1\" content=\"Escrito por\" \/>\n\t<meta name=\"twitter:data1\" content=\"Eduardo Mart\u00ednez\" \/>\n\t<meta name=\"twitter:label2\" content=\"Est. tempo de leitura\" \/>\n\t<meta name=\"twitter:data2\" content=\"5 minutos\" \/>\n<script type=\"application\/ld+json\" class=\"yoast-schema-graph\">{\"@context\":\"https:\\\/\\\/schema.org\",\"@graph\":[{\"@type\":\"Article\",\"@id\":\"https:\\\/\\\/www.notibras.com\\\/site\\\/um-vinho-as-sete-da-manha\\\/#article\",\"isPartOf\":{\"@id\":\"https:\\\/\\\/www.notibras.com\\\/site\\\/um-vinho-as-sete-da-manha\\\/\"},\"author\":{\"name\":\"Eduardo Mart\u00ednez\",\"@id\":\"https:\\\/\\\/www.notibras.com\\\/site\\\/#\\\/schema\\\/person\\\/5b7fabf2aedc3ada2105f03b22b4d3dd\"},\"headline\":\"Um vinho \u00e0s sete da manh\u00e3\",\"datePublished\":\"2026-08-31T03:45:05+00:00\",\"mainEntityOfPage\":{\"@id\":\"https:\\\/\\\/www.notibras.com\\\/site\\\/um-vinho-as-sete-da-manha\\\/\"},\"wordCount\":798,\"publisher\":{\"@id\":\"https:\\\/\\\/www.notibras.com\\\/site\\\/#organization\"},\"image\":{\"@id\":\"https:\\\/\\\/www.notibras.com\\\/site\\\/um-vinho-as-sete-da-manha\\\/#primaryimage\"},\"thumbnailUrl\":\"https:\\\/\\\/www.notibras.com\\\/site\\\/wp-content\\\/uploads\\\/2026\\\/08\\\/WhatsApp-Image-2026-08-30-at-20.38.16.jpeg\",\"articleSection\":[\"Caf\u00e9 Liter\u00e1rio\"],\"inLanguage\":\"pt-BR\"},{\"@type\":\"WebPage\",\"@id\":\"https:\\\/\\\/www.notibras.com\\\/site\\\/um-vinho-as-sete-da-manha\\\/\",\"url\":\"https:\\\/\\\/www.notibras.com\\\/site\\\/um-vinho-as-sete-da-manha\\\/\",\"name\":\"Um vinho \u00e0s sete da manh\u00e3 - Notibras\",\"isPartOf\":{\"@id\":\"https:\\\/\\\/www.notibras.com\\\/site\\\/#website\"},\"primaryImageOfPage\":{\"@id\":\"https:\\\/\\\/www.notibras.com\\\/site\\\/um-vinho-as-sete-da-manha\\\/#primaryimage\"},\"image\":{\"@id\":\"https:\\\/\\\/www.notibras.com\\\/site\\\/um-vinho-as-sete-da-manha\\\/#primaryimage\"},\"thumbnailUrl\":\"https:\\\/\\\/www.notibras.com\\\/site\\\/wp-content\\\/uploads\\\/2026\\\/08\\\/WhatsApp-Image-2026-08-30-at-20.38.16.jpeg\",\"datePublished\":\"2026-08-31T03:45:05+00:00\",\"breadcrumb\":{\"@id\":\"https:\\\/\\\/www.notibras.com\\\/site\\\/um-vinho-as-sete-da-manha\\\/#breadcrumb\"},\"inLanguage\":\"pt-BR\",\"potentialAction\":[{\"@type\":\"ReadAction\",\"target\":[\"https:\\\/\\\/www.notibras.com\\\/site\\\/um-vinho-as-sete-da-manha\\\/\"]}]},{\"@type\":\"ImageObject\",\"inLanguage\":\"pt-BR\",\"@id\":\"https:\\\/\\\/www.notibras.com\\\/site\\\/um-vinho-as-sete-da-manha\\\/#primaryimage\",\"url\":\"https:\\\/\\\/www.notibras.com\\\/site\\\/wp-content\\\/uploads\\\/2026\\\/08\\\/WhatsApp-Image-2026-08-30-at-20.38.16.jpeg\",\"contentUrl\":\"https:\\\/\\\/www.notibras.com\\\/site\\\/wp-content\\\/uploads\\\/2026\\\/08\\\/WhatsApp-Image-2026-08-30-at-20.38.16.jpeg\",\"width\":1280,\"height\":720},{\"@type\":\"BreadcrumbList\",\"@id\":\"https:\\\/\\\/www.notibras.com\\\/site\\\/um-vinho-as-sete-da-manha\\\/#breadcrumb\",\"itemListElement\":[{\"@type\":\"ListItem\",\"position\":1,\"name\":\"In\u00edcio\",\"item\":\"https:\\\/\\\/www.notibras.com\\\/site\\\/\"},{\"@type\":\"ListItem\",\"position\":2,\"name\":\"Um vinho \u00e0s sete da manh\u00e3\"}]},{\"@type\":\"WebSite\",\"@id\":\"https:\\\/\\\/www.notibras.com\\\/site\\\/#website\",\"url\":\"https:\\\/\\\/www.notibras.com\\\/site\\\/\",\"name\":\"Notibras\",\"description\":\"Not\u00edcias de Bras\u00edlia, do Brasil e do Mundo\",\"publisher\":{\"@id\":\"https:\\\/\\\/www.notibras.com\\\/site\\\/#organization\"},\"potentialAction\":[{\"@type\":\"SearchAction\",\"target\":{\"@type\":\"EntryPoint\",\"urlTemplate\":\"https:\\\/\\\/www.notibras.com\\\/site\\\/?s={search_term_string}\"},\"query-input\":{\"@type\":\"PropertyValueSpecification\",\"valueRequired\":true,\"valueName\":\"search_term_string\"}}],\"inLanguage\":\"pt-BR\"},{\"@type\":\"Organization\",\"@id\":\"https:\\\/\\\/www.notibras.com\\\/site\\\/#organization\",\"name\":\"Grupo Notibras de Comunica\u00e7\u00e3o\",\"url\":\"https:\\\/\\\/www.notibras.com\\\/site\\\/\",\"logo\":{\"@type\":\"ImageObject\",\"inLanguage\":\"pt-BR\",\"@id\":\"https:\\\/\\\/www.notibras.com\\\/site\\\/#\\\/schema\\\/logo\\\/image\\\/\",\"url\":\"https:\\\/\\\/www.notibras.com\\\/site\\\/wp-content\\\/uploads\\\/2023\\\/01\\\/notibras23.png\",\"contentUrl\":\"https:\\\/\\\/www.notibras.com\\\/site\\\/wp-content\\\/uploads\\\/2023\\\/01\\\/notibras23.png\",\"width\":350,\"height\":87,\"caption\":\"Grupo Notibras de Comunica\u00e7\u00e3o\"},\"image\":{\"@id\":\"https:\\\/\\\/www.notibras.com\\\/site\\\/#\\\/schema\\\/logo\\\/image\\\/\"},\"sameAs\":[\"https:\\\/\\\/www.facebook.com\\\/notibras\\\/\",\"https:\\\/\\\/x.com\\\/Notibras\",\"https:\\\/\\\/www.instagram.com\\\/notibras\\\/\"]},{\"@type\":\"Person\",\"@id\":\"https:\\\/\\\/www.notibras.com\\\/site\\\/#\\\/schema\\\/person\\\/5b7fabf2aedc3ada2105f03b22b4d3dd\",\"name\":\"Eduardo Mart\u00ednez\",\"image\":{\"@type\":\"ImageObject\",\"inLanguage\":\"pt-BR\",\"@id\":\"https:\\\/\\\/secure.gravatar.com\\\/avatar\\\/7902f906289926289cbcda644b5197c796b893c6ffd7b9a536a42d290f7704a0?s=96&d=mm&r=g\",\"url\":\"https:\\\/\\\/secure.gravatar.com\\\/avatar\\\/7902f906289926289cbcda644b5197c796b893c6ffd7b9a536a42d290f7704a0?s=96&d=mm&r=g\",\"contentUrl\":\"https:\\\/\\\/secure.gravatar.com\\\/avatar\\\/7902f906289926289cbcda644b5197c796b893c6ffd7b9a536a42d290f7704a0?s=96&d=mm&r=g\",\"caption\":\"Eduardo Mart\u00ednez\"}}]}<\/script>\n<!-- \/ Yoast SEO plugin. -->","yoast_head_json":{"title":"Um vinho \u00e0s sete da manh\u00e3 - Notibras","robots":{"index":"index","follow":"follow","max-snippet":"max-snippet:-1","max-image-preview":"max-image-preview:large","max-video-preview":"max-video-preview:-1"},"canonical":"https:\/\/www.notibras.com\/site\/um-vinho-as-sete-da-manha\/","og_locale":"pt_BR","og_type":"article","og_title":"Um vinho \u00e0s sete da manh\u00e3 - Notibras","og_description":"O sol rompia a manh\u00e3 abusado: coloria o c\u00e9u, esquentava o dia e trazia consigo a alegria e a energia presentes. Eu aprendi a desfrutar de algumas dessas manh\u00e3s com uma garrafa de vinho, o som do mar e o sil\u00eancio da minha mente. Impedida de fazer minhas longas caminhadas devido a um problema de [&hellip;]","og_url":"https:\/\/www.notibras.com\/site\/um-vinho-as-sete-da-manha\/","og_site_name":"Notibras","article_publisher":"https:\/\/www.facebook.com\/notibras\/","article_published_time":"2026-08-31T03:45:05+00:00","og_image":[{"width":1280,"height":720,"url":"https:\/\/www.notibras.com\/site\/wp-content\/uploads\/2026\/08\/WhatsApp-Image-2026-08-30-at-20.38.16.jpeg","type":"image\/jpeg"}],"author":"Eduardo Mart\u00ednez","twitter_card":"summary_large_image","twitter_creator":"@Notibras","twitter_site":"@Notibras","twitter_misc":{"Escrito por":"Eduardo Mart\u00ednez","Est. tempo de leitura":"5 minutos"},"schema":{"@context":"https:\/\/schema.org","@graph":[{"@type":"Article","@id":"https:\/\/www.notibras.com\/site\/um-vinho-as-sete-da-manha\/#article","isPartOf":{"@id":"https:\/\/www.notibras.com\/site\/um-vinho-as-sete-da-manha\/"},"author":{"name":"Eduardo Mart\u00ednez","@id":"https:\/\/www.notibras.com\/site\/#\/schema\/person\/5b7fabf2aedc3ada2105f03b22b4d3dd"},"headline":"Um vinho \u00e0s sete da manh\u00e3","datePublished":"2026-08-31T03:45:05+00:00","mainEntityOfPage":{"@id":"https:\/\/www.notibras.com\/site\/um-vinho-as-sete-da-manha\/"},"wordCount":798,"publisher":{"@id":"https:\/\/www.notibras.com\/site\/#organization"},"image":{"@id":"https:\/\/www.notibras.com\/site\/um-vinho-as-sete-da-manha\/#primaryimage"},"thumbnailUrl":"https:\/\/www.notibras.com\/site\/wp-content\/uploads\/2026\/08\/WhatsApp-Image-2026-08-30-at-20.38.16.jpeg","articleSection":["Caf\u00e9 Liter\u00e1rio"],"inLanguage":"pt-BR"},{"@type":"WebPage","@id":"https:\/\/www.notibras.com\/site\/um-vinho-as-sete-da-manha\/","url":"https:\/\/www.notibras.com\/site\/um-vinho-as-sete-da-manha\/","name":"Um vinho \u00e0s sete da manh\u00e3 - Notibras","isPartOf":{"@id":"https:\/\/www.notibras.com\/site\/#website"},"primaryImageOfPage":{"@id":"https:\/\/www.notibras.com\/site\/um-vinho-as-sete-da-manha\/#primaryimage"},"image":{"@id":"https:\/\/www.notibras.com\/site\/um-vinho-as-sete-da-manha\/#primaryimage"},"thumbnailUrl":"https:\/\/www.notibras.com\/site\/wp-content\/uploads\/2026\/08\/WhatsApp-Image-2026-08-30-at-20.38.16.jpeg","datePublished":"2026-08-31T03:45:05+00:00","breadcrumb":{"@id":"https:\/\/www.notibras.com\/site\/um-vinho-as-sete-da-manha\/#breadcrumb"},"inLanguage":"pt-BR","potentialAction":[{"@type":"ReadAction","target":["https:\/\/www.notibras.com\/site\/um-vinho-as-sete-da-manha\/"]}]},{"@type":"ImageObject","inLanguage":"pt-BR","@id":"https:\/\/www.notibras.com\/site\/um-vinho-as-sete-da-manha\/#primaryimage","url":"https:\/\/www.notibras.com\/site\/wp-content\/uploads\/2026\/08\/WhatsApp-Image-2026-08-30-at-20.38.16.jpeg","contentUrl":"https:\/\/www.notibras.com\/site\/wp-content\/uploads\/2026\/08\/WhatsApp-Image-2026-08-30-at-20.38.16.jpeg","width":1280,"height":720},{"@type":"BreadcrumbList","@id":"https:\/\/www.notibras.com\/site\/um-vinho-as-sete-da-manha\/#breadcrumb","itemListElement":[{"@type":"ListItem","position":1,"name":"In\u00edcio","item":"https:\/\/www.notibras.com\/site\/"},{"@type":"ListItem","position":2,"name":"Um vinho \u00e0s sete da manh\u00e3"}]},{"@type":"WebSite","@id":"https:\/\/www.notibras.com\/site\/#website","url":"https:\/\/www.notibras.com\/site\/","name":"Notibras","description":"Not\u00edcias de Bras\u00edlia, do Brasil e do Mundo","publisher":{"@id":"https:\/\/www.notibras.com\/site\/#organization"},"potentialAction":[{"@type":"SearchAction","target":{"@type":"EntryPoint","urlTemplate":"https:\/\/www.notibras.com\/site\/?s={search_term_string}"},"query-input":{"@type":"PropertyValueSpecification","valueRequired":true,"valueName":"search_term_string"}}],"inLanguage":"pt-BR"},{"@type":"Organization","@id":"https:\/\/www.notibras.com\/site\/#organization","name":"Grupo Notibras de Comunica\u00e7\u00e3o","url":"https:\/\/www.notibras.com\/site\/","logo":{"@type":"ImageObject","inLanguage":"pt-BR","@id":"https:\/\/www.notibras.com\/site\/#\/schema\/logo\/image\/","url":"https:\/\/www.notibras.com\/site\/wp-content\/uploads\/2023\/01\/notibras23.png","contentUrl":"https:\/\/www.notibras.com\/site\/wp-content\/uploads\/2023\/01\/notibras23.png","width":350,"height":87,"caption":"Grupo Notibras de Comunica\u00e7\u00e3o"},"image":{"@id":"https:\/\/www.notibras.com\/site\/#\/schema\/logo\/image\/"},"sameAs":["https:\/\/www.facebook.com\/notibras\/","https:\/\/x.com\/Notibras","https:\/\/www.instagram.com\/notibras\/"]},{"@type":"Person","@id":"https:\/\/www.notibras.com\/site\/#\/schema\/person\/5b7fabf2aedc3ada2105f03b22b4d3dd","name":"Eduardo Mart\u00ednez","image":{"@type":"ImageObject","inLanguage":"pt-BR","@id":"https:\/\/secure.gravatar.com\/avatar\/7902f906289926289cbcda644b5197c796b893c6ffd7b9a536a42d290f7704a0?s=96&d=mm&r=g","url":"https:\/\/secure.gravatar.com\/avatar\/7902f906289926289cbcda644b5197c796b893c6ffd7b9a536a42d290f7704a0?s=96&d=mm&r=g","contentUrl":"https:\/\/secure.gravatar.com\/avatar\/7902f906289926289cbcda644b5197c796b893c6ffd7b9a536a42d290f7704a0?s=96&d=mm&r=g","caption":"Eduardo Mart\u00ednez"}}]}},"_links":{"self":[{"href":"https:\/\/www.notibras.com\/site\/wp-json\/wp\/v2\/posts\/408733","targetHints":{"allow":["GET"]}}],"collection":[{"href":"https:\/\/www.notibras.com\/site\/wp-json\/wp\/v2\/posts"}],"about":[{"href":"https:\/\/www.notibras.com\/site\/wp-json\/wp\/v2\/types\/post"}],"author":[{"embeddable":true,"href":"https:\/\/www.notibras.com\/site\/wp-json\/wp\/v2\/users\/21"}],"replies":[{"embeddable":true,"href":"https:\/\/www.notibras.com\/site\/wp-json\/wp\/v2\/comments?post=408733"}],"version-history":[{"count":2,"href":"https:\/\/www.notibras.com\/site\/wp-json\/wp\/v2\/posts\/408733\/revisions"}],"predecessor-version":[{"id":408736,"href":"https:\/\/www.notibras.com\/site\/wp-json\/wp\/v2\/posts\/408733\/revisions\/408736"}],"wp:featuredmedia":[{"embeddable":true,"href":"https:\/\/www.notibras.com\/site\/wp-json\/wp\/v2\/media\/408734"}],"wp:attachment":[{"href":"https:\/\/www.notibras.com\/site\/wp-json\/wp\/v2\/media?parent=408733"}],"wp:term":[{"taxonomy":"category","embeddable":true,"href":"https:\/\/www.notibras.com\/site\/wp-json\/wp\/v2\/categories?post=408733"},{"taxonomy":"post_tag","embeddable":true,"href":"https:\/\/www.notibras.com\/site\/wp-json\/wp\/v2\/tags?post=408733"},{"taxonomy":"tmauthors","embeddable":true,"href":"https:\/\/www.notibras.com\/site\/wp-json\/wp\/v2\/tmauthors?post=408733"}],"curies":[{"name":"wp","href":"https:\/\/api.w.org\/{rel}","templated":true}]}}