{"id":408737,"date":"2026-09-01T00:45:58","date_gmt":"2026-09-01T03:45:58","guid":{"rendered":"https:\/\/www.notibras.com\/site\/?p=408737"},"modified":"2026-08-30T20:51:45","modified_gmt":"2026-08-30T23:51:45","slug":"posso-mudar-sim","status":"publish","type":"post","link":"https:\/\/www.notibras.com\/site\/posso-mudar-sim\/","title":{"rendered":"\u00a0Posso mudar sim"},"content":{"rendered":"<p>Sou a \u00faltima a chegar ao caf\u00e9. Cumprimento a todos, sento-me e a conversa continua. \u2014 N\u00e3o vou mudar \u2014 diz Daniel. N\u00e3o sei qual era o assunto e, pela primeira vez, n\u00e3o me parece necess\u00e1rio ouvir todo o contexto para opinar. Ele me diz: \u2014 Voc\u00ea acha que, como ser humano, \u00e9 capaz de mudar quem voc\u00ea \u00e9? \u2014 Claro, n\u00e3o sou uma \u00e1rvore. Posso mudar o tempo todo e at\u00e9 mesmo as \u00e1rvores mudam. O gar\u00e7om se aproxima. O cheiro de caf\u00e9 passado e de bolo fresco \u00e9 inebriante, retirando-nos da discuss\u00e3o e trazendo paz e aconchego \u00e0 mesa. O clima pesado se dissipa e a conversa se encerra sem que eu saiba do que se tratava.<\/p>\n<p>Mais tarde, a caminho de casa, penso em quantas vezes j\u00e1 ouvi essa frase. Esse pensamento me leva de volta a uma conversa com meu pai. Enquanto eu tomava o caf\u00e9 da manh\u00e3, ele me contava hist\u00f3rias do passado e, por um momento, fez a seguinte reflex\u00e3o: \u2014 As pessoas inteligentes t\u00eam muito conhecimento, n\u00e3o \u00e9, minha filha? Paro por um instante e, pensando nos homens e mulheres que marcaram a minha vida, discordo: \u2014 Na verdade, n\u00e3o, pai. Tem pessoas com muito conhecimento e pouca intelig\u00eancia, e pessoas sem conhecimento e com muita intelig\u00eancia. A intelig\u00eancia vem da sabedoria. (A nossa conversa sobre conhecimento se referia a pessoas que estudaram muito). Nossa conversa foi interrompida por um vizinho.<\/p>\n<p>Alguns dias depois do epis\u00f3dio no caf\u00e9, essa reflex\u00e3o sobre sabedoria e conhecimento retorna como algo suspenso no ar. Fal\u00e1vamos sobre os debates a respeito de misoginia, machismo, Lei Maria da Penha e racismo, quando meu pai me contou a seguinte hist\u00f3ria: \u2014 \u00c9, meu pai n\u00e3o tinha estudo, era ignorante nessa parte, mas tinha o jeito dele de resolver as coisas. Mesmo naquela \u00e9poca, em que n\u00e3o se falava sobre racismo e misoginia, ele nos ensinava como dever\u00edamos nos dirigir \u00e0s pessoas pretas; nunca permitiu uma piada sobre cor. N\u00e3o sei como ele aprendeu sobre isso em uma \u00e9poca em que a palavra racismo nem existia, nem essa outra palavra a\u00ed&#8230; miso&#8230; \u2014 Misoginia \u2014 respondo. \u2014 Isso. Isso me lembrou de um epis\u00f3dio: minha irm\u00e3 mais velha se casou, o marido era bem complicado, agressivo, e um tempo depois ele apareceu l\u00e1 em casa para devolv\u00ea-la. Disse que ela o havia tra\u00eddo e, por isso, a estava trazendo de volta. Naquela \u00e9poca, ela ficaria mal falada e, para piorar, estava gr\u00e1vida de oito meses. Meu pai ouviu tudo o que o marido dela tinha para falar, pegou a trouxinha da minha irm\u00e3, levou-a para dentro de casa e n\u00e3o fez uma \u00fanica pergunta. O sil\u00eancio dele foi uma escolha: n\u00e3o julgou, n\u00e3o deu palco ao agressor e acolheu minha tia. Um m\u00eas depois, o marido, ao perceber que a provoca\u00e7\u00e3o n\u00e3o havia funcionado, apareceu para busc\u00e1-la. Novamente, meu pai n\u00e3o falou nada.<\/p>\n<p>Nesse momento, observo a import\u00e2ncia de homens e mulheres inteligentes e como isso me estruturou como ser humano. Aquele sil\u00eancio do meu av\u00f4 foi uma ruptura consciente da postura machista da \u00e9poca \u2014 uma sabedoria pr\u00e1tica que agiu como escudo. Afinal, quando falamos de machismo, estamos falando de algo que aprisiona tanto homens quanto mulheres, tornando-nos seres fragilizados e incapazes de amar de verdade. Percebo o imenso valor das mulheres que passaram pela minha vida, mas reconhe\u00e7o, com o mesmo peso, o valor desses homens s\u00e1bios que souberam proteger e transformar a minha hist\u00f3ria.<\/p>\n<p><strong>&#8230;&#8230;&#8230;&#8230;&#8230;&#8230;&#8230;&#8230;&#8230;&#8230;&#8230;<\/strong><\/p>\n<p><strong>M\u00e9rcia Souza \u00e9 escritora, colunista de jornais e revistas, e artes\u00e3 crocheteira. Autora de tr\u00eas livros publicados \u2014 transitando entre o romance e as cr\u00f4nicas \u2014, expressa sua vis\u00e3o de mundo tanto atrav\u00e9s das palavras quanto das linhas. Feminista, m\u00e3e e av\u00f3, reside atualmente em Cachoeiro de Itapemirim (ES), onde divide seu tempo entre a literatura, o artesanato e o amor pelas montanhas e pelo mar.<\/strong><\/p>\n","protected":false},"excerpt":{"rendered":"<p>Sou a \u00faltima a chegar ao caf\u00e9. Cumprimento a todos, sento-me e a conversa continua. \u2014 N\u00e3o vou mudar \u2014 diz Daniel. N\u00e3o sei qual era o assunto e, pela primeira vez, n\u00e3o me parece necess\u00e1rio ouvir todo o contexto para opinar. Ele me diz: \u2014 Voc\u00ea acha que, como ser humano, \u00e9 capaz de [&hellip;]<\/p>\n","protected":false},"author":21,"featured_media":408741,"comment_status":"closed","ping_status":"closed","sticky":false,"template":"","format":"standard","meta":{"_acf_changed":false,"footnotes":""},"categories":[234],"tags":[],"tmauthors":[306],"class_list":["post-408737","post","type-post","status-publish","format-standard","has-post-thumbnail","category-cafe-literario"],"acf":[],"yoast_head":"<!-- This site is optimized with the Yoast SEO plugin v28.0 - https:\/\/yoast.com\/product\/yoast-seo-wordpress\/ -->\n<title>\u00a0Posso mudar sim - Notibras<\/title>\n<meta name=\"robots\" content=\"index, follow, max-snippet:-1, max-image-preview:large, max-video-preview:-1\" \/>\n<link rel=\"canonical\" href=\"https:\/\/www.notibras.com\/site\/posso-mudar-sim\/\" \/>\n<meta property=\"og:locale\" content=\"pt_BR\" \/>\n<meta property=\"og:type\" content=\"article\" \/>\n<meta property=\"og:title\" content=\"\u00a0Posso mudar sim - Notibras\" \/>\n<meta property=\"og:description\" content=\"Sou a \u00faltima a chegar ao caf\u00e9. Cumprimento a todos, sento-me e a conversa continua. \u2014 N\u00e3o vou mudar \u2014 diz Daniel. N\u00e3o sei qual era o assunto e, pela primeira vez, n\u00e3o me parece necess\u00e1rio ouvir todo o contexto para opinar. Ele me diz: \u2014 Voc\u00ea acha que, como ser humano, \u00e9 capaz de [&hellip;]\" \/>\n<meta property=\"og:url\" content=\"https:\/\/www.notibras.com\/site\/posso-mudar-sim\/\" \/>\n<meta property=\"og:site_name\" content=\"Notibras\" \/>\n<meta property=\"article:publisher\" content=\"https:\/\/www.facebook.com\/notibras\/\" \/>\n<meta property=\"article:published_time\" content=\"2026-09-01T03:45:58+00:00\" \/>\n<meta property=\"og:image\" content=\"https:\/\/www.notibras.com\/site\/wp-content\/uploads\/2026\/08\/WhatsApp-Image-2026-08-30-at-20.49.49.jpeg\" \/>\n\t<meta property=\"og:image:width\" content=\"1280\" \/>\n\t<meta property=\"og:image:height\" content=\"720\" \/>\n\t<meta property=\"og:image:type\" content=\"image\/jpeg\" \/>\n<meta name=\"author\" content=\"Eduardo Mart\u00ednez\" \/>\n<meta name=\"twitter:card\" content=\"summary_large_image\" \/>\n<meta name=\"twitter:creator\" content=\"@Notibras\" \/>\n<meta name=\"twitter:site\" content=\"@Notibras\" \/>\n<meta name=\"twitter:label1\" content=\"Escrito por\" \/>\n\t<meta name=\"twitter:data1\" content=\"Eduardo Mart\u00ednez\" \/>\n\t<meta name=\"twitter:label2\" content=\"Est. tempo de leitura\" \/>\n\t<meta name=\"twitter:data2\" content=\"4 minutos\" \/>\n<script type=\"application\/ld+json\" class=\"yoast-schema-graph\">{\"@context\":\"https:\\\/\\\/schema.org\",\"@graph\":[{\"@type\":\"Article\",\"@id\":\"https:\\\/\\\/www.notibras.com\\\/site\\\/posso-mudar-sim\\\/#article\",\"isPartOf\":{\"@id\":\"https:\\\/\\\/www.notibras.com\\\/site\\\/posso-mudar-sim\\\/\"},\"author\":{\"name\":\"Eduardo Mart\u00ednez\",\"@id\":\"https:\\\/\\\/www.notibras.com\\\/site\\\/#\\\/schema\\\/person\\\/5b7fabf2aedc3ada2105f03b22b4d3dd\"},\"headline\":\"\u00a0Posso mudar sim\",\"datePublished\":\"2026-09-01T03:45:58+00:00\",\"mainEntityOfPage\":{\"@id\":\"https:\\\/\\\/www.notibras.com\\\/site\\\/posso-mudar-sim\\\/\"},\"wordCount\":673,\"publisher\":{\"@id\":\"https:\\\/\\\/www.notibras.com\\\/site\\\/#organization\"},\"image\":{\"@id\":\"https:\\\/\\\/www.notibras.com\\\/site\\\/posso-mudar-sim\\\/#primaryimage\"},\"thumbnailUrl\":\"https:\\\/\\\/www.notibras.com\\\/site\\\/wp-content\\\/uploads\\\/2026\\\/08\\\/WhatsApp-Image-2026-08-30-at-20.49.49.jpeg\",\"articleSection\":[\"Caf\u00e9 Liter\u00e1rio\"],\"inLanguage\":\"pt-BR\"},{\"@type\":\"WebPage\",\"@id\":\"https:\\\/\\\/www.notibras.com\\\/site\\\/posso-mudar-sim\\\/\",\"url\":\"https:\\\/\\\/www.notibras.com\\\/site\\\/posso-mudar-sim\\\/\",\"name\":\"\u00a0Posso mudar sim - Notibras\",\"isPartOf\":{\"@id\":\"https:\\\/\\\/www.notibras.com\\\/site\\\/#website\"},\"primaryImageOfPage\":{\"@id\":\"https:\\\/\\\/www.notibras.com\\\/site\\\/posso-mudar-sim\\\/#primaryimage\"},\"image\":{\"@id\":\"https:\\\/\\\/www.notibras.com\\\/site\\\/posso-mudar-sim\\\/#primaryimage\"},\"thumbnailUrl\":\"https:\\\/\\\/www.notibras.com\\\/site\\\/wp-content\\\/uploads\\\/2026\\\/08\\\/WhatsApp-Image-2026-08-30-at-20.49.49.jpeg\",\"datePublished\":\"2026-09-01T03:45:58+00:00\",\"breadcrumb\":{\"@id\":\"https:\\\/\\\/www.notibras.com\\\/site\\\/posso-mudar-sim\\\/#breadcrumb\"},\"inLanguage\":\"pt-BR\",\"potentialAction\":[{\"@type\":\"ReadAction\",\"target\":[\"https:\\\/\\\/www.notibras.com\\\/site\\\/posso-mudar-sim\\\/\"]}]},{\"@type\":\"ImageObject\",\"inLanguage\":\"pt-BR\",\"@id\":\"https:\\\/\\\/www.notibras.com\\\/site\\\/posso-mudar-sim\\\/#primaryimage\",\"url\":\"https:\\\/\\\/www.notibras.com\\\/site\\\/wp-content\\\/uploads\\\/2026\\\/08\\\/WhatsApp-Image-2026-08-30-at-20.49.49.jpeg\",\"contentUrl\":\"https:\\\/\\\/www.notibras.com\\\/site\\\/wp-content\\\/uploads\\\/2026\\\/08\\\/WhatsApp-Image-2026-08-30-at-20.49.49.jpeg\",\"width\":1280,\"height\":720},{\"@type\":\"BreadcrumbList\",\"@id\":\"https:\\\/\\\/www.notibras.com\\\/site\\\/posso-mudar-sim\\\/#breadcrumb\",\"itemListElement\":[{\"@type\":\"ListItem\",\"position\":1,\"name\":\"In\u00edcio\",\"item\":\"https:\\\/\\\/www.notibras.com\\\/site\\\/\"},{\"@type\":\"ListItem\",\"position\":2,\"name\":\"\u00a0Posso mudar sim\"}]},{\"@type\":\"WebSite\",\"@id\":\"https:\\\/\\\/www.notibras.com\\\/site\\\/#website\",\"url\":\"https:\\\/\\\/www.notibras.com\\\/site\\\/\",\"name\":\"Notibras\",\"description\":\"Not\u00edcias de Bras\u00edlia, do Brasil e do Mundo\",\"publisher\":{\"@id\":\"https:\\\/\\\/www.notibras.com\\\/site\\\/#organization\"},\"potentialAction\":[{\"@type\":\"SearchAction\",\"target\":{\"@type\":\"EntryPoint\",\"urlTemplate\":\"https:\\\/\\\/www.notibras.com\\\/site\\\/?s={search_term_string}\"},\"query-input\":{\"@type\":\"PropertyValueSpecification\",\"valueRequired\":true,\"valueName\":\"search_term_string\"}}],\"inLanguage\":\"pt-BR\"},{\"@type\":\"Organization\",\"@id\":\"https:\\\/\\\/www.notibras.com\\\/site\\\/#organization\",\"name\":\"Grupo Notibras de Comunica\u00e7\u00e3o\",\"url\":\"https:\\\/\\\/www.notibras.com\\\/site\\\/\",\"logo\":{\"@type\":\"ImageObject\",\"inLanguage\":\"pt-BR\",\"@id\":\"https:\\\/\\\/www.notibras.com\\\/site\\\/#\\\/schema\\\/logo\\\/image\\\/\",\"url\":\"https:\\\/\\\/www.notibras.com\\\/site\\\/wp-content\\\/uploads\\\/2023\\\/01\\\/notibras23.png\",\"contentUrl\":\"https:\\\/\\\/www.notibras.com\\\/site\\\/wp-content\\\/uploads\\\/2023\\\/01\\\/notibras23.png\",\"width\":350,\"height\":87,\"caption\":\"Grupo Notibras de Comunica\u00e7\u00e3o\"},\"image\":{\"@id\":\"https:\\\/\\\/www.notibras.com\\\/site\\\/#\\\/schema\\\/logo\\\/image\\\/\"},\"sameAs\":[\"https:\\\/\\\/www.facebook.com\\\/notibras\\\/\",\"https:\\\/\\\/x.com\\\/Notibras\",\"https:\\\/\\\/www.instagram.com\\\/notibras\\\/\"]},{\"@type\":\"Person\",\"@id\":\"https:\\\/\\\/www.notibras.com\\\/site\\\/#\\\/schema\\\/person\\\/5b7fabf2aedc3ada2105f03b22b4d3dd\",\"name\":\"Eduardo Mart\u00ednez\",\"image\":{\"@type\":\"ImageObject\",\"inLanguage\":\"pt-BR\",\"@id\":\"https:\\\/\\\/secure.gravatar.com\\\/avatar\\\/7902f906289926289cbcda644b5197c796b893c6ffd7b9a536a42d290f7704a0?s=96&d=mm&r=g\",\"url\":\"https:\\\/\\\/secure.gravatar.com\\\/avatar\\\/7902f906289926289cbcda644b5197c796b893c6ffd7b9a536a42d290f7704a0?s=96&d=mm&r=g\",\"contentUrl\":\"https:\\\/\\\/secure.gravatar.com\\\/avatar\\\/7902f906289926289cbcda644b5197c796b893c6ffd7b9a536a42d290f7704a0?s=96&d=mm&r=g\",\"caption\":\"Eduardo Mart\u00ednez\"}}]}<\/script>\n<!-- \/ Yoast SEO plugin. -->","yoast_head_json":{"title":"\u00a0Posso mudar sim - Notibras","robots":{"index":"index","follow":"follow","max-snippet":"max-snippet:-1","max-image-preview":"max-image-preview:large","max-video-preview":"max-video-preview:-1"},"canonical":"https:\/\/www.notibras.com\/site\/posso-mudar-sim\/","og_locale":"pt_BR","og_type":"article","og_title":"\u00a0Posso mudar sim - Notibras","og_description":"Sou a \u00faltima a chegar ao caf\u00e9. Cumprimento a todos, sento-me e a conversa continua. \u2014 N\u00e3o vou mudar \u2014 diz Daniel. N\u00e3o sei qual era o assunto e, pela primeira vez, n\u00e3o me parece necess\u00e1rio ouvir todo o contexto para opinar. Ele me diz: \u2014 Voc\u00ea acha que, como ser humano, \u00e9 capaz de [&hellip;]","og_url":"https:\/\/www.notibras.com\/site\/posso-mudar-sim\/","og_site_name":"Notibras","article_publisher":"https:\/\/www.facebook.com\/notibras\/","article_published_time":"2026-09-01T03:45:58+00:00","og_image":[{"width":1280,"height":720,"url":"https:\/\/www.notibras.com\/site\/wp-content\/uploads\/2026\/08\/WhatsApp-Image-2026-08-30-at-20.49.49.jpeg","type":"image\/jpeg"}],"author":"Eduardo Mart\u00ednez","twitter_card":"summary_large_image","twitter_creator":"@Notibras","twitter_site":"@Notibras","twitter_misc":{"Escrito por":"Eduardo Mart\u00ednez","Est. tempo de leitura":"4 minutos"},"schema":{"@context":"https:\/\/schema.org","@graph":[{"@type":"Article","@id":"https:\/\/www.notibras.com\/site\/posso-mudar-sim\/#article","isPartOf":{"@id":"https:\/\/www.notibras.com\/site\/posso-mudar-sim\/"},"author":{"name":"Eduardo Mart\u00ednez","@id":"https:\/\/www.notibras.com\/site\/#\/schema\/person\/5b7fabf2aedc3ada2105f03b22b4d3dd"},"headline":"\u00a0Posso mudar sim","datePublished":"2026-09-01T03:45:58+00:00","mainEntityOfPage":{"@id":"https:\/\/www.notibras.com\/site\/posso-mudar-sim\/"},"wordCount":673,"publisher":{"@id":"https:\/\/www.notibras.com\/site\/#organization"},"image":{"@id":"https:\/\/www.notibras.com\/site\/posso-mudar-sim\/#primaryimage"},"thumbnailUrl":"https:\/\/www.notibras.com\/site\/wp-content\/uploads\/2026\/08\/WhatsApp-Image-2026-08-30-at-20.49.49.jpeg","articleSection":["Caf\u00e9 Liter\u00e1rio"],"inLanguage":"pt-BR"},{"@type":"WebPage","@id":"https:\/\/www.notibras.com\/site\/posso-mudar-sim\/","url":"https:\/\/www.notibras.com\/site\/posso-mudar-sim\/","name":"\u00a0Posso mudar sim - Notibras","isPartOf":{"@id":"https:\/\/www.notibras.com\/site\/#website"},"primaryImageOfPage":{"@id":"https:\/\/www.notibras.com\/site\/posso-mudar-sim\/#primaryimage"},"image":{"@id":"https:\/\/www.notibras.com\/site\/posso-mudar-sim\/#primaryimage"},"thumbnailUrl":"https:\/\/www.notibras.com\/site\/wp-content\/uploads\/2026\/08\/WhatsApp-Image-2026-08-30-at-20.49.49.jpeg","datePublished":"2026-09-01T03:45:58+00:00","breadcrumb":{"@id":"https:\/\/www.notibras.com\/site\/posso-mudar-sim\/#breadcrumb"},"inLanguage":"pt-BR","potentialAction":[{"@type":"ReadAction","target":["https:\/\/www.notibras.com\/site\/posso-mudar-sim\/"]}]},{"@type":"ImageObject","inLanguage":"pt-BR","@id":"https:\/\/www.notibras.com\/site\/posso-mudar-sim\/#primaryimage","url":"https:\/\/www.notibras.com\/site\/wp-content\/uploads\/2026\/08\/WhatsApp-Image-2026-08-30-at-20.49.49.jpeg","contentUrl":"https:\/\/www.notibras.com\/site\/wp-content\/uploads\/2026\/08\/WhatsApp-Image-2026-08-30-at-20.49.49.jpeg","width":1280,"height":720},{"@type":"BreadcrumbList","@id":"https:\/\/www.notibras.com\/site\/posso-mudar-sim\/#breadcrumb","itemListElement":[{"@type":"ListItem","position":1,"name":"In\u00edcio","item":"https:\/\/www.notibras.com\/site\/"},{"@type":"ListItem","position":2,"name":"\u00a0Posso mudar sim"}]},{"@type":"WebSite","@id":"https:\/\/www.notibras.com\/site\/#website","url":"https:\/\/www.notibras.com\/site\/","name":"Notibras","description":"Not\u00edcias de Bras\u00edlia, do Brasil e do Mundo","publisher":{"@id":"https:\/\/www.notibras.com\/site\/#organization"},"potentialAction":[{"@type":"SearchAction","target":{"@type":"EntryPoint","urlTemplate":"https:\/\/www.notibras.com\/site\/?s={search_term_string}"},"query-input":{"@type":"PropertyValueSpecification","valueRequired":true,"valueName":"search_term_string"}}],"inLanguage":"pt-BR"},{"@type":"Organization","@id":"https:\/\/www.notibras.com\/site\/#organization","name":"Grupo Notibras de Comunica\u00e7\u00e3o","url":"https:\/\/www.notibras.com\/site\/","logo":{"@type":"ImageObject","inLanguage":"pt-BR","@id":"https:\/\/www.notibras.com\/site\/#\/schema\/logo\/image\/","url":"https:\/\/www.notibras.com\/site\/wp-content\/uploads\/2023\/01\/notibras23.png","contentUrl":"https:\/\/www.notibras.com\/site\/wp-content\/uploads\/2023\/01\/notibras23.png","width":350,"height":87,"caption":"Grupo Notibras de Comunica\u00e7\u00e3o"},"image":{"@id":"https:\/\/www.notibras.com\/site\/#\/schema\/logo\/image\/"},"sameAs":["https:\/\/www.facebook.com\/notibras\/","https:\/\/x.com\/Notibras","https:\/\/www.instagram.com\/notibras\/"]},{"@type":"Person","@id":"https:\/\/www.notibras.com\/site\/#\/schema\/person\/5b7fabf2aedc3ada2105f03b22b4d3dd","name":"Eduardo Mart\u00ednez","image":{"@type":"ImageObject","inLanguage":"pt-BR","@id":"https:\/\/secure.gravatar.com\/avatar\/7902f906289926289cbcda644b5197c796b893c6ffd7b9a536a42d290f7704a0?s=96&d=mm&r=g","url":"https:\/\/secure.gravatar.com\/avatar\/7902f906289926289cbcda644b5197c796b893c6ffd7b9a536a42d290f7704a0?s=96&d=mm&r=g","contentUrl":"https:\/\/secure.gravatar.com\/avatar\/7902f906289926289cbcda644b5197c796b893c6ffd7b9a536a42d290f7704a0?s=96&d=mm&r=g","caption":"Eduardo Mart\u00ednez"}}]}},"_links":{"self":[{"href":"https:\/\/www.notibras.com\/site\/wp-json\/wp\/v2\/posts\/408737","targetHints":{"allow":["GET"]}}],"collection":[{"href":"https:\/\/www.notibras.com\/site\/wp-json\/wp\/v2\/posts"}],"about":[{"href":"https:\/\/www.notibras.com\/site\/wp-json\/wp\/v2\/types\/post"}],"author":[{"embeddable":true,"href":"https:\/\/www.notibras.com\/site\/wp-json\/wp\/v2\/users\/21"}],"replies":[{"embeddable":true,"href":"https:\/\/www.notibras.com\/site\/wp-json\/wp\/v2\/comments?post=408737"}],"version-history":[{"count":2,"href":"https:\/\/www.notibras.com\/site\/wp-json\/wp\/v2\/posts\/408737\/revisions"}],"predecessor-version":[{"id":408743,"href":"https:\/\/www.notibras.com\/site\/wp-json\/wp\/v2\/posts\/408737\/revisions\/408743"}],"wp:featuredmedia":[{"embeddable":true,"href":"https:\/\/www.notibras.com\/site\/wp-json\/wp\/v2\/media\/408741"}],"wp:attachment":[{"href":"https:\/\/www.notibras.com\/site\/wp-json\/wp\/v2\/media?parent=408737"}],"wp:term":[{"taxonomy":"category","embeddable":true,"href":"https:\/\/www.notibras.com\/site\/wp-json\/wp\/v2\/categories?post=408737"},{"taxonomy":"post_tag","embeddable":true,"href":"https:\/\/www.notibras.com\/site\/wp-json\/wp\/v2\/tags?post=408737"},{"taxonomy":"tmauthors","embeddable":true,"href":"https:\/\/www.notibras.com\/site\/wp-json\/wp\/v2\/tmauthors?post=408737"}],"curies":[{"name":"wp","href":"https:\/\/api.w.org\/{rel}","templated":true}]}}