{"id":408752,"date":"2026-08-30T18:01:58","date_gmt":"2026-08-30T21:01:58","guid":{"rendered":"https:\/\/www.notibras.com\/site\/?p=408752"},"modified":"2026-08-31T01:53:58","modified_gmt":"2026-08-31T04:53:58","slug":"gama-coroa-ano-de-conquistas-com-o-retorno-garantido-a-serie-c","status":"publish","type":"post","link":"https:\/\/www.notibras.com\/site\/gama-coroa-ano-de-conquistas-com-o-retorno-garantido-a-serie-c\/","title":{"rendered":"Gama coroa ano de conquistas com o retorno garantido \u00e0 S\u00e9rie C"},"content":{"rendered":"<p>O Gama encerrou sua participa\u00e7\u00e3o na S\u00e9rie D do Campeonato Brasileiro com a cabe\u00e7a erguida e o sentimento de dever cumprido. Na tarde deste domingo (30), o alviverde empatou sem gols com o ASA no Est\u00e1dio Bezerr\u00e3o e se despediu da competi\u00e7\u00e3o na fase semifinal. Apesar de n\u00e3o ter alcan\u00e7ado a grande final\u00edssima nacional, o Periquito celebra o seu principal objetivo tra\u00e7ado para a temporada: o cobi\u00e7ado acesso \u00e0 S\u00e9rie C, que recoloca o tradicional clube do Distrito Federal em um patamar mais alto do cen\u00e1rio do futebol brasileiro.<\/p>\n<p>A partida de volta exigia uma nova remontada do time candango, que precisava reverter a derrota por 2 a 0 sofrida no primeiro confronto em Alagoas. Diante de sua torcida, o alviverde entrou em campo disposto a buscar o resultado improv\u00e1vel e pressionou o advers\u00e1rio desde os primeiros minutos. Faltou, por\u00e9m, a mesma efici\u00eancia que havia sustentado a equipe nas grandes decis\u00f5es anteriores, quando superou de forma brilhante os mata-matas contra o Porto Velho e o Am\u00e9rica-RN.<\/p>\n<p>O in\u00edcio do jogo deu mostras de que o Gama lutaria at\u00e9 o fim, construindo jogadas perigosas que levantaram as arquibancadas do Bezerr\u00e3o. Logo aos cinco minutos, ap\u00f3s cruzamento de Willian Jr., Darlan desviou de cabe\u00e7a e carimbou a trave, quase abrindo o placar na sobra com Renato. Pouco depois, Galhardo soltou uma bomba de fora da \u00e1rea que passou muito perto da meta alagoana, mantendo o sufoco do Periquito sobre a defesa do ASA.<\/p>\n<p>A tarde, contudo, parecia desenhada para consagrar o goleiro advers\u00e1rio Rafael Mariano, que se transformou em uma verdadeira muralha. Aos 19 minutos, Kennedy recebeu livre e ficou cara a cara com o arqueiro, que operou uma defesa espetacular. Seis minutos mais tarde, o camisa 1 do ASA voltou a brilhar ao defender \u00e0 queima-roupa uma finaliza\u00e7\u00e3o de primeira de Willian Jr., frustrando os planos de rea\u00e7\u00e3o imediata do time da casa.<\/p>\n<p>O confronto ganhou contornos dram\u00e1ticos e muita temperatura ainda na etapa inicial, com discuss\u00f5es entre os atletas que chegaram at\u00e9 os bancos de reservas. O ASA chegou a balan\u00e7ar as redes aos 31 minutos com Gustavo Ramos, mas a arbitragem identificou uma falta na origem da jogada e anulou o gol ap\u00f3s an\u00e1lise. Com isso, o primeiro tempo terminou empatado em 0 a 0, deixando o Gama com a dura miss\u00e3o de marcar duas vezes nos 45 minutos finais.<\/p>\n<p>Na etapa complementar, o cansa\u00e7o e a ansiedade come\u00e7aram a pesar contra as decis\u00f5es ofensivas do Periquito, que cedia espa\u00e7os para os contra-ataques alagoanos. Henrique Almeida chegou a pedir p\u00eanalti ap\u00f3s sofrer uma divis\u00e3o na \u00e1rea, mas o \u00e1rbitro mandou seguir. A \u00faltima grande chance alviverde veio aos 41 minutos, quando Luan cabeceou firme de dentro da \u00e1rea e parou em outra interven\u00e7\u00e3o milagrosa do inspirado Rafael Mariano.<\/p>\n<p>Infelizmente, o rel\u00f3gio correu e a iminente elimina\u00e7\u00e3o acabou transformando o clima do espet\u00e1culo nos minutos finais da partida. Aos 44, Luan foi expulso e iniciou uma confus\u00e3o generalizada que envolveu jogadores e comiss\u00f5es t\u00e9cnicas de ambos os lados, exigindo a interven\u00e7\u00e3o da Pol\u00edcia Militar no gramado. O descontrole prosseguiu at\u00e9 a entrada dos vesti\u00e1rios e resultou no cart\u00e3o vermelho direto tamb\u00e9m para Daniel Guerreiro, aos 51 minutos.<\/p>\n<p>Apesar das cenas lament\u00e1veis que marcaram o encerramento do duelo, o torcedor gamense tem motivos de sobra para comemorar o balan\u00e7o geral do ano de 2026. A elimina\u00e7\u00e3o na semifinal n\u00e3o apaga o brilho de uma campanha hist\u00f3rica e consistente na quarta divis\u00e3o nacional. O legado deixado pelo elenco \u00e9 a consolida\u00e7\u00e3o do projeto de reestrutura\u00e7\u00e3o do clube, que agora se prepara para colher os frutos financeiros e esportivos de estar novamente na S\u00e9rie C.<\/p>\n<p>Valeu, Gam\u00e3o do Pov\u00e3o!<\/p>\n","protected":false},"excerpt":{"rendered":"<p>O Gama encerrou sua participa\u00e7\u00e3o na S\u00e9rie D do Campeonato Brasileiro com a cabe\u00e7a erguida e o sentimento de dever cumprido. Na tarde deste domingo (30), o alviverde empatou sem gols com o ASA no Est\u00e1dio Bezerr\u00e3o e se despediu da competi\u00e7\u00e3o na fase semifinal. Apesar de n\u00e3o ter alcan\u00e7ado a grande final\u00edssima nacional, o [&hellip;]<\/p>\n","protected":false},"author":21,"featured_media":408753,"comment_status":"closed","ping_status":"closed","sticky":false,"template":"","format":"standard","meta":{"_acf_changed":false,"footnotes":""},"categories":[19],"tags":[],"tmauthors":[306],"class_list":["post-408752","post","type-post","status-publish","format-standard","has-post-thumbnail","category-esportes"],"acf":[],"yoast_head":"<!-- This site is optimized with the Yoast SEO plugin v28.0 - https:\/\/yoast.com\/product\/yoast-seo-wordpress\/ -->\n<title>Gama coroa ano de conquistas com o retorno garantido \u00e0 S\u00e9rie C - Notibras<\/title>\n<meta name=\"robots\" content=\"index, follow, max-snippet:-1, max-image-preview:large, max-video-preview:-1\" \/>\n<link rel=\"canonical\" href=\"https:\/\/www.notibras.com\/site\/gama-coroa-ano-de-conquistas-com-o-retorno-garantido-a-serie-c\/\" \/>\n<meta property=\"og:locale\" content=\"pt_BR\" \/>\n<meta property=\"og:type\" content=\"article\" \/>\n<meta property=\"og:title\" content=\"Gama coroa ano de conquistas com o retorno garantido \u00e0 S\u00e9rie C - Notibras\" \/>\n<meta property=\"og:description\" content=\"O Gama encerrou sua participa\u00e7\u00e3o na S\u00e9rie D do Campeonato Brasileiro com a cabe\u00e7a erguida e o sentimento de dever cumprido. Na tarde deste domingo (30), o alviverde empatou sem gols com o ASA no Est\u00e1dio Bezerr\u00e3o e se despediu da competi\u00e7\u00e3o na fase semifinal. Apesar de n\u00e3o ter alcan\u00e7ado a grande final\u00edssima nacional, o [&hellip;]\" \/>\n<meta property=\"og:url\" content=\"https:\/\/www.notibras.com\/site\/gama-coroa-ano-de-conquistas-com-o-retorno-garantido-a-serie-c\/\" \/>\n<meta property=\"og:site_name\" content=\"Notibras\" \/>\n<meta property=\"article:publisher\" content=\"https:\/\/www.facebook.com\/notibras\/\" \/>\n<meta property=\"article:published_time\" content=\"2026-08-30T21:01:58+00:00\" \/>\n<meta property=\"article:modified_time\" content=\"2026-08-31T04:53:58+00:00\" \/>\n<meta property=\"og:image\" content=\"https:\/\/www.notibras.com\/site\/wp-content\/uploads\/2026\/08\/WhatsApp-Image-2026-08-30-at-21.15.52.jpeg\" \/>\n\t<meta property=\"og:image:width\" content=\"1170\" \/>\n\t<meta property=\"og:image:height\" content=\"876\" \/>\n\t<meta property=\"og:image:type\" content=\"image\/jpeg\" \/>\n<meta name=\"author\" content=\"Eduardo Mart\u00ednez\" \/>\n<meta name=\"twitter:card\" content=\"summary_large_image\" \/>\n<meta name=\"twitter:creator\" content=\"@Notibras\" \/>\n<meta name=\"twitter:site\" content=\"@Notibras\" \/>\n<meta name=\"twitter:label1\" content=\"Escrito por\" \/>\n\t<meta name=\"twitter:data1\" content=\"Eduardo Mart\u00ednez\" \/>\n\t<meta name=\"twitter:label2\" content=\"Est. tempo de leitura\" \/>\n\t<meta name=\"twitter:data2\" content=\"4 minutos\" \/>\n<script type=\"application\/ld+json\" class=\"yoast-schema-graph\">{\"@context\":\"https:\\\/\\\/schema.org\",\"@graph\":[{\"@type\":\"Article\",\"@id\":\"https:\\\/\\\/www.notibras.com\\\/site\\\/gama-coroa-ano-de-conquistas-com-o-retorno-garantido-a-serie-c\\\/#article\",\"isPartOf\":{\"@id\":\"https:\\\/\\\/www.notibras.com\\\/site\\\/gama-coroa-ano-de-conquistas-com-o-retorno-garantido-a-serie-c\\\/\"},\"author\":{\"name\":\"Eduardo Mart\u00ednez\",\"@id\":\"https:\\\/\\\/www.notibras.com\\\/site\\\/#\\\/schema\\\/person\\\/5b7fabf2aedc3ada2105f03b22b4d3dd\"},\"headline\":\"Gama coroa ano de conquistas com o retorno garantido \u00e0 S\u00e9rie C\",\"datePublished\":\"2026-08-30T21:01:58+00:00\",\"dateModified\":\"2026-08-31T04:53:58+00:00\",\"mainEntityOfPage\":{\"@id\":\"https:\\\/\\\/www.notibras.com\\\/site\\\/gama-coroa-ano-de-conquistas-com-o-retorno-garantido-a-serie-c\\\/\"},\"wordCount\":664,\"publisher\":{\"@id\":\"https:\\\/\\\/www.notibras.com\\\/site\\\/#organization\"},\"image\":{\"@id\":\"https:\\\/\\\/www.notibras.com\\\/site\\\/gama-coroa-ano-de-conquistas-com-o-retorno-garantido-a-serie-c\\\/#primaryimage\"},\"thumbnailUrl\":\"https:\\\/\\\/www.notibras.com\\\/site\\\/wp-content\\\/uploads\\\/2026\\\/08\\\/WhatsApp-Image-2026-08-30-at-21.15.52.jpeg\",\"articleSection\":[\"Esportes\"],\"inLanguage\":\"pt-BR\"},{\"@type\":\"WebPage\",\"@id\":\"https:\\\/\\\/www.notibras.com\\\/site\\\/gama-coroa-ano-de-conquistas-com-o-retorno-garantido-a-serie-c\\\/\",\"url\":\"https:\\\/\\\/www.notibras.com\\\/site\\\/gama-coroa-ano-de-conquistas-com-o-retorno-garantido-a-serie-c\\\/\",\"name\":\"Gama coroa ano de conquistas com o retorno garantido \u00e0 S\u00e9rie C - Notibras\",\"isPartOf\":{\"@id\":\"https:\\\/\\\/www.notibras.com\\\/site\\\/#website\"},\"primaryImageOfPage\":{\"@id\":\"https:\\\/\\\/www.notibras.com\\\/site\\\/gama-coroa-ano-de-conquistas-com-o-retorno-garantido-a-serie-c\\\/#primaryimage\"},\"image\":{\"@id\":\"https:\\\/\\\/www.notibras.com\\\/site\\\/gama-coroa-ano-de-conquistas-com-o-retorno-garantido-a-serie-c\\\/#primaryimage\"},\"thumbnailUrl\":\"https:\\\/\\\/www.notibras.com\\\/site\\\/wp-content\\\/uploads\\\/2026\\\/08\\\/WhatsApp-Image-2026-08-30-at-21.15.52.jpeg\",\"datePublished\":\"2026-08-30T21:01:58+00:00\",\"dateModified\":\"2026-08-31T04:53:58+00:00\",\"breadcrumb\":{\"@id\":\"https:\\\/\\\/www.notibras.com\\\/site\\\/gama-coroa-ano-de-conquistas-com-o-retorno-garantido-a-serie-c\\\/#breadcrumb\"},\"inLanguage\":\"pt-BR\",\"potentialAction\":[{\"@type\":\"ReadAction\",\"target\":[\"https:\\\/\\\/www.notibras.com\\\/site\\\/gama-coroa-ano-de-conquistas-com-o-retorno-garantido-a-serie-c\\\/\"]}]},{\"@type\":\"ImageObject\",\"inLanguage\":\"pt-BR\",\"@id\":\"https:\\\/\\\/www.notibras.com\\\/site\\\/gama-coroa-ano-de-conquistas-com-o-retorno-garantido-a-serie-c\\\/#primaryimage\",\"url\":\"https:\\\/\\\/www.notibras.com\\\/site\\\/wp-content\\\/uploads\\\/2026\\\/08\\\/WhatsApp-Image-2026-08-30-at-21.15.52.jpeg\",\"contentUrl\":\"https:\\\/\\\/www.notibras.com\\\/site\\\/wp-content\\\/uploads\\\/2026\\\/08\\\/WhatsApp-Image-2026-08-30-at-21.15.52.jpeg\",\"width\":1170,\"height\":876},{\"@type\":\"BreadcrumbList\",\"@id\":\"https:\\\/\\\/www.notibras.com\\\/site\\\/gama-coroa-ano-de-conquistas-com-o-retorno-garantido-a-serie-c\\\/#breadcrumb\",\"itemListElement\":[{\"@type\":\"ListItem\",\"position\":1,\"name\":\"In\u00edcio\",\"item\":\"https:\\\/\\\/www.notibras.com\\\/site\\\/\"},{\"@type\":\"ListItem\",\"position\":2,\"name\":\"Gama coroa ano de conquistas com o retorno garantido \u00e0 S\u00e9rie C\"}]},{\"@type\":\"WebSite\",\"@id\":\"https:\\\/\\\/www.notibras.com\\\/site\\\/#website\",\"url\":\"https:\\\/\\\/www.notibras.com\\\/site\\\/\",\"name\":\"Notibras\",\"description\":\"Not\u00edcias de Bras\u00edlia, do Brasil e do Mundo\",\"publisher\":{\"@id\":\"https:\\\/\\\/www.notibras.com\\\/site\\\/#organization\"},\"potentialAction\":[{\"@type\":\"SearchAction\",\"target\":{\"@type\":\"EntryPoint\",\"urlTemplate\":\"https:\\\/\\\/www.notibras.com\\\/site\\\/?s={search_term_string}\"},\"query-input\":{\"@type\":\"PropertyValueSpecification\",\"valueRequired\":true,\"valueName\":\"search_term_string\"}}],\"inLanguage\":\"pt-BR\"},{\"@type\":\"Organization\",\"@id\":\"https:\\\/\\\/www.notibras.com\\\/site\\\/#organization\",\"name\":\"Grupo Notibras de Comunica\u00e7\u00e3o\",\"url\":\"https:\\\/\\\/www.notibras.com\\\/site\\\/\",\"logo\":{\"@type\":\"ImageObject\",\"inLanguage\":\"pt-BR\",\"@id\":\"https:\\\/\\\/www.notibras.com\\\/site\\\/#\\\/schema\\\/logo\\\/image\\\/\",\"url\":\"https:\\\/\\\/www.notibras.com\\\/site\\\/wp-content\\\/uploads\\\/2023\\\/01\\\/notibras23.png\",\"contentUrl\":\"https:\\\/\\\/www.notibras.com\\\/site\\\/wp-content\\\/uploads\\\/2023\\\/01\\\/notibras23.png\",\"width\":350,\"height\":87,\"caption\":\"Grupo Notibras de Comunica\u00e7\u00e3o\"},\"image\":{\"@id\":\"https:\\\/\\\/www.notibras.com\\\/site\\\/#\\\/schema\\\/logo\\\/image\\\/\"},\"sameAs\":[\"https:\\\/\\\/www.facebook.com\\\/notibras\\\/\",\"https:\\\/\\\/x.com\\\/Notibras\",\"https:\\\/\\\/www.instagram.com\\\/notibras\\\/\"]},{\"@type\":\"Person\",\"@id\":\"https:\\\/\\\/www.notibras.com\\\/site\\\/#\\\/schema\\\/person\\\/5b7fabf2aedc3ada2105f03b22b4d3dd\",\"name\":\"Eduardo Mart\u00ednez\",\"image\":{\"@type\":\"ImageObject\",\"inLanguage\":\"pt-BR\",\"@id\":\"https:\\\/\\\/secure.gravatar.com\\\/avatar\\\/7902f906289926289cbcda644b5197c796b893c6ffd7b9a536a42d290f7704a0?s=96&d=mm&r=g\",\"url\":\"https:\\\/\\\/secure.gravatar.com\\\/avatar\\\/7902f906289926289cbcda644b5197c796b893c6ffd7b9a536a42d290f7704a0?s=96&d=mm&r=g\",\"contentUrl\":\"https:\\\/\\\/secure.gravatar.com\\\/avatar\\\/7902f906289926289cbcda644b5197c796b893c6ffd7b9a536a42d290f7704a0?s=96&d=mm&r=g\",\"caption\":\"Eduardo Mart\u00ednez\"}}]}<\/script>\n<!-- \/ Yoast SEO plugin. -->","yoast_head_json":{"title":"Gama coroa ano de conquistas com o retorno garantido \u00e0 S\u00e9rie C - Notibras","robots":{"index":"index","follow":"follow","max-snippet":"max-snippet:-1","max-image-preview":"max-image-preview:large","max-video-preview":"max-video-preview:-1"},"canonical":"https:\/\/www.notibras.com\/site\/gama-coroa-ano-de-conquistas-com-o-retorno-garantido-a-serie-c\/","og_locale":"pt_BR","og_type":"article","og_title":"Gama coroa ano de conquistas com o retorno garantido \u00e0 S\u00e9rie C - Notibras","og_description":"O Gama encerrou sua participa\u00e7\u00e3o na S\u00e9rie D do Campeonato Brasileiro com a cabe\u00e7a erguida e o sentimento de dever cumprido. Na tarde deste domingo (30), o alviverde empatou sem gols com o ASA no Est\u00e1dio Bezerr\u00e3o e se despediu da competi\u00e7\u00e3o na fase semifinal. Apesar de n\u00e3o ter alcan\u00e7ado a grande final\u00edssima nacional, o [&hellip;]","og_url":"https:\/\/www.notibras.com\/site\/gama-coroa-ano-de-conquistas-com-o-retorno-garantido-a-serie-c\/","og_site_name":"Notibras","article_publisher":"https:\/\/www.facebook.com\/notibras\/","article_published_time":"2026-08-30T21:01:58+00:00","article_modified_time":"2026-08-31T04:53:58+00:00","og_image":[{"width":1170,"height":876,"url":"https:\/\/www.notibras.com\/site\/wp-content\/uploads\/2026\/08\/WhatsApp-Image-2026-08-30-at-21.15.52.jpeg","type":"image\/jpeg"}],"author":"Eduardo Mart\u00ednez","twitter_card":"summary_large_image","twitter_creator":"@Notibras","twitter_site":"@Notibras","twitter_misc":{"Escrito por":"Eduardo Mart\u00ednez","Est. tempo de leitura":"4 minutos"},"schema":{"@context":"https:\/\/schema.org","@graph":[{"@type":"Article","@id":"https:\/\/www.notibras.com\/site\/gama-coroa-ano-de-conquistas-com-o-retorno-garantido-a-serie-c\/#article","isPartOf":{"@id":"https:\/\/www.notibras.com\/site\/gama-coroa-ano-de-conquistas-com-o-retorno-garantido-a-serie-c\/"},"author":{"name":"Eduardo Mart\u00ednez","@id":"https:\/\/www.notibras.com\/site\/#\/schema\/person\/5b7fabf2aedc3ada2105f03b22b4d3dd"},"headline":"Gama coroa ano de conquistas com o retorno garantido \u00e0 S\u00e9rie C","datePublished":"2026-08-30T21:01:58+00:00","dateModified":"2026-08-31T04:53:58+00:00","mainEntityOfPage":{"@id":"https:\/\/www.notibras.com\/site\/gama-coroa-ano-de-conquistas-com-o-retorno-garantido-a-serie-c\/"},"wordCount":664,"publisher":{"@id":"https:\/\/www.notibras.com\/site\/#organization"},"image":{"@id":"https:\/\/www.notibras.com\/site\/gama-coroa-ano-de-conquistas-com-o-retorno-garantido-a-serie-c\/#primaryimage"},"thumbnailUrl":"https:\/\/www.notibras.com\/site\/wp-content\/uploads\/2026\/08\/WhatsApp-Image-2026-08-30-at-21.15.52.jpeg","articleSection":["Esportes"],"inLanguage":"pt-BR"},{"@type":"WebPage","@id":"https:\/\/www.notibras.com\/site\/gama-coroa-ano-de-conquistas-com-o-retorno-garantido-a-serie-c\/","url":"https:\/\/www.notibras.com\/site\/gama-coroa-ano-de-conquistas-com-o-retorno-garantido-a-serie-c\/","name":"Gama coroa ano de conquistas com o retorno garantido \u00e0 S\u00e9rie C - Notibras","isPartOf":{"@id":"https:\/\/www.notibras.com\/site\/#website"},"primaryImageOfPage":{"@id":"https:\/\/www.notibras.com\/site\/gama-coroa-ano-de-conquistas-com-o-retorno-garantido-a-serie-c\/#primaryimage"},"image":{"@id":"https:\/\/www.notibras.com\/site\/gama-coroa-ano-de-conquistas-com-o-retorno-garantido-a-serie-c\/#primaryimage"},"thumbnailUrl":"https:\/\/www.notibras.com\/site\/wp-content\/uploads\/2026\/08\/WhatsApp-Image-2026-08-30-at-21.15.52.jpeg","datePublished":"2026-08-30T21:01:58+00:00","dateModified":"2026-08-31T04:53:58+00:00","breadcrumb":{"@id":"https:\/\/www.notibras.com\/site\/gama-coroa-ano-de-conquistas-com-o-retorno-garantido-a-serie-c\/#breadcrumb"},"inLanguage":"pt-BR","potentialAction":[{"@type":"ReadAction","target":["https:\/\/www.notibras.com\/site\/gama-coroa-ano-de-conquistas-com-o-retorno-garantido-a-serie-c\/"]}]},{"@type":"ImageObject","inLanguage":"pt-BR","@id":"https:\/\/www.notibras.com\/site\/gama-coroa-ano-de-conquistas-com-o-retorno-garantido-a-serie-c\/#primaryimage","url":"https:\/\/www.notibras.com\/site\/wp-content\/uploads\/2026\/08\/WhatsApp-Image-2026-08-30-at-21.15.52.jpeg","contentUrl":"https:\/\/www.notibras.com\/site\/wp-content\/uploads\/2026\/08\/WhatsApp-Image-2026-08-30-at-21.15.52.jpeg","width":1170,"height":876},{"@type":"BreadcrumbList","@id":"https:\/\/www.notibras.com\/site\/gama-coroa-ano-de-conquistas-com-o-retorno-garantido-a-serie-c\/#breadcrumb","itemListElement":[{"@type":"ListItem","position":1,"name":"In\u00edcio","item":"https:\/\/www.notibras.com\/site\/"},{"@type":"ListItem","position":2,"name":"Gama coroa ano de conquistas com o retorno garantido \u00e0 S\u00e9rie C"}]},{"@type":"WebSite","@id":"https:\/\/www.notibras.com\/site\/#website","url":"https:\/\/www.notibras.com\/site\/","name":"Notibras","description":"Not\u00edcias de Bras\u00edlia, do Brasil e do Mundo","publisher":{"@id":"https:\/\/www.notibras.com\/site\/#organization"},"potentialAction":[{"@type":"SearchAction","target":{"@type":"EntryPoint","urlTemplate":"https:\/\/www.notibras.com\/site\/?s={search_term_string}"},"query-input":{"@type":"PropertyValueSpecification","valueRequired":true,"valueName":"search_term_string"}}],"inLanguage":"pt-BR"},{"@type":"Organization","@id":"https:\/\/www.notibras.com\/site\/#organization","name":"Grupo Notibras de Comunica\u00e7\u00e3o","url":"https:\/\/www.notibras.com\/site\/","logo":{"@type":"ImageObject","inLanguage":"pt-BR","@id":"https:\/\/www.notibras.com\/site\/#\/schema\/logo\/image\/","url":"https:\/\/www.notibras.com\/site\/wp-content\/uploads\/2023\/01\/notibras23.png","contentUrl":"https:\/\/www.notibras.com\/site\/wp-content\/uploads\/2023\/01\/notibras23.png","width":350,"height":87,"caption":"Grupo Notibras de Comunica\u00e7\u00e3o"},"image":{"@id":"https:\/\/www.notibras.com\/site\/#\/schema\/logo\/image\/"},"sameAs":["https:\/\/www.facebook.com\/notibras\/","https:\/\/x.com\/Notibras","https:\/\/www.instagram.com\/notibras\/"]},{"@type":"Person","@id":"https:\/\/www.notibras.com\/site\/#\/schema\/person\/5b7fabf2aedc3ada2105f03b22b4d3dd","name":"Eduardo Mart\u00ednez","image":{"@type":"ImageObject","inLanguage":"pt-BR","@id":"https:\/\/secure.gravatar.com\/avatar\/7902f906289926289cbcda644b5197c796b893c6ffd7b9a536a42d290f7704a0?s=96&d=mm&r=g","url":"https:\/\/secure.gravatar.com\/avatar\/7902f906289926289cbcda644b5197c796b893c6ffd7b9a536a42d290f7704a0?s=96&d=mm&r=g","contentUrl":"https:\/\/secure.gravatar.com\/avatar\/7902f906289926289cbcda644b5197c796b893c6ffd7b9a536a42d290f7704a0?s=96&d=mm&r=g","caption":"Eduardo Mart\u00ednez"}}]}},"_links":{"self":[{"href":"https:\/\/www.notibras.com\/site\/wp-json\/wp\/v2\/posts\/408752","targetHints":{"allow":["GET"]}}],"collection":[{"href":"https:\/\/www.notibras.com\/site\/wp-json\/wp\/v2\/posts"}],"about":[{"href":"https:\/\/www.notibras.com\/site\/wp-json\/wp\/v2\/types\/post"}],"author":[{"embeddable":true,"href":"https:\/\/www.notibras.com\/site\/wp-json\/wp\/v2\/users\/21"}],"replies":[{"embeddable":true,"href":"https:\/\/www.notibras.com\/site\/wp-json\/wp\/v2\/comments?post=408752"}],"version-history":[{"count":3,"href":"https:\/\/www.notibras.com\/site\/wp-json\/wp\/v2\/posts\/408752\/revisions"}],"predecessor-version":[{"id":408757,"href":"https:\/\/www.notibras.com\/site\/wp-json\/wp\/v2\/posts\/408752\/revisions\/408757"}],"wp:featuredmedia":[{"embeddable":true,"href":"https:\/\/www.notibras.com\/site\/wp-json\/wp\/v2\/media\/408753"}],"wp:attachment":[{"href":"https:\/\/www.notibras.com\/site\/wp-json\/wp\/v2\/media?parent=408752"}],"wp:term":[{"taxonomy":"category","embeddable":true,"href":"https:\/\/www.notibras.com\/site\/wp-json\/wp\/v2\/categories?post=408752"},{"taxonomy":"post_tag","embeddable":true,"href":"https:\/\/www.notibras.com\/site\/wp-json\/wp\/v2\/tags?post=408752"},{"taxonomy":"tmauthors","embeddable":true,"href":"https:\/\/www.notibras.com\/site\/wp-json\/wp\/v2\/tmauthors?post=408752"}],"curies":[{"name":"wp","href":"https:\/\/api.w.org\/{rel}","templated":true}]}}