{"id":408760,"date":"2026-08-30T21:39:01","date_gmt":"2026-08-31T00:39:01","guid":{"rendered":"https:\/\/www.notibras.com\/site\/?p=408760"},"modified":"2026-08-30T21:39:01","modified_gmt":"2026-08-31T00:39:01","slug":"chefe-de-faccao-criminosa-do-parana-e-encontrado-morto","status":"publish","type":"post","link":"https:\/\/www.notibras.com\/site\/chefe-de-faccao-criminosa-do-parana-e-encontrado-morto\/","title":{"rendered":"Chefe de fac\u00e7\u00e3o criminosa do Paran\u00e1 \u00e9 encontrado morto"},"content":{"rendered":"<p>O chefe de uma organiza\u00e7\u00e3o criminosa do Paran\u00e1, custodiado no Distrito Federal, foi encontrado morto em sua cela na manh\u00e3 deste domingo (30). O preso foi identificado como Marcos Silas Neves de Souza, de 42 anos. De acordo com a Secretaria Nacional de Pol\u00edticas Penais (Senappen), a causa da morte foi constatada como suic\u00eddio.<\/p>\n<p>O \u00f3bito foi descoberto pelos agentes penais logo nas primeiras horas do dia. Segundo nota oficial divulgada pela Senappen, Marcos Silas estava desacordado no momento em que as equipes realizavam a primeira rotina de revista di\u00e1ria e a entrega de alimenta\u00e7\u00e3o da manh\u00e3 na unidade federal. O socorro m\u00e9dico foi imediatamente acionado, mas apenas p\u00f4de confirmar o falecimento do detento.<\/p>\n<p>Ap\u00f3s a constata\u00e7\u00e3o do ocorrido, a dire\u00e7\u00e3o da Penitenci\u00e1ria Federal de Bras\u00edlia iniciou os protocolos padr\u00e3o para isolar o local e periciar as circunst\u00e2ncias do fato. Em comunicado, a secretaria informou que &#8220;os \u00f3rg\u00e3os competentes e demais atores envolvidos j\u00e1 foram acionados, e os procedimentos cab\u00edveis est\u00e3o em andamento&#8221; para a apura\u00e7\u00e3o completa do caso.<\/p>\n<p>Marcos Silas estava atr\u00e1s das grades desde o ano de 2021, quando foi capturado pelas for\u00e7as de seguran\u00e7a no estado de S\u00e3o Paulo. Na ocasi\u00e3o, o criminoso tentava realizar uma cirurgia pl\u00e1stica para mudar de fisionomia e despistar as autoridades. Ele comandava a organiza\u00e7\u00e3o conhecida como Cartel do Sul, que mantinha forte alian\u00e7a com a fac\u00e7\u00e3o Comando Vermelho na regi\u00e3o do Paran\u00e1.<\/p>\n<p>Investiga\u00e7\u00f5es conduzidas pela Pol\u00edcia Federal (PF) apontavam o detento como um dos maiores traficantes de coca\u00edna em atividade no territ\u00f3rio brasileiro. O esquema criminoso movimentava milh\u00f5es e possu\u00eda uma estrutura sofisticada para ocultar a origem do dinheiro il\u00edcito, utilizando a compra de bens imobili\u00e1rios de alto padr\u00e3o na regi\u00e3o sul do pa\u00eds.<\/p>\n<p>A PF descobriu que a lavagem do dinheiro oriundo do tr\u00e1fico internacional de drogas era realizada por meio da aquisi\u00e7\u00e3o de im\u00f3veis de luxo no litoral do estado de Santa Catarina. Durante o curso das investiga\u00e7\u00f5es, as autoridades federais conseguiram identificar que Marcos Silas era propriet\u00e1rio de um patrim\u00f4nio oculto composto por 260 apartamentos na regi\u00e3o litor\u00e2nea.<\/p>\n","protected":false},"excerpt":{"rendered":"<p>O chefe de uma organiza\u00e7\u00e3o criminosa do Paran\u00e1, custodiado no Distrito Federal, foi encontrado morto em sua cela na manh\u00e3 deste domingo (30). O preso foi identificado como Marcos Silas Neves de Souza, de 42 anos. De acordo com a Secretaria Nacional de Pol\u00edticas Penais (Senappen), a causa da morte foi constatada como suic\u00eddio. O [&hellip;]<\/p>\n","protected":false},"author":21,"featured_media":408761,"comment_status":"closed","ping_status":"closed","sticky":false,"template":"","format":"standard","meta":{"_acf_changed":false,"footnotes":""},"categories":[161],"tags":[],"tmauthors":[306],"class_list":["post-408760","post","type-post","status-publish","format-standard","has-post-thumbnail","category-quadradinho-em-foco"],"acf":[],"yoast_head":"<!-- This site is optimized with the Yoast SEO plugin v28.0 - https:\/\/yoast.com\/product\/yoast-seo-wordpress\/ -->\n<title>Chefe de fac\u00e7\u00e3o criminosa do Paran\u00e1 \u00e9 encontrado morto - Notibras<\/title>\n<meta name=\"robots\" content=\"index, follow, max-snippet:-1, max-image-preview:large, max-video-preview:-1\" \/>\n<link rel=\"canonical\" href=\"https:\/\/www.notibras.com\/site\/chefe-de-faccao-criminosa-do-parana-e-encontrado-morto\/\" \/>\n<meta property=\"og:locale\" content=\"pt_BR\" \/>\n<meta property=\"og:type\" content=\"article\" \/>\n<meta property=\"og:title\" content=\"Chefe de fac\u00e7\u00e3o criminosa do Paran\u00e1 \u00e9 encontrado morto - Notibras\" \/>\n<meta property=\"og:description\" content=\"O chefe de uma organiza\u00e7\u00e3o criminosa do Paran\u00e1, custodiado no Distrito Federal, foi encontrado morto em sua cela na manh\u00e3 deste domingo (30). O preso foi identificado como Marcos Silas Neves de Souza, de 42 anos. De acordo com a Secretaria Nacional de Pol\u00edticas Penais (Senappen), a causa da morte foi constatada como suic\u00eddio. O [&hellip;]\" \/>\n<meta property=\"og:url\" content=\"https:\/\/www.notibras.com\/site\/chefe-de-faccao-criminosa-do-parana-e-encontrado-morto\/\" \/>\n<meta property=\"og:site_name\" content=\"Notibras\" \/>\n<meta property=\"article:publisher\" content=\"https:\/\/www.facebook.com\/notibras\/\" \/>\n<meta property=\"article:published_time\" content=\"2026-08-31T00:39:01+00:00\" \/>\n<meta property=\"og:image\" content=\"https:\/\/www.notibras.com\/site\/wp-content\/uploads\/2026\/08\/WhatsApp-Image-2026-08-30-at-21.38.14.jpeg\" \/>\n\t<meta property=\"og:image:width\" content=\"834\" \/>\n\t<meta property=\"og:image:height\" content=\"628\" \/>\n\t<meta property=\"og:image:type\" content=\"image\/jpeg\" \/>\n<meta name=\"author\" content=\"Eduardo Mart\u00ednez\" \/>\n<meta name=\"twitter:card\" content=\"summary_large_image\" \/>\n<meta name=\"twitter:creator\" content=\"@Notibras\" \/>\n<meta name=\"twitter:site\" content=\"@Notibras\" \/>\n<meta name=\"twitter:label1\" content=\"Escrito por\" \/>\n\t<meta name=\"twitter:data1\" content=\"Eduardo Mart\u00ednez\" \/>\n\t<meta name=\"twitter:label2\" content=\"Est. tempo de leitura\" \/>\n\t<meta name=\"twitter:data2\" content=\"3 minutos\" \/>\n<script type=\"application\/ld+json\" class=\"yoast-schema-graph\">{\"@context\":\"https:\\\/\\\/schema.org\",\"@graph\":[{\"@type\":\"Article\",\"@id\":\"https:\\\/\\\/www.notibras.com\\\/site\\\/chefe-de-faccao-criminosa-do-parana-e-encontrado-morto\\\/#article\",\"isPartOf\":{\"@id\":\"https:\\\/\\\/www.notibras.com\\\/site\\\/chefe-de-faccao-criminosa-do-parana-e-encontrado-morto\\\/\"},\"author\":{\"name\":\"Eduardo Mart\u00ednez\",\"@id\":\"https:\\\/\\\/www.notibras.com\\\/site\\\/#\\\/schema\\\/person\\\/5b7fabf2aedc3ada2105f03b22b4d3dd\"},\"headline\":\"Chefe de fac\u00e7\u00e3o criminosa do Paran\u00e1 \u00e9 encontrado morto\",\"datePublished\":\"2026-08-31T00:39:01+00:00\",\"mainEntityOfPage\":{\"@id\":\"https:\\\/\\\/www.notibras.com\\\/site\\\/chefe-de-faccao-criminosa-do-parana-e-encontrado-morto\\\/\"},\"wordCount\":392,\"publisher\":{\"@id\":\"https:\\\/\\\/www.notibras.com\\\/site\\\/#organization\"},\"image\":{\"@id\":\"https:\\\/\\\/www.notibras.com\\\/site\\\/chefe-de-faccao-criminosa-do-parana-e-encontrado-morto\\\/#primaryimage\"},\"thumbnailUrl\":\"https:\\\/\\\/www.notibras.com\\\/site\\\/wp-content\\\/uploads\\\/2026\\\/08\\\/WhatsApp-Image-2026-08-30-at-21.38.14.jpeg\",\"articleSection\":[\"Quadradinho em Foco\"],\"inLanguage\":\"pt-BR\"},{\"@type\":\"WebPage\",\"@id\":\"https:\\\/\\\/www.notibras.com\\\/site\\\/chefe-de-faccao-criminosa-do-parana-e-encontrado-morto\\\/\",\"url\":\"https:\\\/\\\/www.notibras.com\\\/site\\\/chefe-de-faccao-criminosa-do-parana-e-encontrado-morto\\\/\",\"name\":\"Chefe de fac\u00e7\u00e3o criminosa do Paran\u00e1 \u00e9 encontrado morto - Notibras\",\"isPartOf\":{\"@id\":\"https:\\\/\\\/www.notibras.com\\\/site\\\/#website\"},\"primaryImageOfPage\":{\"@id\":\"https:\\\/\\\/www.notibras.com\\\/site\\\/chefe-de-faccao-criminosa-do-parana-e-encontrado-morto\\\/#primaryimage\"},\"image\":{\"@id\":\"https:\\\/\\\/www.notibras.com\\\/site\\\/chefe-de-faccao-criminosa-do-parana-e-encontrado-morto\\\/#primaryimage\"},\"thumbnailUrl\":\"https:\\\/\\\/www.notibras.com\\\/site\\\/wp-content\\\/uploads\\\/2026\\\/08\\\/WhatsApp-Image-2026-08-30-at-21.38.14.jpeg\",\"datePublished\":\"2026-08-31T00:39:01+00:00\",\"breadcrumb\":{\"@id\":\"https:\\\/\\\/www.notibras.com\\\/site\\\/chefe-de-faccao-criminosa-do-parana-e-encontrado-morto\\\/#breadcrumb\"},\"inLanguage\":\"pt-BR\",\"potentialAction\":[{\"@type\":\"ReadAction\",\"target\":[\"https:\\\/\\\/www.notibras.com\\\/site\\\/chefe-de-faccao-criminosa-do-parana-e-encontrado-morto\\\/\"]}]},{\"@type\":\"ImageObject\",\"inLanguage\":\"pt-BR\",\"@id\":\"https:\\\/\\\/www.notibras.com\\\/site\\\/chefe-de-faccao-criminosa-do-parana-e-encontrado-morto\\\/#primaryimage\",\"url\":\"https:\\\/\\\/www.notibras.com\\\/site\\\/wp-content\\\/uploads\\\/2026\\\/08\\\/WhatsApp-Image-2026-08-30-at-21.38.14.jpeg\",\"contentUrl\":\"https:\\\/\\\/www.notibras.com\\\/site\\\/wp-content\\\/uploads\\\/2026\\\/08\\\/WhatsApp-Image-2026-08-30-at-21.38.14.jpeg\",\"width\":834,\"height\":628},{\"@type\":\"BreadcrumbList\",\"@id\":\"https:\\\/\\\/www.notibras.com\\\/site\\\/chefe-de-faccao-criminosa-do-parana-e-encontrado-morto\\\/#breadcrumb\",\"itemListElement\":[{\"@type\":\"ListItem\",\"position\":1,\"name\":\"In\u00edcio\",\"item\":\"https:\\\/\\\/www.notibras.com\\\/site\\\/\"},{\"@type\":\"ListItem\",\"position\":2,\"name\":\"Chefe de fac\u00e7\u00e3o criminosa do Paran\u00e1 \u00e9 encontrado morto\"}]},{\"@type\":\"WebSite\",\"@id\":\"https:\\\/\\\/www.notibras.com\\\/site\\\/#website\",\"url\":\"https:\\\/\\\/www.notibras.com\\\/site\\\/\",\"name\":\"Notibras\",\"description\":\"Not\u00edcias de Bras\u00edlia, do Brasil e do Mundo\",\"publisher\":{\"@id\":\"https:\\\/\\\/www.notibras.com\\\/site\\\/#organization\"},\"potentialAction\":[{\"@type\":\"SearchAction\",\"target\":{\"@type\":\"EntryPoint\",\"urlTemplate\":\"https:\\\/\\\/www.notibras.com\\\/site\\\/?s={search_term_string}\"},\"query-input\":{\"@type\":\"PropertyValueSpecification\",\"valueRequired\":true,\"valueName\":\"search_term_string\"}}],\"inLanguage\":\"pt-BR\"},{\"@type\":\"Organization\",\"@id\":\"https:\\\/\\\/www.notibras.com\\\/site\\\/#organization\",\"name\":\"Grupo Notibras de Comunica\u00e7\u00e3o\",\"url\":\"https:\\\/\\\/www.notibras.com\\\/site\\\/\",\"logo\":{\"@type\":\"ImageObject\",\"inLanguage\":\"pt-BR\",\"@id\":\"https:\\\/\\\/www.notibras.com\\\/site\\\/#\\\/schema\\\/logo\\\/image\\\/\",\"url\":\"https:\\\/\\\/www.notibras.com\\\/site\\\/wp-content\\\/uploads\\\/2023\\\/01\\\/notibras23.png\",\"contentUrl\":\"https:\\\/\\\/www.notibras.com\\\/site\\\/wp-content\\\/uploads\\\/2023\\\/01\\\/notibras23.png\",\"width\":350,\"height\":87,\"caption\":\"Grupo Notibras de Comunica\u00e7\u00e3o\"},\"image\":{\"@id\":\"https:\\\/\\\/www.notibras.com\\\/site\\\/#\\\/schema\\\/logo\\\/image\\\/\"},\"sameAs\":[\"https:\\\/\\\/www.facebook.com\\\/notibras\\\/\",\"https:\\\/\\\/x.com\\\/Notibras\",\"https:\\\/\\\/www.instagram.com\\\/notibras\\\/\"]},{\"@type\":\"Person\",\"@id\":\"https:\\\/\\\/www.notibras.com\\\/site\\\/#\\\/schema\\\/person\\\/5b7fabf2aedc3ada2105f03b22b4d3dd\",\"name\":\"Eduardo Mart\u00ednez\",\"image\":{\"@type\":\"ImageObject\",\"inLanguage\":\"pt-BR\",\"@id\":\"https:\\\/\\\/secure.gravatar.com\\\/avatar\\\/7902f906289926289cbcda644b5197c796b893c6ffd7b9a536a42d290f7704a0?s=96&d=mm&r=g\",\"url\":\"https:\\\/\\\/secure.gravatar.com\\\/avatar\\\/7902f906289926289cbcda644b5197c796b893c6ffd7b9a536a42d290f7704a0?s=96&d=mm&r=g\",\"contentUrl\":\"https:\\\/\\\/secure.gravatar.com\\\/avatar\\\/7902f906289926289cbcda644b5197c796b893c6ffd7b9a536a42d290f7704a0?s=96&d=mm&r=g\",\"caption\":\"Eduardo Mart\u00ednez\"}}]}<\/script>\n<!-- \/ Yoast SEO plugin. -->","yoast_head_json":{"title":"Chefe de fac\u00e7\u00e3o criminosa do Paran\u00e1 \u00e9 encontrado morto - Notibras","robots":{"index":"index","follow":"follow","max-snippet":"max-snippet:-1","max-image-preview":"max-image-preview:large","max-video-preview":"max-video-preview:-1"},"canonical":"https:\/\/www.notibras.com\/site\/chefe-de-faccao-criminosa-do-parana-e-encontrado-morto\/","og_locale":"pt_BR","og_type":"article","og_title":"Chefe de fac\u00e7\u00e3o criminosa do Paran\u00e1 \u00e9 encontrado morto - Notibras","og_description":"O chefe de uma organiza\u00e7\u00e3o criminosa do Paran\u00e1, custodiado no Distrito Federal, foi encontrado morto em sua cela na manh\u00e3 deste domingo (30). O preso foi identificado como Marcos Silas Neves de Souza, de 42 anos. De acordo com a Secretaria Nacional de Pol\u00edticas Penais (Senappen), a causa da morte foi constatada como suic\u00eddio. O [&hellip;]","og_url":"https:\/\/www.notibras.com\/site\/chefe-de-faccao-criminosa-do-parana-e-encontrado-morto\/","og_site_name":"Notibras","article_publisher":"https:\/\/www.facebook.com\/notibras\/","article_published_time":"2026-08-31T00:39:01+00:00","og_image":[{"width":834,"height":628,"url":"https:\/\/www.notibras.com\/site\/wp-content\/uploads\/2026\/08\/WhatsApp-Image-2026-08-30-at-21.38.14.jpeg","type":"image\/jpeg"}],"author":"Eduardo Mart\u00ednez","twitter_card":"summary_large_image","twitter_creator":"@Notibras","twitter_site":"@Notibras","twitter_misc":{"Escrito por":"Eduardo Mart\u00ednez","Est. tempo de leitura":"3 minutos"},"schema":{"@context":"https:\/\/schema.org","@graph":[{"@type":"Article","@id":"https:\/\/www.notibras.com\/site\/chefe-de-faccao-criminosa-do-parana-e-encontrado-morto\/#article","isPartOf":{"@id":"https:\/\/www.notibras.com\/site\/chefe-de-faccao-criminosa-do-parana-e-encontrado-morto\/"},"author":{"name":"Eduardo Mart\u00ednez","@id":"https:\/\/www.notibras.com\/site\/#\/schema\/person\/5b7fabf2aedc3ada2105f03b22b4d3dd"},"headline":"Chefe de fac\u00e7\u00e3o criminosa do Paran\u00e1 \u00e9 encontrado morto","datePublished":"2026-08-31T00:39:01+00:00","mainEntityOfPage":{"@id":"https:\/\/www.notibras.com\/site\/chefe-de-faccao-criminosa-do-parana-e-encontrado-morto\/"},"wordCount":392,"publisher":{"@id":"https:\/\/www.notibras.com\/site\/#organization"},"image":{"@id":"https:\/\/www.notibras.com\/site\/chefe-de-faccao-criminosa-do-parana-e-encontrado-morto\/#primaryimage"},"thumbnailUrl":"https:\/\/www.notibras.com\/site\/wp-content\/uploads\/2026\/08\/WhatsApp-Image-2026-08-30-at-21.38.14.jpeg","articleSection":["Quadradinho em Foco"],"inLanguage":"pt-BR"},{"@type":"WebPage","@id":"https:\/\/www.notibras.com\/site\/chefe-de-faccao-criminosa-do-parana-e-encontrado-morto\/","url":"https:\/\/www.notibras.com\/site\/chefe-de-faccao-criminosa-do-parana-e-encontrado-morto\/","name":"Chefe de fac\u00e7\u00e3o criminosa do Paran\u00e1 \u00e9 encontrado morto - Notibras","isPartOf":{"@id":"https:\/\/www.notibras.com\/site\/#website"},"primaryImageOfPage":{"@id":"https:\/\/www.notibras.com\/site\/chefe-de-faccao-criminosa-do-parana-e-encontrado-morto\/#primaryimage"},"image":{"@id":"https:\/\/www.notibras.com\/site\/chefe-de-faccao-criminosa-do-parana-e-encontrado-morto\/#primaryimage"},"thumbnailUrl":"https:\/\/www.notibras.com\/site\/wp-content\/uploads\/2026\/08\/WhatsApp-Image-2026-08-30-at-21.38.14.jpeg","datePublished":"2026-08-31T00:39:01+00:00","breadcrumb":{"@id":"https:\/\/www.notibras.com\/site\/chefe-de-faccao-criminosa-do-parana-e-encontrado-morto\/#breadcrumb"},"inLanguage":"pt-BR","potentialAction":[{"@type":"ReadAction","target":["https:\/\/www.notibras.com\/site\/chefe-de-faccao-criminosa-do-parana-e-encontrado-morto\/"]}]},{"@type":"ImageObject","inLanguage":"pt-BR","@id":"https:\/\/www.notibras.com\/site\/chefe-de-faccao-criminosa-do-parana-e-encontrado-morto\/#primaryimage","url":"https:\/\/www.notibras.com\/site\/wp-content\/uploads\/2026\/08\/WhatsApp-Image-2026-08-30-at-21.38.14.jpeg","contentUrl":"https:\/\/www.notibras.com\/site\/wp-content\/uploads\/2026\/08\/WhatsApp-Image-2026-08-30-at-21.38.14.jpeg","width":834,"height":628},{"@type":"BreadcrumbList","@id":"https:\/\/www.notibras.com\/site\/chefe-de-faccao-criminosa-do-parana-e-encontrado-morto\/#breadcrumb","itemListElement":[{"@type":"ListItem","position":1,"name":"In\u00edcio","item":"https:\/\/www.notibras.com\/site\/"},{"@type":"ListItem","position":2,"name":"Chefe de fac\u00e7\u00e3o criminosa do Paran\u00e1 \u00e9 encontrado morto"}]},{"@type":"WebSite","@id":"https:\/\/www.notibras.com\/site\/#website","url":"https:\/\/www.notibras.com\/site\/","name":"Notibras","description":"Not\u00edcias de Bras\u00edlia, do Brasil e do Mundo","publisher":{"@id":"https:\/\/www.notibras.com\/site\/#organization"},"potentialAction":[{"@type":"SearchAction","target":{"@type":"EntryPoint","urlTemplate":"https:\/\/www.notibras.com\/site\/?s={search_term_string}"},"query-input":{"@type":"PropertyValueSpecification","valueRequired":true,"valueName":"search_term_string"}}],"inLanguage":"pt-BR"},{"@type":"Organization","@id":"https:\/\/www.notibras.com\/site\/#organization","name":"Grupo Notibras de Comunica\u00e7\u00e3o","url":"https:\/\/www.notibras.com\/site\/","logo":{"@type":"ImageObject","inLanguage":"pt-BR","@id":"https:\/\/www.notibras.com\/site\/#\/schema\/logo\/image\/","url":"https:\/\/www.notibras.com\/site\/wp-content\/uploads\/2023\/01\/notibras23.png","contentUrl":"https:\/\/www.notibras.com\/site\/wp-content\/uploads\/2023\/01\/notibras23.png","width":350,"height":87,"caption":"Grupo Notibras de Comunica\u00e7\u00e3o"},"image":{"@id":"https:\/\/www.notibras.com\/site\/#\/schema\/logo\/image\/"},"sameAs":["https:\/\/www.facebook.com\/notibras\/","https:\/\/x.com\/Notibras","https:\/\/www.instagram.com\/notibras\/"]},{"@type":"Person","@id":"https:\/\/www.notibras.com\/site\/#\/schema\/person\/5b7fabf2aedc3ada2105f03b22b4d3dd","name":"Eduardo Mart\u00ednez","image":{"@type":"ImageObject","inLanguage":"pt-BR","@id":"https:\/\/secure.gravatar.com\/avatar\/7902f906289926289cbcda644b5197c796b893c6ffd7b9a536a42d290f7704a0?s=96&d=mm&r=g","url":"https:\/\/secure.gravatar.com\/avatar\/7902f906289926289cbcda644b5197c796b893c6ffd7b9a536a42d290f7704a0?s=96&d=mm&r=g","contentUrl":"https:\/\/secure.gravatar.com\/avatar\/7902f906289926289cbcda644b5197c796b893c6ffd7b9a536a42d290f7704a0?s=96&d=mm&r=g","caption":"Eduardo Mart\u00ednez"}}]}},"_links":{"self":[{"href":"https:\/\/www.notibras.com\/site\/wp-json\/wp\/v2\/posts\/408760","targetHints":{"allow":["GET"]}}],"collection":[{"href":"https:\/\/www.notibras.com\/site\/wp-json\/wp\/v2\/posts"}],"about":[{"href":"https:\/\/www.notibras.com\/site\/wp-json\/wp\/v2\/types\/post"}],"author":[{"embeddable":true,"href":"https:\/\/www.notibras.com\/site\/wp-json\/wp\/v2\/users\/21"}],"replies":[{"embeddable":true,"href":"https:\/\/www.notibras.com\/site\/wp-json\/wp\/v2\/comments?post=408760"}],"version-history":[{"count":2,"href":"https:\/\/www.notibras.com\/site\/wp-json\/wp\/v2\/posts\/408760\/revisions"}],"predecessor-version":[{"id":408763,"href":"https:\/\/www.notibras.com\/site\/wp-json\/wp\/v2\/posts\/408760\/revisions\/408763"}],"wp:featuredmedia":[{"embeddable":true,"href":"https:\/\/www.notibras.com\/site\/wp-json\/wp\/v2\/media\/408761"}],"wp:attachment":[{"href":"https:\/\/www.notibras.com\/site\/wp-json\/wp\/v2\/media?parent=408760"}],"wp:term":[{"taxonomy":"category","embeddable":true,"href":"https:\/\/www.notibras.com\/site\/wp-json\/wp\/v2\/categories?post=408760"},{"taxonomy":"post_tag","embeddable":true,"href":"https:\/\/www.notibras.com\/site\/wp-json\/wp\/v2\/tags?post=408760"},{"taxonomy":"tmauthors","embeddable":true,"href":"https:\/\/www.notibras.com\/site\/wp-json\/wp\/v2\/tmauthors?post=408760"}],"curies":[{"name":"wp","href":"https:\/\/api.w.org\/{rel}","templated":true}]}}