{"id":408783,"date":"2026-08-31T03:38:04","date_gmt":"2026-08-31T06:38:04","guid":{"rendered":"https:\/\/www.notibras.com\/site\/?p=408783"},"modified":"2026-08-31T03:41:38","modified_gmt":"2026-08-31T06:41:38","slug":"povo-rejeita-planalto-senzala-e-foco-de-virus","status":"publish","type":"post","link":"https:\/\/www.notibras.com\/site\/povo-rejeita-planalto-senzala-e-foco-de-virus\/","title":{"rendered":"Povo rejeita Planalto-senzala e foco de v\u00edrus"},"content":{"rendered":"<p>Uma sociedade pode desenvolver avi\u00f5es, medicamentos, computadores e sistemas sofisticados de comunica\u00e7\u00e3o sem eliminar preconceitos ou hostilidade entre grupos. O problema \u00e9 que essa mesma sociedade ainda n\u00e3o aprendeu a eleger cidad\u00e3os e cidad\u00e3s que correspondam aos anseios, \u00e0s dificuldades e \u00e0s ang\u00fastias do povo. Escolher qualquer um para comandar os destinos de uma na\u00e7\u00e3o ou de poderes constitu\u00eddos \u00e9 a prova de que, como disse Martin Luther King Jr, aprendemos a voar e a nadar, mas est\u00e1 dif\u00edcil aprendermos a viver como seres unidos e capazes de pensar prioritariamente no bem-estar de todos.<\/p>\n<p>No Brasil dos penduricalhos, do golpismo, dos preconceitos p\u00fablicos de alguns poderosos, da jogatina virtual, das fake news e da ladroagem pol\u00edtica, a elei\u00e7\u00e3o de 2026 \u00e9 o desenho mais cruel de nossa dist\u00e2ncia da civilidade e de uma reflex\u00e3o mais ampla sobre conviv\u00eancia, justi\u00e7a e responsabilidade humana. O planeta est\u00e1 se desmilinguindo. Mesmo assim, os que n\u00e3o admitem conviver com diferen\u00e7as insistem em eleger os que s\u00f3 pensam em si, em seus interesses e, na medida do poss\u00edvel, em aniquilar os advers\u00e1rios transformados pol\u00edtica e pessoalmente em inimigos.<\/p>\n<p>Enquanto os negacionistas continuam comemorando suas sandices ideol\u00f3gicas, o Nepal derrete, o sarampo volta a incomodar o mundo e a pol\u00edtica do faz o que eu mando e ser\u00e1s feliz avan\u00e7a desmedida e criminosamente sobre os incapazes de racioc\u00ednio, notadamente sobre os idiotizados pela ladainha de Donald Trump, l\u00edder da fam\u00edlia Bolsonaro, a que oportuna e incessantemente trabalha para impor no Brasil a trai\u00e7oeira tese do negacionismo mortal. Esta semana, Trump decidiu reduzir de 18 para 11 o n\u00famero de vacinas recomendadas no calend\u00e1rio infantil. No Brasil, s\u00e3o 15.<\/p>\n<p>Oportunista e aproveitador, o ex-deputado Eduardo Bolsonaro saiu em defesa do \u201cchefe\u201d e produziu um v\u00eddeo declarando que a decis\u00e3o de vacinar os filhos \u00e9 de sua inteira responsabilidade. Tamb\u00e9m acho e, sinceramente, tor\u00e7o para que eles permane\u00e7am vivos e sadios. Eduardo Bolsonaro \u00e9 o mesmo que seu pai, o ex-presidente Jair Bolsonaro, amea\u00e7ou nomear como embaixador do Brasil nos Estados Unidos e, pasmem, \u00e9 o mesmo que, caso eleito, o presidenci\u00e1vel Fl\u00e1vio Bolsonaro transformar\u00e1 em ministro das Rela\u00e7\u00f5es Exteriores. Para os que adoram conviver com v\u00edrus, qual a diferen\u00e7a?<\/p>\n<p>Como o futuro a Deus pertence, rogo a Ele para que liberte o Brasil e os brasileiros s\u00e9rios e capazes dessa praga contagiosa e ainda sem cobertura vacinal. O longo pre\u00e2mbulo n\u00e3o deve ser visto somente como uma cr\u00edtica a determinados candidatos \u00e0 Presid\u00eancia da Rep\u00fablica. Pode parecer sinceric\u00eddio \u2013 e \u00e9 -, mas trata-se de um alerta contra o cl\u00e3 que, mesmo atolado at\u00e9 o pesco\u00e7o em esc\u00e2ndalos banc\u00e1rios e cinematogr\u00e1ficos, mant\u00e9m desesperadamente o foco no primog\u00eanito do principal concorrente. Al\u00e9m de garantir palco para a extrema-direita, a estrat\u00e9gia \u00e9 lutar at\u00e9 o fim contra o definitivo colapso pol\u00edtico da fam\u00edlia.<\/p>\n<p>Sabemos todos que campanhas pol\u00edticas honestas s\u00e3o feitas muito mais com ideias e projetos e muito menos com amea\u00e7as e promessas que nunca ser\u00e3o cumpridas. Entre os falsos profetas, o ex-governador Ronaldo Caiado n\u00e3o percebeu, mas j\u00e1 cansou seus supostos eleitores com a hist\u00f3ria da anistia ampla e irrestrita aos baderneiros do 8 de janeiro de 2023, incluindo Jair Bolsonaro. A menos que se mude a lei de A a Z, terrorismo no Brasil \u00e9 imperdo\u00e1vel e, portanto, sem possibilidade de anistia. Sei que \u00e9 chover no molhado, mas n\u00e3o custa cobrar do eleitor responsabilidade e seriedade na hora de votar no dia 4 de outubro pr\u00f3ximo.<\/p>\n<p>Precisamos reconhecer que nossa necessidade \u00e9 de gestores s\u00e1bios, competentes, experientes e, sobretudo, defensores da democracia plena e absoluta. Fora disso, \u00e9 mais do que dar um tiro no p\u00e9. \u00c9 desejar que as principais figuras da demonologia aque\u00e7am os caldeir\u00f5es e nos condenem a viver mais quatro ou oito anos dominados pelos macrorganismos do mal. X\u00f4, extraterrestres. A Presid\u00eancia da Rep\u00fablica n\u00e3o \u00e9 um circo, tampouco uma incubadora para manter vivas novas e velhas esp\u00e9cies de v\u00edrus.<\/p>\n<p>&#8230;&#8230;..<\/p>\n<p><strong>Sonja Tavares \u00e9 Editora de Pol\u00edtica de Notibras<\/strong><\/p>\n","protected":false},"excerpt":{"rendered":"<p>Uma sociedade pode desenvolver avi\u00f5es, medicamentos, computadores e sistemas sofisticados de comunica\u00e7\u00e3o sem eliminar preconceitos ou hostilidade entre grupos. O problema \u00e9 que essa mesma sociedade ainda n\u00e3o aprendeu a eleger cidad\u00e3os e cidad\u00e3s que correspondam aos anseios, \u00e0s dificuldades e \u00e0s ang\u00fastias do povo. Escolher qualquer um para comandar os destinos de uma na\u00e7\u00e3o [&hellip;]<\/p>\n","protected":false},"author":2,"featured_media":311308,"comment_status":"closed","ping_status":"closed","sticky":false,"template":"","format":"standard","meta":{"_acf_changed":false,"footnotes":""},"categories":[16],"tags":[95],"tmauthors":[307],"class_list":["post-408783","post","type-post","status-publish","format-standard","has-post-thumbnail","category-brasil","tag-capa"],"acf":[],"yoast_head":"<!-- This site is optimized with the Yoast SEO plugin v28.0 - https:\/\/yoast.com\/product\/yoast-seo-wordpress\/ -->\n<title>Povo rejeita Planalto-senzala e foco de v\u00edrus - Notibras<\/title>\n<meta name=\"robots\" content=\"index, follow, max-snippet:-1, max-image-preview:large, max-video-preview:-1\" \/>\n<link rel=\"canonical\" href=\"https:\/\/www.notibras.com\/site\/povo-rejeita-planalto-senzala-e-foco-de-virus\/\" \/>\n<meta property=\"og:locale\" content=\"pt_BR\" \/>\n<meta property=\"og:type\" content=\"article\" \/>\n<meta property=\"og:title\" content=\"Povo rejeita Planalto-senzala e foco de v\u00edrus - Notibras\" \/>\n<meta property=\"og:description\" content=\"Uma sociedade pode desenvolver avi\u00f5es, medicamentos, computadores e sistemas sofisticados de comunica\u00e7\u00e3o sem eliminar preconceitos ou hostilidade entre grupos. O problema \u00e9 que essa mesma sociedade ainda n\u00e3o aprendeu a eleger cidad\u00e3os e cidad\u00e3s que correspondam aos anseios, \u00e0s dificuldades e \u00e0s ang\u00fastias do povo. Escolher qualquer um para comandar os destinos de uma na\u00e7\u00e3o [&hellip;]\" \/>\n<meta property=\"og:url\" content=\"https:\/\/www.notibras.com\/site\/povo-rejeita-planalto-senzala-e-foco-de-virus\/\" \/>\n<meta property=\"og:site_name\" content=\"Notibras\" \/>\n<meta property=\"article:publisher\" content=\"https:\/\/www.facebook.com\/notibras\/\" \/>\n<meta property=\"article:published_time\" content=\"2026-08-31T06:38:04+00:00\" \/>\n<meta property=\"article:modified_time\" content=\"2026-08-31T06:41:38+00:00\" \/>\n<meta property=\"og:image\" content=\"https:\/\/www.notibras.com\/site\/wp-content\/uploads\/2023\/08\/virusnovo.webp\" \/>\n\t<meta property=\"og:image:width\" content=\"1920\" \/>\n\t<meta property=\"og:image:height\" content=\"1080\" \/>\n\t<meta property=\"og:image:type\" content=\"image\/webp\" \/>\n<meta name=\"author\" content=\"Reda\u00e7\u00e3o\" \/>\n<meta name=\"twitter:card\" content=\"summary_large_image\" \/>\n<meta name=\"twitter:creator\" content=\"@Notibras\" \/>\n<meta name=\"twitter:site\" content=\"@Notibras\" \/>\n<meta name=\"twitter:label1\" content=\"Escrito por\" \/>\n\t<meta name=\"twitter:data1\" content=\"Reda\u00e7\u00e3o\" \/>\n\t<meta name=\"twitter:label2\" content=\"Est. tempo de leitura\" \/>\n\t<meta name=\"twitter:data2\" content=\"4 minutos\" \/>\n<script type=\"application\/ld+json\" class=\"yoast-schema-graph\">{\"@context\":\"https:\\\/\\\/schema.org\",\"@graph\":[{\"@type\":\"Article\",\"@id\":\"https:\\\/\\\/www.notibras.com\\\/site\\\/povo-rejeita-planalto-senzala-e-foco-de-virus\\\/#article\",\"isPartOf\":{\"@id\":\"https:\\\/\\\/www.notibras.com\\\/site\\\/povo-rejeita-planalto-senzala-e-foco-de-virus\\\/\"},\"author\":{\"name\":\"Reda\u00e7\u00e3o\",\"@id\":\"https:\\\/\\\/www.notibras.com\\\/site\\\/#\\\/schema\\\/person\\\/36ab0979449956132d3e5b517ea76ac8\"},\"headline\":\"Povo rejeita Planalto-senzala e foco de v\u00edrus\",\"datePublished\":\"2026-08-31T06:38:04+00:00\",\"dateModified\":\"2026-08-31T06:41:38+00:00\",\"mainEntityOfPage\":{\"@id\":\"https:\\\/\\\/www.notibras.com\\\/site\\\/povo-rejeita-planalto-senzala-e-foco-de-virus\\\/\"},\"wordCount\":719,\"publisher\":{\"@id\":\"https:\\\/\\\/www.notibras.com\\\/site\\\/#organization\"},\"image\":{\"@id\":\"https:\\\/\\\/www.notibras.com\\\/site\\\/povo-rejeita-planalto-senzala-e-foco-de-virus\\\/#primaryimage\"},\"thumbnailUrl\":\"https:\\\/\\\/www.notibras.com\\\/site\\\/wp-content\\\/uploads\\\/2023\\\/08\\\/virusnovo.webp\",\"keywords\":[\"capa\"],\"articleSection\":[\"Brasil\"],\"inLanguage\":\"pt-BR\"},{\"@type\":\"WebPage\",\"@id\":\"https:\\\/\\\/www.notibras.com\\\/site\\\/povo-rejeita-planalto-senzala-e-foco-de-virus\\\/\",\"url\":\"https:\\\/\\\/www.notibras.com\\\/site\\\/povo-rejeita-planalto-senzala-e-foco-de-virus\\\/\",\"name\":\"Povo rejeita Planalto-senzala e foco de v\u00edrus - Notibras\",\"isPartOf\":{\"@id\":\"https:\\\/\\\/www.notibras.com\\\/site\\\/#website\"},\"primaryImageOfPage\":{\"@id\":\"https:\\\/\\\/www.notibras.com\\\/site\\\/povo-rejeita-planalto-senzala-e-foco-de-virus\\\/#primaryimage\"},\"image\":{\"@id\":\"https:\\\/\\\/www.notibras.com\\\/site\\\/povo-rejeita-planalto-senzala-e-foco-de-virus\\\/#primaryimage\"},\"thumbnailUrl\":\"https:\\\/\\\/www.notibras.com\\\/site\\\/wp-content\\\/uploads\\\/2023\\\/08\\\/virusnovo.webp\",\"datePublished\":\"2026-08-31T06:38:04+00:00\",\"dateModified\":\"2026-08-31T06:41:38+00:00\",\"breadcrumb\":{\"@id\":\"https:\\\/\\\/www.notibras.com\\\/site\\\/povo-rejeita-planalto-senzala-e-foco-de-virus\\\/#breadcrumb\"},\"inLanguage\":\"pt-BR\",\"potentialAction\":[{\"@type\":\"ReadAction\",\"target\":[\"https:\\\/\\\/www.notibras.com\\\/site\\\/povo-rejeita-planalto-senzala-e-foco-de-virus\\\/\"]}]},{\"@type\":\"ImageObject\",\"inLanguage\":\"pt-BR\",\"@id\":\"https:\\\/\\\/www.notibras.com\\\/site\\\/povo-rejeita-planalto-senzala-e-foco-de-virus\\\/#primaryimage\",\"url\":\"https:\\\/\\\/www.notibras.com\\\/site\\\/wp-content\\\/uploads\\\/2023\\\/08\\\/virusnovo.webp\",\"contentUrl\":\"https:\\\/\\\/www.notibras.com\\\/site\\\/wp-content\\\/uploads\\\/2023\\\/08\\\/virusnovo.webp\",\"width\":1920,\"height\":1080},{\"@type\":\"BreadcrumbList\",\"@id\":\"https:\\\/\\\/www.notibras.com\\\/site\\\/povo-rejeita-planalto-senzala-e-foco-de-virus\\\/#breadcrumb\",\"itemListElement\":[{\"@type\":\"ListItem\",\"position\":1,\"name\":\"In\u00edcio\",\"item\":\"https:\\\/\\\/www.notibras.com\\\/site\\\/\"},{\"@type\":\"ListItem\",\"position\":2,\"name\":\"Povo rejeita Planalto-senzala e foco de v\u00edrus\"}]},{\"@type\":\"WebSite\",\"@id\":\"https:\\\/\\\/www.notibras.com\\\/site\\\/#website\",\"url\":\"https:\\\/\\\/www.notibras.com\\\/site\\\/\",\"name\":\"Notibras\",\"description\":\"Not\u00edcias de Bras\u00edlia, do Brasil e do Mundo\",\"publisher\":{\"@id\":\"https:\\\/\\\/www.notibras.com\\\/site\\\/#organization\"},\"potentialAction\":[{\"@type\":\"SearchAction\",\"target\":{\"@type\":\"EntryPoint\",\"urlTemplate\":\"https:\\\/\\\/www.notibras.com\\\/site\\\/?s={search_term_string}\"},\"query-input\":{\"@type\":\"PropertyValueSpecification\",\"valueRequired\":true,\"valueName\":\"search_term_string\"}}],\"inLanguage\":\"pt-BR\"},{\"@type\":\"Organization\",\"@id\":\"https:\\\/\\\/www.notibras.com\\\/site\\\/#organization\",\"name\":\"Grupo Notibras de Comunica\u00e7\u00e3o\",\"url\":\"https:\\\/\\\/www.notibras.com\\\/site\\\/\",\"logo\":{\"@type\":\"ImageObject\",\"inLanguage\":\"pt-BR\",\"@id\":\"https:\\\/\\\/www.notibras.com\\\/site\\\/#\\\/schema\\\/logo\\\/image\\\/\",\"url\":\"https:\\\/\\\/www.notibras.com\\\/site\\\/wp-content\\\/uploads\\\/2023\\\/01\\\/notibras23.png\",\"contentUrl\":\"https:\\\/\\\/www.notibras.com\\\/site\\\/wp-content\\\/uploads\\\/2023\\\/01\\\/notibras23.png\",\"width\":350,\"height\":87,\"caption\":\"Grupo Notibras de Comunica\u00e7\u00e3o\"},\"image\":{\"@id\":\"https:\\\/\\\/www.notibras.com\\\/site\\\/#\\\/schema\\\/logo\\\/image\\\/\"},\"sameAs\":[\"https:\\\/\\\/www.facebook.com\\\/notibras\\\/\",\"https:\\\/\\\/x.com\\\/Notibras\",\"https:\\\/\\\/www.instagram.com\\\/notibras\\\/\"]},{\"@type\":\"Person\",\"@id\":\"https:\\\/\\\/www.notibras.com\\\/site\\\/#\\\/schema\\\/person\\\/36ab0979449956132d3e5b517ea76ac8\",\"name\":\"Reda\u00e7\u00e3o\",\"image\":{\"@type\":\"ImageObject\",\"inLanguage\":\"pt-BR\",\"@id\":\"https:\\\/\\\/secure.gravatar.com\\\/avatar\\\/e0a867bdedb85fd243eadf09663511f96fc81e0720a4a42581f334ad4303aa6b?s=96&d=mm&r=g\",\"url\":\"https:\\\/\\\/secure.gravatar.com\\\/avatar\\\/e0a867bdedb85fd243eadf09663511f96fc81e0720a4a42581f334ad4303aa6b?s=96&d=mm&r=g\",\"contentUrl\":\"https:\\\/\\\/secure.gravatar.com\\\/avatar\\\/e0a867bdedb85fd243eadf09663511f96fc81e0720a4a42581f334ad4303aa6b?s=96&d=mm&r=g\",\"caption\":\"Reda\u00e7\u00e3o\"}}]}<\/script>\n<!-- \/ Yoast SEO plugin. -->","yoast_head_json":{"title":"Povo rejeita Planalto-senzala e foco de v\u00edrus - Notibras","robots":{"index":"index","follow":"follow","max-snippet":"max-snippet:-1","max-image-preview":"max-image-preview:large","max-video-preview":"max-video-preview:-1"},"canonical":"https:\/\/www.notibras.com\/site\/povo-rejeita-planalto-senzala-e-foco-de-virus\/","og_locale":"pt_BR","og_type":"article","og_title":"Povo rejeita Planalto-senzala e foco de v\u00edrus - Notibras","og_description":"Uma sociedade pode desenvolver avi\u00f5es, medicamentos, computadores e sistemas sofisticados de comunica\u00e7\u00e3o sem eliminar preconceitos ou hostilidade entre grupos. O problema \u00e9 que essa mesma sociedade ainda n\u00e3o aprendeu a eleger cidad\u00e3os e cidad\u00e3s que correspondam aos anseios, \u00e0s dificuldades e \u00e0s ang\u00fastias do povo. Escolher qualquer um para comandar os destinos de uma na\u00e7\u00e3o [&hellip;]","og_url":"https:\/\/www.notibras.com\/site\/povo-rejeita-planalto-senzala-e-foco-de-virus\/","og_site_name":"Notibras","article_publisher":"https:\/\/www.facebook.com\/notibras\/","article_published_time":"2026-08-31T06:38:04+00:00","article_modified_time":"2026-08-31T06:41:38+00:00","og_image":[{"width":1920,"height":1080,"url":"https:\/\/www.notibras.com\/site\/wp-content\/uploads\/2023\/08\/virusnovo.webp","type":"image\/webp"}],"author":"Reda\u00e7\u00e3o","twitter_card":"summary_large_image","twitter_creator":"@Notibras","twitter_site":"@Notibras","twitter_misc":{"Escrito por":"Reda\u00e7\u00e3o","Est. tempo de leitura":"4 minutos"},"schema":{"@context":"https:\/\/schema.org","@graph":[{"@type":"Article","@id":"https:\/\/www.notibras.com\/site\/povo-rejeita-planalto-senzala-e-foco-de-virus\/#article","isPartOf":{"@id":"https:\/\/www.notibras.com\/site\/povo-rejeita-planalto-senzala-e-foco-de-virus\/"},"author":{"name":"Reda\u00e7\u00e3o","@id":"https:\/\/www.notibras.com\/site\/#\/schema\/person\/36ab0979449956132d3e5b517ea76ac8"},"headline":"Povo rejeita Planalto-senzala e foco de v\u00edrus","datePublished":"2026-08-31T06:38:04+00:00","dateModified":"2026-08-31T06:41:38+00:00","mainEntityOfPage":{"@id":"https:\/\/www.notibras.com\/site\/povo-rejeita-planalto-senzala-e-foco-de-virus\/"},"wordCount":719,"publisher":{"@id":"https:\/\/www.notibras.com\/site\/#organization"},"image":{"@id":"https:\/\/www.notibras.com\/site\/povo-rejeita-planalto-senzala-e-foco-de-virus\/#primaryimage"},"thumbnailUrl":"https:\/\/www.notibras.com\/site\/wp-content\/uploads\/2023\/08\/virusnovo.webp","keywords":["capa"],"articleSection":["Brasil"],"inLanguage":"pt-BR"},{"@type":"WebPage","@id":"https:\/\/www.notibras.com\/site\/povo-rejeita-planalto-senzala-e-foco-de-virus\/","url":"https:\/\/www.notibras.com\/site\/povo-rejeita-planalto-senzala-e-foco-de-virus\/","name":"Povo rejeita Planalto-senzala e foco de v\u00edrus - Notibras","isPartOf":{"@id":"https:\/\/www.notibras.com\/site\/#website"},"primaryImageOfPage":{"@id":"https:\/\/www.notibras.com\/site\/povo-rejeita-planalto-senzala-e-foco-de-virus\/#primaryimage"},"image":{"@id":"https:\/\/www.notibras.com\/site\/povo-rejeita-planalto-senzala-e-foco-de-virus\/#primaryimage"},"thumbnailUrl":"https:\/\/www.notibras.com\/site\/wp-content\/uploads\/2023\/08\/virusnovo.webp","datePublished":"2026-08-31T06:38:04+00:00","dateModified":"2026-08-31T06:41:38+00:00","breadcrumb":{"@id":"https:\/\/www.notibras.com\/site\/povo-rejeita-planalto-senzala-e-foco-de-virus\/#breadcrumb"},"inLanguage":"pt-BR","potentialAction":[{"@type":"ReadAction","target":["https:\/\/www.notibras.com\/site\/povo-rejeita-planalto-senzala-e-foco-de-virus\/"]}]},{"@type":"ImageObject","inLanguage":"pt-BR","@id":"https:\/\/www.notibras.com\/site\/povo-rejeita-planalto-senzala-e-foco-de-virus\/#primaryimage","url":"https:\/\/www.notibras.com\/site\/wp-content\/uploads\/2023\/08\/virusnovo.webp","contentUrl":"https:\/\/www.notibras.com\/site\/wp-content\/uploads\/2023\/08\/virusnovo.webp","width":1920,"height":1080},{"@type":"BreadcrumbList","@id":"https:\/\/www.notibras.com\/site\/povo-rejeita-planalto-senzala-e-foco-de-virus\/#breadcrumb","itemListElement":[{"@type":"ListItem","position":1,"name":"In\u00edcio","item":"https:\/\/www.notibras.com\/site\/"},{"@type":"ListItem","position":2,"name":"Povo rejeita Planalto-senzala e foco de v\u00edrus"}]},{"@type":"WebSite","@id":"https:\/\/www.notibras.com\/site\/#website","url":"https:\/\/www.notibras.com\/site\/","name":"Notibras","description":"Not\u00edcias de Bras\u00edlia, do Brasil e do Mundo","publisher":{"@id":"https:\/\/www.notibras.com\/site\/#organization"},"potentialAction":[{"@type":"SearchAction","target":{"@type":"EntryPoint","urlTemplate":"https:\/\/www.notibras.com\/site\/?s={search_term_string}"},"query-input":{"@type":"PropertyValueSpecification","valueRequired":true,"valueName":"search_term_string"}}],"inLanguage":"pt-BR"},{"@type":"Organization","@id":"https:\/\/www.notibras.com\/site\/#organization","name":"Grupo Notibras de Comunica\u00e7\u00e3o","url":"https:\/\/www.notibras.com\/site\/","logo":{"@type":"ImageObject","inLanguage":"pt-BR","@id":"https:\/\/www.notibras.com\/site\/#\/schema\/logo\/image\/","url":"https:\/\/www.notibras.com\/site\/wp-content\/uploads\/2023\/01\/notibras23.png","contentUrl":"https:\/\/www.notibras.com\/site\/wp-content\/uploads\/2023\/01\/notibras23.png","width":350,"height":87,"caption":"Grupo Notibras de Comunica\u00e7\u00e3o"},"image":{"@id":"https:\/\/www.notibras.com\/site\/#\/schema\/logo\/image\/"},"sameAs":["https:\/\/www.facebook.com\/notibras\/","https:\/\/x.com\/Notibras","https:\/\/www.instagram.com\/notibras\/"]},{"@type":"Person","@id":"https:\/\/www.notibras.com\/site\/#\/schema\/person\/36ab0979449956132d3e5b517ea76ac8","name":"Reda\u00e7\u00e3o","image":{"@type":"ImageObject","inLanguage":"pt-BR","@id":"https:\/\/secure.gravatar.com\/avatar\/e0a867bdedb85fd243eadf09663511f96fc81e0720a4a42581f334ad4303aa6b?s=96&d=mm&r=g","url":"https:\/\/secure.gravatar.com\/avatar\/e0a867bdedb85fd243eadf09663511f96fc81e0720a4a42581f334ad4303aa6b?s=96&d=mm&r=g","contentUrl":"https:\/\/secure.gravatar.com\/avatar\/e0a867bdedb85fd243eadf09663511f96fc81e0720a4a42581f334ad4303aa6b?s=96&d=mm&r=g","caption":"Reda\u00e7\u00e3o"}}]}},"_links":{"self":[{"href":"https:\/\/www.notibras.com\/site\/wp-json\/wp\/v2\/posts\/408783","targetHints":{"allow":["GET"]}}],"collection":[{"href":"https:\/\/www.notibras.com\/site\/wp-json\/wp\/v2\/posts"}],"about":[{"href":"https:\/\/www.notibras.com\/site\/wp-json\/wp\/v2\/types\/post"}],"author":[{"embeddable":true,"href":"https:\/\/www.notibras.com\/site\/wp-json\/wp\/v2\/users\/2"}],"replies":[{"embeddable":true,"href":"https:\/\/www.notibras.com\/site\/wp-json\/wp\/v2\/comments?post=408783"}],"version-history":[{"count":4,"href":"https:\/\/www.notibras.com\/site\/wp-json\/wp\/v2\/posts\/408783\/revisions"}],"predecessor-version":[{"id":408787,"href":"https:\/\/www.notibras.com\/site\/wp-json\/wp\/v2\/posts\/408783\/revisions\/408787"}],"wp:featuredmedia":[{"embeddable":true,"href":"https:\/\/www.notibras.com\/site\/wp-json\/wp\/v2\/media\/311308"}],"wp:attachment":[{"href":"https:\/\/www.notibras.com\/site\/wp-json\/wp\/v2\/media?parent=408783"}],"wp:term":[{"taxonomy":"category","embeddable":true,"href":"https:\/\/www.notibras.com\/site\/wp-json\/wp\/v2\/categories?post=408783"},{"taxonomy":"post_tag","embeddable":true,"href":"https:\/\/www.notibras.com\/site\/wp-json\/wp\/v2\/tags?post=408783"},{"taxonomy":"tmauthors","embeddable":true,"href":"https:\/\/www.notibras.com\/site\/wp-json\/wp\/v2\/tmauthors?post=408783"}],"curies":[{"name":"wp","href":"https:\/\/api.w.org\/{rel}","templated":true}]}}