{"id":408788,"date":"2026-08-31T03:56:52","date_gmt":"2026-08-31T06:56:52","guid":{"rendered":"https:\/\/www.notibras.com\/site\/?p=408788"},"modified":"2026-08-31T03:57:52","modified_gmt":"2026-08-31T06:57:52","slug":"velho-perde-dentes-e-a-fe-mas-nunca-a-cidadania","status":"publish","type":"post","link":"https:\/\/www.notibras.com\/site\/velho-perde-dentes-e-a-fe-mas-nunca-a-cidadania\/","title":{"rendered":"Velho perde dentes e a f\u00e9, mas nunca a cidadania"},"content":{"rendered":"<p>Avesso a compara\u00e7\u00f5es relativas ao tempo, minha nostalgia se limita a ajudar a mente a lembrar do passado com carinho. A cl\u00e1ssica frase \u201cno meu tempo era melhor\u201d expressa exclusivamente o desejo de reviver a pr\u00f3pria inf\u00e2ncia e a adolesc\u00eancia. Na verdade, tenho boas lembran\u00e7as da juventude e de uma vida mais simples e respeitosa, sem as preocupa\u00e7\u00f5es, a musicalidade e, principalmente, sem os pol\u00edticos da atualidade. Como aprendi a filtrar a mem\u00f3ria, meu anteontem parece melhor do que ontem e infinitamente mais palat\u00e1vel do que hoje.<\/p>\n<p>Dizem os especialistas que, como o mundo muda depressa demais, o c\u00e9rebro busca ref\u00fagio no que j\u00e1 \u00e9 conhecido e seguro. Ser\u00e1 esta a raz\u00e3o pela qual a maioria do povo brasileiro n\u00e3o admite trocar um presidente nota 9 por um postulante nota zero \u00e0 direita? Tudo indica que sim. Todavia, a pol\u00edtica n\u00e3o \u00e9 o objeto da narrativa. Nas viagens pelo interior do pote de maionese, quem n\u00e3o tem saudade das brincadeiras de rua, dos desenhos sem viol\u00eancia e das cartas entregues diariamente pelo carteiro? Eu tenho! Da mesmo forma que tenho \u00f3dio do tal do QR Code.<\/p>\n<p>Estimulados pelas nuvens, os adolescentes e jovens de 2026 preferem a vida mais conectada. Outrora, quase tudo que faz\u00edamos exigia paci\u00eancia e presen\u00e7a f\u00edsica. Romantizando a escrita, o presente traz novos e muitos desafios, o que faz o passado ser desenhado de modo mais calmo e protegido. Por isso, mantenho o h\u00e1bito de colecionar hist\u00f3rias, n\u00fameros de telefones e placas de carros antigos, nominar cicatrizes e decorar desculpas para sair mais cedo dos lugares menos convidativos.<\/p>\n<p>Jovem, aprendi a ser estrategista. Velho, mesmo n\u00e3o sendo um desses pol\u00edticos chinfrins, me acho um craque na arte de sair pela tangente. No livro de minha cabeceira, democraticamente colocado \u00e0 esquerda da cama, leio sempre a m\u00e1xima do fil\u00f3sofo alem\u00e3o Arthur Schopenhauer. Conforme o mestre do pessimismo filos\u00f3fico, os primeiros 40 anos de vida nos d\u00e3o o texto. Os coment\u00e1rios est\u00e3o reservados para os 30 anos seguintes. De posse desse embargo lingu\u00edstico, meu princ\u00edpio b\u00e1sico vem dos ensinamentos do romancista franc\u00eas Honor\u00e9 de Balzac, para quem o homem come\u00e7a a morrer na idade em que perde o entusiasmo.<\/p>\n<p>Posso perder os dentes, os pelos, a vis\u00e3o e at\u00e9 a f\u00e9, mas nunca, em tempo algum, o vigor, a empolga\u00e7\u00e3o, a anima\u00e7\u00e3o e a energia. Como sei que \u00e9 nas asas do tempo que a tristeza voa, isto \u00e9, vai embora, nunca desperdi\u00e7o tempo ou me queixo da brevidade da vida. O fato \u00e9 que, como senhor da raz\u00e3o, seja ontem, hoje ou amanh\u00e3, o tempo dissolve o desnecess\u00e1rio e preserva o essencial. O fato \u00e9 que, ainda que falasse a l\u00edngua dos anjos, eu n\u00e3o teria condi\u00e7\u00e3o de ultrapassar a natureza para saber o que ela quer dizer.<\/p>\n<p>N\u00e3o tenho mais a idade do futuro, mas mantenho a da raz\u00e3o. Distante das compara\u00e7\u00f5es hip\u00f3critas e desnecess\u00e1rias, o que sei \u00e9 que poucos sabem que h\u00e1 coisas que s\u00e3o boas por alguns instantes e outras por algum tempo. S\u00f3 algumas s\u00e3o para sempre. Assim s\u00e3o as minhas lembran\u00e7as. Diferente daquele tempo, n\u00e3o tenho mais pressa, mas rumo, pois demorar nada tem a ver com se perder. Ap\u00f3s anos fincando pegadas na areia, n\u00e3o deixo mais a pressa de chegar roubar a beleza do meu caminho. Sem pressa, mas sem parar de caminhar sempre em frente.<\/p>\n<p><strong>&#8230;&#8230;&#8230;..<\/strong><\/p>\n<p><strong>Heliodoro Quaresma, jornalista aposentado, mant\u00e9m uma velha Remington como rel\u00edquia em sua estante e usa um Notebook para escrever artigos pontuais para Notibras<\/strong><\/p>\n","protected":false},"excerpt":{"rendered":"<p>Avesso a compara\u00e7\u00f5es relativas ao tempo, minha nostalgia se limita a ajudar a mente a lembrar do passado com carinho. A cl\u00e1ssica frase \u201cno meu tempo era melhor\u201d expressa exclusivamente o desejo de reviver a pr\u00f3pria inf\u00e2ncia e a adolesc\u00eancia. Na verdade, tenho boas lembran\u00e7as da juventude e de uma vida mais simples e respeitosa, [&hellip;]<\/p>\n","protected":false},"author":2,"featured_media":408789,"comment_status":"closed","ping_status":"closed","sticky":false,"template":"","format":"standard","meta":{"_acf_changed":false,"footnotes":""},"categories":[16],"tags":[],"tmauthors":[307],"class_list":["post-408788","post","type-post","status-publish","format-standard","has-post-thumbnail","category-brasil"],"acf":[],"yoast_head":"<!-- This site is optimized with the Yoast SEO plugin v28.0 - https:\/\/yoast.com\/product\/yoast-seo-wordpress\/ -->\n<title>Velho perde dentes e a f\u00e9, mas nunca a cidadania - Notibras<\/title>\n<meta name=\"robots\" content=\"index, follow, max-snippet:-1, max-image-preview:large, max-video-preview:-1\" \/>\n<link rel=\"canonical\" href=\"https:\/\/www.notibras.com\/site\/velho-perde-dentes-e-a-fe-mas-nunca-a-cidadania\/\" \/>\n<meta property=\"og:locale\" content=\"pt_BR\" \/>\n<meta property=\"og:type\" content=\"article\" \/>\n<meta property=\"og:title\" content=\"Velho perde dentes e a f\u00e9, mas nunca a cidadania - Notibras\" \/>\n<meta property=\"og:description\" content=\"Avesso a compara\u00e7\u00f5es relativas ao tempo, minha nostalgia se limita a ajudar a mente a lembrar do passado com carinho. A cl\u00e1ssica frase \u201cno meu tempo era melhor\u201d expressa exclusivamente o desejo de reviver a pr\u00f3pria inf\u00e2ncia e a adolesc\u00eancia. Na verdade, tenho boas lembran\u00e7as da juventude e de uma vida mais simples e respeitosa, [&hellip;]\" \/>\n<meta property=\"og:url\" content=\"https:\/\/www.notibras.com\/site\/velho-perde-dentes-e-a-fe-mas-nunca-a-cidadania\/\" \/>\n<meta property=\"og:site_name\" content=\"Notibras\" \/>\n<meta property=\"article:publisher\" content=\"https:\/\/www.facebook.com\/notibras\/\" \/>\n<meta property=\"article:published_time\" content=\"2026-08-31T06:56:52+00:00\" \/>\n<meta property=\"article:modified_time\" content=\"2026-08-31T06:57:52+00:00\" \/>\n<meta property=\"og:image\" content=\"https:\/\/www.notibras.com\/site\/wp-content\/uploads\/2026\/08\/4a06cbda-d63c-413f-af37-628ebbd7806f-1024x683.png\" \/>\n\t<meta property=\"og:image:width\" content=\"1024\" \/>\n\t<meta property=\"og:image:height\" content=\"683\" \/>\n\t<meta property=\"og:image:type\" content=\"image\/png\" \/>\n<meta name=\"author\" content=\"Reda\u00e7\u00e3o\" \/>\n<meta name=\"twitter:card\" content=\"summary_large_image\" \/>\n<meta name=\"twitter:creator\" content=\"@Notibras\" \/>\n<meta name=\"twitter:site\" content=\"@Notibras\" \/>\n<meta name=\"twitter:label1\" content=\"Escrito por\" \/>\n\t<meta name=\"twitter:data1\" content=\"Reda\u00e7\u00e3o\" \/>\n\t<meta name=\"twitter:label2\" content=\"Est. tempo de leitura\" \/>\n\t<meta name=\"twitter:data2\" content=\"4 minutos\" \/>\n<script type=\"application\/ld+json\" class=\"yoast-schema-graph\">{\"@context\":\"https:\\\/\\\/schema.org\",\"@graph\":[{\"@type\":\"Article\",\"@id\":\"https:\\\/\\\/www.notibras.com\\\/site\\\/velho-perde-dentes-e-a-fe-mas-nunca-a-cidadania\\\/#article\",\"isPartOf\":{\"@id\":\"https:\\\/\\\/www.notibras.com\\\/site\\\/velho-perde-dentes-e-a-fe-mas-nunca-a-cidadania\\\/\"},\"author\":{\"name\":\"Reda\u00e7\u00e3o\",\"@id\":\"https:\\\/\\\/www.notibras.com\\\/site\\\/#\\\/schema\\\/person\\\/36ab0979449956132d3e5b517ea76ac8\"},\"headline\":\"Velho perde dentes e a f\u00e9, mas nunca a cidadania\",\"datePublished\":\"2026-08-31T06:56:52+00:00\",\"dateModified\":\"2026-08-31T06:57:52+00:00\",\"mainEntityOfPage\":{\"@id\":\"https:\\\/\\\/www.notibras.com\\\/site\\\/velho-perde-dentes-e-a-fe-mas-nunca-a-cidadania\\\/\"},\"wordCount\":639,\"publisher\":{\"@id\":\"https:\\\/\\\/www.notibras.com\\\/site\\\/#organization\"},\"image\":{\"@id\":\"https:\\\/\\\/www.notibras.com\\\/site\\\/velho-perde-dentes-e-a-fe-mas-nunca-a-cidadania\\\/#primaryimage\"},\"thumbnailUrl\":\"https:\\\/\\\/www.notibras.com\\\/site\\\/wp-content\\\/uploads\\\/2026\\\/08\\\/4a06cbda-d63c-413f-af37-628ebbd7806f.png\",\"articleSection\":[\"Brasil\"],\"inLanguage\":\"pt-BR\"},{\"@type\":\"WebPage\",\"@id\":\"https:\\\/\\\/www.notibras.com\\\/site\\\/velho-perde-dentes-e-a-fe-mas-nunca-a-cidadania\\\/\",\"url\":\"https:\\\/\\\/www.notibras.com\\\/site\\\/velho-perde-dentes-e-a-fe-mas-nunca-a-cidadania\\\/\",\"name\":\"Velho perde dentes e a f\u00e9, mas nunca a cidadania - Notibras\",\"isPartOf\":{\"@id\":\"https:\\\/\\\/www.notibras.com\\\/site\\\/#website\"},\"primaryImageOfPage\":{\"@id\":\"https:\\\/\\\/www.notibras.com\\\/site\\\/velho-perde-dentes-e-a-fe-mas-nunca-a-cidadania\\\/#primaryimage\"},\"image\":{\"@id\":\"https:\\\/\\\/www.notibras.com\\\/site\\\/velho-perde-dentes-e-a-fe-mas-nunca-a-cidadania\\\/#primaryimage\"},\"thumbnailUrl\":\"https:\\\/\\\/www.notibras.com\\\/site\\\/wp-content\\\/uploads\\\/2026\\\/08\\\/4a06cbda-d63c-413f-af37-628ebbd7806f.png\",\"datePublished\":\"2026-08-31T06:56:52+00:00\",\"dateModified\":\"2026-08-31T06:57:52+00:00\",\"breadcrumb\":{\"@id\":\"https:\\\/\\\/www.notibras.com\\\/site\\\/velho-perde-dentes-e-a-fe-mas-nunca-a-cidadania\\\/#breadcrumb\"},\"inLanguage\":\"pt-BR\",\"potentialAction\":[{\"@type\":\"ReadAction\",\"target\":[\"https:\\\/\\\/www.notibras.com\\\/site\\\/velho-perde-dentes-e-a-fe-mas-nunca-a-cidadania\\\/\"]}]},{\"@type\":\"ImageObject\",\"inLanguage\":\"pt-BR\",\"@id\":\"https:\\\/\\\/www.notibras.com\\\/site\\\/velho-perde-dentes-e-a-fe-mas-nunca-a-cidadania\\\/#primaryimage\",\"url\":\"https:\\\/\\\/www.notibras.com\\\/site\\\/wp-content\\\/uploads\\\/2026\\\/08\\\/4a06cbda-d63c-413f-af37-628ebbd7806f.png\",\"contentUrl\":\"https:\\\/\\\/www.notibras.com\\\/site\\\/wp-content\\\/uploads\\\/2026\\\/08\\\/4a06cbda-d63c-413f-af37-628ebbd7806f.png\",\"width\":1536,\"height\":1024},{\"@type\":\"BreadcrumbList\",\"@id\":\"https:\\\/\\\/www.notibras.com\\\/site\\\/velho-perde-dentes-e-a-fe-mas-nunca-a-cidadania\\\/#breadcrumb\",\"itemListElement\":[{\"@type\":\"ListItem\",\"position\":1,\"name\":\"In\u00edcio\",\"item\":\"https:\\\/\\\/www.notibras.com\\\/site\\\/\"},{\"@type\":\"ListItem\",\"position\":2,\"name\":\"Velho perde dentes e a f\u00e9, mas nunca a cidadania\"}]},{\"@type\":\"WebSite\",\"@id\":\"https:\\\/\\\/www.notibras.com\\\/site\\\/#website\",\"url\":\"https:\\\/\\\/www.notibras.com\\\/site\\\/\",\"name\":\"Notibras\",\"description\":\"Not\u00edcias de Bras\u00edlia, do Brasil e do Mundo\",\"publisher\":{\"@id\":\"https:\\\/\\\/www.notibras.com\\\/site\\\/#organization\"},\"potentialAction\":[{\"@type\":\"SearchAction\",\"target\":{\"@type\":\"EntryPoint\",\"urlTemplate\":\"https:\\\/\\\/www.notibras.com\\\/site\\\/?s={search_term_string}\"},\"query-input\":{\"@type\":\"PropertyValueSpecification\",\"valueRequired\":true,\"valueName\":\"search_term_string\"}}],\"inLanguage\":\"pt-BR\"},{\"@type\":\"Organization\",\"@id\":\"https:\\\/\\\/www.notibras.com\\\/site\\\/#organization\",\"name\":\"Grupo Notibras de Comunica\u00e7\u00e3o\",\"url\":\"https:\\\/\\\/www.notibras.com\\\/site\\\/\",\"logo\":{\"@type\":\"ImageObject\",\"inLanguage\":\"pt-BR\",\"@id\":\"https:\\\/\\\/www.notibras.com\\\/site\\\/#\\\/schema\\\/logo\\\/image\\\/\",\"url\":\"https:\\\/\\\/www.notibras.com\\\/site\\\/wp-content\\\/uploads\\\/2023\\\/01\\\/notibras23.png\",\"contentUrl\":\"https:\\\/\\\/www.notibras.com\\\/site\\\/wp-content\\\/uploads\\\/2023\\\/01\\\/notibras23.png\",\"width\":350,\"height\":87,\"caption\":\"Grupo Notibras de Comunica\u00e7\u00e3o\"},\"image\":{\"@id\":\"https:\\\/\\\/www.notibras.com\\\/site\\\/#\\\/schema\\\/logo\\\/image\\\/\"},\"sameAs\":[\"https:\\\/\\\/www.facebook.com\\\/notibras\\\/\",\"https:\\\/\\\/x.com\\\/Notibras\",\"https:\\\/\\\/www.instagram.com\\\/notibras\\\/\"]},{\"@type\":\"Person\",\"@id\":\"https:\\\/\\\/www.notibras.com\\\/site\\\/#\\\/schema\\\/person\\\/36ab0979449956132d3e5b517ea76ac8\",\"name\":\"Reda\u00e7\u00e3o\",\"image\":{\"@type\":\"ImageObject\",\"inLanguage\":\"pt-BR\",\"@id\":\"https:\\\/\\\/secure.gravatar.com\\\/avatar\\\/e0a867bdedb85fd243eadf09663511f96fc81e0720a4a42581f334ad4303aa6b?s=96&d=mm&r=g\",\"url\":\"https:\\\/\\\/secure.gravatar.com\\\/avatar\\\/e0a867bdedb85fd243eadf09663511f96fc81e0720a4a42581f334ad4303aa6b?s=96&d=mm&r=g\",\"contentUrl\":\"https:\\\/\\\/secure.gravatar.com\\\/avatar\\\/e0a867bdedb85fd243eadf09663511f96fc81e0720a4a42581f334ad4303aa6b?s=96&d=mm&r=g\",\"caption\":\"Reda\u00e7\u00e3o\"}}]}<\/script>\n<!-- \/ Yoast SEO plugin. -->","yoast_head_json":{"title":"Velho perde dentes e a f\u00e9, mas nunca a cidadania - Notibras","robots":{"index":"index","follow":"follow","max-snippet":"max-snippet:-1","max-image-preview":"max-image-preview:large","max-video-preview":"max-video-preview:-1"},"canonical":"https:\/\/www.notibras.com\/site\/velho-perde-dentes-e-a-fe-mas-nunca-a-cidadania\/","og_locale":"pt_BR","og_type":"article","og_title":"Velho perde dentes e a f\u00e9, mas nunca a cidadania - Notibras","og_description":"Avesso a compara\u00e7\u00f5es relativas ao tempo, minha nostalgia se limita a ajudar a mente a lembrar do passado com carinho. A cl\u00e1ssica frase \u201cno meu tempo era melhor\u201d expressa exclusivamente o desejo de reviver a pr\u00f3pria inf\u00e2ncia e a adolesc\u00eancia. Na verdade, tenho boas lembran\u00e7as da juventude e de uma vida mais simples e respeitosa, [&hellip;]","og_url":"https:\/\/www.notibras.com\/site\/velho-perde-dentes-e-a-fe-mas-nunca-a-cidadania\/","og_site_name":"Notibras","article_publisher":"https:\/\/www.facebook.com\/notibras\/","article_published_time":"2026-08-31T06:56:52+00:00","article_modified_time":"2026-08-31T06:57:52+00:00","og_image":[{"width":1024,"height":683,"url":"https:\/\/www.notibras.com\/site\/wp-content\/uploads\/2026\/08\/4a06cbda-d63c-413f-af37-628ebbd7806f-1024x683.png","type":"image\/png"}],"author":"Reda\u00e7\u00e3o","twitter_card":"summary_large_image","twitter_creator":"@Notibras","twitter_site":"@Notibras","twitter_misc":{"Escrito por":"Reda\u00e7\u00e3o","Est. tempo de leitura":"4 minutos"},"schema":{"@context":"https:\/\/schema.org","@graph":[{"@type":"Article","@id":"https:\/\/www.notibras.com\/site\/velho-perde-dentes-e-a-fe-mas-nunca-a-cidadania\/#article","isPartOf":{"@id":"https:\/\/www.notibras.com\/site\/velho-perde-dentes-e-a-fe-mas-nunca-a-cidadania\/"},"author":{"name":"Reda\u00e7\u00e3o","@id":"https:\/\/www.notibras.com\/site\/#\/schema\/person\/36ab0979449956132d3e5b517ea76ac8"},"headline":"Velho perde dentes e a f\u00e9, mas nunca a cidadania","datePublished":"2026-08-31T06:56:52+00:00","dateModified":"2026-08-31T06:57:52+00:00","mainEntityOfPage":{"@id":"https:\/\/www.notibras.com\/site\/velho-perde-dentes-e-a-fe-mas-nunca-a-cidadania\/"},"wordCount":639,"publisher":{"@id":"https:\/\/www.notibras.com\/site\/#organization"},"image":{"@id":"https:\/\/www.notibras.com\/site\/velho-perde-dentes-e-a-fe-mas-nunca-a-cidadania\/#primaryimage"},"thumbnailUrl":"https:\/\/www.notibras.com\/site\/wp-content\/uploads\/2026\/08\/4a06cbda-d63c-413f-af37-628ebbd7806f.png","articleSection":["Brasil"],"inLanguage":"pt-BR"},{"@type":"WebPage","@id":"https:\/\/www.notibras.com\/site\/velho-perde-dentes-e-a-fe-mas-nunca-a-cidadania\/","url":"https:\/\/www.notibras.com\/site\/velho-perde-dentes-e-a-fe-mas-nunca-a-cidadania\/","name":"Velho perde dentes e a f\u00e9, mas nunca a cidadania - Notibras","isPartOf":{"@id":"https:\/\/www.notibras.com\/site\/#website"},"primaryImageOfPage":{"@id":"https:\/\/www.notibras.com\/site\/velho-perde-dentes-e-a-fe-mas-nunca-a-cidadania\/#primaryimage"},"image":{"@id":"https:\/\/www.notibras.com\/site\/velho-perde-dentes-e-a-fe-mas-nunca-a-cidadania\/#primaryimage"},"thumbnailUrl":"https:\/\/www.notibras.com\/site\/wp-content\/uploads\/2026\/08\/4a06cbda-d63c-413f-af37-628ebbd7806f.png","datePublished":"2026-08-31T06:56:52+00:00","dateModified":"2026-08-31T06:57:52+00:00","breadcrumb":{"@id":"https:\/\/www.notibras.com\/site\/velho-perde-dentes-e-a-fe-mas-nunca-a-cidadania\/#breadcrumb"},"inLanguage":"pt-BR","potentialAction":[{"@type":"ReadAction","target":["https:\/\/www.notibras.com\/site\/velho-perde-dentes-e-a-fe-mas-nunca-a-cidadania\/"]}]},{"@type":"ImageObject","inLanguage":"pt-BR","@id":"https:\/\/www.notibras.com\/site\/velho-perde-dentes-e-a-fe-mas-nunca-a-cidadania\/#primaryimage","url":"https:\/\/www.notibras.com\/site\/wp-content\/uploads\/2026\/08\/4a06cbda-d63c-413f-af37-628ebbd7806f.png","contentUrl":"https:\/\/www.notibras.com\/site\/wp-content\/uploads\/2026\/08\/4a06cbda-d63c-413f-af37-628ebbd7806f.png","width":1536,"height":1024},{"@type":"BreadcrumbList","@id":"https:\/\/www.notibras.com\/site\/velho-perde-dentes-e-a-fe-mas-nunca-a-cidadania\/#breadcrumb","itemListElement":[{"@type":"ListItem","position":1,"name":"In\u00edcio","item":"https:\/\/www.notibras.com\/site\/"},{"@type":"ListItem","position":2,"name":"Velho perde dentes e a f\u00e9, mas nunca a cidadania"}]},{"@type":"WebSite","@id":"https:\/\/www.notibras.com\/site\/#website","url":"https:\/\/www.notibras.com\/site\/","name":"Notibras","description":"Not\u00edcias de Bras\u00edlia, do Brasil e do Mundo","publisher":{"@id":"https:\/\/www.notibras.com\/site\/#organization"},"potentialAction":[{"@type":"SearchAction","target":{"@type":"EntryPoint","urlTemplate":"https:\/\/www.notibras.com\/site\/?s={search_term_string}"},"query-input":{"@type":"PropertyValueSpecification","valueRequired":true,"valueName":"search_term_string"}}],"inLanguage":"pt-BR"},{"@type":"Organization","@id":"https:\/\/www.notibras.com\/site\/#organization","name":"Grupo Notibras de Comunica\u00e7\u00e3o","url":"https:\/\/www.notibras.com\/site\/","logo":{"@type":"ImageObject","inLanguage":"pt-BR","@id":"https:\/\/www.notibras.com\/site\/#\/schema\/logo\/image\/","url":"https:\/\/www.notibras.com\/site\/wp-content\/uploads\/2023\/01\/notibras23.png","contentUrl":"https:\/\/www.notibras.com\/site\/wp-content\/uploads\/2023\/01\/notibras23.png","width":350,"height":87,"caption":"Grupo Notibras de Comunica\u00e7\u00e3o"},"image":{"@id":"https:\/\/www.notibras.com\/site\/#\/schema\/logo\/image\/"},"sameAs":["https:\/\/www.facebook.com\/notibras\/","https:\/\/x.com\/Notibras","https:\/\/www.instagram.com\/notibras\/"]},{"@type":"Person","@id":"https:\/\/www.notibras.com\/site\/#\/schema\/person\/36ab0979449956132d3e5b517ea76ac8","name":"Reda\u00e7\u00e3o","image":{"@type":"ImageObject","inLanguage":"pt-BR","@id":"https:\/\/secure.gravatar.com\/avatar\/e0a867bdedb85fd243eadf09663511f96fc81e0720a4a42581f334ad4303aa6b?s=96&d=mm&r=g","url":"https:\/\/secure.gravatar.com\/avatar\/e0a867bdedb85fd243eadf09663511f96fc81e0720a4a42581f334ad4303aa6b?s=96&d=mm&r=g","contentUrl":"https:\/\/secure.gravatar.com\/avatar\/e0a867bdedb85fd243eadf09663511f96fc81e0720a4a42581f334ad4303aa6b?s=96&d=mm&r=g","caption":"Reda\u00e7\u00e3o"}}]}},"_links":{"self":[{"href":"https:\/\/www.notibras.com\/site\/wp-json\/wp\/v2\/posts\/408788","targetHints":{"allow":["GET"]}}],"collection":[{"href":"https:\/\/www.notibras.com\/site\/wp-json\/wp\/v2\/posts"}],"about":[{"href":"https:\/\/www.notibras.com\/site\/wp-json\/wp\/v2\/types\/post"}],"author":[{"embeddable":true,"href":"https:\/\/www.notibras.com\/site\/wp-json\/wp\/v2\/users\/2"}],"replies":[{"embeddable":true,"href":"https:\/\/www.notibras.com\/site\/wp-json\/wp\/v2\/comments?post=408788"}],"version-history":[{"count":2,"href":"https:\/\/www.notibras.com\/site\/wp-json\/wp\/v2\/posts\/408788\/revisions"}],"predecessor-version":[{"id":408791,"href":"https:\/\/www.notibras.com\/site\/wp-json\/wp\/v2\/posts\/408788\/revisions\/408791"}],"wp:featuredmedia":[{"embeddable":true,"href":"https:\/\/www.notibras.com\/site\/wp-json\/wp\/v2\/media\/408789"}],"wp:attachment":[{"href":"https:\/\/www.notibras.com\/site\/wp-json\/wp\/v2\/media?parent=408788"}],"wp:term":[{"taxonomy":"category","embeddable":true,"href":"https:\/\/www.notibras.com\/site\/wp-json\/wp\/v2\/categories?post=408788"},{"taxonomy":"post_tag","embeddable":true,"href":"https:\/\/www.notibras.com\/site\/wp-json\/wp\/v2\/tags?post=408788"},{"taxonomy":"tmauthors","embeddable":true,"href":"https:\/\/www.notibras.com\/site\/wp-json\/wp\/v2\/tmauthors?post=408788"}],"curies":[{"name":"wp","href":"https:\/\/api.w.org\/{rel}","templated":true}]}}