{"id":408799,"date":"2026-09-01T00:30:12","date_gmt":"2026-09-01T03:30:12","guid":{"rendered":"https:\/\/www.notibras.com\/site\/?p=408799"},"modified":"2026-08-31T11:00:39","modified_gmt":"2026-08-31T14:00:39","slug":"edelfo-o-elfo","status":"publish","type":"post","link":"https:\/\/www.notibras.com\/site\/edelfo-o-elfo\/","title":{"rendered":"Edelfo, o elfo"},"content":{"rendered":"<p>Edelfo estava injuriado: naquela tarde ele, um elfo de nobre linhagem, um guerreiro cujas fa\u00e7anhas inspiraram o escritor brit\u00e2nico J. R. R. Tolkien em epis\u00f3dios marcantes da s\u00e9rie O senhor dos an\u00e9is, teria de comparecer \u00e0 festa de anivers\u00e1rio de uma menininha de 7 anos, chata pra ded\u00e9u. Pior, teria de se manifestar como uma fada pequenina, que poderia ser migona da Sininho de Peter Pan!<\/p>\n<p>O elfo guerreiro suspirou. Tudo culpa do pr\u00edncipe de sua esp\u00e9cie, que agora fazia quest\u00e3o de se apresentar como CEO do mundo das fadas. Sua trajet\u00f3ria evidenciava o fracasso da pol\u00edtica de enviar elfos para universidades da dimens\u00e3o dos humanos, para ampliar suas aptid\u00f5es. Como se entidades de energia, quase imortais, precisassem disso! Depois de obter um diploma em MBA concedido por uma faculdade chinfrim do sudoeste dos Estados Unidos, o ex-pr\u00edncipe, agora CEO, decidiu investir seus parcos conhecimentos em Administra\u00e7\u00e3o de neg\u00f3cios em iniciativas para otimizar o emprego da m\u00e3o de obra. Ao lembrar disso, Edelfo bufou de raiva. M\u00e3o de obra, ele e os demais elfos! Tudo culpa da escritora brit\u00e2nica J. K. Rowling, com os elfos dom\u00e9sticos da s\u00e9rie Harry Potter. \u201cPelo menos o CEO n\u00e3o exige que trabalhemos como escravos para os humanos, como fez Rowling com o infeliz Dolby; a ideia \u00e9 aparecer na dimens\u00e3o deles para mostrar que esta se entrela\u00e7a ao mundo das fadas\u201d.<\/p>\n<p>Edelfo, o elfo, sorriu com desprezo e prosseguiu em suas reflex\u00f5es. \u201cDesnecess\u00e1rio tudo isso, a mitologia de culturas do mundo inteiro evidencia esse entrela\u00e7amento, explorado, diga-se, por escritores como Shakespeare, na pe\u00e7a teatral Sonho de uma noite de ver\u00e3o; os Thuata D\u00e9 Danaan da Irlanda, os djinn dos desertos \u00e1rabes e as mouras encantadas de Portugal, entre muitos outros exemplos, eram fadas, quer dizer, entidades de energia, quase imortais, que podiam assumir diferentes formas, humanas ou n\u00e3o humanas\u201d.<\/p>\n<p>O pobre elfo guerreiro estremeceu de raiva e medo, s\u00f3 de pensar na segunda possibilidade. \u201cFormas n\u00e3o humanas&#8230; soube que aquele CEO maledetto pensa em obrigar-nos a nos manifestar como drag\u00f5es da mitologia chinesa, botos m\u00e1gicos da Amaz\u00f4nia brasileira, s\u00e1tiros hel\u00eanicos e unic\u00f3rnios; e tamb\u00e9m como mant\u00edcoras, grifos, sereias e muitos outros seres de formas humanas mescladas \u00e0s de animais. A ideia \u00e9 trazer a mitologia para o mundo contempor\u00e2neo. Em princ\u00edpio, nada contra; mas o filhodeumaegua quer mais, exige que apare\u00e7amos como anjinhos rechonchudos e vacas de pres\u00e9pio da mitologia cat\u00f3lica. A\u00ed \u00e9 demais, o pr\u00f3ximo passo vai ser nossa apari\u00e7\u00e3o como renas de Papai Noel, como o bom velhinho e, que os deuses n\u00e3o permitam, como o coelhinho da P\u00e1scoa!<\/p>\n<p>Pela mil\u00e9sima vez, Edelfo pensou em organizar um levante contra o pr\u00edncipe-CEO e, pela mil\u00e9sima vez, descartou a ideia. Uma revolu\u00e7\u00e3o no mundo das fadas era algo inimagin\u00e1vel, a tigrada \u2013 sua esp\u00e9cie \u2013 era monarquista at\u00e9 a medula. Mas a ideia de uma conspira\u00e7\u00e3o palaciana, que resultasse em uma morte supostamente acidental, por um veneno discreto, impercept\u00edvel, tinha seus m\u00e9ritos&#8230; S\u00f3 que a incorpora\u00e7\u00e3o de um assassino teria de esperar.<\/p>\n<p>Resignado, o quase futuro homicida transformou-se em uma fadinha fofinha, para comparecer ao anivers\u00e1rio da menininha chata.<\/p>\n","protected":false},"excerpt":{"rendered":"<p>Edelfo estava injuriado: naquela tarde ele, um elfo de nobre linhagem, um guerreiro cujas fa\u00e7anhas inspiraram o escritor brit\u00e2nico J. R. R. Tolkien em epis\u00f3dios marcantes da s\u00e9rie O senhor dos an\u00e9is, teria de comparecer \u00e0 festa de anivers\u00e1rio de uma menininha de 7 anos, chata pra ded\u00e9u. Pior, teria de se manifestar como uma [&hellip;]<\/p>\n","protected":false},"author":21,"featured_media":408800,"comment_status":"closed","ping_status":"closed","sticky":false,"template":"","format":"standard","meta":{"_acf_changed":false,"footnotes":""},"categories":[234],"tags":[],"tmauthors":[306],"class_list":["post-408799","post","type-post","status-publish","format-standard","has-post-thumbnail","category-cafe-literario"],"acf":[],"yoast_head":"<!-- This site is optimized with the Yoast SEO plugin v28.0 - https:\/\/yoast.com\/product\/yoast-seo-wordpress\/ -->\n<title>Edelfo, o elfo - Notibras<\/title>\n<meta name=\"robots\" content=\"index, follow, max-snippet:-1, max-image-preview:large, max-video-preview:-1\" \/>\n<link rel=\"canonical\" href=\"https:\/\/www.notibras.com\/site\/edelfo-o-elfo\/\" \/>\n<meta property=\"og:locale\" content=\"pt_BR\" \/>\n<meta property=\"og:type\" content=\"article\" \/>\n<meta property=\"og:title\" content=\"Edelfo, o elfo - Notibras\" \/>\n<meta property=\"og:description\" content=\"Edelfo estava injuriado: naquela tarde ele, um elfo de nobre linhagem, um guerreiro cujas fa\u00e7anhas inspiraram o escritor brit\u00e2nico J. R. R. Tolkien em epis\u00f3dios marcantes da s\u00e9rie O senhor dos an\u00e9is, teria de comparecer \u00e0 festa de anivers\u00e1rio de uma menininha de 7 anos, chata pra ded\u00e9u. Pior, teria de se manifestar como uma [&hellip;]\" \/>\n<meta property=\"og:url\" content=\"https:\/\/www.notibras.com\/site\/edelfo-o-elfo\/\" \/>\n<meta property=\"og:site_name\" content=\"Notibras\" \/>\n<meta property=\"article:publisher\" content=\"https:\/\/www.facebook.com\/notibras\/\" \/>\n<meta property=\"article:published_time\" content=\"2026-09-01T03:30:12+00:00\" \/>\n<meta property=\"og:image\" content=\"https:\/\/www.notibras.com\/site\/wp-content\/uploads\/2026\/08\/WhatsApp-Image-2026-08-31-at-10.59.35.jpeg\" \/>\n\t<meta property=\"og:image:width\" content=\"1024\" \/>\n\t<meta property=\"og:image:height\" content=\"572\" \/>\n\t<meta property=\"og:image:type\" content=\"image\/jpeg\" \/>\n<meta name=\"author\" content=\"Eduardo Mart\u00ednez\" \/>\n<meta name=\"twitter:card\" content=\"summary_large_image\" \/>\n<meta name=\"twitter:creator\" content=\"@Notibras\" \/>\n<meta name=\"twitter:site\" content=\"@Notibras\" \/>\n<meta name=\"twitter:label1\" content=\"Escrito por\" \/>\n\t<meta name=\"twitter:data1\" content=\"Eduardo Mart\u00ednez\" \/>\n\t<meta name=\"twitter:label2\" content=\"Est. tempo de leitura\" \/>\n\t<meta name=\"twitter:data2\" content=\"4 minutos\" \/>\n<script type=\"application\/ld+json\" class=\"yoast-schema-graph\">{\"@context\":\"https:\\\/\\\/schema.org\",\"@graph\":[{\"@type\":\"Article\",\"@id\":\"https:\\\/\\\/www.notibras.com\\\/site\\\/edelfo-o-elfo\\\/#article\",\"isPartOf\":{\"@id\":\"https:\\\/\\\/www.notibras.com\\\/site\\\/edelfo-o-elfo\\\/\"},\"author\":{\"name\":\"Eduardo Mart\u00ednez\",\"@id\":\"https:\\\/\\\/www.notibras.com\\\/site\\\/#\\\/schema\\\/person\\\/5b7fabf2aedc3ada2105f03b22b4d3dd\"},\"headline\":\"Edelfo, o elfo\",\"datePublished\":\"2026-09-01T03:30:12+00:00\",\"mainEntityOfPage\":{\"@id\":\"https:\\\/\\\/www.notibras.com\\\/site\\\/edelfo-o-elfo\\\/\"},\"wordCount\":571,\"publisher\":{\"@id\":\"https:\\\/\\\/www.notibras.com\\\/site\\\/#organization\"},\"image\":{\"@id\":\"https:\\\/\\\/www.notibras.com\\\/site\\\/edelfo-o-elfo\\\/#primaryimage\"},\"thumbnailUrl\":\"https:\\\/\\\/www.notibras.com\\\/site\\\/wp-content\\\/uploads\\\/2026\\\/08\\\/WhatsApp-Image-2026-08-31-at-10.59.35.jpeg\",\"articleSection\":[\"Caf\u00e9 Liter\u00e1rio\"],\"inLanguage\":\"pt-BR\"},{\"@type\":\"WebPage\",\"@id\":\"https:\\\/\\\/www.notibras.com\\\/site\\\/edelfo-o-elfo\\\/\",\"url\":\"https:\\\/\\\/www.notibras.com\\\/site\\\/edelfo-o-elfo\\\/\",\"name\":\"Edelfo, o elfo - Notibras\",\"isPartOf\":{\"@id\":\"https:\\\/\\\/www.notibras.com\\\/site\\\/#website\"},\"primaryImageOfPage\":{\"@id\":\"https:\\\/\\\/www.notibras.com\\\/site\\\/edelfo-o-elfo\\\/#primaryimage\"},\"image\":{\"@id\":\"https:\\\/\\\/www.notibras.com\\\/site\\\/edelfo-o-elfo\\\/#primaryimage\"},\"thumbnailUrl\":\"https:\\\/\\\/www.notibras.com\\\/site\\\/wp-content\\\/uploads\\\/2026\\\/08\\\/WhatsApp-Image-2026-08-31-at-10.59.35.jpeg\",\"datePublished\":\"2026-09-01T03:30:12+00:00\",\"breadcrumb\":{\"@id\":\"https:\\\/\\\/www.notibras.com\\\/site\\\/edelfo-o-elfo\\\/#breadcrumb\"},\"inLanguage\":\"pt-BR\",\"potentialAction\":[{\"@type\":\"ReadAction\",\"target\":[\"https:\\\/\\\/www.notibras.com\\\/site\\\/edelfo-o-elfo\\\/\"]}]},{\"@type\":\"ImageObject\",\"inLanguage\":\"pt-BR\",\"@id\":\"https:\\\/\\\/www.notibras.com\\\/site\\\/edelfo-o-elfo\\\/#primaryimage\",\"url\":\"https:\\\/\\\/www.notibras.com\\\/site\\\/wp-content\\\/uploads\\\/2026\\\/08\\\/WhatsApp-Image-2026-08-31-at-10.59.35.jpeg\",\"contentUrl\":\"https:\\\/\\\/www.notibras.com\\\/site\\\/wp-content\\\/uploads\\\/2026\\\/08\\\/WhatsApp-Image-2026-08-31-at-10.59.35.jpeg\",\"width\":1024,\"height\":572},{\"@type\":\"BreadcrumbList\",\"@id\":\"https:\\\/\\\/www.notibras.com\\\/site\\\/edelfo-o-elfo\\\/#breadcrumb\",\"itemListElement\":[{\"@type\":\"ListItem\",\"position\":1,\"name\":\"In\u00edcio\",\"item\":\"https:\\\/\\\/www.notibras.com\\\/site\\\/\"},{\"@type\":\"ListItem\",\"position\":2,\"name\":\"Edelfo, o elfo\"}]},{\"@type\":\"WebSite\",\"@id\":\"https:\\\/\\\/www.notibras.com\\\/site\\\/#website\",\"url\":\"https:\\\/\\\/www.notibras.com\\\/site\\\/\",\"name\":\"Notibras\",\"description\":\"Not\u00edcias de Bras\u00edlia, do Brasil e do Mundo\",\"publisher\":{\"@id\":\"https:\\\/\\\/www.notibras.com\\\/site\\\/#organization\"},\"potentialAction\":[{\"@type\":\"SearchAction\",\"target\":{\"@type\":\"EntryPoint\",\"urlTemplate\":\"https:\\\/\\\/www.notibras.com\\\/site\\\/?s={search_term_string}\"},\"query-input\":{\"@type\":\"PropertyValueSpecification\",\"valueRequired\":true,\"valueName\":\"search_term_string\"}}],\"inLanguage\":\"pt-BR\"},{\"@type\":\"Organization\",\"@id\":\"https:\\\/\\\/www.notibras.com\\\/site\\\/#organization\",\"name\":\"Grupo Notibras de Comunica\u00e7\u00e3o\",\"url\":\"https:\\\/\\\/www.notibras.com\\\/site\\\/\",\"logo\":{\"@type\":\"ImageObject\",\"inLanguage\":\"pt-BR\",\"@id\":\"https:\\\/\\\/www.notibras.com\\\/site\\\/#\\\/schema\\\/logo\\\/image\\\/\",\"url\":\"https:\\\/\\\/www.notibras.com\\\/site\\\/wp-content\\\/uploads\\\/2023\\\/01\\\/notibras23.png\",\"contentUrl\":\"https:\\\/\\\/www.notibras.com\\\/site\\\/wp-content\\\/uploads\\\/2023\\\/01\\\/notibras23.png\",\"width\":350,\"height\":87,\"caption\":\"Grupo Notibras de Comunica\u00e7\u00e3o\"},\"image\":{\"@id\":\"https:\\\/\\\/www.notibras.com\\\/site\\\/#\\\/schema\\\/logo\\\/image\\\/\"},\"sameAs\":[\"https:\\\/\\\/www.facebook.com\\\/notibras\\\/\",\"https:\\\/\\\/x.com\\\/Notibras\",\"https:\\\/\\\/www.instagram.com\\\/notibras\\\/\"]},{\"@type\":\"Person\",\"@id\":\"https:\\\/\\\/www.notibras.com\\\/site\\\/#\\\/schema\\\/person\\\/5b7fabf2aedc3ada2105f03b22b4d3dd\",\"name\":\"Eduardo Mart\u00ednez\",\"image\":{\"@type\":\"ImageObject\",\"inLanguage\":\"pt-BR\",\"@id\":\"https:\\\/\\\/secure.gravatar.com\\\/avatar\\\/7902f906289926289cbcda644b5197c796b893c6ffd7b9a536a42d290f7704a0?s=96&d=mm&r=g\",\"url\":\"https:\\\/\\\/secure.gravatar.com\\\/avatar\\\/7902f906289926289cbcda644b5197c796b893c6ffd7b9a536a42d290f7704a0?s=96&d=mm&r=g\",\"contentUrl\":\"https:\\\/\\\/secure.gravatar.com\\\/avatar\\\/7902f906289926289cbcda644b5197c796b893c6ffd7b9a536a42d290f7704a0?s=96&d=mm&r=g\",\"caption\":\"Eduardo Mart\u00ednez\"}}]}<\/script>\n<!-- \/ Yoast SEO plugin. -->","yoast_head_json":{"title":"Edelfo, o elfo - Notibras","robots":{"index":"index","follow":"follow","max-snippet":"max-snippet:-1","max-image-preview":"max-image-preview:large","max-video-preview":"max-video-preview:-1"},"canonical":"https:\/\/www.notibras.com\/site\/edelfo-o-elfo\/","og_locale":"pt_BR","og_type":"article","og_title":"Edelfo, o elfo - Notibras","og_description":"Edelfo estava injuriado: naquela tarde ele, um elfo de nobre linhagem, um guerreiro cujas fa\u00e7anhas inspiraram o escritor brit\u00e2nico J. R. R. Tolkien em epis\u00f3dios marcantes da s\u00e9rie O senhor dos an\u00e9is, teria de comparecer \u00e0 festa de anivers\u00e1rio de uma menininha de 7 anos, chata pra ded\u00e9u. Pior, teria de se manifestar como uma [&hellip;]","og_url":"https:\/\/www.notibras.com\/site\/edelfo-o-elfo\/","og_site_name":"Notibras","article_publisher":"https:\/\/www.facebook.com\/notibras\/","article_published_time":"2026-09-01T03:30:12+00:00","og_image":[{"width":1024,"height":572,"url":"https:\/\/www.notibras.com\/site\/wp-content\/uploads\/2026\/08\/WhatsApp-Image-2026-08-31-at-10.59.35.jpeg","type":"image\/jpeg"}],"author":"Eduardo Mart\u00ednez","twitter_card":"summary_large_image","twitter_creator":"@Notibras","twitter_site":"@Notibras","twitter_misc":{"Escrito por":"Eduardo Mart\u00ednez","Est. tempo de leitura":"4 minutos"},"schema":{"@context":"https:\/\/schema.org","@graph":[{"@type":"Article","@id":"https:\/\/www.notibras.com\/site\/edelfo-o-elfo\/#article","isPartOf":{"@id":"https:\/\/www.notibras.com\/site\/edelfo-o-elfo\/"},"author":{"name":"Eduardo Mart\u00ednez","@id":"https:\/\/www.notibras.com\/site\/#\/schema\/person\/5b7fabf2aedc3ada2105f03b22b4d3dd"},"headline":"Edelfo, o elfo","datePublished":"2026-09-01T03:30:12+00:00","mainEntityOfPage":{"@id":"https:\/\/www.notibras.com\/site\/edelfo-o-elfo\/"},"wordCount":571,"publisher":{"@id":"https:\/\/www.notibras.com\/site\/#organization"},"image":{"@id":"https:\/\/www.notibras.com\/site\/edelfo-o-elfo\/#primaryimage"},"thumbnailUrl":"https:\/\/www.notibras.com\/site\/wp-content\/uploads\/2026\/08\/WhatsApp-Image-2026-08-31-at-10.59.35.jpeg","articleSection":["Caf\u00e9 Liter\u00e1rio"],"inLanguage":"pt-BR"},{"@type":"WebPage","@id":"https:\/\/www.notibras.com\/site\/edelfo-o-elfo\/","url":"https:\/\/www.notibras.com\/site\/edelfo-o-elfo\/","name":"Edelfo, o elfo - Notibras","isPartOf":{"@id":"https:\/\/www.notibras.com\/site\/#website"},"primaryImageOfPage":{"@id":"https:\/\/www.notibras.com\/site\/edelfo-o-elfo\/#primaryimage"},"image":{"@id":"https:\/\/www.notibras.com\/site\/edelfo-o-elfo\/#primaryimage"},"thumbnailUrl":"https:\/\/www.notibras.com\/site\/wp-content\/uploads\/2026\/08\/WhatsApp-Image-2026-08-31-at-10.59.35.jpeg","datePublished":"2026-09-01T03:30:12+00:00","breadcrumb":{"@id":"https:\/\/www.notibras.com\/site\/edelfo-o-elfo\/#breadcrumb"},"inLanguage":"pt-BR","potentialAction":[{"@type":"ReadAction","target":["https:\/\/www.notibras.com\/site\/edelfo-o-elfo\/"]}]},{"@type":"ImageObject","inLanguage":"pt-BR","@id":"https:\/\/www.notibras.com\/site\/edelfo-o-elfo\/#primaryimage","url":"https:\/\/www.notibras.com\/site\/wp-content\/uploads\/2026\/08\/WhatsApp-Image-2026-08-31-at-10.59.35.jpeg","contentUrl":"https:\/\/www.notibras.com\/site\/wp-content\/uploads\/2026\/08\/WhatsApp-Image-2026-08-31-at-10.59.35.jpeg","width":1024,"height":572},{"@type":"BreadcrumbList","@id":"https:\/\/www.notibras.com\/site\/edelfo-o-elfo\/#breadcrumb","itemListElement":[{"@type":"ListItem","position":1,"name":"In\u00edcio","item":"https:\/\/www.notibras.com\/site\/"},{"@type":"ListItem","position":2,"name":"Edelfo, o elfo"}]},{"@type":"WebSite","@id":"https:\/\/www.notibras.com\/site\/#website","url":"https:\/\/www.notibras.com\/site\/","name":"Notibras","description":"Not\u00edcias de Bras\u00edlia, do Brasil e do Mundo","publisher":{"@id":"https:\/\/www.notibras.com\/site\/#organization"},"potentialAction":[{"@type":"SearchAction","target":{"@type":"EntryPoint","urlTemplate":"https:\/\/www.notibras.com\/site\/?s={search_term_string}"},"query-input":{"@type":"PropertyValueSpecification","valueRequired":true,"valueName":"search_term_string"}}],"inLanguage":"pt-BR"},{"@type":"Organization","@id":"https:\/\/www.notibras.com\/site\/#organization","name":"Grupo Notibras de Comunica\u00e7\u00e3o","url":"https:\/\/www.notibras.com\/site\/","logo":{"@type":"ImageObject","inLanguage":"pt-BR","@id":"https:\/\/www.notibras.com\/site\/#\/schema\/logo\/image\/","url":"https:\/\/www.notibras.com\/site\/wp-content\/uploads\/2023\/01\/notibras23.png","contentUrl":"https:\/\/www.notibras.com\/site\/wp-content\/uploads\/2023\/01\/notibras23.png","width":350,"height":87,"caption":"Grupo Notibras de Comunica\u00e7\u00e3o"},"image":{"@id":"https:\/\/www.notibras.com\/site\/#\/schema\/logo\/image\/"},"sameAs":["https:\/\/www.facebook.com\/notibras\/","https:\/\/x.com\/Notibras","https:\/\/www.instagram.com\/notibras\/"]},{"@type":"Person","@id":"https:\/\/www.notibras.com\/site\/#\/schema\/person\/5b7fabf2aedc3ada2105f03b22b4d3dd","name":"Eduardo Mart\u00ednez","image":{"@type":"ImageObject","inLanguage":"pt-BR","@id":"https:\/\/secure.gravatar.com\/avatar\/7902f906289926289cbcda644b5197c796b893c6ffd7b9a536a42d290f7704a0?s=96&d=mm&r=g","url":"https:\/\/secure.gravatar.com\/avatar\/7902f906289926289cbcda644b5197c796b893c6ffd7b9a536a42d290f7704a0?s=96&d=mm&r=g","contentUrl":"https:\/\/secure.gravatar.com\/avatar\/7902f906289926289cbcda644b5197c796b893c6ffd7b9a536a42d290f7704a0?s=96&d=mm&r=g","caption":"Eduardo Mart\u00ednez"}}]}},"_links":{"self":[{"href":"https:\/\/www.notibras.com\/site\/wp-json\/wp\/v2\/posts\/408799","targetHints":{"allow":["GET"]}}],"collection":[{"href":"https:\/\/www.notibras.com\/site\/wp-json\/wp\/v2\/posts"}],"about":[{"href":"https:\/\/www.notibras.com\/site\/wp-json\/wp\/v2\/types\/post"}],"author":[{"embeddable":true,"href":"https:\/\/www.notibras.com\/site\/wp-json\/wp\/v2\/users\/21"}],"replies":[{"embeddable":true,"href":"https:\/\/www.notibras.com\/site\/wp-json\/wp\/v2\/comments?post=408799"}],"version-history":[{"count":2,"href":"https:\/\/www.notibras.com\/site\/wp-json\/wp\/v2\/posts\/408799\/revisions"}],"predecessor-version":[{"id":408802,"href":"https:\/\/www.notibras.com\/site\/wp-json\/wp\/v2\/posts\/408799\/revisions\/408802"}],"wp:featuredmedia":[{"embeddable":true,"href":"https:\/\/www.notibras.com\/site\/wp-json\/wp\/v2\/media\/408800"}],"wp:attachment":[{"href":"https:\/\/www.notibras.com\/site\/wp-json\/wp\/v2\/media?parent=408799"}],"wp:term":[{"taxonomy":"category","embeddable":true,"href":"https:\/\/www.notibras.com\/site\/wp-json\/wp\/v2\/categories?post=408799"},{"taxonomy":"post_tag","embeddable":true,"href":"https:\/\/www.notibras.com\/site\/wp-json\/wp\/v2\/tags?post=408799"},{"taxonomy":"tmauthors","embeddable":true,"href":"https:\/\/www.notibras.com\/site\/wp-json\/wp\/v2\/tmauthors?post=408799"}],"curies":[{"name":"wp","href":"https:\/\/api.w.org\/{rel}","templated":true}]}}