{"id":408829,"date":"2026-09-01T02:00:07","date_gmt":"2026-09-01T05:00:07","guid":{"rendered":"https:\/\/www.notibras.com\/site\/?p=408829"},"modified":"2026-08-31T13:19:45","modified_gmt":"2026-08-31T16:19:45","slug":"duas-rodelas-de-tomate-e-o-santo","status":"publish","type":"post","link":"https:\/\/www.notibras.com\/site\/duas-rodelas-de-tomate-e-o-santo\/","title":{"rendered":"Duas rodelas de tomate e o santo"},"content":{"rendered":"<p>Sabe, ela veio chegando de mansinho, quase me enganou. Quer dizer, n\u00e3o foi f\u00e1cil perceb\u00ea-la. A princ\u00edpio, deixei de lado refrigerantes, o cigarro j\u00e1 havia abandonado quando os olhares de reprova\u00e7\u00e3o tomaram conta at\u00e9 dos botecos. Para voc\u00ea ver. At\u00e9 dos botecos!<\/p>\n<p>Pizza, churrasco, bebedeiras sem fim. Tudo acabou. E coxinha? Ih, era a minha perdi\u00e7\u00e3o. Nem me importava se j\u00e1 estivesse na vitrine espreitando algum desavisado h\u00e1 dias. L\u00e1 estava eu disposta a abocanh\u00e1-la, ainda mais quando era promo\u00e7\u00e3o. O \u00f3leo vencido escorria pelos cantos da boca. Que saudade!<\/p>\n<p>Hoje, quando muito, uma fatia de queijo magro e duas fatias de p\u00e3o integral. Duas rodelas de tomate. Tomate org\u00e2nico, que n\u00e3o quero dar mole para agrot\u00f3xico.<\/p>\n<p>Pois \u00e9, eu soube. O Ernesto se foi. Pensei em dar uma passadinha no cemit\u00e9rio. Dizem que o vel\u00f3rio encheu. Aneurisma, coisa de velho, mas andei pesquisando, pega os jovens tamb\u00e9m.<\/p>\n<p>N\u00e3o. N\u00e3o \u00e9 poss\u00edvel. Voc\u00ea tem certeza? Eu jurava que o Ernesto era mais velho do que n\u00f3s duas. Ah, ele s\u00f3 era mais jovem do que eu? Sei&#8230; Mas a gente nunca sabe quando ser\u00e1 a nossa vez, n\u00e9, amiga? V\u00e1 que voc\u00ea j\u00e1 tenha encontro marcado com Santo Ant\u00f4nio antes de mim, n\u00e3o \u00e9 mesmo?<\/p>\n<p>De vez em quando d\u00e1 vontade de chutar o balde. Quanta crueldade ter que resistir a um brigadeiro. Ser\u00e1 que dois ou cinco fariam mal?<\/p>\n<p>Certo mesmo seria a gente ser avisada com pelo menos um dia de anteced\u00eancia. Dois! J\u00e1 pensou? Eunice, vai ser depois de amanh\u00e3 \u00e0s 18h43. Ih, eu n\u00e3o iria perder tempo! Faria um banquete s\u00f3 de coisas proibidas. E fumaria um cigarro atr\u00e1s do outro. Se bobear, charuto. E encheria tanto a cara, que era poss\u00edvel at\u00e9 perder o rumo do C\u00e9u.<\/p>\n<p>Creio que Santo Ant\u00f4nio entenderia se eu chegasse meia hora atrasada. Talvez um dia ou dois.<\/p>\n<p><strong>\u2026\u2026\u2026\u2026\u2026\u2026\u2026\u2026<\/strong><\/p>\n<p><strong>Eduardo Cesario-Mart\u00ednez \u00e9 autor do livro \u201957 Contos e Cr\u00f4nicas por um Autor Muito Velho\u2019 (Vencedor do Pr\u00eamio Liter\u00e1rio Clarice Lispector \u2013 2025 na categoria livro de contos).<\/strong><\/p>\n<p><strong>Compre aqui<\/strong><\/p>\n<p><a href=\"https:\/\/www.joanineditora.com.br\/57-contos-e-cronicas-por-um-autor-muito-velho\"><strong>https:\/\/www.joanineditora.com.br\/57-contos-e-cronicas-por-um-autor-muito-velho<\/strong><\/a><\/p>\n","protected":false},"excerpt":{"rendered":"<p>Sabe, ela veio chegando de mansinho, quase me enganou. Quer dizer, n\u00e3o foi f\u00e1cil perceb\u00ea-la. A princ\u00edpio, deixei de lado refrigerantes, o cigarro j\u00e1 havia abandonado quando os olhares de reprova\u00e7\u00e3o tomaram conta at\u00e9 dos botecos. Para voc\u00ea ver. At\u00e9 dos botecos! Pizza, churrasco, bebedeiras sem fim. Tudo acabou. E coxinha? Ih, era a minha [&hellip;]<\/p>\n","protected":false},"author":21,"featured_media":408830,"comment_status":"closed","ping_status":"closed","sticky":false,"template":"","format":"standard","meta":{"_acf_changed":false,"footnotes":""},"categories":[161],"tags":[],"tmauthors":[306],"class_list":["post-408829","post","type-post","status-publish","format-standard","has-post-thumbnail","category-quadradinho-em-foco"],"acf":[],"yoast_head":"<!-- This site is optimized with the Yoast SEO plugin v28.0 - https:\/\/yoast.com\/product\/yoast-seo-wordpress\/ -->\n<title>Duas rodelas de tomate e o santo - Notibras<\/title>\n<meta name=\"robots\" content=\"index, follow, max-snippet:-1, max-image-preview:large, max-video-preview:-1\" \/>\n<link rel=\"canonical\" href=\"https:\/\/www.notibras.com\/site\/duas-rodelas-de-tomate-e-o-santo\/\" \/>\n<meta property=\"og:locale\" content=\"pt_BR\" \/>\n<meta property=\"og:type\" content=\"article\" \/>\n<meta property=\"og:title\" content=\"Duas rodelas de tomate e o santo - Notibras\" \/>\n<meta property=\"og:description\" content=\"Sabe, ela veio chegando de mansinho, quase me enganou. Quer dizer, n\u00e3o foi f\u00e1cil perceb\u00ea-la. A princ\u00edpio, deixei de lado refrigerantes, o cigarro j\u00e1 havia abandonado quando os olhares de reprova\u00e7\u00e3o tomaram conta at\u00e9 dos botecos. Para voc\u00ea ver. At\u00e9 dos botecos! Pizza, churrasco, bebedeiras sem fim. Tudo acabou. E coxinha? Ih, era a minha [&hellip;]\" \/>\n<meta property=\"og:url\" content=\"https:\/\/www.notibras.com\/site\/duas-rodelas-de-tomate-e-o-santo\/\" \/>\n<meta property=\"og:site_name\" content=\"Notibras\" \/>\n<meta property=\"article:publisher\" content=\"https:\/\/www.facebook.com\/notibras\/\" \/>\n<meta property=\"article:published_time\" content=\"2026-09-01T05:00:07+00:00\" \/>\n<meta property=\"og:image\" content=\"https:\/\/www.notibras.com\/site\/wp-content\/uploads\/2026\/08\/WhatsApp-Image-2026-08-31-at-13.15.27.jpeg\" \/>\n\t<meta property=\"og:image:width\" content=\"1280\" \/>\n\t<meta property=\"og:image:height\" content=\"714\" \/>\n\t<meta property=\"og:image:type\" content=\"image\/jpeg\" \/>\n<meta name=\"author\" content=\"Eduardo Mart\u00ednez\" \/>\n<meta name=\"twitter:card\" content=\"summary_large_image\" \/>\n<meta name=\"twitter:creator\" content=\"@Notibras\" \/>\n<meta name=\"twitter:site\" content=\"@Notibras\" \/>\n<meta name=\"twitter:label1\" content=\"Escrito por\" \/>\n\t<meta name=\"twitter:data1\" content=\"Eduardo Mart\u00ednez\" \/>\n\t<meta name=\"twitter:label2\" content=\"Est. tempo de leitura\" \/>\n\t<meta name=\"twitter:data2\" content=\"3 minutos\" \/>\n<script type=\"application\/ld+json\" class=\"yoast-schema-graph\">{\"@context\":\"https:\\\/\\\/schema.org\",\"@graph\":[{\"@type\":\"Article\",\"@id\":\"https:\\\/\\\/www.notibras.com\\\/site\\\/duas-rodelas-de-tomate-e-o-santo\\\/#article\",\"isPartOf\":{\"@id\":\"https:\\\/\\\/www.notibras.com\\\/site\\\/duas-rodelas-de-tomate-e-o-santo\\\/\"},\"author\":{\"name\":\"Eduardo Mart\u00ednez\",\"@id\":\"https:\\\/\\\/www.notibras.com\\\/site\\\/#\\\/schema\\\/person\\\/5b7fabf2aedc3ada2105f03b22b4d3dd\"},\"headline\":\"Duas rodelas de tomate e o santo\",\"datePublished\":\"2026-09-01T05:00:07+00:00\",\"mainEntityOfPage\":{\"@id\":\"https:\\\/\\\/www.notibras.com\\\/site\\\/duas-rodelas-de-tomate-e-o-santo\\\/\"},\"wordCount\":375,\"publisher\":{\"@id\":\"https:\\\/\\\/www.notibras.com\\\/site\\\/#organization\"},\"image\":{\"@id\":\"https:\\\/\\\/www.notibras.com\\\/site\\\/duas-rodelas-de-tomate-e-o-santo\\\/#primaryimage\"},\"thumbnailUrl\":\"https:\\\/\\\/www.notibras.com\\\/site\\\/wp-content\\\/uploads\\\/2026\\\/08\\\/WhatsApp-Image-2026-08-31-at-13.15.27.jpeg\",\"articleSection\":[\"Quadradinho em Foco\"],\"inLanguage\":\"pt-BR\"},{\"@type\":\"WebPage\",\"@id\":\"https:\\\/\\\/www.notibras.com\\\/site\\\/duas-rodelas-de-tomate-e-o-santo\\\/\",\"url\":\"https:\\\/\\\/www.notibras.com\\\/site\\\/duas-rodelas-de-tomate-e-o-santo\\\/\",\"name\":\"Duas rodelas de tomate e o santo - Notibras\",\"isPartOf\":{\"@id\":\"https:\\\/\\\/www.notibras.com\\\/site\\\/#website\"},\"primaryImageOfPage\":{\"@id\":\"https:\\\/\\\/www.notibras.com\\\/site\\\/duas-rodelas-de-tomate-e-o-santo\\\/#primaryimage\"},\"image\":{\"@id\":\"https:\\\/\\\/www.notibras.com\\\/site\\\/duas-rodelas-de-tomate-e-o-santo\\\/#primaryimage\"},\"thumbnailUrl\":\"https:\\\/\\\/www.notibras.com\\\/site\\\/wp-content\\\/uploads\\\/2026\\\/08\\\/WhatsApp-Image-2026-08-31-at-13.15.27.jpeg\",\"datePublished\":\"2026-09-01T05:00:07+00:00\",\"breadcrumb\":{\"@id\":\"https:\\\/\\\/www.notibras.com\\\/site\\\/duas-rodelas-de-tomate-e-o-santo\\\/#breadcrumb\"},\"inLanguage\":\"pt-BR\",\"potentialAction\":[{\"@type\":\"ReadAction\",\"target\":[\"https:\\\/\\\/www.notibras.com\\\/site\\\/duas-rodelas-de-tomate-e-o-santo\\\/\"]}]},{\"@type\":\"ImageObject\",\"inLanguage\":\"pt-BR\",\"@id\":\"https:\\\/\\\/www.notibras.com\\\/site\\\/duas-rodelas-de-tomate-e-o-santo\\\/#primaryimage\",\"url\":\"https:\\\/\\\/www.notibras.com\\\/site\\\/wp-content\\\/uploads\\\/2026\\\/08\\\/WhatsApp-Image-2026-08-31-at-13.15.27.jpeg\",\"contentUrl\":\"https:\\\/\\\/www.notibras.com\\\/site\\\/wp-content\\\/uploads\\\/2026\\\/08\\\/WhatsApp-Image-2026-08-31-at-13.15.27.jpeg\",\"width\":1280,\"height\":714},{\"@type\":\"BreadcrumbList\",\"@id\":\"https:\\\/\\\/www.notibras.com\\\/site\\\/duas-rodelas-de-tomate-e-o-santo\\\/#breadcrumb\",\"itemListElement\":[{\"@type\":\"ListItem\",\"position\":1,\"name\":\"In\u00edcio\",\"item\":\"https:\\\/\\\/www.notibras.com\\\/site\\\/\"},{\"@type\":\"ListItem\",\"position\":2,\"name\":\"Duas rodelas de tomate e o santo\"}]},{\"@type\":\"WebSite\",\"@id\":\"https:\\\/\\\/www.notibras.com\\\/site\\\/#website\",\"url\":\"https:\\\/\\\/www.notibras.com\\\/site\\\/\",\"name\":\"Notibras\",\"description\":\"Not\u00edcias de Bras\u00edlia, do Brasil e do Mundo\",\"publisher\":{\"@id\":\"https:\\\/\\\/www.notibras.com\\\/site\\\/#organization\"},\"potentialAction\":[{\"@type\":\"SearchAction\",\"target\":{\"@type\":\"EntryPoint\",\"urlTemplate\":\"https:\\\/\\\/www.notibras.com\\\/site\\\/?s={search_term_string}\"},\"query-input\":{\"@type\":\"PropertyValueSpecification\",\"valueRequired\":true,\"valueName\":\"search_term_string\"}}],\"inLanguage\":\"pt-BR\"},{\"@type\":\"Organization\",\"@id\":\"https:\\\/\\\/www.notibras.com\\\/site\\\/#organization\",\"name\":\"Grupo Notibras de Comunica\u00e7\u00e3o\",\"url\":\"https:\\\/\\\/www.notibras.com\\\/site\\\/\",\"logo\":{\"@type\":\"ImageObject\",\"inLanguage\":\"pt-BR\",\"@id\":\"https:\\\/\\\/www.notibras.com\\\/site\\\/#\\\/schema\\\/logo\\\/image\\\/\",\"url\":\"https:\\\/\\\/www.notibras.com\\\/site\\\/wp-content\\\/uploads\\\/2023\\\/01\\\/notibras23.png\",\"contentUrl\":\"https:\\\/\\\/www.notibras.com\\\/site\\\/wp-content\\\/uploads\\\/2023\\\/01\\\/notibras23.png\",\"width\":350,\"height\":87,\"caption\":\"Grupo Notibras de Comunica\u00e7\u00e3o\"},\"image\":{\"@id\":\"https:\\\/\\\/www.notibras.com\\\/site\\\/#\\\/schema\\\/logo\\\/image\\\/\"},\"sameAs\":[\"https:\\\/\\\/www.facebook.com\\\/notibras\\\/\",\"https:\\\/\\\/x.com\\\/Notibras\",\"https:\\\/\\\/www.instagram.com\\\/notibras\\\/\"]},{\"@type\":\"Person\",\"@id\":\"https:\\\/\\\/www.notibras.com\\\/site\\\/#\\\/schema\\\/person\\\/5b7fabf2aedc3ada2105f03b22b4d3dd\",\"name\":\"Eduardo Mart\u00ednez\",\"image\":{\"@type\":\"ImageObject\",\"inLanguage\":\"pt-BR\",\"@id\":\"https:\\\/\\\/secure.gravatar.com\\\/avatar\\\/7902f906289926289cbcda644b5197c796b893c6ffd7b9a536a42d290f7704a0?s=96&d=mm&r=g\",\"url\":\"https:\\\/\\\/secure.gravatar.com\\\/avatar\\\/7902f906289926289cbcda644b5197c796b893c6ffd7b9a536a42d290f7704a0?s=96&d=mm&r=g\",\"contentUrl\":\"https:\\\/\\\/secure.gravatar.com\\\/avatar\\\/7902f906289926289cbcda644b5197c796b893c6ffd7b9a536a42d290f7704a0?s=96&d=mm&r=g\",\"caption\":\"Eduardo Mart\u00ednez\"}}]}<\/script>\n<!-- \/ Yoast SEO plugin. -->","yoast_head_json":{"title":"Duas rodelas de tomate e o santo - Notibras","robots":{"index":"index","follow":"follow","max-snippet":"max-snippet:-1","max-image-preview":"max-image-preview:large","max-video-preview":"max-video-preview:-1"},"canonical":"https:\/\/www.notibras.com\/site\/duas-rodelas-de-tomate-e-o-santo\/","og_locale":"pt_BR","og_type":"article","og_title":"Duas rodelas de tomate e o santo - Notibras","og_description":"Sabe, ela veio chegando de mansinho, quase me enganou. Quer dizer, n\u00e3o foi f\u00e1cil perceb\u00ea-la. A princ\u00edpio, deixei de lado refrigerantes, o cigarro j\u00e1 havia abandonado quando os olhares de reprova\u00e7\u00e3o tomaram conta at\u00e9 dos botecos. Para voc\u00ea ver. At\u00e9 dos botecos! Pizza, churrasco, bebedeiras sem fim. Tudo acabou. E coxinha? Ih, era a minha [&hellip;]","og_url":"https:\/\/www.notibras.com\/site\/duas-rodelas-de-tomate-e-o-santo\/","og_site_name":"Notibras","article_publisher":"https:\/\/www.facebook.com\/notibras\/","article_published_time":"2026-09-01T05:00:07+00:00","og_image":[{"width":1280,"height":714,"url":"https:\/\/www.notibras.com\/site\/wp-content\/uploads\/2026\/08\/WhatsApp-Image-2026-08-31-at-13.15.27.jpeg","type":"image\/jpeg"}],"author":"Eduardo Mart\u00ednez","twitter_card":"summary_large_image","twitter_creator":"@Notibras","twitter_site":"@Notibras","twitter_misc":{"Escrito por":"Eduardo Mart\u00ednez","Est. tempo de leitura":"3 minutos"},"schema":{"@context":"https:\/\/schema.org","@graph":[{"@type":"Article","@id":"https:\/\/www.notibras.com\/site\/duas-rodelas-de-tomate-e-o-santo\/#article","isPartOf":{"@id":"https:\/\/www.notibras.com\/site\/duas-rodelas-de-tomate-e-o-santo\/"},"author":{"name":"Eduardo Mart\u00ednez","@id":"https:\/\/www.notibras.com\/site\/#\/schema\/person\/5b7fabf2aedc3ada2105f03b22b4d3dd"},"headline":"Duas rodelas de tomate e o santo","datePublished":"2026-09-01T05:00:07+00:00","mainEntityOfPage":{"@id":"https:\/\/www.notibras.com\/site\/duas-rodelas-de-tomate-e-o-santo\/"},"wordCount":375,"publisher":{"@id":"https:\/\/www.notibras.com\/site\/#organization"},"image":{"@id":"https:\/\/www.notibras.com\/site\/duas-rodelas-de-tomate-e-o-santo\/#primaryimage"},"thumbnailUrl":"https:\/\/www.notibras.com\/site\/wp-content\/uploads\/2026\/08\/WhatsApp-Image-2026-08-31-at-13.15.27.jpeg","articleSection":["Quadradinho em Foco"],"inLanguage":"pt-BR"},{"@type":"WebPage","@id":"https:\/\/www.notibras.com\/site\/duas-rodelas-de-tomate-e-o-santo\/","url":"https:\/\/www.notibras.com\/site\/duas-rodelas-de-tomate-e-o-santo\/","name":"Duas rodelas de tomate e o santo - Notibras","isPartOf":{"@id":"https:\/\/www.notibras.com\/site\/#website"},"primaryImageOfPage":{"@id":"https:\/\/www.notibras.com\/site\/duas-rodelas-de-tomate-e-o-santo\/#primaryimage"},"image":{"@id":"https:\/\/www.notibras.com\/site\/duas-rodelas-de-tomate-e-o-santo\/#primaryimage"},"thumbnailUrl":"https:\/\/www.notibras.com\/site\/wp-content\/uploads\/2026\/08\/WhatsApp-Image-2026-08-31-at-13.15.27.jpeg","datePublished":"2026-09-01T05:00:07+00:00","breadcrumb":{"@id":"https:\/\/www.notibras.com\/site\/duas-rodelas-de-tomate-e-o-santo\/#breadcrumb"},"inLanguage":"pt-BR","potentialAction":[{"@type":"ReadAction","target":["https:\/\/www.notibras.com\/site\/duas-rodelas-de-tomate-e-o-santo\/"]}]},{"@type":"ImageObject","inLanguage":"pt-BR","@id":"https:\/\/www.notibras.com\/site\/duas-rodelas-de-tomate-e-o-santo\/#primaryimage","url":"https:\/\/www.notibras.com\/site\/wp-content\/uploads\/2026\/08\/WhatsApp-Image-2026-08-31-at-13.15.27.jpeg","contentUrl":"https:\/\/www.notibras.com\/site\/wp-content\/uploads\/2026\/08\/WhatsApp-Image-2026-08-31-at-13.15.27.jpeg","width":1280,"height":714},{"@type":"BreadcrumbList","@id":"https:\/\/www.notibras.com\/site\/duas-rodelas-de-tomate-e-o-santo\/#breadcrumb","itemListElement":[{"@type":"ListItem","position":1,"name":"In\u00edcio","item":"https:\/\/www.notibras.com\/site\/"},{"@type":"ListItem","position":2,"name":"Duas rodelas de tomate e o santo"}]},{"@type":"WebSite","@id":"https:\/\/www.notibras.com\/site\/#website","url":"https:\/\/www.notibras.com\/site\/","name":"Notibras","description":"Not\u00edcias de Bras\u00edlia, do Brasil e do Mundo","publisher":{"@id":"https:\/\/www.notibras.com\/site\/#organization"},"potentialAction":[{"@type":"SearchAction","target":{"@type":"EntryPoint","urlTemplate":"https:\/\/www.notibras.com\/site\/?s={search_term_string}"},"query-input":{"@type":"PropertyValueSpecification","valueRequired":true,"valueName":"search_term_string"}}],"inLanguage":"pt-BR"},{"@type":"Organization","@id":"https:\/\/www.notibras.com\/site\/#organization","name":"Grupo Notibras de Comunica\u00e7\u00e3o","url":"https:\/\/www.notibras.com\/site\/","logo":{"@type":"ImageObject","inLanguage":"pt-BR","@id":"https:\/\/www.notibras.com\/site\/#\/schema\/logo\/image\/","url":"https:\/\/www.notibras.com\/site\/wp-content\/uploads\/2023\/01\/notibras23.png","contentUrl":"https:\/\/www.notibras.com\/site\/wp-content\/uploads\/2023\/01\/notibras23.png","width":350,"height":87,"caption":"Grupo Notibras de Comunica\u00e7\u00e3o"},"image":{"@id":"https:\/\/www.notibras.com\/site\/#\/schema\/logo\/image\/"},"sameAs":["https:\/\/www.facebook.com\/notibras\/","https:\/\/x.com\/Notibras","https:\/\/www.instagram.com\/notibras\/"]},{"@type":"Person","@id":"https:\/\/www.notibras.com\/site\/#\/schema\/person\/5b7fabf2aedc3ada2105f03b22b4d3dd","name":"Eduardo Mart\u00ednez","image":{"@type":"ImageObject","inLanguage":"pt-BR","@id":"https:\/\/secure.gravatar.com\/avatar\/7902f906289926289cbcda644b5197c796b893c6ffd7b9a536a42d290f7704a0?s=96&d=mm&r=g","url":"https:\/\/secure.gravatar.com\/avatar\/7902f906289926289cbcda644b5197c796b893c6ffd7b9a536a42d290f7704a0?s=96&d=mm&r=g","contentUrl":"https:\/\/secure.gravatar.com\/avatar\/7902f906289926289cbcda644b5197c796b893c6ffd7b9a536a42d290f7704a0?s=96&d=mm&r=g","caption":"Eduardo Mart\u00ednez"}}]}},"_links":{"self":[{"href":"https:\/\/www.notibras.com\/site\/wp-json\/wp\/v2\/posts\/408829","targetHints":{"allow":["GET"]}}],"collection":[{"href":"https:\/\/www.notibras.com\/site\/wp-json\/wp\/v2\/posts"}],"about":[{"href":"https:\/\/www.notibras.com\/site\/wp-json\/wp\/v2\/types\/post"}],"author":[{"embeddable":true,"href":"https:\/\/www.notibras.com\/site\/wp-json\/wp\/v2\/users\/21"}],"replies":[{"embeddable":true,"href":"https:\/\/www.notibras.com\/site\/wp-json\/wp\/v2\/comments?post=408829"}],"version-history":[{"count":2,"href":"https:\/\/www.notibras.com\/site\/wp-json\/wp\/v2\/posts\/408829\/revisions"}],"predecessor-version":[{"id":408832,"href":"https:\/\/www.notibras.com\/site\/wp-json\/wp\/v2\/posts\/408829\/revisions\/408832"}],"wp:featuredmedia":[{"embeddable":true,"href":"https:\/\/www.notibras.com\/site\/wp-json\/wp\/v2\/media\/408830"}],"wp:attachment":[{"href":"https:\/\/www.notibras.com\/site\/wp-json\/wp\/v2\/media?parent=408829"}],"wp:term":[{"taxonomy":"category","embeddable":true,"href":"https:\/\/www.notibras.com\/site\/wp-json\/wp\/v2\/categories?post=408829"},{"taxonomy":"post_tag","embeddable":true,"href":"https:\/\/www.notibras.com\/site\/wp-json\/wp\/v2\/tags?post=408829"},{"taxonomy":"tmauthors","embeddable":true,"href":"https:\/\/www.notibras.com\/site\/wp-json\/wp\/v2\/tmauthors?post=408829"}],"curies":[{"name":"wp","href":"https:\/\/api.w.org\/{rel}","templated":true}]}}