{"id":408838,"date":"2026-08-31T16:28:44","date_gmt":"2026-08-31T19:28:44","guid":{"rendered":"https:\/\/www.notibras.com\/site\/?p=408838"},"modified":"2026-08-31T17:33:41","modified_gmt":"2026-08-31T20:33:41","slug":"toffoli-tira-renan-e-grassi-das-redes-dos-debates-e-dos-cofres","status":"publish","type":"post","link":"https:\/\/www.notibras.com\/site\/toffoli-tira-renan-e-grassi-das-redes-dos-debates-e-dos-cofres\/","title":{"rendered":"Toffoli tira Renan e Grassi das redes, dos debates e dos cofres"},"content":{"rendered":"<p>A campanha presidencial ganhou um ingrediente inesperado nesta segunda-feira (31). Em duas decis\u00f5es semelhantes, o ministro Dias Toffoli, do Tribunal Superior Eleitoral (TSE), imp\u00f4s duras restri\u00e7\u00f5es \u00e0s campanhas de Renan Santos, candidato do Miss\u00e3o, e Wilson Grassi, do Democrata. Os dois est\u00e3o temporariamente impedidos de participar de debates e tiveram suspensos os repasses e gastos de recursos do Fundo Especial de Financiamento de Campanha, al\u00e9m de sofrerem restri\u00e7\u00f5es \u00e0 propaganda eleitoral na internet.<\/p>\n<p>As decis\u00f5es foram tomadas no domingo (30) e tornadas p\u00fablicas nesta segunda. Em ambos os casos, Toffoli apontou problemas na comunica\u00e7\u00e3o \u00e0 Justi\u00e7a Eleitoral dos perfis utilizados pelas chapas nas redes sociais. As medidas t\u00eam car\u00e1ter cautelar e, por enquanto, n\u00e3o representam o cancelamento das candidaturas.<\/p>\n<p>No caso de Renan Santos, o pedido de registro da candidatura foi apresentado em 7 de agosto. A chapa, por\u00e9m, somente informou ao TSE, no dia 19, outros 16 perfis utilizados nas redes sociais \u2014 portanto, 12 dias depois.<\/p>\n<p>A situa\u00e7\u00e3o chamou particularmente a aten\u00e7\u00e3o do relator porque uma das contas alcan\u00e7ava cerca de 2,4 milh\u00f5es de seguidores e j\u00e1 apresentava conte\u00fado de propaganda eleitoral. Para Toffoli, a demora na comunica\u00e7\u00e3o n\u00e3o pode ser considerada simplesmente uma falha burocr\u00e1tica.<\/p>\n<p>O ministro entende que, enquanto uma conta n\u00e3o \u00e9 formalmente identificada perante a Justi\u00e7a Eleitoral como pertencente a candidato, ela pode continuar submetida normalmente aos mecanismos de recomenda\u00e7\u00e3o das plataformas digitais. Isso poderia produzir uma vantagem sobre os concorrentes cujas contas foram informadas dentro do prazo e submetidas \u00e0s regras espec\u00edficas da elei\u00e7\u00e3o.<\/p>\n<p>Toffoli chegou a classificar a situa\u00e7\u00e3o como poss\u00edvel \u201comiss\u00e3o estrat\u00e9gica\u201d. Al\u00e9m da suspens\u00e3o dos perfis questionados, determinou que plataformas forne\u00e7am informa\u00e7\u00f5es sobre postagens, impulsionamentos, an\u00fancios, recomenda\u00e7\u00f5es e alcance das publica\u00e7\u00f5es.<\/p>\n<p>Renan e o Miss\u00e3o ter\u00e3o ainda de prestar esclarecimentos sobre as contas apontadas no processo. O ministro deu prazo de 24 horas para que sejam apresentadas informa\u00e7\u00f5es relativas \u00e0 cria\u00e7\u00e3o e utiliza\u00e7\u00e3o dos perfis, al\u00e9m da exist\u00eancia de outros canais eventualmente empregados pela campanha.<\/p>\n<p>A decis\u00e3o atingiu tamb\u00e9m o bolso e uma das principais vitrines de qualquer presidenci\u00e1vel. Foram suspensos novos repasses do Fundo Eleitoral e gastos com recursos p\u00fablicos eventualmente j\u00e1 transferidos \u00e0 chapa. Renan tamb\u00e9m ficou impedido de participar de debates em r\u00e1dio, televis\u00e3o, podcasts e outros meios de comunica\u00e7\u00e3o.<\/p>\n<p>Horas depois de conhecida a decis\u00e3o envolvendo Renan, veio a p\u00fablico uma segunda medida de Toffoli, desta vez contra Wilson Grassi, candidato do Democrata. O fundamento foi praticamente o mesmo.<\/p>\n<p>O Democrata apresentou o pedido de registro de sua candidatura presidencial em 11 de agosto, mas oito perfis utilizados nas redes sociais somente foram comunicados \u00e0 Justi\u00e7a Eleitoral no dia 28 \u2014 atraso de 17 dias.<\/p>\n<p>Segundo informa\u00e7\u00f5es constantes do processo, ao menos uma dessas contas estava sendo utilizada para propaganda eleitoral e possu\u00eda aproximadamente 156 mil seguidores.<\/p>\n<p>Toffoli determinou a suspens\u00e3o da propaganda da chapa nos endere\u00e7os eletr\u00f4nicos que n\u00e3o tenham sido informados tempestivamente \u00e0 Justi\u00e7a Eleitoral. Tamb\u00e9m interrompeu novos repasses do Fundo Eleitoral, proibiu gastos com valores p\u00fablicos eventualmente j\u00e1 recebidos e afastou Grassi dos debates em r\u00e1dio, televis\u00e3o, podcasts e outros meios.<\/p>\n<p>Nos dois processos, portanto, o ponto central \u00e9 o mesmo: para o relator, informar previamente os canais digitais utilizados na campanha n\u00e3o constitui mera formalidade burocr\u00e1tica. A exig\u00eancia serviria para assegurar transpar\u00eancia e igualdade de condi\u00e7\u00f5es entre os candidatos.<\/p>\n<p><strong>Pura persegui\u00e7\u00e3o<\/strong><br \/>\nA rea\u00e7\u00e3o mais contundente partiu de Renan Santos. Em v\u00eddeo divulgado nas redes sociais ap\u00f3s tomar conhecimento da medida, o candidato afirmou que recorrer\u00e1 ao pr\u00f3prio TSE e classificou a decis\u00e3o como \u201cilegal\u201d e \u201cpersecut\u00f3ria\u201d.<\/p>\n<p>Renan sustenta que houve um problema t\u00e9cnico relacionado ao registro dos perfis e rejeita a interpreta\u00e7\u00e3o de que tenha obtido vantagem indevida. O candidato tamb\u00e9m relacionou a decis\u00e3o \u00e0s manifesta\u00e7\u00f5es que promoveu nos \u00faltimos meses com cr\u00edticas a Toffoli.<\/p>\n<p>Em suas redes sociais, Renan passou a utilizar uma imagem com uma tarja com a palavra \u201cCensurado\u201d. A estrat\u00e9gia deixou evidente que o candidato pretende transformar a batalha jur\u00eddica em discurso pol\u00edtico durante a campanha.<\/p>\n<p><strong>Zema, o defensor<\/strong><br \/>\nA decis\u00e3o tamb\u00e9m provocou rea\u00e7\u00e3o entre os pr\u00f3prios concorrentes ao Pal\u00e1cio do Planalto.<\/p>\n<p>O candidato do Novo, Romeu Zema, saiu publicamente em defesa de Renan, embora tenha ressaltado suas diverg\u00eancias com o advers\u00e1rio.<\/p>\n<p>\u201cDiscordo em muitos pontos do Renan, mas o que o Toffoli acaba de fazer \u00e9 um absurdo. N\u00e3o ficarei calado por ser um concorrente. O buraco \u00e9 muito mais embaixo\u201d, escreveu Zema nas redes sociais.<\/p>\n<p>A manifesta\u00e7\u00e3o amplia a dimens\u00e3o pol\u00edtica do epis\u00f3dio, principalmente porque Renan e Zema disputam parcelas semelhantes do eleitorado de direita.<\/p>\n<p>Tamb\u00e9m surgiram avalia\u00e7\u00f5es em sentido contr\u00e1rio. O advogado especialista em Direito Eleitoral Fernando Neisser avaliou que Toffoli acertou na forma e no conte\u00fado da decis\u00e3o. Na interpreta\u00e7\u00e3o do jurista, a omiss\u00e3o de p\u00e1ginas antigas utilizadas pela campanha poderia caracterizar tentativa de obter vantagem no ambiente digital.<\/p>\n<p>Politicamente, a maior consequ\u00eancia pode recair justamente sobre Renan Santos. Diferentemente de Grassi, que aparece com \u00edndices pr\u00f3ximos de zero ou 1% nas pesquisas mais recentes, o candidato do Miss\u00e3o vem conseguindo espa\u00e7o maior na corrida presidencial.<\/p>\n<p>Levantamentos divulgados nesta segunda mostram Renan variando de 3% a 7,6% das inten\u00e7\u00f5es de voto, dependendo do instituto. Sua for\u00e7a pol\u00edtica tamb\u00e9m est\u00e1 fortemente associada \u00e0s redes sociais.<\/p>\n<p>Por isso, uma restri\u00e7\u00e3o prolongada \u00e0 campanha digital e sua aus\u00eancia de debates poderiam produzir efeitos bem maiores do que aqueles esperados para a candidatura de Grassi.<\/p>\n<p>A batalha agora deixa temporariamente as redes sociais e chega ao plen\u00e1rio do TSE. Renan j\u00e1 anunciou recurso. Enquanto isso, as duas candidaturas continuam formalmente na disputa presidencial, mas entram em uma esp\u00e9cie de campanha sob interven\u00e7\u00e3o: sem parte importante das redes, sem dinheiro p\u00fablico e, principalmente, sem a vitrine dos debates.<\/p>\n<p>&#8230;&#8230;&#8230;.<\/p>\n<p><strong>Marta Nobre \u00e9 Editora-Executiva de Notibras<\/strong><\/p>\n","protected":false},"excerpt":{"rendered":"<p>A campanha presidencial ganhou um ingrediente inesperado nesta segunda-feira (31). Em duas decis\u00f5es semelhantes, o ministro Dias Toffoli, do Tribunal Superior Eleitoral (TSE), imp\u00f4s duras restri\u00e7\u00f5es \u00e0s campanhas de Renan Santos, candidato do Miss\u00e3o, e Wilson Grassi, do Democrata. Os dois est\u00e3o temporariamente impedidos de participar de debates e tiveram suspensos os repasses e gastos [&hellip;]<\/p>\n","protected":false},"author":2,"featured_media":408839,"comment_status":"closed","ping_status":"closed","sticky":false,"template":"","format":"standard","meta":{"_acf_changed":false,"footnotes":""},"categories":[16],"tags":[95],"tmauthors":[307],"class_list":["post-408838","post","type-post","status-publish","format-standard","has-post-thumbnail","category-brasil","tag-capa"],"acf":[],"yoast_head":"<!-- This site is optimized with the Yoast SEO plugin v28.0 - https:\/\/yoast.com\/product\/yoast-seo-wordpress\/ -->\n<title>Toffoli tira Renan e Grassi das redes, dos debates e dos cofres - Notibras<\/title>\n<meta name=\"robots\" content=\"index, follow, max-snippet:-1, max-image-preview:large, max-video-preview:-1\" \/>\n<link rel=\"canonical\" href=\"https:\/\/www.notibras.com\/site\/toffoli-tira-renan-e-grassi-das-redes-dos-debates-e-dos-cofres\/\" \/>\n<meta property=\"og:locale\" content=\"pt_BR\" \/>\n<meta property=\"og:type\" content=\"article\" \/>\n<meta property=\"og:title\" content=\"Toffoli tira Renan e Grassi das redes, dos debates e dos cofres - Notibras\" \/>\n<meta property=\"og:description\" content=\"A campanha presidencial ganhou um ingrediente inesperado nesta segunda-feira (31). Em duas decis\u00f5es semelhantes, o ministro Dias Toffoli, do Tribunal Superior Eleitoral (TSE), imp\u00f4s duras restri\u00e7\u00f5es \u00e0s campanhas de Renan Santos, candidato do Miss\u00e3o, e Wilson Grassi, do Democrata. Os dois est\u00e3o temporariamente impedidos de participar de debates e tiveram suspensos os repasses e gastos [&hellip;]\" \/>\n<meta property=\"og:url\" content=\"https:\/\/www.notibras.com\/site\/toffoli-tira-renan-e-grassi-das-redes-dos-debates-e-dos-cofres\/\" \/>\n<meta property=\"og:site_name\" content=\"Notibras\" \/>\n<meta property=\"article:publisher\" content=\"https:\/\/www.facebook.com\/notibras\/\" \/>\n<meta property=\"article:published_time\" content=\"2026-08-31T19:28:44+00:00\" \/>\n<meta property=\"article:modified_time\" content=\"2026-08-31T20:33:41+00:00\" \/>\n<meta property=\"og:image\" content=\"https:\/\/www.notibras.com\/site\/wp-content\/uploads\/2026\/08\/abertura-stf-mc_abr_30012026-5-1.webp\" \/>\n\t<meta property=\"og:image:width\" content=\"1170\" \/>\n\t<meta property=\"og:image:height\" content=\"700\" \/>\n\t<meta property=\"og:image:type\" content=\"image\/webp\" \/>\n<meta name=\"author\" content=\"Reda\u00e7\u00e3o\" \/>\n<meta name=\"twitter:card\" content=\"summary_large_image\" \/>\n<meta name=\"twitter:creator\" content=\"@Notibras\" \/>\n<meta name=\"twitter:site\" content=\"@Notibras\" \/>\n<meta name=\"twitter:label1\" content=\"Escrito por\" \/>\n\t<meta name=\"twitter:data1\" content=\"Reda\u00e7\u00e3o\" \/>\n\t<meta name=\"twitter:label2\" content=\"Est. tempo de leitura\" \/>\n\t<meta name=\"twitter:data2\" content=\"6 minutos\" \/>\n<script type=\"application\/ld+json\" class=\"yoast-schema-graph\">{\"@context\":\"https:\\\/\\\/schema.org\",\"@graph\":[{\"@type\":\"Article\",\"@id\":\"https:\\\/\\\/www.notibras.com\\\/site\\\/toffoli-tira-renan-e-grassi-das-redes-dos-debates-e-dos-cofres\\\/#article\",\"isPartOf\":{\"@id\":\"https:\\\/\\\/www.notibras.com\\\/site\\\/toffoli-tira-renan-e-grassi-das-redes-dos-debates-e-dos-cofres\\\/\"},\"author\":{\"name\":\"Reda\u00e7\u00e3o\",\"@id\":\"https:\\\/\\\/www.notibras.com\\\/site\\\/#\\\/schema\\\/person\\\/36ab0979449956132d3e5b517ea76ac8\"},\"headline\":\"Toffoli tira Renan e Grassi das redes, dos debates e dos cofres\",\"datePublished\":\"2026-08-31T19:28:44+00:00\",\"dateModified\":\"2026-08-31T20:33:41+00:00\",\"mainEntityOfPage\":{\"@id\":\"https:\\\/\\\/www.notibras.com\\\/site\\\/toffoli-tira-renan-e-grassi-das-redes-dos-debates-e-dos-cofres\\\/\"},\"wordCount\":1051,\"publisher\":{\"@id\":\"https:\\\/\\\/www.notibras.com\\\/site\\\/#organization\"},\"image\":{\"@id\":\"https:\\\/\\\/www.notibras.com\\\/site\\\/toffoli-tira-renan-e-grassi-das-redes-dos-debates-e-dos-cofres\\\/#primaryimage\"},\"thumbnailUrl\":\"https:\\\/\\\/www.notibras.com\\\/site\\\/wp-content\\\/uploads\\\/2026\\\/08\\\/abertura-stf-mc_abr_30012026-5-1.webp\",\"keywords\":[\"capa\"],\"articleSection\":[\"Brasil\"],\"inLanguage\":\"pt-BR\"},{\"@type\":\"WebPage\",\"@id\":\"https:\\\/\\\/www.notibras.com\\\/site\\\/toffoli-tira-renan-e-grassi-das-redes-dos-debates-e-dos-cofres\\\/\",\"url\":\"https:\\\/\\\/www.notibras.com\\\/site\\\/toffoli-tira-renan-e-grassi-das-redes-dos-debates-e-dos-cofres\\\/\",\"name\":\"Toffoli tira Renan e Grassi das redes, dos debates e dos cofres - Notibras\",\"isPartOf\":{\"@id\":\"https:\\\/\\\/www.notibras.com\\\/site\\\/#website\"},\"primaryImageOfPage\":{\"@id\":\"https:\\\/\\\/www.notibras.com\\\/site\\\/toffoli-tira-renan-e-grassi-das-redes-dos-debates-e-dos-cofres\\\/#primaryimage\"},\"image\":{\"@id\":\"https:\\\/\\\/www.notibras.com\\\/site\\\/toffoli-tira-renan-e-grassi-das-redes-dos-debates-e-dos-cofres\\\/#primaryimage\"},\"thumbnailUrl\":\"https:\\\/\\\/www.notibras.com\\\/site\\\/wp-content\\\/uploads\\\/2026\\\/08\\\/abertura-stf-mc_abr_30012026-5-1.webp\",\"datePublished\":\"2026-08-31T19:28:44+00:00\",\"dateModified\":\"2026-08-31T20:33:41+00:00\",\"breadcrumb\":{\"@id\":\"https:\\\/\\\/www.notibras.com\\\/site\\\/toffoli-tira-renan-e-grassi-das-redes-dos-debates-e-dos-cofres\\\/#breadcrumb\"},\"inLanguage\":\"pt-BR\",\"potentialAction\":[{\"@type\":\"ReadAction\",\"target\":[\"https:\\\/\\\/www.notibras.com\\\/site\\\/toffoli-tira-renan-e-grassi-das-redes-dos-debates-e-dos-cofres\\\/\"]}]},{\"@type\":\"ImageObject\",\"inLanguage\":\"pt-BR\",\"@id\":\"https:\\\/\\\/www.notibras.com\\\/site\\\/toffoli-tira-renan-e-grassi-das-redes-dos-debates-e-dos-cofres\\\/#primaryimage\",\"url\":\"https:\\\/\\\/www.notibras.com\\\/site\\\/wp-content\\\/uploads\\\/2026\\\/08\\\/abertura-stf-mc_abr_30012026-5-1.webp\",\"contentUrl\":\"https:\\\/\\\/www.notibras.com\\\/site\\\/wp-content\\\/uploads\\\/2026\\\/08\\\/abertura-stf-mc_abr_30012026-5-1.webp\",\"width\":1170,\"height\":700},{\"@type\":\"BreadcrumbList\",\"@id\":\"https:\\\/\\\/www.notibras.com\\\/site\\\/toffoli-tira-renan-e-grassi-das-redes-dos-debates-e-dos-cofres\\\/#breadcrumb\",\"itemListElement\":[{\"@type\":\"ListItem\",\"position\":1,\"name\":\"In\u00edcio\",\"item\":\"https:\\\/\\\/www.notibras.com\\\/site\\\/\"},{\"@type\":\"ListItem\",\"position\":2,\"name\":\"Toffoli tira Renan e Grassi das redes, dos debates e dos cofres\"}]},{\"@type\":\"WebSite\",\"@id\":\"https:\\\/\\\/www.notibras.com\\\/site\\\/#website\",\"url\":\"https:\\\/\\\/www.notibras.com\\\/site\\\/\",\"name\":\"Notibras\",\"description\":\"Not\u00edcias de Bras\u00edlia, do Brasil e do Mundo\",\"publisher\":{\"@id\":\"https:\\\/\\\/www.notibras.com\\\/site\\\/#organization\"},\"potentialAction\":[{\"@type\":\"SearchAction\",\"target\":{\"@type\":\"EntryPoint\",\"urlTemplate\":\"https:\\\/\\\/www.notibras.com\\\/site\\\/?s={search_term_string}\"},\"query-input\":{\"@type\":\"PropertyValueSpecification\",\"valueRequired\":true,\"valueName\":\"search_term_string\"}}],\"inLanguage\":\"pt-BR\"},{\"@type\":\"Organization\",\"@id\":\"https:\\\/\\\/www.notibras.com\\\/site\\\/#organization\",\"name\":\"Grupo Notibras de Comunica\u00e7\u00e3o\",\"url\":\"https:\\\/\\\/www.notibras.com\\\/site\\\/\",\"logo\":{\"@type\":\"ImageObject\",\"inLanguage\":\"pt-BR\",\"@id\":\"https:\\\/\\\/www.notibras.com\\\/site\\\/#\\\/schema\\\/logo\\\/image\\\/\",\"url\":\"https:\\\/\\\/www.notibras.com\\\/site\\\/wp-content\\\/uploads\\\/2023\\\/01\\\/notibras23.png\",\"contentUrl\":\"https:\\\/\\\/www.notibras.com\\\/site\\\/wp-content\\\/uploads\\\/2023\\\/01\\\/notibras23.png\",\"width\":350,\"height\":87,\"caption\":\"Grupo Notibras de Comunica\u00e7\u00e3o\"},\"image\":{\"@id\":\"https:\\\/\\\/www.notibras.com\\\/site\\\/#\\\/schema\\\/logo\\\/image\\\/\"},\"sameAs\":[\"https:\\\/\\\/www.facebook.com\\\/notibras\\\/\",\"https:\\\/\\\/x.com\\\/Notibras\",\"https:\\\/\\\/www.instagram.com\\\/notibras\\\/\"]},{\"@type\":\"Person\",\"@id\":\"https:\\\/\\\/www.notibras.com\\\/site\\\/#\\\/schema\\\/person\\\/36ab0979449956132d3e5b517ea76ac8\",\"name\":\"Reda\u00e7\u00e3o\",\"image\":{\"@type\":\"ImageObject\",\"inLanguage\":\"pt-BR\",\"@id\":\"https:\\\/\\\/secure.gravatar.com\\\/avatar\\\/e0a867bdedb85fd243eadf09663511f96fc81e0720a4a42581f334ad4303aa6b?s=96&d=mm&r=g\",\"url\":\"https:\\\/\\\/secure.gravatar.com\\\/avatar\\\/e0a867bdedb85fd243eadf09663511f96fc81e0720a4a42581f334ad4303aa6b?s=96&d=mm&r=g\",\"contentUrl\":\"https:\\\/\\\/secure.gravatar.com\\\/avatar\\\/e0a867bdedb85fd243eadf09663511f96fc81e0720a4a42581f334ad4303aa6b?s=96&d=mm&r=g\",\"caption\":\"Reda\u00e7\u00e3o\"}}]}<\/script>\n<!-- \/ Yoast SEO plugin. -->","yoast_head_json":{"title":"Toffoli tira Renan e Grassi das redes, dos debates e dos cofres - Notibras","robots":{"index":"index","follow":"follow","max-snippet":"max-snippet:-1","max-image-preview":"max-image-preview:large","max-video-preview":"max-video-preview:-1"},"canonical":"https:\/\/www.notibras.com\/site\/toffoli-tira-renan-e-grassi-das-redes-dos-debates-e-dos-cofres\/","og_locale":"pt_BR","og_type":"article","og_title":"Toffoli tira Renan e Grassi das redes, dos debates e dos cofres - Notibras","og_description":"A campanha presidencial ganhou um ingrediente inesperado nesta segunda-feira (31). Em duas decis\u00f5es semelhantes, o ministro Dias Toffoli, do Tribunal Superior Eleitoral (TSE), imp\u00f4s duras restri\u00e7\u00f5es \u00e0s campanhas de Renan Santos, candidato do Miss\u00e3o, e Wilson Grassi, do Democrata. Os dois est\u00e3o temporariamente impedidos de participar de debates e tiveram suspensos os repasses e gastos [&hellip;]","og_url":"https:\/\/www.notibras.com\/site\/toffoli-tira-renan-e-grassi-das-redes-dos-debates-e-dos-cofres\/","og_site_name":"Notibras","article_publisher":"https:\/\/www.facebook.com\/notibras\/","article_published_time":"2026-08-31T19:28:44+00:00","article_modified_time":"2026-08-31T20:33:41+00:00","og_image":[{"width":1170,"height":700,"url":"https:\/\/www.notibras.com\/site\/wp-content\/uploads\/2026\/08\/abertura-stf-mc_abr_30012026-5-1.webp","type":"image\/webp"}],"author":"Reda\u00e7\u00e3o","twitter_card":"summary_large_image","twitter_creator":"@Notibras","twitter_site":"@Notibras","twitter_misc":{"Escrito por":"Reda\u00e7\u00e3o","Est. tempo de leitura":"6 minutos"},"schema":{"@context":"https:\/\/schema.org","@graph":[{"@type":"Article","@id":"https:\/\/www.notibras.com\/site\/toffoli-tira-renan-e-grassi-das-redes-dos-debates-e-dos-cofres\/#article","isPartOf":{"@id":"https:\/\/www.notibras.com\/site\/toffoli-tira-renan-e-grassi-das-redes-dos-debates-e-dos-cofres\/"},"author":{"name":"Reda\u00e7\u00e3o","@id":"https:\/\/www.notibras.com\/site\/#\/schema\/person\/36ab0979449956132d3e5b517ea76ac8"},"headline":"Toffoli tira Renan e Grassi das redes, dos debates e dos cofres","datePublished":"2026-08-31T19:28:44+00:00","dateModified":"2026-08-31T20:33:41+00:00","mainEntityOfPage":{"@id":"https:\/\/www.notibras.com\/site\/toffoli-tira-renan-e-grassi-das-redes-dos-debates-e-dos-cofres\/"},"wordCount":1051,"publisher":{"@id":"https:\/\/www.notibras.com\/site\/#organization"},"image":{"@id":"https:\/\/www.notibras.com\/site\/toffoli-tira-renan-e-grassi-das-redes-dos-debates-e-dos-cofres\/#primaryimage"},"thumbnailUrl":"https:\/\/www.notibras.com\/site\/wp-content\/uploads\/2026\/08\/abertura-stf-mc_abr_30012026-5-1.webp","keywords":["capa"],"articleSection":["Brasil"],"inLanguage":"pt-BR"},{"@type":"WebPage","@id":"https:\/\/www.notibras.com\/site\/toffoli-tira-renan-e-grassi-das-redes-dos-debates-e-dos-cofres\/","url":"https:\/\/www.notibras.com\/site\/toffoli-tira-renan-e-grassi-das-redes-dos-debates-e-dos-cofres\/","name":"Toffoli tira Renan e Grassi das redes, dos debates e dos cofres - Notibras","isPartOf":{"@id":"https:\/\/www.notibras.com\/site\/#website"},"primaryImageOfPage":{"@id":"https:\/\/www.notibras.com\/site\/toffoli-tira-renan-e-grassi-das-redes-dos-debates-e-dos-cofres\/#primaryimage"},"image":{"@id":"https:\/\/www.notibras.com\/site\/toffoli-tira-renan-e-grassi-das-redes-dos-debates-e-dos-cofres\/#primaryimage"},"thumbnailUrl":"https:\/\/www.notibras.com\/site\/wp-content\/uploads\/2026\/08\/abertura-stf-mc_abr_30012026-5-1.webp","datePublished":"2026-08-31T19:28:44+00:00","dateModified":"2026-08-31T20:33:41+00:00","breadcrumb":{"@id":"https:\/\/www.notibras.com\/site\/toffoli-tira-renan-e-grassi-das-redes-dos-debates-e-dos-cofres\/#breadcrumb"},"inLanguage":"pt-BR","potentialAction":[{"@type":"ReadAction","target":["https:\/\/www.notibras.com\/site\/toffoli-tira-renan-e-grassi-das-redes-dos-debates-e-dos-cofres\/"]}]},{"@type":"ImageObject","inLanguage":"pt-BR","@id":"https:\/\/www.notibras.com\/site\/toffoli-tira-renan-e-grassi-das-redes-dos-debates-e-dos-cofres\/#primaryimage","url":"https:\/\/www.notibras.com\/site\/wp-content\/uploads\/2026\/08\/abertura-stf-mc_abr_30012026-5-1.webp","contentUrl":"https:\/\/www.notibras.com\/site\/wp-content\/uploads\/2026\/08\/abertura-stf-mc_abr_30012026-5-1.webp","width":1170,"height":700},{"@type":"BreadcrumbList","@id":"https:\/\/www.notibras.com\/site\/toffoli-tira-renan-e-grassi-das-redes-dos-debates-e-dos-cofres\/#breadcrumb","itemListElement":[{"@type":"ListItem","position":1,"name":"In\u00edcio","item":"https:\/\/www.notibras.com\/site\/"},{"@type":"ListItem","position":2,"name":"Toffoli tira Renan e Grassi das redes, dos debates e dos cofres"}]},{"@type":"WebSite","@id":"https:\/\/www.notibras.com\/site\/#website","url":"https:\/\/www.notibras.com\/site\/","name":"Notibras","description":"Not\u00edcias de Bras\u00edlia, do Brasil e do Mundo","publisher":{"@id":"https:\/\/www.notibras.com\/site\/#organization"},"potentialAction":[{"@type":"SearchAction","target":{"@type":"EntryPoint","urlTemplate":"https:\/\/www.notibras.com\/site\/?s={search_term_string}"},"query-input":{"@type":"PropertyValueSpecification","valueRequired":true,"valueName":"search_term_string"}}],"inLanguage":"pt-BR"},{"@type":"Organization","@id":"https:\/\/www.notibras.com\/site\/#organization","name":"Grupo Notibras de Comunica\u00e7\u00e3o","url":"https:\/\/www.notibras.com\/site\/","logo":{"@type":"ImageObject","inLanguage":"pt-BR","@id":"https:\/\/www.notibras.com\/site\/#\/schema\/logo\/image\/","url":"https:\/\/www.notibras.com\/site\/wp-content\/uploads\/2023\/01\/notibras23.png","contentUrl":"https:\/\/www.notibras.com\/site\/wp-content\/uploads\/2023\/01\/notibras23.png","width":350,"height":87,"caption":"Grupo Notibras de Comunica\u00e7\u00e3o"},"image":{"@id":"https:\/\/www.notibras.com\/site\/#\/schema\/logo\/image\/"},"sameAs":["https:\/\/www.facebook.com\/notibras\/","https:\/\/x.com\/Notibras","https:\/\/www.instagram.com\/notibras\/"]},{"@type":"Person","@id":"https:\/\/www.notibras.com\/site\/#\/schema\/person\/36ab0979449956132d3e5b517ea76ac8","name":"Reda\u00e7\u00e3o","image":{"@type":"ImageObject","inLanguage":"pt-BR","@id":"https:\/\/secure.gravatar.com\/avatar\/e0a867bdedb85fd243eadf09663511f96fc81e0720a4a42581f334ad4303aa6b?s=96&d=mm&r=g","url":"https:\/\/secure.gravatar.com\/avatar\/e0a867bdedb85fd243eadf09663511f96fc81e0720a4a42581f334ad4303aa6b?s=96&d=mm&r=g","contentUrl":"https:\/\/secure.gravatar.com\/avatar\/e0a867bdedb85fd243eadf09663511f96fc81e0720a4a42581f334ad4303aa6b?s=96&d=mm&r=g","caption":"Reda\u00e7\u00e3o"}}]}},"_links":{"self":[{"href":"https:\/\/www.notibras.com\/site\/wp-json\/wp\/v2\/posts\/408838","targetHints":{"allow":["GET"]}}],"collection":[{"href":"https:\/\/www.notibras.com\/site\/wp-json\/wp\/v2\/posts"}],"about":[{"href":"https:\/\/www.notibras.com\/site\/wp-json\/wp\/v2\/types\/post"}],"author":[{"embeddable":true,"href":"https:\/\/www.notibras.com\/site\/wp-json\/wp\/v2\/users\/2"}],"replies":[{"embeddable":true,"href":"https:\/\/www.notibras.com\/site\/wp-json\/wp\/v2\/comments?post=408838"}],"version-history":[{"count":3,"href":"https:\/\/www.notibras.com\/site\/wp-json\/wp\/v2\/posts\/408838\/revisions"}],"predecessor-version":[{"id":408842,"href":"https:\/\/www.notibras.com\/site\/wp-json\/wp\/v2\/posts\/408838\/revisions\/408842"}],"wp:featuredmedia":[{"embeddable":true,"href":"https:\/\/www.notibras.com\/site\/wp-json\/wp\/v2\/media\/408839"}],"wp:attachment":[{"href":"https:\/\/www.notibras.com\/site\/wp-json\/wp\/v2\/media?parent=408838"}],"wp:term":[{"taxonomy":"category","embeddable":true,"href":"https:\/\/www.notibras.com\/site\/wp-json\/wp\/v2\/categories?post=408838"},{"taxonomy":"post_tag","embeddable":true,"href":"https:\/\/www.notibras.com\/site\/wp-json\/wp\/v2\/tags?post=408838"},{"taxonomy":"tmauthors","embeddable":true,"href":"https:\/\/www.notibras.com\/site\/wp-json\/wp\/v2\/tmauthors?post=408838"}],"curies":[{"name":"wp","href":"https:\/\/api.w.org\/{rel}","templated":true}]}}