{"id":408858,"date":"2026-09-01T01:15:44","date_gmt":"2026-09-01T04:15:44","guid":{"rendered":"https:\/\/www.notibras.com\/site\/?p=408858"},"modified":"2026-08-31T22:19:18","modified_gmt":"2026-09-01T01:19:18","slug":"rede-feminina-oferece-apoio-alimentar-a-300-pacientes","status":"publish","type":"post","link":"https:\/\/www.notibras.com\/site\/rede-feminina-oferece-apoio-alimentar-a-300-pacientes\/","title":{"rendered":"Rede Feminina oferece apoio alimentar a 300 pacientes"},"content":{"rendered":"<p>Para 300 pacientes em tratamento contra o c\u00e2ncer, o fim de cada m\u00eas tamb\u00e9m representa a certeza de levar alimento para casa. Com aproximadamente 25 anos de atua\u00e7\u00e3o, a Rede Feminina de Combate ao C\u00e2ncer de Bras\u00edlia oferece apoio mensal a pessoas em situa\u00e7\u00e3o de vulnerabilidade atendidas no Hospital de Base do Distrito Federal (HBDF).<\/p>\n<p>Para Vera Alissa Silva de Souza, que enfrenta o c\u00e2ncer e participa da iniciativa, a entrega representa uma preocupa\u00e7\u00e3o a menos em uma rotina j\u00e1 marcada por desafios. \u201cTodos os meses eu venho aqui pegar a minha cesta e fico muito feliz, porque \u00e9 uma coisa com a qual n\u00e3o preciso me preocupar, que \u00e9 ter meu alimento durante esse per\u00edodo\u201d, relata.<\/p>\n<p>O benef\u00edcio \u00e9 destinado a homens e mulheres em acompanhamento oncol\u00f3gico e em situa\u00e7\u00e3o de vulnerabilidade. A inclus\u00e3o de novos participantes ocorre conforme a disponibilidade de doa\u00e7\u00f5es recebidas pela institui\u00e7\u00e3o. \u201c\u00c0 medida que temos doadores, vamos incluindo os pacientes. Quando a pessoa entra no cadastro, passa a receber uma cesta b\u00e1sica e uma d\u00fazia de ovos at\u00e9 o fim do ano\u201d, explica a psic\u00f3loga da Rede Feminina de Combate ao C\u00e2ncer de Bras\u00edlia, Ana Paula Soares Fernandes.<\/p>\n<p><strong>Quando a renda tamb\u00e9m \u00e9 afetada<\/strong><\/p>\n<p>Os impactos do c\u00e2ncer podem ultrapassar as quest\u00f5es relacionadas \u00e0 sa\u00fade. Segundo Ana Paula, parte dos assistidos precisa interromper as atividades profissionais durante o tratamento, o que pode comprometer a renda justamente em um per\u00edodo de aumento das preocupa\u00e7\u00f5es familiares.<\/p>\n<p>A situa\u00e7\u00e3o pode ser ainda mais delicada para pessoas respons\u00e1veis pelo sustento da casa. Entre as mulheres acompanhadas, por exemplo, h\u00e1 m\u00e3es que precisam conciliar os cuidados com a pr\u00f3pria sa\u00fade e as necessidades dos filhos.<\/p>\n<p>\u201cMuitas das pacientes s\u00e3o respons\u00e1veis pelo sustento da fam\u00edlia e, quando come\u00e7am o tratamento, precisam parar de trabalhar. Elas ficam preocupadas com o alimento em casa. Ent\u00e3o, o programa \u00e9 importante para que se sintam amparadas e possam continuar cuidando da sa\u00fade\u201d, destaca.<\/p>\n<p>A entrega busca, assim, oferecer apoio em uma necessidade b\u00e1sica e reduzir parte da press\u00e3o financeira enfrentada pelos pacientes durante o tratamento.<\/p>\n<p><strong>Encontro que tamb\u00e9m aproxima<\/strong><\/p>\n<p>Nos dias de distribui\u00e7\u00e3o, a a\u00e7\u00e3o vai al\u00e9m da retirada dos alimentos. A equipe oferece p\u00e3o, manteiga e caf\u00e9, transformando o momento em uma oportunidade de conviv\u00eancia e escuta.<\/p>\n<p>\u201c\u00c9 um momento de estar junto com eles, conversar um pouco, entender algumas demandas e fazer a entrega das cestas\u201d, conta Ana Paula.<\/p>\n<p>Esse contato permite que a equipe acompanhe de perto outras necessidades apresentadas pelos assistidos e fortalece o v\u00ednculo constru\u00eddo pela Rede Feminina ao longo do tratamento.<\/p>\n<p><strong>Como participar<\/strong><\/p>\n<p>O programa \u00e9 destinado a homens e mulheres em tratamento contra o c\u00e2ncer e em situa\u00e7\u00e3o de vulnerabilidade. Para solicitar a inclus\u00e3o, \u00e9 necess\u00e1rio procurar a sala da Rede Feminina de Combate ao C\u00e2ncer no Hospital de Base e apresentar documento de identidade e c\u00f3pia da bi\u00f3psia. A entrada de novos participantes depende da disponibilidade de doa\u00e7\u00f5es. Uma vez inclu\u00eddo no cadastro, o benefici\u00e1rio recebe uma cesta b\u00e1sica e uma d\u00fazia de ovos por m\u00eas at\u00e9 o fim do ano.<\/p>\n","protected":false},"excerpt":{"rendered":"<p>Para 300 pacientes em tratamento contra o c\u00e2ncer, o fim de cada m\u00eas tamb\u00e9m representa a certeza de levar alimento para casa. Com aproximadamente 25 anos de atua\u00e7\u00e3o, a Rede Feminina de Combate ao C\u00e2ncer de Bras\u00edlia oferece apoio mensal a pessoas em situa\u00e7\u00e3o de vulnerabilidade atendidas no Hospital de Base do Distrito Federal (HBDF). [&hellip;]<\/p>\n","protected":false},"author":21,"featured_media":408859,"comment_status":"closed","ping_status":"closed","sticky":false,"template":"","format":"standard","meta":{"_acf_changed":false,"footnotes":""},"categories":[161],"tags":[],"tmauthors":[306],"class_list":["post-408858","post","type-post","status-publish","format-standard","has-post-thumbnail","category-quadradinho-em-foco"],"acf":[],"yoast_head":"<!-- This site is optimized with the Yoast SEO plugin v28.0 - https:\/\/yoast.com\/product\/yoast-seo-wordpress\/ -->\n<title>Rede Feminina oferece apoio alimentar a 300 pacientes - Notibras<\/title>\n<meta name=\"robots\" content=\"index, follow, max-snippet:-1, max-image-preview:large, max-video-preview:-1\" \/>\n<link rel=\"canonical\" href=\"https:\/\/www.notibras.com\/site\/rede-feminina-oferece-apoio-alimentar-a-300-pacientes\/\" \/>\n<meta property=\"og:locale\" content=\"pt_BR\" \/>\n<meta property=\"og:type\" content=\"article\" \/>\n<meta property=\"og:title\" content=\"Rede Feminina oferece apoio alimentar a 300 pacientes - Notibras\" \/>\n<meta property=\"og:description\" content=\"Para 300 pacientes em tratamento contra o c\u00e2ncer, o fim de cada m\u00eas tamb\u00e9m representa a certeza de levar alimento para casa. Com aproximadamente 25 anos de atua\u00e7\u00e3o, a Rede Feminina de Combate ao C\u00e2ncer de Bras\u00edlia oferece apoio mensal a pessoas em situa\u00e7\u00e3o de vulnerabilidade atendidas no Hospital de Base do Distrito Federal (HBDF). [&hellip;]\" \/>\n<meta property=\"og:url\" content=\"https:\/\/www.notibras.com\/site\/rede-feminina-oferece-apoio-alimentar-a-300-pacientes\/\" \/>\n<meta property=\"og:site_name\" content=\"Notibras\" \/>\n<meta property=\"article:publisher\" content=\"https:\/\/www.facebook.com\/notibras\/\" \/>\n<meta property=\"article:published_time\" content=\"2026-09-01T04:15:44+00:00\" \/>\n<meta property=\"og:image\" content=\"https:\/\/www.notibras.com\/site\/wp-content\/uploads\/2026\/08\/WhatsApp_Image_2026-08-28_at_13.57.43-1.jpeg\" \/>\n\t<meta property=\"og:image:width\" content=\"1600\" \/>\n\t<meta property=\"og:image:height\" content=\"1066\" \/>\n\t<meta property=\"og:image:type\" content=\"image\/jpeg\" \/>\n<meta name=\"author\" content=\"Eduardo Mart\u00ednez\" \/>\n<meta name=\"twitter:card\" content=\"summary_large_image\" \/>\n<meta name=\"twitter:creator\" content=\"@Notibras\" \/>\n<meta name=\"twitter:site\" content=\"@Notibras\" \/>\n<meta name=\"twitter:label1\" content=\"Escrito por\" \/>\n\t<meta name=\"twitter:data1\" content=\"Eduardo Mart\u00ednez\" \/>\n\t<meta name=\"twitter:label2\" content=\"Est. tempo de leitura\" \/>\n\t<meta name=\"twitter:data2\" content=\"3 minutos\" \/>\n<script type=\"application\/ld+json\" class=\"yoast-schema-graph\">{\"@context\":\"https:\\\/\\\/schema.org\",\"@graph\":[{\"@type\":\"Article\",\"@id\":\"https:\\\/\\\/www.notibras.com\\\/site\\\/rede-feminina-oferece-apoio-alimentar-a-300-pacientes\\\/#article\",\"isPartOf\":{\"@id\":\"https:\\\/\\\/www.notibras.com\\\/site\\\/rede-feminina-oferece-apoio-alimentar-a-300-pacientes\\\/\"},\"author\":{\"name\":\"Eduardo Mart\u00ednez\",\"@id\":\"https:\\\/\\\/www.notibras.com\\\/site\\\/#\\\/schema\\\/person\\\/5b7fabf2aedc3ada2105f03b22b4d3dd\"},\"headline\":\"Rede Feminina oferece apoio alimentar a 300 pacientes\",\"datePublished\":\"2026-09-01T04:15:44+00:00\",\"mainEntityOfPage\":{\"@id\":\"https:\\\/\\\/www.notibras.com\\\/site\\\/rede-feminina-oferece-apoio-alimentar-a-300-pacientes\\\/\"},\"wordCount\":562,\"publisher\":{\"@id\":\"https:\\\/\\\/www.notibras.com\\\/site\\\/#organization\"},\"image\":{\"@id\":\"https:\\\/\\\/www.notibras.com\\\/site\\\/rede-feminina-oferece-apoio-alimentar-a-300-pacientes\\\/#primaryimage\"},\"thumbnailUrl\":\"https:\\\/\\\/www.notibras.com\\\/site\\\/wp-content\\\/uploads\\\/2026\\\/08\\\/WhatsApp_Image_2026-08-28_at_13.57.43-1.jpeg\",\"articleSection\":[\"Quadradinho em Foco\"],\"inLanguage\":\"pt-BR\"},{\"@type\":\"WebPage\",\"@id\":\"https:\\\/\\\/www.notibras.com\\\/site\\\/rede-feminina-oferece-apoio-alimentar-a-300-pacientes\\\/\",\"url\":\"https:\\\/\\\/www.notibras.com\\\/site\\\/rede-feminina-oferece-apoio-alimentar-a-300-pacientes\\\/\",\"name\":\"Rede Feminina oferece apoio alimentar a 300 pacientes - Notibras\",\"isPartOf\":{\"@id\":\"https:\\\/\\\/www.notibras.com\\\/site\\\/#website\"},\"primaryImageOfPage\":{\"@id\":\"https:\\\/\\\/www.notibras.com\\\/site\\\/rede-feminina-oferece-apoio-alimentar-a-300-pacientes\\\/#primaryimage\"},\"image\":{\"@id\":\"https:\\\/\\\/www.notibras.com\\\/site\\\/rede-feminina-oferece-apoio-alimentar-a-300-pacientes\\\/#primaryimage\"},\"thumbnailUrl\":\"https:\\\/\\\/www.notibras.com\\\/site\\\/wp-content\\\/uploads\\\/2026\\\/08\\\/WhatsApp_Image_2026-08-28_at_13.57.43-1.jpeg\",\"datePublished\":\"2026-09-01T04:15:44+00:00\",\"breadcrumb\":{\"@id\":\"https:\\\/\\\/www.notibras.com\\\/site\\\/rede-feminina-oferece-apoio-alimentar-a-300-pacientes\\\/#breadcrumb\"},\"inLanguage\":\"pt-BR\",\"potentialAction\":[{\"@type\":\"ReadAction\",\"target\":[\"https:\\\/\\\/www.notibras.com\\\/site\\\/rede-feminina-oferece-apoio-alimentar-a-300-pacientes\\\/\"]}]},{\"@type\":\"ImageObject\",\"inLanguage\":\"pt-BR\",\"@id\":\"https:\\\/\\\/www.notibras.com\\\/site\\\/rede-feminina-oferece-apoio-alimentar-a-300-pacientes\\\/#primaryimage\",\"url\":\"https:\\\/\\\/www.notibras.com\\\/site\\\/wp-content\\\/uploads\\\/2026\\\/08\\\/WhatsApp_Image_2026-08-28_at_13.57.43-1.jpeg\",\"contentUrl\":\"https:\\\/\\\/www.notibras.com\\\/site\\\/wp-content\\\/uploads\\\/2026\\\/08\\\/WhatsApp_Image_2026-08-28_at_13.57.43-1.jpeg\",\"width\":1600,\"height\":1066},{\"@type\":\"BreadcrumbList\",\"@id\":\"https:\\\/\\\/www.notibras.com\\\/site\\\/rede-feminina-oferece-apoio-alimentar-a-300-pacientes\\\/#breadcrumb\",\"itemListElement\":[{\"@type\":\"ListItem\",\"position\":1,\"name\":\"In\u00edcio\",\"item\":\"https:\\\/\\\/www.notibras.com\\\/site\\\/\"},{\"@type\":\"ListItem\",\"position\":2,\"name\":\"Rede Feminina oferece apoio alimentar a 300 pacientes\"}]},{\"@type\":\"WebSite\",\"@id\":\"https:\\\/\\\/www.notibras.com\\\/site\\\/#website\",\"url\":\"https:\\\/\\\/www.notibras.com\\\/site\\\/\",\"name\":\"Notibras\",\"description\":\"Not\u00edcias de Bras\u00edlia, do Brasil e do Mundo\",\"publisher\":{\"@id\":\"https:\\\/\\\/www.notibras.com\\\/site\\\/#organization\"},\"potentialAction\":[{\"@type\":\"SearchAction\",\"target\":{\"@type\":\"EntryPoint\",\"urlTemplate\":\"https:\\\/\\\/www.notibras.com\\\/site\\\/?s={search_term_string}\"},\"query-input\":{\"@type\":\"PropertyValueSpecification\",\"valueRequired\":true,\"valueName\":\"search_term_string\"}}],\"inLanguage\":\"pt-BR\"},{\"@type\":\"Organization\",\"@id\":\"https:\\\/\\\/www.notibras.com\\\/site\\\/#organization\",\"name\":\"Grupo Notibras de Comunica\u00e7\u00e3o\",\"url\":\"https:\\\/\\\/www.notibras.com\\\/site\\\/\",\"logo\":{\"@type\":\"ImageObject\",\"inLanguage\":\"pt-BR\",\"@id\":\"https:\\\/\\\/www.notibras.com\\\/site\\\/#\\\/schema\\\/logo\\\/image\\\/\",\"url\":\"https:\\\/\\\/www.notibras.com\\\/site\\\/wp-content\\\/uploads\\\/2023\\\/01\\\/notibras23.png\",\"contentUrl\":\"https:\\\/\\\/www.notibras.com\\\/site\\\/wp-content\\\/uploads\\\/2023\\\/01\\\/notibras23.png\",\"width\":350,\"height\":87,\"caption\":\"Grupo Notibras de Comunica\u00e7\u00e3o\"},\"image\":{\"@id\":\"https:\\\/\\\/www.notibras.com\\\/site\\\/#\\\/schema\\\/logo\\\/image\\\/\"},\"sameAs\":[\"https:\\\/\\\/www.facebook.com\\\/notibras\\\/\",\"https:\\\/\\\/x.com\\\/Notibras\",\"https:\\\/\\\/www.instagram.com\\\/notibras\\\/\"]},{\"@type\":\"Person\",\"@id\":\"https:\\\/\\\/www.notibras.com\\\/site\\\/#\\\/schema\\\/person\\\/5b7fabf2aedc3ada2105f03b22b4d3dd\",\"name\":\"Eduardo Mart\u00ednez\",\"image\":{\"@type\":\"ImageObject\",\"inLanguage\":\"pt-BR\",\"@id\":\"https:\\\/\\\/secure.gravatar.com\\\/avatar\\\/7902f906289926289cbcda644b5197c796b893c6ffd7b9a536a42d290f7704a0?s=96&d=mm&r=g\",\"url\":\"https:\\\/\\\/secure.gravatar.com\\\/avatar\\\/7902f906289926289cbcda644b5197c796b893c6ffd7b9a536a42d290f7704a0?s=96&d=mm&r=g\",\"contentUrl\":\"https:\\\/\\\/secure.gravatar.com\\\/avatar\\\/7902f906289926289cbcda644b5197c796b893c6ffd7b9a536a42d290f7704a0?s=96&d=mm&r=g\",\"caption\":\"Eduardo Mart\u00ednez\"}}]}<\/script>\n<!-- \/ Yoast SEO plugin. -->","yoast_head_json":{"title":"Rede Feminina oferece apoio alimentar a 300 pacientes - Notibras","robots":{"index":"index","follow":"follow","max-snippet":"max-snippet:-1","max-image-preview":"max-image-preview:large","max-video-preview":"max-video-preview:-1"},"canonical":"https:\/\/www.notibras.com\/site\/rede-feminina-oferece-apoio-alimentar-a-300-pacientes\/","og_locale":"pt_BR","og_type":"article","og_title":"Rede Feminina oferece apoio alimentar a 300 pacientes - Notibras","og_description":"Para 300 pacientes em tratamento contra o c\u00e2ncer, o fim de cada m\u00eas tamb\u00e9m representa a certeza de levar alimento para casa. Com aproximadamente 25 anos de atua\u00e7\u00e3o, a Rede Feminina de Combate ao C\u00e2ncer de Bras\u00edlia oferece apoio mensal a pessoas em situa\u00e7\u00e3o de vulnerabilidade atendidas no Hospital de Base do Distrito Federal (HBDF). [&hellip;]","og_url":"https:\/\/www.notibras.com\/site\/rede-feminina-oferece-apoio-alimentar-a-300-pacientes\/","og_site_name":"Notibras","article_publisher":"https:\/\/www.facebook.com\/notibras\/","article_published_time":"2026-09-01T04:15:44+00:00","og_image":[{"width":1600,"height":1066,"url":"https:\/\/www.notibras.com\/site\/wp-content\/uploads\/2026\/08\/WhatsApp_Image_2026-08-28_at_13.57.43-1.jpeg","type":"image\/jpeg"}],"author":"Eduardo Mart\u00ednez","twitter_card":"summary_large_image","twitter_creator":"@Notibras","twitter_site":"@Notibras","twitter_misc":{"Escrito por":"Eduardo Mart\u00ednez","Est. tempo de leitura":"3 minutos"},"schema":{"@context":"https:\/\/schema.org","@graph":[{"@type":"Article","@id":"https:\/\/www.notibras.com\/site\/rede-feminina-oferece-apoio-alimentar-a-300-pacientes\/#article","isPartOf":{"@id":"https:\/\/www.notibras.com\/site\/rede-feminina-oferece-apoio-alimentar-a-300-pacientes\/"},"author":{"name":"Eduardo Mart\u00ednez","@id":"https:\/\/www.notibras.com\/site\/#\/schema\/person\/5b7fabf2aedc3ada2105f03b22b4d3dd"},"headline":"Rede Feminina oferece apoio alimentar a 300 pacientes","datePublished":"2026-09-01T04:15:44+00:00","mainEntityOfPage":{"@id":"https:\/\/www.notibras.com\/site\/rede-feminina-oferece-apoio-alimentar-a-300-pacientes\/"},"wordCount":562,"publisher":{"@id":"https:\/\/www.notibras.com\/site\/#organization"},"image":{"@id":"https:\/\/www.notibras.com\/site\/rede-feminina-oferece-apoio-alimentar-a-300-pacientes\/#primaryimage"},"thumbnailUrl":"https:\/\/www.notibras.com\/site\/wp-content\/uploads\/2026\/08\/WhatsApp_Image_2026-08-28_at_13.57.43-1.jpeg","articleSection":["Quadradinho em Foco"],"inLanguage":"pt-BR"},{"@type":"WebPage","@id":"https:\/\/www.notibras.com\/site\/rede-feminina-oferece-apoio-alimentar-a-300-pacientes\/","url":"https:\/\/www.notibras.com\/site\/rede-feminina-oferece-apoio-alimentar-a-300-pacientes\/","name":"Rede Feminina oferece apoio alimentar a 300 pacientes - Notibras","isPartOf":{"@id":"https:\/\/www.notibras.com\/site\/#website"},"primaryImageOfPage":{"@id":"https:\/\/www.notibras.com\/site\/rede-feminina-oferece-apoio-alimentar-a-300-pacientes\/#primaryimage"},"image":{"@id":"https:\/\/www.notibras.com\/site\/rede-feminina-oferece-apoio-alimentar-a-300-pacientes\/#primaryimage"},"thumbnailUrl":"https:\/\/www.notibras.com\/site\/wp-content\/uploads\/2026\/08\/WhatsApp_Image_2026-08-28_at_13.57.43-1.jpeg","datePublished":"2026-09-01T04:15:44+00:00","breadcrumb":{"@id":"https:\/\/www.notibras.com\/site\/rede-feminina-oferece-apoio-alimentar-a-300-pacientes\/#breadcrumb"},"inLanguage":"pt-BR","potentialAction":[{"@type":"ReadAction","target":["https:\/\/www.notibras.com\/site\/rede-feminina-oferece-apoio-alimentar-a-300-pacientes\/"]}]},{"@type":"ImageObject","inLanguage":"pt-BR","@id":"https:\/\/www.notibras.com\/site\/rede-feminina-oferece-apoio-alimentar-a-300-pacientes\/#primaryimage","url":"https:\/\/www.notibras.com\/site\/wp-content\/uploads\/2026\/08\/WhatsApp_Image_2026-08-28_at_13.57.43-1.jpeg","contentUrl":"https:\/\/www.notibras.com\/site\/wp-content\/uploads\/2026\/08\/WhatsApp_Image_2026-08-28_at_13.57.43-1.jpeg","width":1600,"height":1066},{"@type":"BreadcrumbList","@id":"https:\/\/www.notibras.com\/site\/rede-feminina-oferece-apoio-alimentar-a-300-pacientes\/#breadcrumb","itemListElement":[{"@type":"ListItem","position":1,"name":"In\u00edcio","item":"https:\/\/www.notibras.com\/site\/"},{"@type":"ListItem","position":2,"name":"Rede Feminina oferece apoio alimentar a 300 pacientes"}]},{"@type":"WebSite","@id":"https:\/\/www.notibras.com\/site\/#website","url":"https:\/\/www.notibras.com\/site\/","name":"Notibras","description":"Not\u00edcias de Bras\u00edlia, do Brasil e do Mundo","publisher":{"@id":"https:\/\/www.notibras.com\/site\/#organization"},"potentialAction":[{"@type":"SearchAction","target":{"@type":"EntryPoint","urlTemplate":"https:\/\/www.notibras.com\/site\/?s={search_term_string}"},"query-input":{"@type":"PropertyValueSpecification","valueRequired":true,"valueName":"search_term_string"}}],"inLanguage":"pt-BR"},{"@type":"Organization","@id":"https:\/\/www.notibras.com\/site\/#organization","name":"Grupo Notibras de Comunica\u00e7\u00e3o","url":"https:\/\/www.notibras.com\/site\/","logo":{"@type":"ImageObject","inLanguage":"pt-BR","@id":"https:\/\/www.notibras.com\/site\/#\/schema\/logo\/image\/","url":"https:\/\/www.notibras.com\/site\/wp-content\/uploads\/2023\/01\/notibras23.png","contentUrl":"https:\/\/www.notibras.com\/site\/wp-content\/uploads\/2023\/01\/notibras23.png","width":350,"height":87,"caption":"Grupo Notibras de Comunica\u00e7\u00e3o"},"image":{"@id":"https:\/\/www.notibras.com\/site\/#\/schema\/logo\/image\/"},"sameAs":["https:\/\/www.facebook.com\/notibras\/","https:\/\/x.com\/Notibras","https:\/\/www.instagram.com\/notibras\/"]},{"@type":"Person","@id":"https:\/\/www.notibras.com\/site\/#\/schema\/person\/5b7fabf2aedc3ada2105f03b22b4d3dd","name":"Eduardo Mart\u00ednez","image":{"@type":"ImageObject","inLanguage":"pt-BR","@id":"https:\/\/secure.gravatar.com\/avatar\/7902f906289926289cbcda644b5197c796b893c6ffd7b9a536a42d290f7704a0?s=96&d=mm&r=g","url":"https:\/\/secure.gravatar.com\/avatar\/7902f906289926289cbcda644b5197c796b893c6ffd7b9a536a42d290f7704a0?s=96&d=mm&r=g","contentUrl":"https:\/\/secure.gravatar.com\/avatar\/7902f906289926289cbcda644b5197c796b893c6ffd7b9a536a42d290f7704a0?s=96&d=mm&r=g","caption":"Eduardo Mart\u00ednez"}}]}},"_links":{"self":[{"href":"https:\/\/www.notibras.com\/site\/wp-json\/wp\/v2\/posts\/408858","targetHints":{"allow":["GET"]}}],"collection":[{"href":"https:\/\/www.notibras.com\/site\/wp-json\/wp\/v2\/posts"}],"about":[{"href":"https:\/\/www.notibras.com\/site\/wp-json\/wp\/v2\/types\/post"}],"author":[{"embeddable":true,"href":"https:\/\/www.notibras.com\/site\/wp-json\/wp\/v2\/users\/21"}],"replies":[{"embeddable":true,"href":"https:\/\/www.notibras.com\/site\/wp-json\/wp\/v2\/comments?post=408858"}],"version-history":[{"count":2,"href":"https:\/\/www.notibras.com\/site\/wp-json\/wp\/v2\/posts\/408858\/revisions"}],"predecessor-version":[{"id":408861,"href":"https:\/\/www.notibras.com\/site\/wp-json\/wp\/v2\/posts\/408858\/revisions\/408861"}],"wp:featuredmedia":[{"embeddable":true,"href":"https:\/\/www.notibras.com\/site\/wp-json\/wp\/v2\/media\/408859"}],"wp:attachment":[{"href":"https:\/\/www.notibras.com\/site\/wp-json\/wp\/v2\/media?parent=408858"}],"wp:term":[{"taxonomy":"category","embeddable":true,"href":"https:\/\/www.notibras.com\/site\/wp-json\/wp\/v2\/categories?post=408858"},{"taxonomy":"post_tag","embeddable":true,"href":"https:\/\/www.notibras.com\/site\/wp-json\/wp\/v2\/tags?post=408858"},{"taxonomy":"tmauthors","embeddable":true,"href":"https:\/\/www.notibras.com\/site\/wp-json\/wp\/v2\/tmauthors?post=408858"}],"curies":[{"name":"wp","href":"https:\/\/api.w.org\/{rel}","templated":true}]}}