{"id":408865,"date":"2026-09-01T02:00:17","date_gmt":"2026-09-01T05:00:17","guid":{"rendered":"https:\/\/www.notibras.com\/site\/?p=408865"},"modified":"2026-08-31T22:35:03","modified_gmt":"2026-09-01T01:35:03","slug":"politicos-temem-limitacao-de-campanhas-apos-suspensao-de-candidato","status":"publish","type":"post","link":"https:\/\/www.notibras.com\/site\/politicos-temem-limitacao-de-campanhas-apos-suspensao-de-candidato\/","title":{"rendered":"Pol\u00edticos temem limita\u00e7\u00e3o de campanhas ap\u00f3s suspens\u00e3o de candidato"},"content":{"rendered":"<p>A campanha de Renan Santos, do Miss\u00e3o, candidato \u00e0 Presid\u00eancia da Rep\u00fablica, foi suspensa por decis\u00e3o do ministro Dias Toffoli, do Supremo Tribunal Federal. Toffoli exigiu mais informa\u00e7\u00f5es sobre as plataformas digitais usadas pelo candidato.<\/p>\n<p>A decis\u00e3o provocou cr\u00edticas de diferentes setores pol\u00edticos. Direita, esquerda e centro consideram a medida controversa e questionam a forma como ela foi tomada.<\/p>\n<p>Para esses grupos, o caso abre um precedente perigoso. A preocupa\u00e7\u00e3o \u00e9 que decis\u00f5es semelhantes possam limitar campanhas eleitorais e afetar o uso de plataformas digitais sem regras claras e transpar\u00eancia suficiente.<\/p>\n","protected":false},"excerpt":{"rendered":"<p>A campanha de Renan Santos, do Miss\u00e3o, candidato \u00e0 Presid\u00eancia da Rep\u00fablica, foi suspensa por decis\u00e3o do ministro Dias Toffoli, do Supremo Tribunal Federal. Toffoli exigiu mais informa\u00e7\u00f5es sobre as plataformas digitais usadas pelo candidato. A decis\u00e3o provocou cr\u00edticas de diferentes setores pol\u00edticos. Direita, esquerda e centro consideram a medida controversa e questionam a forma [&hellip;]<\/p>\n","protected":false},"author":21,"featured_media":408867,"comment_status":"closed","ping_status":"closed","sticky":false,"template":"","format":"standard","meta":{"_acf_changed":false,"footnotes":""},"categories":[235],"tags":[],"tmauthors":[306],"class_list":["post-408865","post","type-post","status-publish","format-standard","has-post-thumbnail","category-dona-irene"],"acf":[],"yoast_head":"<!-- This site is optimized with the Yoast SEO plugin v28.0 - https:\/\/yoast.com\/product\/yoast-seo-wordpress\/ -->\n<title>Pol\u00edticos temem limita\u00e7\u00e3o de campanhas ap\u00f3s suspens\u00e3o de candidato - Notibras<\/title>\n<meta name=\"robots\" content=\"index, follow, max-snippet:-1, max-image-preview:large, max-video-preview:-1\" \/>\n<link rel=\"canonical\" href=\"https:\/\/www.notibras.com\/site\/politicos-temem-limitacao-de-campanhas-apos-suspensao-de-candidato\/\" \/>\n<meta property=\"og:locale\" content=\"pt_BR\" \/>\n<meta property=\"og:type\" content=\"article\" \/>\n<meta property=\"og:title\" content=\"Pol\u00edticos temem limita\u00e7\u00e3o de campanhas ap\u00f3s suspens\u00e3o de candidato - Notibras\" \/>\n<meta property=\"og:description\" content=\"A campanha de Renan Santos, do Miss\u00e3o, candidato \u00e0 Presid\u00eancia da Rep\u00fablica, foi suspensa por decis\u00e3o do ministro Dias Toffoli, do Supremo Tribunal Federal. Toffoli exigiu mais informa\u00e7\u00f5es sobre as plataformas digitais usadas pelo candidato. A decis\u00e3o provocou cr\u00edticas de diferentes setores pol\u00edticos. Direita, esquerda e centro consideram a medida controversa e questionam a forma [&hellip;]\" \/>\n<meta property=\"og:url\" content=\"https:\/\/www.notibras.com\/site\/politicos-temem-limitacao-de-campanhas-apos-suspensao-de-candidato\/\" \/>\n<meta property=\"og:site_name\" content=\"Notibras\" \/>\n<meta property=\"article:publisher\" content=\"https:\/\/www.facebook.com\/notibras\/\" \/>\n<meta property=\"article:published_time\" content=\"2026-09-01T05:00:17+00:00\" \/>\n<meta name=\"author\" content=\"Eduardo Mart\u00ednez\" \/>\n<meta name=\"twitter:card\" content=\"summary_large_image\" \/>\n<meta name=\"twitter:creator\" content=\"@Notibras\" \/>\n<meta name=\"twitter:site\" content=\"@Notibras\" \/>\n<meta name=\"twitter:label1\" content=\"Escrito por\" \/>\n\t<meta name=\"twitter:data1\" content=\"Eduardo Mart\u00ednez\" \/>\n\t<meta name=\"twitter:label2\" content=\"Est. tempo de leitura\" \/>\n\t<meta name=\"twitter:data2\" content=\"1 minuto\" \/>\n<script type=\"application\/ld+json\" class=\"yoast-schema-graph\">{\"@context\":\"https:\\\/\\\/schema.org\",\"@graph\":[{\"@type\":\"Article\",\"@id\":\"https:\\\/\\\/www.notibras.com\\\/site\\\/politicos-temem-limitacao-de-campanhas-apos-suspensao-de-candidato\\\/#article\",\"isPartOf\":{\"@id\":\"https:\\\/\\\/www.notibras.com\\\/site\\\/politicos-temem-limitacao-de-campanhas-apos-suspensao-de-candidato\\\/\"},\"author\":{\"name\":\"Eduardo Mart\u00ednez\",\"@id\":\"https:\\\/\\\/www.notibras.com\\\/site\\\/#\\\/schema\\\/person\\\/5b7fabf2aedc3ada2105f03b22b4d3dd\"},\"headline\":\"Pol\u00edticos temem limita\u00e7\u00e3o de campanhas ap\u00f3s suspens\u00e3o de candidato\",\"datePublished\":\"2026-09-01T05:00:17+00:00\",\"mainEntityOfPage\":{\"@id\":\"https:\\\/\\\/www.notibras.com\\\/site\\\/politicos-temem-limitacao-de-campanhas-apos-suspensao-de-candidato\\\/\"},\"wordCount\":113,\"publisher\":{\"@id\":\"https:\\\/\\\/www.notibras.com\\\/site\\\/#organization\"},\"image\":{\"@id\":\"https:\\\/\\\/www.notibras.com\\\/site\\\/politicos-temem-limitacao-de-campanhas-apos-suspensao-de-candidato\\\/#primaryimage\"},\"thumbnailUrl\":\"https:\\\/\\\/www.notibras.com\\\/site\\\/wp-content\\\/uploads\\\/2026\\\/08\\\/toffoli-tse.avif\",\"articleSection\":[\"Dona Irene\"],\"inLanguage\":\"pt-BR\"},{\"@type\":\"WebPage\",\"@id\":\"https:\\\/\\\/www.notibras.com\\\/site\\\/politicos-temem-limitacao-de-campanhas-apos-suspensao-de-candidato\\\/\",\"url\":\"https:\\\/\\\/www.notibras.com\\\/site\\\/politicos-temem-limitacao-de-campanhas-apos-suspensao-de-candidato\\\/\",\"name\":\"Pol\u00edticos temem limita\u00e7\u00e3o de campanhas ap\u00f3s suspens\u00e3o de candidato - Notibras\",\"isPartOf\":{\"@id\":\"https:\\\/\\\/www.notibras.com\\\/site\\\/#website\"},\"primaryImageOfPage\":{\"@id\":\"https:\\\/\\\/www.notibras.com\\\/site\\\/politicos-temem-limitacao-de-campanhas-apos-suspensao-de-candidato\\\/#primaryimage\"},\"image\":{\"@id\":\"https:\\\/\\\/www.notibras.com\\\/site\\\/politicos-temem-limitacao-de-campanhas-apos-suspensao-de-candidato\\\/#primaryimage\"},\"thumbnailUrl\":\"https:\\\/\\\/www.notibras.com\\\/site\\\/wp-content\\\/uploads\\\/2026\\\/08\\\/toffoli-tse.avif\",\"datePublished\":\"2026-09-01T05:00:17+00:00\",\"breadcrumb\":{\"@id\":\"https:\\\/\\\/www.notibras.com\\\/site\\\/politicos-temem-limitacao-de-campanhas-apos-suspensao-de-candidato\\\/#breadcrumb\"},\"inLanguage\":\"pt-BR\",\"potentialAction\":[{\"@type\":\"ReadAction\",\"target\":[\"https:\\\/\\\/www.notibras.com\\\/site\\\/politicos-temem-limitacao-de-campanhas-apos-suspensao-de-candidato\\\/\"]}]},{\"@type\":\"ImageObject\",\"inLanguage\":\"pt-BR\",\"@id\":\"https:\\\/\\\/www.notibras.com\\\/site\\\/politicos-temem-limitacao-de-campanhas-apos-suspensao-de-candidato\\\/#primaryimage\",\"url\":\"https:\\\/\\\/www.notibras.com\\\/site\\\/wp-content\\\/uploads\\\/2026\\\/08\\\/toffoli-tse.avif\",\"contentUrl\":\"https:\\\/\\\/www.notibras.com\\\/site\\\/wp-content\\\/uploads\\\/2026\\\/08\\\/toffoli-tse.avif\",\"width\":888,\"height\":595},{\"@type\":\"BreadcrumbList\",\"@id\":\"https:\\\/\\\/www.notibras.com\\\/site\\\/politicos-temem-limitacao-de-campanhas-apos-suspensao-de-candidato\\\/#breadcrumb\",\"itemListElement\":[{\"@type\":\"ListItem\",\"position\":1,\"name\":\"In\u00edcio\",\"item\":\"https:\\\/\\\/www.notibras.com\\\/site\\\/\"},{\"@type\":\"ListItem\",\"position\":2,\"name\":\"Pol\u00edticos temem limita\u00e7\u00e3o de campanhas ap\u00f3s suspens\u00e3o de candidato\"}]},{\"@type\":\"WebSite\",\"@id\":\"https:\\\/\\\/www.notibras.com\\\/site\\\/#website\",\"url\":\"https:\\\/\\\/www.notibras.com\\\/site\\\/\",\"name\":\"Notibras\",\"description\":\"Not\u00edcias de Bras\u00edlia, do Brasil e do Mundo\",\"publisher\":{\"@id\":\"https:\\\/\\\/www.notibras.com\\\/site\\\/#organization\"},\"potentialAction\":[{\"@type\":\"SearchAction\",\"target\":{\"@type\":\"EntryPoint\",\"urlTemplate\":\"https:\\\/\\\/www.notibras.com\\\/site\\\/?s={search_term_string}\"},\"query-input\":{\"@type\":\"PropertyValueSpecification\",\"valueRequired\":true,\"valueName\":\"search_term_string\"}}],\"inLanguage\":\"pt-BR\"},{\"@type\":\"Organization\",\"@id\":\"https:\\\/\\\/www.notibras.com\\\/site\\\/#organization\",\"name\":\"Grupo Notibras de Comunica\u00e7\u00e3o\",\"url\":\"https:\\\/\\\/www.notibras.com\\\/site\\\/\",\"logo\":{\"@type\":\"ImageObject\",\"inLanguage\":\"pt-BR\",\"@id\":\"https:\\\/\\\/www.notibras.com\\\/site\\\/#\\\/schema\\\/logo\\\/image\\\/\",\"url\":\"https:\\\/\\\/www.notibras.com\\\/site\\\/wp-content\\\/uploads\\\/2023\\\/01\\\/notibras23.png\",\"contentUrl\":\"https:\\\/\\\/www.notibras.com\\\/site\\\/wp-content\\\/uploads\\\/2023\\\/01\\\/notibras23.png\",\"width\":350,\"height\":87,\"caption\":\"Grupo Notibras de Comunica\u00e7\u00e3o\"},\"image\":{\"@id\":\"https:\\\/\\\/www.notibras.com\\\/site\\\/#\\\/schema\\\/logo\\\/image\\\/\"},\"sameAs\":[\"https:\\\/\\\/www.facebook.com\\\/notibras\\\/\",\"https:\\\/\\\/x.com\\\/Notibras\",\"https:\\\/\\\/www.instagram.com\\\/notibras\\\/\"]},{\"@type\":\"Person\",\"@id\":\"https:\\\/\\\/www.notibras.com\\\/site\\\/#\\\/schema\\\/person\\\/5b7fabf2aedc3ada2105f03b22b4d3dd\",\"name\":\"Eduardo Mart\u00ednez\",\"image\":{\"@type\":\"ImageObject\",\"inLanguage\":\"pt-BR\",\"@id\":\"https:\\\/\\\/secure.gravatar.com\\\/avatar\\\/7902f906289926289cbcda644b5197c796b893c6ffd7b9a536a42d290f7704a0?s=96&d=mm&r=g\",\"url\":\"https:\\\/\\\/secure.gravatar.com\\\/avatar\\\/7902f906289926289cbcda644b5197c796b893c6ffd7b9a536a42d290f7704a0?s=96&d=mm&r=g\",\"contentUrl\":\"https:\\\/\\\/secure.gravatar.com\\\/avatar\\\/7902f906289926289cbcda644b5197c796b893c6ffd7b9a536a42d290f7704a0?s=96&d=mm&r=g\",\"caption\":\"Eduardo Mart\u00ednez\"}}]}<\/script>\n<!-- \/ Yoast SEO plugin. -->","yoast_head_json":{"title":"Pol\u00edticos temem limita\u00e7\u00e3o de campanhas ap\u00f3s suspens\u00e3o de candidato - Notibras","robots":{"index":"index","follow":"follow","max-snippet":"max-snippet:-1","max-image-preview":"max-image-preview:large","max-video-preview":"max-video-preview:-1"},"canonical":"https:\/\/www.notibras.com\/site\/politicos-temem-limitacao-de-campanhas-apos-suspensao-de-candidato\/","og_locale":"pt_BR","og_type":"article","og_title":"Pol\u00edticos temem limita\u00e7\u00e3o de campanhas ap\u00f3s suspens\u00e3o de candidato - Notibras","og_description":"A campanha de Renan Santos, do Miss\u00e3o, candidato \u00e0 Presid\u00eancia da Rep\u00fablica, foi suspensa por decis\u00e3o do ministro Dias Toffoli, do Supremo Tribunal Federal. Toffoli exigiu mais informa\u00e7\u00f5es sobre as plataformas digitais usadas pelo candidato. A decis\u00e3o provocou cr\u00edticas de diferentes setores pol\u00edticos. Direita, esquerda e centro consideram a medida controversa e questionam a forma [&hellip;]","og_url":"https:\/\/www.notibras.com\/site\/politicos-temem-limitacao-de-campanhas-apos-suspensao-de-candidato\/","og_site_name":"Notibras","article_publisher":"https:\/\/www.facebook.com\/notibras\/","article_published_time":"2026-09-01T05:00:17+00:00","author":"Eduardo Mart\u00ednez","twitter_card":"summary_large_image","twitter_creator":"@Notibras","twitter_site":"@Notibras","twitter_misc":{"Escrito por":"Eduardo Mart\u00ednez","Est. tempo de leitura":"1 minuto"},"schema":{"@context":"https:\/\/schema.org","@graph":[{"@type":"Article","@id":"https:\/\/www.notibras.com\/site\/politicos-temem-limitacao-de-campanhas-apos-suspensao-de-candidato\/#article","isPartOf":{"@id":"https:\/\/www.notibras.com\/site\/politicos-temem-limitacao-de-campanhas-apos-suspensao-de-candidato\/"},"author":{"name":"Eduardo Mart\u00ednez","@id":"https:\/\/www.notibras.com\/site\/#\/schema\/person\/5b7fabf2aedc3ada2105f03b22b4d3dd"},"headline":"Pol\u00edticos temem limita\u00e7\u00e3o de campanhas ap\u00f3s suspens\u00e3o de candidato","datePublished":"2026-09-01T05:00:17+00:00","mainEntityOfPage":{"@id":"https:\/\/www.notibras.com\/site\/politicos-temem-limitacao-de-campanhas-apos-suspensao-de-candidato\/"},"wordCount":113,"publisher":{"@id":"https:\/\/www.notibras.com\/site\/#organization"},"image":{"@id":"https:\/\/www.notibras.com\/site\/politicos-temem-limitacao-de-campanhas-apos-suspensao-de-candidato\/#primaryimage"},"thumbnailUrl":"https:\/\/www.notibras.com\/site\/wp-content\/uploads\/2026\/08\/toffoli-tse.avif","articleSection":["Dona Irene"],"inLanguage":"pt-BR"},{"@type":"WebPage","@id":"https:\/\/www.notibras.com\/site\/politicos-temem-limitacao-de-campanhas-apos-suspensao-de-candidato\/","url":"https:\/\/www.notibras.com\/site\/politicos-temem-limitacao-de-campanhas-apos-suspensao-de-candidato\/","name":"Pol\u00edticos temem limita\u00e7\u00e3o de campanhas ap\u00f3s suspens\u00e3o de candidato - Notibras","isPartOf":{"@id":"https:\/\/www.notibras.com\/site\/#website"},"primaryImageOfPage":{"@id":"https:\/\/www.notibras.com\/site\/politicos-temem-limitacao-de-campanhas-apos-suspensao-de-candidato\/#primaryimage"},"image":{"@id":"https:\/\/www.notibras.com\/site\/politicos-temem-limitacao-de-campanhas-apos-suspensao-de-candidato\/#primaryimage"},"thumbnailUrl":"https:\/\/www.notibras.com\/site\/wp-content\/uploads\/2026\/08\/toffoli-tse.avif","datePublished":"2026-09-01T05:00:17+00:00","breadcrumb":{"@id":"https:\/\/www.notibras.com\/site\/politicos-temem-limitacao-de-campanhas-apos-suspensao-de-candidato\/#breadcrumb"},"inLanguage":"pt-BR","potentialAction":[{"@type":"ReadAction","target":["https:\/\/www.notibras.com\/site\/politicos-temem-limitacao-de-campanhas-apos-suspensao-de-candidato\/"]}]},{"@type":"ImageObject","inLanguage":"pt-BR","@id":"https:\/\/www.notibras.com\/site\/politicos-temem-limitacao-de-campanhas-apos-suspensao-de-candidato\/#primaryimage","url":"https:\/\/www.notibras.com\/site\/wp-content\/uploads\/2026\/08\/toffoli-tse.avif","contentUrl":"https:\/\/www.notibras.com\/site\/wp-content\/uploads\/2026\/08\/toffoli-tse.avif","width":888,"height":595},{"@type":"BreadcrumbList","@id":"https:\/\/www.notibras.com\/site\/politicos-temem-limitacao-de-campanhas-apos-suspensao-de-candidato\/#breadcrumb","itemListElement":[{"@type":"ListItem","position":1,"name":"In\u00edcio","item":"https:\/\/www.notibras.com\/site\/"},{"@type":"ListItem","position":2,"name":"Pol\u00edticos temem limita\u00e7\u00e3o de campanhas ap\u00f3s suspens\u00e3o de candidato"}]},{"@type":"WebSite","@id":"https:\/\/www.notibras.com\/site\/#website","url":"https:\/\/www.notibras.com\/site\/","name":"Notibras","description":"Not\u00edcias de Bras\u00edlia, do Brasil e do Mundo","publisher":{"@id":"https:\/\/www.notibras.com\/site\/#organization"},"potentialAction":[{"@type":"SearchAction","target":{"@type":"EntryPoint","urlTemplate":"https:\/\/www.notibras.com\/site\/?s={search_term_string}"},"query-input":{"@type":"PropertyValueSpecification","valueRequired":true,"valueName":"search_term_string"}}],"inLanguage":"pt-BR"},{"@type":"Organization","@id":"https:\/\/www.notibras.com\/site\/#organization","name":"Grupo Notibras de Comunica\u00e7\u00e3o","url":"https:\/\/www.notibras.com\/site\/","logo":{"@type":"ImageObject","inLanguage":"pt-BR","@id":"https:\/\/www.notibras.com\/site\/#\/schema\/logo\/image\/","url":"https:\/\/www.notibras.com\/site\/wp-content\/uploads\/2023\/01\/notibras23.png","contentUrl":"https:\/\/www.notibras.com\/site\/wp-content\/uploads\/2023\/01\/notibras23.png","width":350,"height":87,"caption":"Grupo Notibras de Comunica\u00e7\u00e3o"},"image":{"@id":"https:\/\/www.notibras.com\/site\/#\/schema\/logo\/image\/"},"sameAs":["https:\/\/www.facebook.com\/notibras\/","https:\/\/x.com\/Notibras","https:\/\/www.instagram.com\/notibras\/"]},{"@type":"Person","@id":"https:\/\/www.notibras.com\/site\/#\/schema\/person\/5b7fabf2aedc3ada2105f03b22b4d3dd","name":"Eduardo Mart\u00ednez","image":{"@type":"ImageObject","inLanguage":"pt-BR","@id":"https:\/\/secure.gravatar.com\/avatar\/7902f906289926289cbcda644b5197c796b893c6ffd7b9a536a42d290f7704a0?s=96&d=mm&r=g","url":"https:\/\/secure.gravatar.com\/avatar\/7902f906289926289cbcda644b5197c796b893c6ffd7b9a536a42d290f7704a0?s=96&d=mm&r=g","contentUrl":"https:\/\/secure.gravatar.com\/avatar\/7902f906289926289cbcda644b5197c796b893c6ffd7b9a536a42d290f7704a0?s=96&d=mm&r=g","caption":"Eduardo Mart\u00ednez"}}]}},"_links":{"self":[{"href":"https:\/\/www.notibras.com\/site\/wp-json\/wp\/v2\/posts\/408865","targetHints":{"allow":["GET"]}}],"collection":[{"href":"https:\/\/www.notibras.com\/site\/wp-json\/wp\/v2\/posts"}],"about":[{"href":"https:\/\/www.notibras.com\/site\/wp-json\/wp\/v2\/types\/post"}],"author":[{"embeddable":true,"href":"https:\/\/www.notibras.com\/site\/wp-json\/wp\/v2\/users\/21"}],"replies":[{"embeddable":true,"href":"https:\/\/www.notibras.com\/site\/wp-json\/wp\/v2\/comments?post=408865"}],"version-history":[{"count":2,"href":"https:\/\/www.notibras.com\/site\/wp-json\/wp\/v2\/posts\/408865\/revisions"}],"predecessor-version":[{"id":408869,"href":"https:\/\/www.notibras.com\/site\/wp-json\/wp\/v2\/posts\/408865\/revisions\/408869"}],"wp:featuredmedia":[{"embeddable":true,"href":"https:\/\/www.notibras.com\/site\/wp-json\/wp\/v2\/media\/408867"}],"wp:attachment":[{"href":"https:\/\/www.notibras.com\/site\/wp-json\/wp\/v2\/media?parent=408865"}],"wp:term":[{"taxonomy":"category","embeddable":true,"href":"https:\/\/www.notibras.com\/site\/wp-json\/wp\/v2\/categories?post=408865"},{"taxonomy":"post_tag","embeddable":true,"href":"https:\/\/www.notibras.com\/site\/wp-json\/wp\/v2\/tags?post=408865"},{"taxonomy":"tmauthors","embeddable":true,"href":"https:\/\/www.notibras.com\/site\/wp-json\/wp\/v2\/tmauthors?post=408865"}],"curies":[{"name":"wp","href":"https:\/\/api.w.org\/{rel}","templated":true}]}}