{"id":408877,"date":"2026-09-01T03:04:41","date_gmt":"2026-09-01T06:04:41","guid":{"rendered":"https:\/\/www.notibras.com\/site\/?p=408877"},"modified":"2026-09-01T03:04:41","modified_gmt":"2026-09-01T06:04:41","slug":"lula-poe-agua-no-chopp-do-salario-do-servidor","status":"publish","type":"post","link":"https:\/\/www.notibras.com\/site\/lula-poe-agua-no-chopp-do-salario-do-servidor\/","title":{"rendered":"Lula p\u00f5e \u00e1gua no chopp do sal\u00e1rio do servidor"},"content":{"rendered":"<p>A estimativa de d\u00e9ficit prim\u00e1rio em R$ 52 bilh\u00f5es em 2026 fez o governo federal propor, em 2027, um gatilho para o crescimento das despesas com servidores p\u00fablicos. Os pagamentos n\u00e3o poder\u00e3o crescer 0,6% acima da infla\u00e7\u00e3o.<\/p>\n<p>A medida consta do projeto de Lei Or\u00e7ament\u00e1ria Anual (PLOA) de 2027, enviado nesta segunda-feira (31) ao Congresso Nacional.<\/p>\n<p>Institu\u00eddo pelo Artigo 6 do arcabou\u00e7o fiscal, o mecanismo \u00e9 acionado quando o governo registra d\u00e9ficit prim\u00e1rio, resultado negativo nas contas do governo sem os juros da d\u00edvida p\u00fablica. Como houve resultado negativo em 2025 e h\u00e1 previs\u00e3o de novo d\u00e9ficit em 2026, a limita\u00e7\u00e3o dever\u00e1 valer para 2027.<\/p>\n<p>O gatilho s\u00f3 poder\u00e1 deixar de ser aplicado quando as contas p\u00fablicas voltarem a registrar super\u00e1vit prim\u00e1rio.<\/p>\n<p><strong>Limite aos sal\u00e1rios<\/strong><br \/>\nPela regra, enquanto houver d\u00e9ficit prim\u00e1rio at\u00e9 2030, as despesas com pessoal n\u00e3o poder\u00e3o crescer mais de 0,6% ao ano acima da infla\u00e7\u00e3o. O limite abrange gastos com servidores ativos, aposentados e pensionistas, mas n\u00e3o abrange o pagamento com senten\u00e7as judiciais, nas quais est\u00e3o inclu\u00eddas os precat\u00f3rios.<\/p>\n<p>Na pr\u00e1tica, a regra impede que o governo conceda, em 2027, reajustes que representem ganho real para o funcionalismo federal, caso as contas permane\u00e7am no vermelho.<\/p>\n<p><strong>Como funciona<\/strong><br \/>\nO d\u00e9ficit prim\u00e1rio ocorre quando as receitas do governo ficam abaixo das despesas, sem considerar o pagamento de juros da d\u00edvida p\u00fablica. J\u00e1 o super\u00e1vit prim\u00e1rio acontece quando as receitas superam as despesas, tamb\u00e9m sem levar em conta os juros.<\/p>\n<p>O arcabou\u00e7o fiscal, aprovado em 2023, estabelece que o crescimento das despesas deve corresponder a at\u00e9 70% da alta das receitas, respeitado o limite de 2,5% ao ano acima da infla\u00e7\u00e3o.<\/p>\n<p>No fim de 2024, o Congresso aprovou novas regras para refor\u00e7ar o controle das contas p\u00fablicas. Entre elas est\u00e1 a restri\u00e7\u00e3o a incentivos e benef\u00edcios tribut\u00e1rios em caso de d\u00e9ficit prim\u00e1rio, al\u00e9m do limite para o crescimento das despesas com pessoal.<\/p>\n<p><strong>Acordo com categorias<\/strong><br \/>\nA restri\u00e7\u00e3o ocorre ap\u00f3s o governo ter firmado, em 2024, acordos salariais com a maior parte dos servidores do Executivo federal. As negocia\u00e7\u00f5es contemplaram reajustes para 2025 e 2026 e reestrutura\u00e7\u00f5es de carreiras.<\/p>\n<p>Na \u00e9poca, o governo informou que os acordos alcan\u00e7avam 98,2% dos servidores federais. A ministra da Gest\u00e3o e Inova\u00e7\u00e3o, Esther Dweck, afirmou que as negocia\u00e7\u00f5es garantiriam a reposi\u00e7\u00e3o da infla\u00e7\u00e3o durante o mandato, al\u00e9m de ganho real para as categorias.<\/p>\n<p>Com a nova limita\u00e7\u00e3o fiscal, por\u00e9m, o espa\u00e7o para novos aumentos acima da infla\u00e7\u00e3o em 2027 fica reduzido enquanto o governo permanecer em situa\u00e7\u00e3o de d\u00e9ficit prim\u00e1rio.<\/p>\n","protected":false},"excerpt":{"rendered":"<p>A estimativa de d\u00e9ficit prim\u00e1rio em R$ 52 bilh\u00f5es em 2026 fez o governo federal propor, em 2027, um gatilho para o crescimento das despesas com servidores p\u00fablicos. Os pagamentos n\u00e3o poder\u00e3o crescer 0,6% acima da infla\u00e7\u00e3o. A medida consta do projeto de Lei Or\u00e7ament\u00e1ria Anual (PLOA) de 2027, enviado nesta segunda-feira (31) ao Congresso [&hellip;]<\/p>\n","protected":false},"author":2,"featured_media":408878,"comment_status":"closed","ping_status":"closed","sticky":false,"template":"","format":"standard","meta":{"_acf_changed":false,"footnotes":""},"categories":[16],"tags":[95],"tmauthors":[307],"class_list":["post-408877","post","type-post","status-publish","format-standard","has-post-thumbnail","category-brasil","tag-capa"],"acf":[],"yoast_head":"<!-- This site is optimized with the Yoast SEO plugin v28.0 - https:\/\/yoast.com\/product\/yoast-seo-wordpress\/ -->\n<title>Lula p\u00f5e \u00e1gua no chopp do sal\u00e1rio do servidor - Notibras<\/title>\n<meta name=\"robots\" content=\"index, follow, max-snippet:-1, max-image-preview:large, max-video-preview:-1\" \/>\n<link rel=\"canonical\" href=\"https:\/\/www.notibras.com\/site\/lula-poe-agua-no-chopp-do-salario-do-servidor\/\" \/>\n<meta property=\"og:locale\" content=\"pt_BR\" \/>\n<meta property=\"og:type\" content=\"article\" \/>\n<meta property=\"og:title\" content=\"Lula p\u00f5e \u00e1gua no chopp do sal\u00e1rio do servidor - Notibras\" \/>\n<meta property=\"og:description\" content=\"A estimativa de d\u00e9ficit prim\u00e1rio em R$ 52 bilh\u00f5es em 2026 fez o governo federal propor, em 2027, um gatilho para o crescimento das despesas com servidores p\u00fablicos. Os pagamentos n\u00e3o poder\u00e3o crescer 0,6% acima da infla\u00e7\u00e3o. A medida consta do projeto de Lei Or\u00e7ament\u00e1ria Anual (PLOA) de 2027, enviado nesta segunda-feira (31) ao Congresso [&hellip;]\" \/>\n<meta property=\"og:url\" content=\"https:\/\/www.notibras.com\/site\/lula-poe-agua-no-chopp-do-salario-do-servidor\/\" \/>\n<meta property=\"og:site_name\" content=\"Notibras\" \/>\n<meta property=\"article:publisher\" content=\"https:\/\/www.facebook.com\/notibras\/\" \/>\n<meta property=\"article:published_time\" content=\"2026-09-01T06:04:41+00:00\" \/>\n<meta property=\"og:image\" content=\"https:\/\/www.notibras.com\/site\/wp-content\/uploads\/2026\/09\/dji_0080.webp\" \/>\n\t<meta property=\"og:image:width\" content=\"1170\" \/>\n\t<meta property=\"og:image:height\" content=\"700\" \/>\n\t<meta property=\"og:image:type\" content=\"image\/webp\" \/>\n<meta name=\"author\" content=\"Reda\u00e7\u00e3o\" \/>\n<meta name=\"twitter:card\" content=\"summary_large_image\" \/>\n<meta name=\"twitter:creator\" content=\"@Notibras\" \/>\n<meta name=\"twitter:site\" content=\"@Notibras\" \/>\n<meta name=\"twitter:label1\" content=\"Escrito por\" \/>\n\t<meta name=\"twitter:data1\" content=\"Reda\u00e7\u00e3o\" \/>\n\t<meta name=\"twitter:label2\" content=\"Est. tempo de leitura\" \/>\n\t<meta name=\"twitter:data2\" content=\"3 minutos\" \/>\n<script type=\"application\/ld+json\" class=\"yoast-schema-graph\">{\"@context\":\"https:\\\/\\\/schema.org\",\"@graph\":[{\"@type\":\"Article\",\"@id\":\"https:\\\/\\\/www.notibras.com\\\/site\\\/lula-poe-agua-no-chopp-do-salario-do-servidor\\\/#article\",\"isPartOf\":{\"@id\":\"https:\\\/\\\/www.notibras.com\\\/site\\\/lula-poe-agua-no-chopp-do-salario-do-servidor\\\/\"},\"author\":{\"name\":\"Reda\u00e7\u00e3o\",\"@id\":\"https:\\\/\\\/www.notibras.com\\\/site\\\/#\\\/schema\\\/person\\\/36ab0979449956132d3e5b517ea76ac8\"},\"headline\":\"Lula p\u00f5e \u00e1gua no chopp do sal\u00e1rio do servidor\",\"datePublished\":\"2026-09-01T06:04:41+00:00\",\"mainEntityOfPage\":{\"@id\":\"https:\\\/\\\/www.notibras.com\\\/site\\\/lula-poe-agua-no-chopp-do-salario-do-servidor\\\/\"},\"wordCount\":472,\"publisher\":{\"@id\":\"https:\\\/\\\/www.notibras.com\\\/site\\\/#organization\"},\"image\":{\"@id\":\"https:\\\/\\\/www.notibras.com\\\/site\\\/lula-poe-agua-no-chopp-do-salario-do-servidor\\\/#primaryimage\"},\"thumbnailUrl\":\"https:\\\/\\\/www.notibras.com\\\/site\\\/wp-content\\\/uploads\\\/2026\\\/09\\\/dji_0080.webp\",\"keywords\":[\"capa\"],\"articleSection\":[\"Brasil\"],\"inLanguage\":\"pt-BR\"},{\"@type\":\"WebPage\",\"@id\":\"https:\\\/\\\/www.notibras.com\\\/site\\\/lula-poe-agua-no-chopp-do-salario-do-servidor\\\/\",\"url\":\"https:\\\/\\\/www.notibras.com\\\/site\\\/lula-poe-agua-no-chopp-do-salario-do-servidor\\\/\",\"name\":\"Lula p\u00f5e \u00e1gua no chopp do sal\u00e1rio do servidor - Notibras\",\"isPartOf\":{\"@id\":\"https:\\\/\\\/www.notibras.com\\\/site\\\/#website\"},\"primaryImageOfPage\":{\"@id\":\"https:\\\/\\\/www.notibras.com\\\/site\\\/lula-poe-agua-no-chopp-do-salario-do-servidor\\\/#primaryimage\"},\"image\":{\"@id\":\"https:\\\/\\\/www.notibras.com\\\/site\\\/lula-poe-agua-no-chopp-do-salario-do-servidor\\\/#primaryimage\"},\"thumbnailUrl\":\"https:\\\/\\\/www.notibras.com\\\/site\\\/wp-content\\\/uploads\\\/2026\\\/09\\\/dji_0080.webp\",\"datePublished\":\"2026-09-01T06:04:41+00:00\",\"breadcrumb\":{\"@id\":\"https:\\\/\\\/www.notibras.com\\\/site\\\/lula-poe-agua-no-chopp-do-salario-do-servidor\\\/#breadcrumb\"},\"inLanguage\":\"pt-BR\",\"potentialAction\":[{\"@type\":\"ReadAction\",\"target\":[\"https:\\\/\\\/www.notibras.com\\\/site\\\/lula-poe-agua-no-chopp-do-salario-do-servidor\\\/\"]}]},{\"@type\":\"ImageObject\",\"inLanguage\":\"pt-BR\",\"@id\":\"https:\\\/\\\/www.notibras.com\\\/site\\\/lula-poe-agua-no-chopp-do-salario-do-servidor\\\/#primaryimage\",\"url\":\"https:\\\/\\\/www.notibras.com\\\/site\\\/wp-content\\\/uploads\\\/2026\\\/09\\\/dji_0080.webp\",\"contentUrl\":\"https:\\\/\\\/www.notibras.com\\\/site\\\/wp-content\\\/uploads\\\/2026\\\/09\\\/dji_0080.webp\",\"width\":1170,\"height\":700},{\"@type\":\"BreadcrumbList\",\"@id\":\"https:\\\/\\\/www.notibras.com\\\/site\\\/lula-poe-agua-no-chopp-do-salario-do-servidor\\\/#breadcrumb\",\"itemListElement\":[{\"@type\":\"ListItem\",\"position\":1,\"name\":\"In\u00edcio\",\"item\":\"https:\\\/\\\/www.notibras.com\\\/site\\\/\"},{\"@type\":\"ListItem\",\"position\":2,\"name\":\"Lula p\u00f5e \u00e1gua no chopp do sal\u00e1rio do servidor\"}]},{\"@type\":\"WebSite\",\"@id\":\"https:\\\/\\\/www.notibras.com\\\/site\\\/#website\",\"url\":\"https:\\\/\\\/www.notibras.com\\\/site\\\/\",\"name\":\"Notibras\",\"description\":\"Not\u00edcias de Bras\u00edlia, do Brasil e do Mundo\",\"publisher\":{\"@id\":\"https:\\\/\\\/www.notibras.com\\\/site\\\/#organization\"},\"potentialAction\":[{\"@type\":\"SearchAction\",\"target\":{\"@type\":\"EntryPoint\",\"urlTemplate\":\"https:\\\/\\\/www.notibras.com\\\/site\\\/?s={search_term_string}\"},\"query-input\":{\"@type\":\"PropertyValueSpecification\",\"valueRequired\":true,\"valueName\":\"search_term_string\"}}],\"inLanguage\":\"pt-BR\"},{\"@type\":\"Organization\",\"@id\":\"https:\\\/\\\/www.notibras.com\\\/site\\\/#organization\",\"name\":\"Grupo Notibras de Comunica\u00e7\u00e3o\",\"url\":\"https:\\\/\\\/www.notibras.com\\\/site\\\/\",\"logo\":{\"@type\":\"ImageObject\",\"inLanguage\":\"pt-BR\",\"@id\":\"https:\\\/\\\/www.notibras.com\\\/site\\\/#\\\/schema\\\/logo\\\/image\\\/\",\"url\":\"https:\\\/\\\/www.notibras.com\\\/site\\\/wp-content\\\/uploads\\\/2023\\\/01\\\/notibras23.png\",\"contentUrl\":\"https:\\\/\\\/www.notibras.com\\\/site\\\/wp-content\\\/uploads\\\/2023\\\/01\\\/notibras23.png\",\"width\":350,\"height\":87,\"caption\":\"Grupo Notibras de Comunica\u00e7\u00e3o\"},\"image\":{\"@id\":\"https:\\\/\\\/www.notibras.com\\\/site\\\/#\\\/schema\\\/logo\\\/image\\\/\"},\"sameAs\":[\"https:\\\/\\\/www.facebook.com\\\/notibras\\\/\",\"https:\\\/\\\/x.com\\\/Notibras\",\"https:\\\/\\\/www.instagram.com\\\/notibras\\\/\"]},{\"@type\":\"Person\",\"@id\":\"https:\\\/\\\/www.notibras.com\\\/site\\\/#\\\/schema\\\/person\\\/36ab0979449956132d3e5b517ea76ac8\",\"name\":\"Reda\u00e7\u00e3o\",\"image\":{\"@type\":\"ImageObject\",\"inLanguage\":\"pt-BR\",\"@id\":\"https:\\\/\\\/secure.gravatar.com\\\/avatar\\\/e0a867bdedb85fd243eadf09663511f96fc81e0720a4a42581f334ad4303aa6b?s=96&d=mm&r=g\",\"url\":\"https:\\\/\\\/secure.gravatar.com\\\/avatar\\\/e0a867bdedb85fd243eadf09663511f96fc81e0720a4a42581f334ad4303aa6b?s=96&d=mm&r=g\",\"contentUrl\":\"https:\\\/\\\/secure.gravatar.com\\\/avatar\\\/e0a867bdedb85fd243eadf09663511f96fc81e0720a4a42581f334ad4303aa6b?s=96&d=mm&r=g\",\"caption\":\"Reda\u00e7\u00e3o\"}}]}<\/script>\n<!-- \/ Yoast SEO plugin. -->","yoast_head_json":{"title":"Lula p\u00f5e \u00e1gua no chopp do sal\u00e1rio do servidor - Notibras","robots":{"index":"index","follow":"follow","max-snippet":"max-snippet:-1","max-image-preview":"max-image-preview:large","max-video-preview":"max-video-preview:-1"},"canonical":"https:\/\/www.notibras.com\/site\/lula-poe-agua-no-chopp-do-salario-do-servidor\/","og_locale":"pt_BR","og_type":"article","og_title":"Lula p\u00f5e \u00e1gua no chopp do sal\u00e1rio do servidor - Notibras","og_description":"A estimativa de d\u00e9ficit prim\u00e1rio em R$ 52 bilh\u00f5es em 2026 fez o governo federal propor, em 2027, um gatilho para o crescimento das despesas com servidores p\u00fablicos. Os pagamentos n\u00e3o poder\u00e3o crescer 0,6% acima da infla\u00e7\u00e3o. A medida consta do projeto de Lei Or\u00e7ament\u00e1ria Anual (PLOA) de 2027, enviado nesta segunda-feira (31) ao Congresso [&hellip;]","og_url":"https:\/\/www.notibras.com\/site\/lula-poe-agua-no-chopp-do-salario-do-servidor\/","og_site_name":"Notibras","article_publisher":"https:\/\/www.facebook.com\/notibras\/","article_published_time":"2026-09-01T06:04:41+00:00","og_image":[{"width":1170,"height":700,"url":"https:\/\/www.notibras.com\/site\/wp-content\/uploads\/2026\/09\/dji_0080.webp","type":"image\/webp"}],"author":"Reda\u00e7\u00e3o","twitter_card":"summary_large_image","twitter_creator":"@Notibras","twitter_site":"@Notibras","twitter_misc":{"Escrito por":"Reda\u00e7\u00e3o","Est. tempo de leitura":"3 minutos"},"schema":{"@context":"https:\/\/schema.org","@graph":[{"@type":"Article","@id":"https:\/\/www.notibras.com\/site\/lula-poe-agua-no-chopp-do-salario-do-servidor\/#article","isPartOf":{"@id":"https:\/\/www.notibras.com\/site\/lula-poe-agua-no-chopp-do-salario-do-servidor\/"},"author":{"name":"Reda\u00e7\u00e3o","@id":"https:\/\/www.notibras.com\/site\/#\/schema\/person\/36ab0979449956132d3e5b517ea76ac8"},"headline":"Lula p\u00f5e \u00e1gua no chopp do sal\u00e1rio do servidor","datePublished":"2026-09-01T06:04:41+00:00","mainEntityOfPage":{"@id":"https:\/\/www.notibras.com\/site\/lula-poe-agua-no-chopp-do-salario-do-servidor\/"},"wordCount":472,"publisher":{"@id":"https:\/\/www.notibras.com\/site\/#organization"},"image":{"@id":"https:\/\/www.notibras.com\/site\/lula-poe-agua-no-chopp-do-salario-do-servidor\/#primaryimage"},"thumbnailUrl":"https:\/\/www.notibras.com\/site\/wp-content\/uploads\/2026\/09\/dji_0080.webp","keywords":["capa"],"articleSection":["Brasil"],"inLanguage":"pt-BR"},{"@type":"WebPage","@id":"https:\/\/www.notibras.com\/site\/lula-poe-agua-no-chopp-do-salario-do-servidor\/","url":"https:\/\/www.notibras.com\/site\/lula-poe-agua-no-chopp-do-salario-do-servidor\/","name":"Lula p\u00f5e \u00e1gua no chopp do sal\u00e1rio do servidor - Notibras","isPartOf":{"@id":"https:\/\/www.notibras.com\/site\/#website"},"primaryImageOfPage":{"@id":"https:\/\/www.notibras.com\/site\/lula-poe-agua-no-chopp-do-salario-do-servidor\/#primaryimage"},"image":{"@id":"https:\/\/www.notibras.com\/site\/lula-poe-agua-no-chopp-do-salario-do-servidor\/#primaryimage"},"thumbnailUrl":"https:\/\/www.notibras.com\/site\/wp-content\/uploads\/2026\/09\/dji_0080.webp","datePublished":"2026-09-01T06:04:41+00:00","breadcrumb":{"@id":"https:\/\/www.notibras.com\/site\/lula-poe-agua-no-chopp-do-salario-do-servidor\/#breadcrumb"},"inLanguage":"pt-BR","potentialAction":[{"@type":"ReadAction","target":["https:\/\/www.notibras.com\/site\/lula-poe-agua-no-chopp-do-salario-do-servidor\/"]}]},{"@type":"ImageObject","inLanguage":"pt-BR","@id":"https:\/\/www.notibras.com\/site\/lula-poe-agua-no-chopp-do-salario-do-servidor\/#primaryimage","url":"https:\/\/www.notibras.com\/site\/wp-content\/uploads\/2026\/09\/dji_0080.webp","contentUrl":"https:\/\/www.notibras.com\/site\/wp-content\/uploads\/2026\/09\/dji_0080.webp","width":1170,"height":700},{"@type":"BreadcrumbList","@id":"https:\/\/www.notibras.com\/site\/lula-poe-agua-no-chopp-do-salario-do-servidor\/#breadcrumb","itemListElement":[{"@type":"ListItem","position":1,"name":"In\u00edcio","item":"https:\/\/www.notibras.com\/site\/"},{"@type":"ListItem","position":2,"name":"Lula p\u00f5e \u00e1gua no chopp do sal\u00e1rio do servidor"}]},{"@type":"WebSite","@id":"https:\/\/www.notibras.com\/site\/#website","url":"https:\/\/www.notibras.com\/site\/","name":"Notibras","description":"Not\u00edcias de Bras\u00edlia, do Brasil e do Mundo","publisher":{"@id":"https:\/\/www.notibras.com\/site\/#organization"},"potentialAction":[{"@type":"SearchAction","target":{"@type":"EntryPoint","urlTemplate":"https:\/\/www.notibras.com\/site\/?s={search_term_string}"},"query-input":{"@type":"PropertyValueSpecification","valueRequired":true,"valueName":"search_term_string"}}],"inLanguage":"pt-BR"},{"@type":"Organization","@id":"https:\/\/www.notibras.com\/site\/#organization","name":"Grupo Notibras de Comunica\u00e7\u00e3o","url":"https:\/\/www.notibras.com\/site\/","logo":{"@type":"ImageObject","inLanguage":"pt-BR","@id":"https:\/\/www.notibras.com\/site\/#\/schema\/logo\/image\/","url":"https:\/\/www.notibras.com\/site\/wp-content\/uploads\/2023\/01\/notibras23.png","contentUrl":"https:\/\/www.notibras.com\/site\/wp-content\/uploads\/2023\/01\/notibras23.png","width":350,"height":87,"caption":"Grupo Notibras de Comunica\u00e7\u00e3o"},"image":{"@id":"https:\/\/www.notibras.com\/site\/#\/schema\/logo\/image\/"},"sameAs":["https:\/\/www.facebook.com\/notibras\/","https:\/\/x.com\/Notibras","https:\/\/www.instagram.com\/notibras\/"]},{"@type":"Person","@id":"https:\/\/www.notibras.com\/site\/#\/schema\/person\/36ab0979449956132d3e5b517ea76ac8","name":"Reda\u00e7\u00e3o","image":{"@type":"ImageObject","inLanguage":"pt-BR","@id":"https:\/\/secure.gravatar.com\/avatar\/e0a867bdedb85fd243eadf09663511f96fc81e0720a4a42581f334ad4303aa6b?s=96&d=mm&r=g","url":"https:\/\/secure.gravatar.com\/avatar\/e0a867bdedb85fd243eadf09663511f96fc81e0720a4a42581f334ad4303aa6b?s=96&d=mm&r=g","contentUrl":"https:\/\/secure.gravatar.com\/avatar\/e0a867bdedb85fd243eadf09663511f96fc81e0720a4a42581f334ad4303aa6b?s=96&d=mm&r=g","caption":"Reda\u00e7\u00e3o"}}]}},"_links":{"self":[{"href":"https:\/\/www.notibras.com\/site\/wp-json\/wp\/v2\/posts\/408877","targetHints":{"allow":["GET"]}}],"collection":[{"href":"https:\/\/www.notibras.com\/site\/wp-json\/wp\/v2\/posts"}],"about":[{"href":"https:\/\/www.notibras.com\/site\/wp-json\/wp\/v2\/types\/post"}],"author":[{"embeddable":true,"href":"https:\/\/www.notibras.com\/site\/wp-json\/wp\/v2\/users\/2"}],"replies":[{"embeddable":true,"href":"https:\/\/www.notibras.com\/site\/wp-json\/wp\/v2\/comments?post=408877"}],"version-history":[{"count":1,"href":"https:\/\/www.notibras.com\/site\/wp-json\/wp\/v2\/posts\/408877\/revisions"}],"predecessor-version":[{"id":408879,"href":"https:\/\/www.notibras.com\/site\/wp-json\/wp\/v2\/posts\/408877\/revisions\/408879"}],"wp:featuredmedia":[{"embeddable":true,"href":"https:\/\/www.notibras.com\/site\/wp-json\/wp\/v2\/media\/408878"}],"wp:attachment":[{"href":"https:\/\/www.notibras.com\/site\/wp-json\/wp\/v2\/media?parent=408877"}],"wp:term":[{"taxonomy":"category","embeddable":true,"href":"https:\/\/www.notibras.com\/site\/wp-json\/wp\/v2\/categories?post=408877"},{"taxonomy":"post_tag","embeddable":true,"href":"https:\/\/www.notibras.com\/site\/wp-json\/wp\/v2\/tags?post=408877"},{"taxonomy":"tmauthors","embeddable":true,"href":"https:\/\/www.notibras.com\/site\/wp-json\/wp\/v2\/tmauthors?post=408877"}],"curies":[{"name":"wp","href":"https:\/\/api.w.org\/{rel}","templated":true}]}}