{"id":408892,"date":"2026-09-01T03:39:28","date_gmt":"2026-09-01T06:39:28","guid":{"rendered":"https:\/\/www.notibras.com\/site\/?p=408892"},"modified":"2026-09-01T03:44:28","modified_gmt":"2026-09-01T06:44:28","slug":"pobre-que-desconhece-rico-tem-liberdade-de-vive-feliz","status":"publish","type":"post","link":"https:\/\/www.notibras.com\/site\/pobre-que-desconhece-rico-tem-liberdade-de-vive-feliz\/","title":{"rendered":"Pobre que desconhece rico tem liberdade de vive feliz"},"content":{"rendered":"<p>\u00c9poca em que as mentiras pululam nos lares brasileiros, lembro que falar ou escrever sobre o pobre \u00e9, acima de tudo, reverenciar quem tem hist\u00f3ria, viv\u00eancia, liberdade e muita alegria para dar, vender e distribuir. \u00c9 o segmento que elege a maioria. N\u00e3o \u00e0 toa, a alegria do pobre, ainda que menos dur\u00e1vel, \u00e9 normal e honestamente mais intensa do que a do rico. Apesar de alegre, desde que inventaram o \u201ct\u00e1 ruim\u201d, a vida do pobre \u00e9 igual a 2 + 2 = 5, incluindo os impostos. Ou seja, as contas n\u00e3o fecham nunca. Nada muda entre o Ano Novo e o Natal. E da\u00ed? Pobre que \u00e9 pobre n\u00e3o desanima. Des\u00e2nimo s\u00f3 para os torcedores do Palmeiras. Eles dormem a acordam acreditando que um dia ser\u00e3o campe\u00f5es mundiais.<\/p>\n<p>Para o chamado pobre raiz \u2013 eu sou um deles -, pol\u00edtico mentiroso e corrupto \u00e9 o c\u00e2ncer a ser extirpado. Fora isso, nem mesmo o p\u00e9 na bunda consegue tir\u00e1-lo do s\u00e9rio. Afinal, essa \u00e9 a forma mais utilizada para empurr\u00e1-lo para frente. Desbundado ou n\u00e3o, o bom da vida do pobre \u00e9 o domingo, quando ele imagina a ta\u00e7a de vinho\u00a0<i>Sangue de Boi<\/i>\u00a0como a melhor resposta para a pergunta que n\u00e3o se quer ouvir. O pior do domingo \u00e9 a proximidade com a segunda-feira, dia em que o pobre que se preza acorda lembrando da cerveja quente no copo de pl\u00e1stico. N\u00e3o tem crise. Pelo contr\u00e1rio. A carteira est\u00e1 vazia, mas o sorriso largo mostra a boca cheia de dentes careados.<\/p>\n<p>Faz tempo que a mala de pobre deixou de ser a trouxa, o cadeado e o n\u00f3. Embora viva constantemente no modo economia de energia, o pobre sabe que na vida tudo passa, nem que seja por cima deles. Tivemos ministros que tinham ojeriza de pobres na Disney. \u00c9 por conta de idiotas como ele que os pobres fazem tanto sucesso. Hoje o pobre tamb\u00e9m viaja de avi\u00e3o, vai e vem de trem lotado e, depois de ultrapassar a fase do Parkinson, enriquece com a aposentadoria do INSS. Como eles, sou feliz assim. Nasci pobre e, como qualquer teimoso, pobre morrerei. Melhor ser um eterno amendoim do que circular se sentido pa\u00e7oca.<\/p>\n<p>Concordo, em parte, com as teses elitistas de que pobre s\u00f3 come carne quando morde a l\u00edngua e que galinha na casa de pobre significa que um dos dois est\u00e1 doente. No entanto, invertendo a ordem, qual a gra\u00e7a de ser o mais rico do cemit\u00e9rio. Isso n\u00e3o \u00e9 privil\u00e9gio de ningu\u00e9m. Privilegiado \u00e9 aquele cuja mente \u00e9 seu principal ativo. \u00c9 aquele com sabedoria para enriquecer o esp\u00edrito. \u00c9 aquele que tem pelo menos cinco amigos leais e tamb\u00e9m pobres, mas que os fazem se imaginar ricos para a vida inteira. Eis a raz\u00e3o pela qual eduquei minhas filhas para serem felizes. Desse modo, elas sempre saber\u00e3o o valor das coisas e n\u00e3o o seu pre\u00e7o.<\/p>\n<p>Desde que o mundo \u00e9 mundo, aplaudir as tolices dos ricos ajuda a esconder as m\u00e1ximas de um pobre. Dizer que pobre s\u00f3 fica de barriga cheia quando morre afogado ou que s\u00f3 anda de carro quando \u00e9 preso no cambur\u00e3o serve para amenizar a imagem do homem rico sempre vendido \u00e0 institui\u00e7\u00e3o que o fez rico. Prefiro que me digam que Sonrisal \u00e9 o meu champanhe. Tamb\u00e9m n\u00e3o me incomodo de ouvir que meu jornal \u00e9 a bula de rem\u00e9dio, tampouco que s\u00f3 como fora de casa quando ponho a mesa no quintal. Pelo menos n\u00e3o tenho a infelicidade de ser obrigado a conviver com os ricos.<\/p>\n<p>Por fim, \u00e9 verdade que pobre e cachimbo nasceram para levar fumo. Mentira \u00e9 escrever que ladr\u00e3o na casa de pobre s\u00f3 leva susto e que televis\u00e3o de pobre \u00e9 janela de trem. Pobre parou de matar cachorro a grito e n\u00e3o se enrola mais no papel higi\u00eanico. Hoje, al\u00e9m de uma Lambe-Rola na garagem, ele ensina o louro a falar\u00a0<i>ingr\u00eas<\/i>, tem parab\u00f3lica, usa Neve folha dupla, disp\u00f5e de Orkut, Facebook, X e Instagram e trocou os perfumes antiquados da Avon pelas fragr\u00e2ncias\u00a0<i>Sinfonia dos sapos<\/i>\u00a0e\u00a0<i>Bal\u00e9 de vagalumes<\/i>, novos lan\u00e7amentos da Jequiti e cujas f\u00f3rmulas Silvio Santos levou para o fundo do ba\u00fa. O planeta mudou. O pobre tamb\u00e9m. A exemplo do rico, ele agora acompanha a prociss\u00e3o, n\u00e3o persegue mais o santo e n\u00e3o vota mais em qualquer um. Apesar da evolu\u00e7\u00e3o, eu queria ser pobre apenas um dia na vida, porque ser todo dia \u00e9 fl\u00f3rida.<\/p>\n<p>&#8230;&#8230;&#8230;&#8230;.<\/p>\n<p><strong>Wenceslau Ara\u00fajo \u00e9 Editor-Chefe de Notibras<\/strong><\/p>\n","protected":false},"excerpt":{"rendered":"<p>\u00c9poca em que as mentiras pululam nos lares brasileiros, lembro que falar ou escrever sobre o pobre \u00e9, acima de tudo, reverenciar quem tem hist\u00f3ria, viv\u00eancia, liberdade e muita alegria para dar, vender e distribuir. \u00c9 o segmento que elege a maioria. N\u00e3o \u00e0 toa, a alegria do pobre, ainda que menos dur\u00e1vel, \u00e9 normal [&hellip;]<\/p>\n","protected":false},"author":2,"featured_media":297894,"comment_status":"closed","ping_status":"closed","sticky":false,"template":"","format":"standard","meta":{"_acf_changed":false,"footnotes":""},"categories":[16],"tags":[],"tmauthors":[307],"class_list":["post-408892","post","type-post","status-publish","format-standard","has-post-thumbnail","category-brasil"],"acf":[],"yoast_head":"<!-- This site is optimized with the Yoast SEO plugin v28.0 - https:\/\/yoast.com\/product\/yoast-seo-wordpress\/ -->\n<title>Pobre que desconhece rico tem liberdade de vive feliz - Notibras<\/title>\n<meta name=\"robots\" content=\"index, follow, max-snippet:-1, max-image-preview:large, max-video-preview:-1\" \/>\n<link rel=\"canonical\" href=\"https:\/\/www.notibras.com\/site\/pobre-que-desconhece-rico-tem-liberdade-de-vive-feliz\/\" \/>\n<meta property=\"og:locale\" content=\"pt_BR\" \/>\n<meta property=\"og:type\" content=\"article\" \/>\n<meta property=\"og:title\" content=\"Pobre que desconhece rico tem liberdade de vive feliz - Notibras\" \/>\n<meta property=\"og:description\" content=\"\u00c9poca em que as mentiras pululam nos lares brasileiros, lembro que falar ou escrever sobre o pobre \u00e9, acima de tudo, reverenciar quem tem hist\u00f3ria, viv\u00eancia, liberdade e muita alegria para dar, vender e distribuir. \u00c9 o segmento que elege a maioria. N\u00e3o \u00e0 toa, a alegria do pobre, ainda que menos dur\u00e1vel, \u00e9 normal [&hellip;]\" \/>\n<meta property=\"og:url\" content=\"https:\/\/www.notibras.com\/site\/pobre-que-desconhece-rico-tem-liberdade-de-vive-feliz\/\" \/>\n<meta property=\"og:site_name\" content=\"Notibras\" \/>\n<meta property=\"article:publisher\" content=\"https:\/\/www.facebook.com\/notibras\/\" \/>\n<meta property=\"article:published_time\" content=\"2026-09-01T06:39:28+00:00\" \/>\n<meta property=\"article:modified_time\" content=\"2026-09-01T06:44:28+00:00\" \/>\n<meta property=\"og:image\" content=\"https:\/\/www.notibras.com\/site\/wp-content\/uploads\/2023\/01\/pobreza-3.jpg\" \/>\n\t<meta property=\"og:image:width\" content=\"1170\" \/>\n\t<meta property=\"og:image:height\" content=\"700\" \/>\n\t<meta property=\"og:image:type\" content=\"image\/jpeg\" \/>\n<meta name=\"author\" content=\"Reda\u00e7\u00e3o\" \/>\n<meta name=\"twitter:card\" content=\"summary_large_image\" \/>\n<meta name=\"twitter:creator\" content=\"@Notibras\" \/>\n<meta name=\"twitter:site\" content=\"@Notibras\" \/>\n<meta name=\"twitter:label1\" content=\"Escrito por\" \/>\n\t<meta name=\"twitter:data1\" content=\"Reda\u00e7\u00e3o\" \/>\n\t<meta name=\"twitter:label2\" content=\"Est. tempo de leitura\" \/>\n\t<meta name=\"twitter:data2\" content=\"5 minutos\" \/>\n<script type=\"application\/ld+json\" class=\"yoast-schema-graph\">{\"@context\":\"https:\\\/\\\/schema.org\",\"@graph\":[{\"@type\":\"Article\",\"@id\":\"https:\\\/\\\/www.notibras.com\\\/site\\\/pobre-que-desconhece-rico-tem-liberdade-de-vive-feliz\\\/#article\",\"isPartOf\":{\"@id\":\"https:\\\/\\\/www.notibras.com\\\/site\\\/pobre-que-desconhece-rico-tem-liberdade-de-vive-feliz\\\/\"},\"author\":{\"name\":\"Reda\u00e7\u00e3o\",\"@id\":\"https:\\\/\\\/www.notibras.com\\\/site\\\/#\\\/schema\\\/person\\\/36ab0979449956132d3e5b517ea76ac8\"},\"headline\":\"Pobre que desconhece rico tem liberdade de vive feliz\",\"datePublished\":\"2026-09-01T06:39:28+00:00\",\"dateModified\":\"2026-09-01T06:44:28+00:00\",\"mainEntityOfPage\":{\"@id\":\"https:\\\/\\\/www.notibras.com\\\/site\\\/pobre-que-desconhece-rico-tem-liberdade-de-vive-feliz\\\/\"},\"wordCount\":786,\"publisher\":{\"@id\":\"https:\\\/\\\/www.notibras.com\\\/site\\\/#organization\"},\"image\":{\"@id\":\"https:\\\/\\\/www.notibras.com\\\/site\\\/pobre-que-desconhece-rico-tem-liberdade-de-vive-feliz\\\/#primaryimage\"},\"thumbnailUrl\":\"https:\\\/\\\/www.notibras.com\\\/site\\\/wp-content\\\/uploads\\\/2023\\\/01\\\/pobreza-3.jpg\",\"articleSection\":[\"Brasil\"],\"inLanguage\":\"pt-BR\"},{\"@type\":\"WebPage\",\"@id\":\"https:\\\/\\\/www.notibras.com\\\/site\\\/pobre-que-desconhece-rico-tem-liberdade-de-vive-feliz\\\/\",\"url\":\"https:\\\/\\\/www.notibras.com\\\/site\\\/pobre-que-desconhece-rico-tem-liberdade-de-vive-feliz\\\/\",\"name\":\"Pobre que desconhece rico tem liberdade de vive feliz - Notibras\",\"isPartOf\":{\"@id\":\"https:\\\/\\\/www.notibras.com\\\/site\\\/#website\"},\"primaryImageOfPage\":{\"@id\":\"https:\\\/\\\/www.notibras.com\\\/site\\\/pobre-que-desconhece-rico-tem-liberdade-de-vive-feliz\\\/#primaryimage\"},\"image\":{\"@id\":\"https:\\\/\\\/www.notibras.com\\\/site\\\/pobre-que-desconhece-rico-tem-liberdade-de-vive-feliz\\\/#primaryimage\"},\"thumbnailUrl\":\"https:\\\/\\\/www.notibras.com\\\/site\\\/wp-content\\\/uploads\\\/2023\\\/01\\\/pobreza-3.jpg\",\"datePublished\":\"2026-09-01T06:39:28+00:00\",\"dateModified\":\"2026-09-01T06:44:28+00:00\",\"breadcrumb\":{\"@id\":\"https:\\\/\\\/www.notibras.com\\\/site\\\/pobre-que-desconhece-rico-tem-liberdade-de-vive-feliz\\\/#breadcrumb\"},\"inLanguage\":\"pt-BR\",\"potentialAction\":[{\"@type\":\"ReadAction\",\"target\":[\"https:\\\/\\\/www.notibras.com\\\/site\\\/pobre-que-desconhece-rico-tem-liberdade-de-vive-feliz\\\/\"]}]},{\"@type\":\"ImageObject\",\"inLanguage\":\"pt-BR\",\"@id\":\"https:\\\/\\\/www.notibras.com\\\/site\\\/pobre-que-desconhece-rico-tem-liberdade-de-vive-feliz\\\/#primaryimage\",\"url\":\"https:\\\/\\\/www.notibras.com\\\/site\\\/wp-content\\\/uploads\\\/2023\\\/01\\\/pobreza-3.jpg\",\"contentUrl\":\"https:\\\/\\\/www.notibras.com\\\/site\\\/wp-content\\\/uploads\\\/2023\\\/01\\\/pobreza-3.jpg\",\"width\":1170,\"height\":700},{\"@type\":\"BreadcrumbList\",\"@id\":\"https:\\\/\\\/www.notibras.com\\\/site\\\/pobre-que-desconhece-rico-tem-liberdade-de-vive-feliz\\\/#breadcrumb\",\"itemListElement\":[{\"@type\":\"ListItem\",\"position\":1,\"name\":\"In\u00edcio\",\"item\":\"https:\\\/\\\/www.notibras.com\\\/site\\\/\"},{\"@type\":\"ListItem\",\"position\":2,\"name\":\"Pobre que desconhece rico tem liberdade de vive feliz\"}]},{\"@type\":\"WebSite\",\"@id\":\"https:\\\/\\\/www.notibras.com\\\/site\\\/#website\",\"url\":\"https:\\\/\\\/www.notibras.com\\\/site\\\/\",\"name\":\"Notibras\",\"description\":\"Not\u00edcias de Bras\u00edlia, do Brasil e do Mundo\",\"publisher\":{\"@id\":\"https:\\\/\\\/www.notibras.com\\\/site\\\/#organization\"},\"potentialAction\":[{\"@type\":\"SearchAction\",\"target\":{\"@type\":\"EntryPoint\",\"urlTemplate\":\"https:\\\/\\\/www.notibras.com\\\/site\\\/?s={search_term_string}\"},\"query-input\":{\"@type\":\"PropertyValueSpecification\",\"valueRequired\":true,\"valueName\":\"search_term_string\"}}],\"inLanguage\":\"pt-BR\"},{\"@type\":\"Organization\",\"@id\":\"https:\\\/\\\/www.notibras.com\\\/site\\\/#organization\",\"name\":\"Grupo Notibras de Comunica\u00e7\u00e3o\",\"url\":\"https:\\\/\\\/www.notibras.com\\\/site\\\/\",\"logo\":{\"@type\":\"ImageObject\",\"inLanguage\":\"pt-BR\",\"@id\":\"https:\\\/\\\/www.notibras.com\\\/site\\\/#\\\/schema\\\/logo\\\/image\\\/\",\"url\":\"https:\\\/\\\/www.notibras.com\\\/site\\\/wp-content\\\/uploads\\\/2023\\\/01\\\/notibras23.png\",\"contentUrl\":\"https:\\\/\\\/www.notibras.com\\\/site\\\/wp-content\\\/uploads\\\/2023\\\/01\\\/notibras23.png\",\"width\":350,\"height\":87,\"caption\":\"Grupo Notibras de Comunica\u00e7\u00e3o\"},\"image\":{\"@id\":\"https:\\\/\\\/www.notibras.com\\\/site\\\/#\\\/schema\\\/logo\\\/image\\\/\"},\"sameAs\":[\"https:\\\/\\\/www.facebook.com\\\/notibras\\\/\",\"https:\\\/\\\/x.com\\\/Notibras\",\"https:\\\/\\\/www.instagram.com\\\/notibras\\\/\"]},{\"@type\":\"Person\",\"@id\":\"https:\\\/\\\/www.notibras.com\\\/site\\\/#\\\/schema\\\/person\\\/36ab0979449956132d3e5b517ea76ac8\",\"name\":\"Reda\u00e7\u00e3o\",\"image\":{\"@type\":\"ImageObject\",\"inLanguage\":\"pt-BR\",\"@id\":\"https:\\\/\\\/secure.gravatar.com\\\/avatar\\\/e0a867bdedb85fd243eadf09663511f96fc81e0720a4a42581f334ad4303aa6b?s=96&d=mm&r=g\",\"url\":\"https:\\\/\\\/secure.gravatar.com\\\/avatar\\\/e0a867bdedb85fd243eadf09663511f96fc81e0720a4a42581f334ad4303aa6b?s=96&d=mm&r=g\",\"contentUrl\":\"https:\\\/\\\/secure.gravatar.com\\\/avatar\\\/e0a867bdedb85fd243eadf09663511f96fc81e0720a4a42581f334ad4303aa6b?s=96&d=mm&r=g\",\"caption\":\"Reda\u00e7\u00e3o\"}}]}<\/script>\n<!-- \/ Yoast SEO plugin. -->","yoast_head_json":{"title":"Pobre que desconhece rico tem liberdade de vive feliz - Notibras","robots":{"index":"index","follow":"follow","max-snippet":"max-snippet:-1","max-image-preview":"max-image-preview:large","max-video-preview":"max-video-preview:-1"},"canonical":"https:\/\/www.notibras.com\/site\/pobre-que-desconhece-rico-tem-liberdade-de-vive-feliz\/","og_locale":"pt_BR","og_type":"article","og_title":"Pobre que desconhece rico tem liberdade de vive feliz - Notibras","og_description":"\u00c9poca em que as mentiras pululam nos lares brasileiros, lembro que falar ou escrever sobre o pobre \u00e9, acima de tudo, reverenciar quem tem hist\u00f3ria, viv\u00eancia, liberdade e muita alegria para dar, vender e distribuir. \u00c9 o segmento que elege a maioria. N\u00e3o \u00e0 toa, a alegria do pobre, ainda que menos dur\u00e1vel, \u00e9 normal [&hellip;]","og_url":"https:\/\/www.notibras.com\/site\/pobre-que-desconhece-rico-tem-liberdade-de-vive-feliz\/","og_site_name":"Notibras","article_publisher":"https:\/\/www.facebook.com\/notibras\/","article_published_time":"2026-09-01T06:39:28+00:00","article_modified_time":"2026-09-01T06:44:28+00:00","og_image":[{"width":1170,"height":700,"url":"https:\/\/www.notibras.com\/site\/wp-content\/uploads\/2023\/01\/pobreza-3.jpg","type":"image\/jpeg"}],"author":"Reda\u00e7\u00e3o","twitter_card":"summary_large_image","twitter_creator":"@Notibras","twitter_site":"@Notibras","twitter_misc":{"Escrito por":"Reda\u00e7\u00e3o","Est. tempo de leitura":"5 minutos"},"schema":{"@context":"https:\/\/schema.org","@graph":[{"@type":"Article","@id":"https:\/\/www.notibras.com\/site\/pobre-que-desconhece-rico-tem-liberdade-de-vive-feliz\/#article","isPartOf":{"@id":"https:\/\/www.notibras.com\/site\/pobre-que-desconhece-rico-tem-liberdade-de-vive-feliz\/"},"author":{"name":"Reda\u00e7\u00e3o","@id":"https:\/\/www.notibras.com\/site\/#\/schema\/person\/36ab0979449956132d3e5b517ea76ac8"},"headline":"Pobre que desconhece rico tem liberdade de vive feliz","datePublished":"2026-09-01T06:39:28+00:00","dateModified":"2026-09-01T06:44:28+00:00","mainEntityOfPage":{"@id":"https:\/\/www.notibras.com\/site\/pobre-que-desconhece-rico-tem-liberdade-de-vive-feliz\/"},"wordCount":786,"publisher":{"@id":"https:\/\/www.notibras.com\/site\/#organization"},"image":{"@id":"https:\/\/www.notibras.com\/site\/pobre-que-desconhece-rico-tem-liberdade-de-vive-feliz\/#primaryimage"},"thumbnailUrl":"https:\/\/www.notibras.com\/site\/wp-content\/uploads\/2023\/01\/pobreza-3.jpg","articleSection":["Brasil"],"inLanguage":"pt-BR"},{"@type":"WebPage","@id":"https:\/\/www.notibras.com\/site\/pobre-que-desconhece-rico-tem-liberdade-de-vive-feliz\/","url":"https:\/\/www.notibras.com\/site\/pobre-que-desconhece-rico-tem-liberdade-de-vive-feliz\/","name":"Pobre que desconhece rico tem liberdade de vive feliz - Notibras","isPartOf":{"@id":"https:\/\/www.notibras.com\/site\/#website"},"primaryImageOfPage":{"@id":"https:\/\/www.notibras.com\/site\/pobre-que-desconhece-rico-tem-liberdade-de-vive-feliz\/#primaryimage"},"image":{"@id":"https:\/\/www.notibras.com\/site\/pobre-que-desconhece-rico-tem-liberdade-de-vive-feliz\/#primaryimage"},"thumbnailUrl":"https:\/\/www.notibras.com\/site\/wp-content\/uploads\/2023\/01\/pobreza-3.jpg","datePublished":"2026-09-01T06:39:28+00:00","dateModified":"2026-09-01T06:44:28+00:00","breadcrumb":{"@id":"https:\/\/www.notibras.com\/site\/pobre-que-desconhece-rico-tem-liberdade-de-vive-feliz\/#breadcrumb"},"inLanguage":"pt-BR","potentialAction":[{"@type":"ReadAction","target":["https:\/\/www.notibras.com\/site\/pobre-que-desconhece-rico-tem-liberdade-de-vive-feliz\/"]}]},{"@type":"ImageObject","inLanguage":"pt-BR","@id":"https:\/\/www.notibras.com\/site\/pobre-que-desconhece-rico-tem-liberdade-de-vive-feliz\/#primaryimage","url":"https:\/\/www.notibras.com\/site\/wp-content\/uploads\/2023\/01\/pobreza-3.jpg","contentUrl":"https:\/\/www.notibras.com\/site\/wp-content\/uploads\/2023\/01\/pobreza-3.jpg","width":1170,"height":700},{"@type":"BreadcrumbList","@id":"https:\/\/www.notibras.com\/site\/pobre-que-desconhece-rico-tem-liberdade-de-vive-feliz\/#breadcrumb","itemListElement":[{"@type":"ListItem","position":1,"name":"In\u00edcio","item":"https:\/\/www.notibras.com\/site\/"},{"@type":"ListItem","position":2,"name":"Pobre que desconhece rico tem liberdade de vive feliz"}]},{"@type":"WebSite","@id":"https:\/\/www.notibras.com\/site\/#website","url":"https:\/\/www.notibras.com\/site\/","name":"Notibras","description":"Not\u00edcias de Bras\u00edlia, do Brasil e do Mundo","publisher":{"@id":"https:\/\/www.notibras.com\/site\/#organization"},"potentialAction":[{"@type":"SearchAction","target":{"@type":"EntryPoint","urlTemplate":"https:\/\/www.notibras.com\/site\/?s={search_term_string}"},"query-input":{"@type":"PropertyValueSpecification","valueRequired":true,"valueName":"search_term_string"}}],"inLanguage":"pt-BR"},{"@type":"Organization","@id":"https:\/\/www.notibras.com\/site\/#organization","name":"Grupo Notibras de Comunica\u00e7\u00e3o","url":"https:\/\/www.notibras.com\/site\/","logo":{"@type":"ImageObject","inLanguage":"pt-BR","@id":"https:\/\/www.notibras.com\/site\/#\/schema\/logo\/image\/","url":"https:\/\/www.notibras.com\/site\/wp-content\/uploads\/2023\/01\/notibras23.png","contentUrl":"https:\/\/www.notibras.com\/site\/wp-content\/uploads\/2023\/01\/notibras23.png","width":350,"height":87,"caption":"Grupo Notibras de Comunica\u00e7\u00e3o"},"image":{"@id":"https:\/\/www.notibras.com\/site\/#\/schema\/logo\/image\/"},"sameAs":["https:\/\/www.facebook.com\/notibras\/","https:\/\/x.com\/Notibras","https:\/\/www.instagram.com\/notibras\/"]},{"@type":"Person","@id":"https:\/\/www.notibras.com\/site\/#\/schema\/person\/36ab0979449956132d3e5b517ea76ac8","name":"Reda\u00e7\u00e3o","image":{"@type":"ImageObject","inLanguage":"pt-BR","@id":"https:\/\/secure.gravatar.com\/avatar\/e0a867bdedb85fd243eadf09663511f96fc81e0720a4a42581f334ad4303aa6b?s=96&d=mm&r=g","url":"https:\/\/secure.gravatar.com\/avatar\/e0a867bdedb85fd243eadf09663511f96fc81e0720a4a42581f334ad4303aa6b?s=96&d=mm&r=g","contentUrl":"https:\/\/secure.gravatar.com\/avatar\/e0a867bdedb85fd243eadf09663511f96fc81e0720a4a42581f334ad4303aa6b?s=96&d=mm&r=g","caption":"Reda\u00e7\u00e3o"}}]}},"_links":{"self":[{"href":"https:\/\/www.notibras.com\/site\/wp-json\/wp\/v2\/posts\/408892","targetHints":{"allow":["GET"]}}],"collection":[{"href":"https:\/\/www.notibras.com\/site\/wp-json\/wp\/v2\/posts"}],"about":[{"href":"https:\/\/www.notibras.com\/site\/wp-json\/wp\/v2\/types\/post"}],"author":[{"embeddable":true,"href":"https:\/\/www.notibras.com\/site\/wp-json\/wp\/v2\/users\/2"}],"replies":[{"embeddable":true,"href":"https:\/\/www.notibras.com\/site\/wp-json\/wp\/v2\/comments?post=408892"}],"version-history":[{"count":3,"href":"https:\/\/www.notibras.com\/site\/wp-json\/wp\/v2\/posts\/408892\/revisions"}],"predecessor-version":[{"id":408895,"href":"https:\/\/www.notibras.com\/site\/wp-json\/wp\/v2\/posts\/408892\/revisions\/408895"}],"wp:featuredmedia":[{"embeddable":true,"href":"https:\/\/www.notibras.com\/site\/wp-json\/wp\/v2\/media\/297894"}],"wp:attachment":[{"href":"https:\/\/www.notibras.com\/site\/wp-json\/wp\/v2\/media?parent=408892"}],"wp:term":[{"taxonomy":"category","embeddable":true,"href":"https:\/\/www.notibras.com\/site\/wp-json\/wp\/v2\/categories?post=408892"},{"taxonomy":"post_tag","embeddable":true,"href":"https:\/\/www.notibras.com\/site\/wp-json\/wp\/v2\/tags?post=408892"},{"taxonomy":"tmauthors","embeddable":true,"href":"https:\/\/www.notibras.com\/site\/wp-json\/wp\/v2\/tmauthors?post=408892"}],"curies":[{"name":"wp","href":"https:\/\/api.w.org\/{rel}","templated":true}]}}