{"id":408899,"date":"2026-09-01T08:39:21","date_gmt":"2026-09-01T11:39:21","guid":{"rendered":"https:\/\/www.notibras.com\/site\/?p=408899"},"modified":"2026-09-01T08:39:21","modified_gmt":"2026-09-01T11:39:21","slug":"arruda-debate-com-olho-na-justica-e-outro-no-eleitor","status":"publish","type":"post","link":"https:\/\/www.notibras.com\/site\/arruda-debate-com-olho-na-justica-e-outro-no-eleitor\/","title":{"rendered":"Arruda debate com olho na Justi\u00e7a e outro no eleitor"},"content":{"rendered":"<p>A ter\u00e7a-feira come\u00e7a melhor para o Governo do Distrito Federal do que parecia prov\u00e1vel at\u00e9 ontem. A greve do Metr\u00f4, que poderia transformar uma negocia\u00e7\u00e3o trabalhista em problema imediato para milhares de passageiros, foi adiada ap\u00f3s media\u00e7\u00e3o do Tribunal Regional do Trabalho. A press\u00e3o n\u00e3o desapareceu, mas saiu da plataforma e voltou para a mesa de negocia\u00e7\u00e3o justamente no dia em que Celina Le\u00e3o enfrentar\u00e1 seus principais advers\u00e1rios no debate promovido pelo Correio Braziliense e pela TV Bras\u00edlia.<\/p>\n<p>A coincid\u00eancia ajuda a definir a agenda pol\u00edtica do dia. Celina chega ao debate na lideran\u00e7a das pesquisas e sem precisar responder, nesta noite, por uma cidade submetida aos efeitos de uma paralisa\u00e7\u00e3o do transporte. Jos\u00e9 Roberto Arruda, seu principal advers\u00e1rio, entra pressionado por uma quest\u00e3o de natureza completamente diferente: a Procuradoria Regional Eleitoral reiterou o entendimento de que ele permanece ineleg\u00edvel at\u00e9 dezembro de 2030.<\/p>\n<p>O encontro desta noite, portanto, ocorre com os dois primeiros colocados submetidos a press\u00f5es distintas. Celina ter\u00e1 de defender o governo e administrar o peso de ser favorita. Arruda precisar\u00e1 sustentar uma candidatura competitiva enquanto sua presen\u00e7a na urna ainda depende de uma decis\u00e3o judicial.<\/p>\n<p>Os metrovi\u00e1rios decidiram na noite de segunda-feira n\u00e3o iniciar a paralisa\u00e7\u00e3o prevista para esta ter\u00e7a. A decis\u00e3o ocorreu depois da atua\u00e7\u00e3o do TRT da 10\u00aa Regi\u00e3o na media\u00e7\u00e3o entre trabalhadores e governo, e uma nova assembleia est\u00e1 prevista para 15 de setembro.<\/p>\n<p>Para o GDF, o adiamento representa um al\u00edvio imediato. Evita transtornos no deslocamento de milhares de pessoas e impede que a campanha acorde hoje sob imagens de esta\u00e7\u00f5es fechadas, \u00f4nibus sobrecarregados e tr\u00e2nsito ainda mais pressionado.<\/p>\n<p>Seria um erro, entretanto, interpretar o adiamento como solu\u00e7\u00e3o. A reivindica\u00e7\u00e3o por novo concurso p\u00fablico permanece, assim como quest\u00f5es relacionadas ao acordo coletivo, condi\u00e7\u00f5es de trabalho e seguran\u00e7a. O \u00faltimo concurso do Metr\u00f4 ocorreu em 2013 e o governo informa que o processo para uma nova sele\u00e7\u00e3o j\u00e1 tramita administrativamente.<\/p>\n<p>O m\u00eas de agosto ainda deixou uma sequ\u00eancia de problemas operacionais no sistema. Falhas, panes, furtos de cabos e interrup\u00e7\u00f5es deram material suficiente para que a oposi\u00e7\u00e3o mantenha o transporte p\u00fablico entre os assuntos de cobran\u00e7a.<\/p>\n<p>A greve saiu do calend\u00e1rio de hoje, mas a discuss\u00e3o sobre o Metr\u00f4 continua nele.<\/p>\n<p>Do outro lado do trilho que leva \u00e0s urnas, a Procuradoria Regional Eleitoral reiterou ao TRE-DF o pedido de impugna\u00e7\u00e3o do registro de Jos\u00e9 Roberto Arruda, sustentando que o ex-governador permanece ineleg\u00edvel at\u00e9 dezembro de 2030 em decorr\u00eancia de condena\u00e7\u00f5es por improbidade administrativa.<\/p>\n<p>A defesa contesta esse entendimento e sustenta que Arruda possui condi\u00e7\u00f5es jur\u00eddicas para disputar a elei\u00e7\u00e3o. A decis\u00e3o caber\u00e1 \u00e0 Justi\u00e7a Eleitoral.<\/p>\n<p>Politicamente, a situa\u00e7\u00e3o produz uma circunst\u00e2ncia peculiar. Arruda continua aparecendo como principal advers\u00e1rio de Celina nas pesquisas e participa normalmente da campanha, mas precisa disputar votos enquanto tamb\u00e9m disputa o direito de permanecer na pr\u00f3pria elei\u00e7\u00e3o.<\/p>\n<p>Essa incerteza interessa n\u00e3o apenas \u00e0s duas candidaturas que hoje lideram. Leandro Grass, Paula Belmonte, Ricardo Cappelli e os demais concorrentes precisam calcular suas estrat\u00e9gias diante de um advers\u00e1rio eleitoralmente forte cuja perman\u00eancia na urna ainda est\u00e1 submetida ao Judici\u00e1rio.<br \/>\nEnquanto n\u00e3o houver decis\u00e3o, nenhum dos dois cen\u00e1rios pode ser tratado como definitivo.<\/p>\n<p>A pesquisa Igape\/Record News colocou Celina Le\u00e3o com 35,4% das inten\u00e7\u00f5es de voto, contra 24,3% de Arruda e 10,7% de Leandro Grass. Paula Belmonte aparece com 4,8% e Ricardo Cappelli com 3,8%. Mais importante do que transformar uma pesquisa em fotografia definitiva \u00e9 observar a posi\u00e7\u00e3o que ela imp\u00f5e aos candidatos.<\/p>\n<p>Celina entra no debate desta noite com menos necessidade de atacar do que seus advers\u00e1rios. Liderar permite administrar a exposi\u00e7\u00e3o, mas tamb\u00e9m transforma a candidata governista no alvo mais \u00f3bvio da bancada.<\/p>\n<p>Arruda precisa confront\u00e1-la sem deixar que sua situa\u00e7\u00e3o jur\u00eddica engula sua participa\u00e7\u00e3o. Grass, Cappelli e Belmonte enfrentam outro desafio: usar o espa\u00e7o de igualdade proporcionado pelo debate para reduzir uma dist\u00e2ncia que o hor\u00e1rio eleitoral, pela distribui\u00e7\u00e3o desigual do tempo, dificilmente oferece condi\u00e7\u00f5es de superar sozinho.<\/p>\n<p>\u00c9 provavelmente a\u00ed que estar\u00e1 o maior interesse da noite. Mais do que procurar um vencedor instant\u00e2neo, ser\u00e1 \u00fatil observar quem consegue alterar o lugar que atualmente ocupa na campanha.<\/p>\n","protected":false},"excerpt":{"rendered":"<p>A ter\u00e7a-feira come\u00e7a melhor para o Governo do Distrito Federal do que parecia prov\u00e1vel at\u00e9 ontem. A greve do Metr\u00f4, que poderia transformar uma negocia\u00e7\u00e3o trabalhista em problema imediato para milhares de passageiros, foi adiada ap\u00f3s media\u00e7\u00e3o do Tribunal Regional do Trabalho. A press\u00e3o n\u00e3o desapareceu, mas saiu da plataforma e voltou para a mesa [&hellip;]<\/p>\n","protected":false},"author":2,"featured_media":275470,"comment_status":"closed","ping_status":"closed","sticky":false,"template":"","format":"standard","meta":{"_acf_changed":false,"footnotes":""},"categories":[239],"tags":[],"tmauthors":[307],"class_list":["post-408899","post","type-post","status-publish","format-standard","has-post-thumbnail","category-eleicoes-brasilia"],"acf":[],"yoast_head":"<!-- This site is optimized with the Yoast SEO plugin v28.0 - https:\/\/yoast.com\/product\/yoast-seo-wordpress\/ -->\n<title>Arruda debate com olho na Justi\u00e7a e outro no eleitor - Notibras<\/title>\n<meta name=\"robots\" content=\"index, follow, max-snippet:-1, max-image-preview:large, max-video-preview:-1\" \/>\n<link rel=\"canonical\" href=\"https:\/\/www.notibras.com\/site\/arruda-debate-com-olho-na-justica-e-outro-no-eleitor\/\" \/>\n<meta property=\"og:locale\" content=\"pt_BR\" \/>\n<meta property=\"og:type\" content=\"article\" \/>\n<meta property=\"og:title\" content=\"Arruda debate com olho na Justi\u00e7a e outro no eleitor - Notibras\" \/>\n<meta property=\"og:description\" content=\"A ter\u00e7a-feira come\u00e7a melhor para o Governo do Distrito Federal do que parecia prov\u00e1vel at\u00e9 ontem. A greve do Metr\u00f4, que poderia transformar uma negocia\u00e7\u00e3o trabalhista em problema imediato para milhares de passageiros, foi adiada ap\u00f3s media\u00e7\u00e3o do Tribunal Regional do Trabalho. A press\u00e3o n\u00e3o desapareceu, mas saiu da plataforma e voltou para a mesa [&hellip;]\" \/>\n<meta property=\"og:url\" content=\"https:\/\/www.notibras.com\/site\/arruda-debate-com-olho-na-justica-e-outro-no-eleitor\/\" \/>\n<meta property=\"og:site_name\" content=\"Notibras\" \/>\n<meta property=\"article:publisher\" content=\"https:\/\/www.facebook.com\/notibras\/\" \/>\n<meta property=\"article:published_time\" content=\"2026-09-01T11:39:21+00:00\" \/>\n<meta property=\"og:image\" content=\"https:\/\/www.notibras.com\/site\/wp-content\/uploads\/2021\/11\/urnas-abdias-pinheiro.jpg\" \/>\n\t<meta property=\"og:image:width\" content=\"1170\" \/>\n\t<meta property=\"og:image:height\" content=\"700\" \/>\n\t<meta property=\"og:image:type\" content=\"image\/jpeg\" \/>\n<meta name=\"author\" content=\"Reda\u00e7\u00e3o\" \/>\n<meta name=\"twitter:card\" content=\"summary_large_image\" \/>\n<meta name=\"twitter:creator\" content=\"@Notibras\" \/>\n<meta name=\"twitter:site\" content=\"@Notibras\" \/>\n<meta name=\"twitter:label1\" content=\"Escrito por\" \/>\n\t<meta name=\"twitter:data1\" content=\"Reda\u00e7\u00e3o\" \/>\n\t<meta name=\"twitter:label2\" content=\"Est. tempo de leitura\" \/>\n\t<meta name=\"twitter:data2\" content=\"4 minutos\" \/>\n<script type=\"application\/ld+json\" class=\"yoast-schema-graph\">{\"@context\":\"https:\\\/\\\/schema.org\",\"@graph\":[{\"@type\":\"Article\",\"@id\":\"https:\\\/\\\/www.notibras.com\\\/site\\\/arruda-debate-com-olho-na-justica-e-outro-no-eleitor\\\/#article\",\"isPartOf\":{\"@id\":\"https:\\\/\\\/www.notibras.com\\\/site\\\/arruda-debate-com-olho-na-justica-e-outro-no-eleitor\\\/\"},\"author\":{\"name\":\"Reda\u00e7\u00e3o\",\"@id\":\"https:\\\/\\\/www.notibras.com\\\/site\\\/#\\\/schema\\\/person\\\/36ab0979449956132d3e5b517ea76ac8\"},\"headline\":\"Arruda debate com olho na Justi\u00e7a e outro no eleitor\",\"datePublished\":\"2026-09-01T11:39:21+00:00\",\"mainEntityOfPage\":{\"@id\":\"https:\\\/\\\/www.notibras.com\\\/site\\\/arruda-debate-com-olho-na-justica-e-outro-no-eleitor\\\/\"},\"wordCount\":768,\"publisher\":{\"@id\":\"https:\\\/\\\/www.notibras.com\\\/site\\\/#organization\"},\"image\":{\"@id\":\"https:\\\/\\\/www.notibras.com\\\/site\\\/arruda-debate-com-olho-na-justica-e-outro-no-eleitor\\\/#primaryimage\"},\"thumbnailUrl\":\"https:\\\/\\\/www.notibras.com\\\/site\\\/wp-content\\\/uploads\\\/2021\\\/11\\\/urnas-abdias-pinheiro.jpg\",\"articleSection\":[\"Elei\u00e7\u00f5es Bras\u00edlia\"],\"inLanguage\":\"pt-BR\"},{\"@type\":\"WebPage\",\"@id\":\"https:\\\/\\\/www.notibras.com\\\/site\\\/arruda-debate-com-olho-na-justica-e-outro-no-eleitor\\\/\",\"url\":\"https:\\\/\\\/www.notibras.com\\\/site\\\/arruda-debate-com-olho-na-justica-e-outro-no-eleitor\\\/\",\"name\":\"Arruda debate com olho na Justi\u00e7a e outro no eleitor - Notibras\",\"isPartOf\":{\"@id\":\"https:\\\/\\\/www.notibras.com\\\/site\\\/#website\"},\"primaryImageOfPage\":{\"@id\":\"https:\\\/\\\/www.notibras.com\\\/site\\\/arruda-debate-com-olho-na-justica-e-outro-no-eleitor\\\/#primaryimage\"},\"image\":{\"@id\":\"https:\\\/\\\/www.notibras.com\\\/site\\\/arruda-debate-com-olho-na-justica-e-outro-no-eleitor\\\/#primaryimage\"},\"thumbnailUrl\":\"https:\\\/\\\/www.notibras.com\\\/site\\\/wp-content\\\/uploads\\\/2021\\\/11\\\/urnas-abdias-pinheiro.jpg\",\"datePublished\":\"2026-09-01T11:39:21+00:00\",\"breadcrumb\":{\"@id\":\"https:\\\/\\\/www.notibras.com\\\/site\\\/arruda-debate-com-olho-na-justica-e-outro-no-eleitor\\\/#breadcrumb\"},\"inLanguage\":\"pt-BR\",\"potentialAction\":[{\"@type\":\"ReadAction\",\"target\":[\"https:\\\/\\\/www.notibras.com\\\/site\\\/arruda-debate-com-olho-na-justica-e-outro-no-eleitor\\\/\"]}]},{\"@type\":\"ImageObject\",\"inLanguage\":\"pt-BR\",\"@id\":\"https:\\\/\\\/www.notibras.com\\\/site\\\/arruda-debate-com-olho-na-justica-e-outro-no-eleitor\\\/#primaryimage\",\"url\":\"https:\\\/\\\/www.notibras.com\\\/site\\\/wp-content\\\/uploads\\\/2021\\\/11\\\/urnas-abdias-pinheiro.jpg\",\"contentUrl\":\"https:\\\/\\\/www.notibras.com\\\/site\\\/wp-content\\\/uploads\\\/2021\\\/11\\\/urnas-abdias-pinheiro.jpg\",\"width\":1170,\"height\":700},{\"@type\":\"BreadcrumbList\",\"@id\":\"https:\\\/\\\/www.notibras.com\\\/site\\\/arruda-debate-com-olho-na-justica-e-outro-no-eleitor\\\/#breadcrumb\",\"itemListElement\":[{\"@type\":\"ListItem\",\"position\":1,\"name\":\"In\u00edcio\",\"item\":\"https:\\\/\\\/www.notibras.com\\\/site\\\/\"},{\"@type\":\"ListItem\",\"position\":2,\"name\":\"Arruda debate com olho na Justi\u00e7a e outro no eleitor\"}]},{\"@type\":\"WebSite\",\"@id\":\"https:\\\/\\\/www.notibras.com\\\/site\\\/#website\",\"url\":\"https:\\\/\\\/www.notibras.com\\\/site\\\/\",\"name\":\"Notibras\",\"description\":\"Not\u00edcias de Bras\u00edlia, do Brasil e do Mundo\",\"publisher\":{\"@id\":\"https:\\\/\\\/www.notibras.com\\\/site\\\/#organization\"},\"potentialAction\":[{\"@type\":\"SearchAction\",\"target\":{\"@type\":\"EntryPoint\",\"urlTemplate\":\"https:\\\/\\\/www.notibras.com\\\/site\\\/?s={search_term_string}\"},\"query-input\":{\"@type\":\"PropertyValueSpecification\",\"valueRequired\":true,\"valueName\":\"search_term_string\"}}],\"inLanguage\":\"pt-BR\"},{\"@type\":\"Organization\",\"@id\":\"https:\\\/\\\/www.notibras.com\\\/site\\\/#organization\",\"name\":\"Grupo Notibras de Comunica\u00e7\u00e3o\",\"url\":\"https:\\\/\\\/www.notibras.com\\\/site\\\/\",\"logo\":{\"@type\":\"ImageObject\",\"inLanguage\":\"pt-BR\",\"@id\":\"https:\\\/\\\/www.notibras.com\\\/site\\\/#\\\/schema\\\/logo\\\/image\\\/\",\"url\":\"https:\\\/\\\/www.notibras.com\\\/site\\\/wp-content\\\/uploads\\\/2023\\\/01\\\/notibras23.png\",\"contentUrl\":\"https:\\\/\\\/www.notibras.com\\\/site\\\/wp-content\\\/uploads\\\/2023\\\/01\\\/notibras23.png\",\"width\":350,\"height\":87,\"caption\":\"Grupo Notibras de Comunica\u00e7\u00e3o\"},\"image\":{\"@id\":\"https:\\\/\\\/www.notibras.com\\\/site\\\/#\\\/schema\\\/logo\\\/image\\\/\"},\"sameAs\":[\"https:\\\/\\\/www.facebook.com\\\/notibras\\\/\",\"https:\\\/\\\/x.com\\\/Notibras\",\"https:\\\/\\\/www.instagram.com\\\/notibras\\\/\"]},{\"@type\":\"Person\",\"@id\":\"https:\\\/\\\/www.notibras.com\\\/site\\\/#\\\/schema\\\/person\\\/36ab0979449956132d3e5b517ea76ac8\",\"name\":\"Reda\u00e7\u00e3o\",\"image\":{\"@type\":\"ImageObject\",\"inLanguage\":\"pt-BR\",\"@id\":\"https:\\\/\\\/secure.gravatar.com\\\/avatar\\\/e0a867bdedb85fd243eadf09663511f96fc81e0720a4a42581f334ad4303aa6b?s=96&d=mm&r=g\",\"url\":\"https:\\\/\\\/secure.gravatar.com\\\/avatar\\\/e0a867bdedb85fd243eadf09663511f96fc81e0720a4a42581f334ad4303aa6b?s=96&d=mm&r=g\",\"contentUrl\":\"https:\\\/\\\/secure.gravatar.com\\\/avatar\\\/e0a867bdedb85fd243eadf09663511f96fc81e0720a4a42581f334ad4303aa6b?s=96&d=mm&r=g\",\"caption\":\"Reda\u00e7\u00e3o\"}}]}<\/script>\n<!-- \/ Yoast SEO plugin. -->","yoast_head_json":{"title":"Arruda debate com olho na Justi\u00e7a e outro no eleitor - Notibras","robots":{"index":"index","follow":"follow","max-snippet":"max-snippet:-1","max-image-preview":"max-image-preview:large","max-video-preview":"max-video-preview:-1"},"canonical":"https:\/\/www.notibras.com\/site\/arruda-debate-com-olho-na-justica-e-outro-no-eleitor\/","og_locale":"pt_BR","og_type":"article","og_title":"Arruda debate com olho na Justi\u00e7a e outro no eleitor - Notibras","og_description":"A ter\u00e7a-feira come\u00e7a melhor para o Governo do Distrito Federal do que parecia prov\u00e1vel at\u00e9 ontem. A greve do Metr\u00f4, que poderia transformar uma negocia\u00e7\u00e3o trabalhista em problema imediato para milhares de passageiros, foi adiada ap\u00f3s media\u00e7\u00e3o do Tribunal Regional do Trabalho. A press\u00e3o n\u00e3o desapareceu, mas saiu da plataforma e voltou para a mesa [&hellip;]","og_url":"https:\/\/www.notibras.com\/site\/arruda-debate-com-olho-na-justica-e-outro-no-eleitor\/","og_site_name":"Notibras","article_publisher":"https:\/\/www.facebook.com\/notibras\/","article_published_time":"2026-09-01T11:39:21+00:00","og_image":[{"width":1170,"height":700,"url":"https:\/\/www.notibras.com\/site\/wp-content\/uploads\/2021\/11\/urnas-abdias-pinheiro.jpg","type":"image\/jpeg"}],"author":"Reda\u00e7\u00e3o","twitter_card":"summary_large_image","twitter_creator":"@Notibras","twitter_site":"@Notibras","twitter_misc":{"Escrito por":"Reda\u00e7\u00e3o","Est. tempo de leitura":"4 minutos"},"schema":{"@context":"https:\/\/schema.org","@graph":[{"@type":"Article","@id":"https:\/\/www.notibras.com\/site\/arruda-debate-com-olho-na-justica-e-outro-no-eleitor\/#article","isPartOf":{"@id":"https:\/\/www.notibras.com\/site\/arruda-debate-com-olho-na-justica-e-outro-no-eleitor\/"},"author":{"name":"Reda\u00e7\u00e3o","@id":"https:\/\/www.notibras.com\/site\/#\/schema\/person\/36ab0979449956132d3e5b517ea76ac8"},"headline":"Arruda debate com olho na Justi\u00e7a e outro no eleitor","datePublished":"2026-09-01T11:39:21+00:00","mainEntityOfPage":{"@id":"https:\/\/www.notibras.com\/site\/arruda-debate-com-olho-na-justica-e-outro-no-eleitor\/"},"wordCount":768,"publisher":{"@id":"https:\/\/www.notibras.com\/site\/#organization"},"image":{"@id":"https:\/\/www.notibras.com\/site\/arruda-debate-com-olho-na-justica-e-outro-no-eleitor\/#primaryimage"},"thumbnailUrl":"https:\/\/www.notibras.com\/site\/wp-content\/uploads\/2021\/11\/urnas-abdias-pinheiro.jpg","articleSection":["Elei\u00e7\u00f5es Bras\u00edlia"],"inLanguage":"pt-BR"},{"@type":"WebPage","@id":"https:\/\/www.notibras.com\/site\/arruda-debate-com-olho-na-justica-e-outro-no-eleitor\/","url":"https:\/\/www.notibras.com\/site\/arruda-debate-com-olho-na-justica-e-outro-no-eleitor\/","name":"Arruda debate com olho na Justi\u00e7a e outro no eleitor - Notibras","isPartOf":{"@id":"https:\/\/www.notibras.com\/site\/#website"},"primaryImageOfPage":{"@id":"https:\/\/www.notibras.com\/site\/arruda-debate-com-olho-na-justica-e-outro-no-eleitor\/#primaryimage"},"image":{"@id":"https:\/\/www.notibras.com\/site\/arruda-debate-com-olho-na-justica-e-outro-no-eleitor\/#primaryimage"},"thumbnailUrl":"https:\/\/www.notibras.com\/site\/wp-content\/uploads\/2021\/11\/urnas-abdias-pinheiro.jpg","datePublished":"2026-09-01T11:39:21+00:00","breadcrumb":{"@id":"https:\/\/www.notibras.com\/site\/arruda-debate-com-olho-na-justica-e-outro-no-eleitor\/#breadcrumb"},"inLanguage":"pt-BR","potentialAction":[{"@type":"ReadAction","target":["https:\/\/www.notibras.com\/site\/arruda-debate-com-olho-na-justica-e-outro-no-eleitor\/"]}]},{"@type":"ImageObject","inLanguage":"pt-BR","@id":"https:\/\/www.notibras.com\/site\/arruda-debate-com-olho-na-justica-e-outro-no-eleitor\/#primaryimage","url":"https:\/\/www.notibras.com\/site\/wp-content\/uploads\/2021\/11\/urnas-abdias-pinheiro.jpg","contentUrl":"https:\/\/www.notibras.com\/site\/wp-content\/uploads\/2021\/11\/urnas-abdias-pinheiro.jpg","width":1170,"height":700},{"@type":"BreadcrumbList","@id":"https:\/\/www.notibras.com\/site\/arruda-debate-com-olho-na-justica-e-outro-no-eleitor\/#breadcrumb","itemListElement":[{"@type":"ListItem","position":1,"name":"In\u00edcio","item":"https:\/\/www.notibras.com\/site\/"},{"@type":"ListItem","position":2,"name":"Arruda debate com olho na Justi\u00e7a e outro no eleitor"}]},{"@type":"WebSite","@id":"https:\/\/www.notibras.com\/site\/#website","url":"https:\/\/www.notibras.com\/site\/","name":"Notibras","description":"Not\u00edcias de Bras\u00edlia, do Brasil e do Mundo","publisher":{"@id":"https:\/\/www.notibras.com\/site\/#organization"},"potentialAction":[{"@type":"SearchAction","target":{"@type":"EntryPoint","urlTemplate":"https:\/\/www.notibras.com\/site\/?s={search_term_string}"},"query-input":{"@type":"PropertyValueSpecification","valueRequired":true,"valueName":"search_term_string"}}],"inLanguage":"pt-BR"},{"@type":"Organization","@id":"https:\/\/www.notibras.com\/site\/#organization","name":"Grupo Notibras de Comunica\u00e7\u00e3o","url":"https:\/\/www.notibras.com\/site\/","logo":{"@type":"ImageObject","inLanguage":"pt-BR","@id":"https:\/\/www.notibras.com\/site\/#\/schema\/logo\/image\/","url":"https:\/\/www.notibras.com\/site\/wp-content\/uploads\/2023\/01\/notibras23.png","contentUrl":"https:\/\/www.notibras.com\/site\/wp-content\/uploads\/2023\/01\/notibras23.png","width":350,"height":87,"caption":"Grupo Notibras de Comunica\u00e7\u00e3o"},"image":{"@id":"https:\/\/www.notibras.com\/site\/#\/schema\/logo\/image\/"},"sameAs":["https:\/\/www.facebook.com\/notibras\/","https:\/\/x.com\/Notibras","https:\/\/www.instagram.com\/notibras\/"]},{"@type":"Person","@id":"https:\/\/www.notibras.com\/site\/#\/schema\/person\/36ab0979449956132d3e5b517ea76ac8","name":"Reda\u00e7\u00e3o","image":{"@type":"ImageObject","inLanguage":"pt-BR","@id":"https:\/\/secure.gravatar.com\/avatar\/e0a867bdedb85fd243eadf09663511f96fc81e0720a4a42581f334ad4303aa6b?s=96&d=mm&r=g","url":"https:\/\/secure.gravatar.com\/avatar\/e0a867bdedb85fd243eadf09663511f96fc81e0720a4a42581f334ad4303aa6b?s=96&d=mm&r=g","contentUrl":"https:\/\/secure.gravatar.com\/avatar\/e0a867bdedb85fd243eadf09663511f96fc81e0720a4a42581f334ad4303aa6b?s=96&d=mm&r=g","caption":"Reda\u00e7\u00e3o"}}]}},"_links":{"self":[{"href":"https:\/\/www.notibras.com\/site\/wp-json\/wp\/v2\/posts\/408899","targetHints":{"allow":["GET"]}}],"collection":[{"href":"https:\/\/www.notibras.com\/site\/wp-json\/wp\/v2\/posts"}],"about":[{"href":"https:\/\/www.notibras.com\/site\/wp-json\/wp\/v2\/types\/post"}],"author":[{"embeddable":true,"href":"https:\/\/www.notibras.com\/site\/wp-json\/wp\/v2\/users\/2"}],"replies":[{"embeddable":true,"href":"https:\/\/www.notibras.com\/site\/wp-json\/wp\/v2\/comments?post=408899"}],"version-history":[{"count":1,"href":"https:\/\/www.notibras.com\/site\/wp-json\/wp\/v2\/posts\/408899\/revisions"}],"predecessor-version":[{"id":408900,"href":"https:\/\/www.notibras.com\/site\/wp-json\/wp\/v2\/posts\/408899\/revisions\/408900"}],"wp:featuredmedia":[{"embeddable":true,"href":"https:\/\/www.notibras.com\/site\/wp-json\/wp\/v2\/media\/275470"}],"wp:attachment":[{"href":"https:\/\/www.notibras.com\/site\/wp-json\/wp\/v2\/media?parent=408899"}],"wp:term":[{"taxonomy":"category","embeddable":true,"href":"https:\/\/www.notibras.com\/site\/wp-json\/wp\/v2\/categories?post=408899"},{"taxonomy":"post_tag","embeddable":true,"href":"https:\/\/www.notibras.com\/site\/wp-json\/wp\/v2\/tags?post=408899"},{"taxonomy":"tmauthors","embeddable":true,"href":"https:\/\/www.notibras.com\/site\/wp-json\/wp\/v2\/tmauthors?post=408899"}],"curies":[{"name":"wp","href":"https:\/\/api.w.org\/{rel}","templated":true}]}}