{"id":408901,"date":"2026-09-02T04:00:31","date_gmt":"2026-09-02T07:00:31","guid":{"rendered":"https:\/\/www.notibras.com\/site\/?p=408901"},"modified":"2026-09-01T13:58:17","modified_gmt":"2026-09-01T16:58:17","slug":"o-perdao-nao-muda-o-passado-mas-pode-mudar-quem-voce-se-torna-depois-dele","status":"publish","type":"post","link":"https:\/\/www.notibras.com\/site\/o-perdao-nao-muda-o-passado-mas-pode-mudar-quem-voce-se-torna-depois-dele\/","title":{"rendered":"O perd\u00e3o n\u00e3o muda o passado, mas pode mudar quem voc\u00ea se torna depois dele"},"content":{"rendered":"<p><strong>Guardar ressentimento mant\u00e9m a ferida aberta. Libertar-se da dor \u00e9 um presente que voc\u00ea oferece a si mesmo.<\/strong><\/p>\n<p>Poucas palavras despertam sentimentos t\u00e3o diferentes quanto &#8220;perd\u00e3o&#8221;. Para algumas pessoas, ele representa paz. Para outras, parece uma injusti\u00e7a. H\u00e1 quem acredite que perdoar seja esquecer o que aconteceu. Outros entendem o perd\u00e3o como uma obriga\u00e7\u00e3o, quase uma prova de evolu\u00e7\u00e3o espiritual.<\/p>\n<p>Mas ser\u00e1 que \u00e9 isso mesmo?<\/p>\n<p>Na pr\u00e1tica terap\u00eautica, uma das maiores dificuldades que encontro \u00e9 ver pessoas carregando dores antigas como se ainda estivessem vivendo exatamente a mesma situa\u00e7\u00e3o. O acontecimento ficou no passado, mas a emo\u00e7\u00e3o continua presente. A m\u00e1goa passa a ocupar espa\u00e7o nos pensamentos, influencia novos relacionamentos e, muitas vezes, determina a forma como aquela pessoa enxerga a si mesma e o mundo.<\/p>\n<p>O sofrimento deixa de ser apenas uma lembran\u00e7a. Ele se transforma em companhia.<\/p>\n<p>\u00c9 importante compreender que sentir dor depois de uma trai\u00e7\u00e3o, de um abandono, de uma viol\u00eancia ou de uma grande decep\u00e7\u00e3o \u00e9 absolutamente natural. Fingir que nada aconteceu n\u00e3o cura ningu\u00e9m. O tempo, por si s\u00f3, tamb\u00e9m n\u00e3o resolve aquilo que continua sendo alimentado dentro de n\u00f3s.<\/p>\n<p>Mas existe uma diferen\u00e7a entre lembrar do que aconteceu e continuar vivendo emocionalmente preso ao que aconteceu.<\/p>\n<p>Quando permanecemos alimentando o ressentimento, a outra pessoa pode at\u00e9 ter seguido a pr\u00f3pria vida, enquanto n\u00f3s continuamos presos ao mesmo cap\u00edtulo. Sem perceber, entregamos ao passado o poder de decidir como viveremos o presente.<\/p>\n<p>Isso n\u00e3o significa minimizar o que aconteceu.<\/p>\n<p>Existem feridas profundas. Algumas deixam marcas para toda a vida. H\u00e1 situa\u00e7\u00f5es que exigem tempo, acolhimento e, muitas vezes, acompanhamento terap\u00eautico para serem elaboradas.<\/p>\n<p>Por isso, talvez seja importante compreender que perdoar n\u00e3o significa dizer que o outro estava certo.<\/p>\n<p>Tamb\u00e9m n\u00e3o significa esquecer, voltar a confiar ou permitir que aquela pessoa ocupe novamente um lugar em sua vida.<\/p>\n<p>Perdoar \u00e9, antes de tudo, deixar de carregar um peso que continua machucando apenas quem o carrega.<\/p>\n<p>Em muitos casos, o perd\u00e3o nem acontece de uma \u00fanica vez. Ele \u00e9 um processo. Em outros, a pessoa talvez nunca consiga chamar esse caminho de perd\u00e3o. E tudo bem. O mais importante \u00e9 que consiga, aos poucos, deixar de viver aprisionada pela dor.<\/p>\n<p>Porque ningu\u00e9m merece permanecer condenado por uma hist\u00f3ria que j\u00e1 terminou.<\/p>\n<p>A verdadeira liberdade emocional come\u00e7a quando decidimos que aquilo que nos feriu n\u00e3o continuar\u00e1 definindo quem somos.<\/p>\n<p>Na terapia, esse costuma ser um dos momentos mais transformadores. Quando a pessoa percebe que n\u00e3o pode mudar o passado, mas pode escolher o lugar que ele ocupar\u00e1 em sua hist\u00f3ria. Algumas experi\u00eancias se tornam cicatrizes. Outras continuam sendo feridas abertas. A diferen\u00e7a est\u00e1 no caminho que decidimos percorrer depois delas.<\/p>\n<p>Talvez o perd\u00e3o seja apenas uma consequ\u00eancia desse processo. O objetivo maior n\u00e3o \u00e9 absolver quem machucou voc\u00ea.<\/p>\n<p>\u00c9 libertar quem continua sofrendo.<\/p>\n<p><strong>Enquanto a dor continua controlando suas escolhas, o passado ainda ocupa espa\u00e7o demais no seu presente. Curar n\u00e3o \u00e9 apagar a hist\u00f3ria. \u00c9 impedir que ela continue escrevendo o seu futuro.<\/strong><\/p>\n<p><strong>\u2026\u2026\u2026\u2026\u2026\u2026\u2026\u2026\u2026<\/strong><\/p>\n<p><strong>Marina Dutra \u2013 Terapeuta Integrativa<\/strong><\/p>\n<p><strong>Acompanhe a nova temporada de lives no Instagram\u00a0<a href=\"https:\/\/www.instagram.com\/sersuperconsciente\/\">@sersuperconsciente<\/a>.<\/strong><br \/>\n<strong><img decoding=\"async\" class=\"emoji\" role=\"img\" draggable=\"false\" src=\"https:\/\/s.w.org\/images\/core\/emoji\/17.0.2\/svg\/1f399.svg\" alt=\"&#x1f399;&#xfe0f;\" \/>\u00a0Um Olhar Al\u00e9m do \u00d3bvio \u2014 quartas-feiras, \u00e0s 20h.<\/strong><\/p>\n","protected":false},"excerpt":{"rendered":"<p>Guardar ressentimento mant\u00e9m a ferida aberta. Libertar-se da dor \u00e9 um presente que voc\u00ea oferece a si mesmo. Poucas palavras despertam sentimentos t\u00e3o diferentes quanto &#8220;perd\u00e3o&#8221;. Para algumas pessoas, ele representa paz. Para outras, parece uma injusti\u00e7a. H\u00e1 quem acredite que perdoar seja esquecer o que aconteceu. Outros entendem o perd\u00e3o como uma obriga\u00e7\u00e3o, quase [&hellip;]<\/p>\n","protected":false},"author":21,"featured_media":408902,"comment_status":"closed","ping_status":"closed","sticky":false,"template":"","format":"standard","meta":{"_acf_changed":false,"footnotes":""},"categories":[155],"tags":[],"tmauthors":[306],"class_list":["post-408901","post","type-post","status-publish","format-standard","has-post-thumbnail","category-leitura-vip"],"acf":[],"yoast_head":"<!-- This site is optimized with the Yoast SEO plugin v28.0 - https:\/\/yoast.com\/product\/yoast-seo-wordpress\/ -->\n<title>O perd\u00e3o n\u00e3o muda o passado, mas pode mudar quem voc\u00ea se torna depois dele - Notibras<\/title>\n<meta name=\"robots\" content=\"index, follow, max-snippet:-1, max-image-preview:large, max-video-preview:-1\" \/>\n<link rel=\"canonical\" href=\"https:\/\/www.notibras.com\/site\/o-perdao-nao-muda-o-passado-mas-pode-mudar-quem-voce-se-torna-depois-dele\/\" \/>\n<meta property=\"og:locale\" content=\"pt_BR\" \/>\n<meta property=\"og:type\" content=\"article\" \/>\n<meta property=\"og:title\" content=\"O perd\u00e3o n\u00e3o muda o passado, mas pode mudar quem voc\u00ea se torna depois dele - Notibras\" \/>\n<meta property=\"og:description\" content=\"Guardar ressentimento mant\u00e9m a ferida aberta. Libertar-se da dor \u00e9 um presente que voc\u00ea oferece a si mesmo. Poucas palavras despertam sentimentos t\u00e3o diferentes quanto &#8220;perd\u00e3o&#8221;. Para algumas pessoas, ele representa paz. Para outras, parece uma injusti\u00e7a. H\u00e1 quem acredite que perdoar seja esquecer o que aconteceu. Outros entendem o perd\u00e3o como uma obriga\u00e7\u00e3o, quase [&hellip;]\" \/>\n<meta property=\"og:url\" content=\"https:\/\/www.notibras.com\/site\/o-perdao-nao-muda-o-passado-mas-pode-mudar-quem-voce-se-torna-depois-dele\/\" \/>\n<meta property=\"og:site_name\" content=\"Notibras\" \/>\n<meta property=\"article:publisher\" content=\"https:\/\/www.facebook.com\/notibras\/\" \/>\n<meta property=\"article:published_time\" content=\"2026-09-02T07:00:31+00:00\" \/>\n<meta property=\"og:image\" content=\"https:\/\/www.notibras.com\/site\/wp-content\/uploads\/2026\/09\/WhatsApp-Image-2026-09-01-at-11.39.20.jpeg\" \/>\n\t<meta property=\"og:image:width\" content=\"1254\" \/>\n\t<meta property=\"og:image:height\" content=\"1254\" \/>\n\t<meta property=\"og:image:type\" content=\"image\/jpeg\" \/>\n<meta name=\"author\" content=\"Eduardo Mart\u00ednez\" \/>\n<meta name=\"twitter:card\" content=\"summary_large_image\" \/>\n<meta name=\"twitter:creator\" content=\"@Notibras\" \/>\n<meta name=\"twitter:site\" content=\"@Notibras\" \/>\n<meta name=\"twitter:label1\" content=\"Escrito por\" \/>\n\t<meta name=\"twitter:data1\" content=\"Eduardo Mart\u00ednez\" \/>\n\t<meta name=\"twitter:label2\" content=\"Est. tempo de leitura\" \/>\n\t<meta name=\"twitter:data2\" content=\"4 minutos\" \/>\n<script type=\"application\/ld+json\" class=\"yoast-schema-graph\">{\"@context\":\"https:\\\/\\\/schema.org\",\"@graph\":[{\"@type\":\"Article\",\"@id\":\"https:\\\/\\\/www.notibras.com\\\/site\\\/o-perdao-nao-muda-o-passado-mas-pode-mudar-quem-voce-se-torna-depois-dele\\\/#article\",\"isPartOf\":{\"@id\":\"https:\\\/\\\/www.notibras.com\\\/site\\\/o-perdao-nao-muda-o-passado-mas-pode-mudar-quem-voce-se-torna-depois-dele\\\/\"},\"author\":{\"name\":\"Eduardo Mart\u00ednez\",\"@id\":\"https:\\\/\\\/www.notibras.com\\\/site\\\/#\\\/schema\\\/person\\\/5b7fabf2aedc3ada2105f03b22b4d3dd\"},\"headline\":\"O perd\u00e3o n\u00e3o muda o passado, mas pode mudar quem voc\u00ea se torna depois dele\",\"datePublished\":\"2026-09-02T07:00:31+00:00\",\"mainEntityOfPage\":{\"@id\":\"https:\\\/\\\/www.notibras.com\\\/site\\\/o-perdao-nao-muda-o-passado-mas-pode-mudar-quem-voce-se-torna-depois-dele\\\/\"},\"wordCount\":574,\"publisher\":{\"@id\":\"https:\\\/\\\/www.notibras.com\\\/site\\\/#organization\"},\"image\":{\"@id\":\"https:\\\/\\\/www.notibras.com\\\/site\\\/o-perdao-nao-muda-o-passado-mas-pode-mudar-quem-voce-se-torna-depois-dele\\\/#primaryimage\"},\"thumbnailUrl\":\"https:\\\/\\\/www.notibras.com\\\/site\\\/wp-content\\\/uploads\\\/2026\\\/09\\\/WhatsApp-Image-2026-09-01-at-11.39.20.jpeg\",\"articleSection\":[\"Leitura Vip\"],\"inLanguage\":\"pt-BR\"},{\"@type\":\"WebPage\",\"@id\":\"https:\\\/\\\/www.notibras.com\\\/site\\\/o-perdao-nao-muda-o-passado-mas-pode-mudar-quem-voce-se-torna-depois-dele\\\/\",\"url\":\"https:\\\/\\\/www.notibras.com\\\/site\\\/o-perdao-nao-muda-o-passado-mas-pode-mudar-quem-voce-se-torna-depois-dele\\\/\",\"name\":\"O perd\u00e3o n\u00e3o muda o passado, mas pode mudar quem voc\u00ea se torna depois dele - Notibras\",\"isPartOf\":{\"@id\":\"https:\\\/\\\/www.notibras.com\\\/site\\\/#website\"},\"primaryImageOfPage\":{\"@id\":\"https:\\\/\\\/www.notibras.com\\\/site\\\/o-perdao-nao-muda-o-passado-mas-pode-mudar-quem-voce-se-torna-depois-dele\\\/#primaryimage\"},\"image\":{\"@id\":\"https:\\\/\\\/www.notibras.com\\\/site\\\/o-perdao-nao-muda-o-passado-mas-pode-mudar-quem-voce-se-torna-depois-dele\\\/#primaryimage\"},\"thumbnailUrl\":\"https:\\\/\\\/www.notibras.com\\\/site\\\/wp-content\\\/uploads\\\/2026\\\/09\\\/WhatsApp-Image-2026-09-01-at-11.39.20.jpeg\",\"datePublished\":\"2026-09-02T07:00:31+00:00\",\"breadcrumb\":{\"@id\":\"https:\\\/\\\/www.notibras.com\\\/site\\\/o-perdao-nao-muda-o-passado-mas-pode-mudar-quem-voce-se-torna-depois-dele\\\/#breadcrumb\"},\"inLanguage\":\"pt-BR\",\"potentialAction\":[{\"@type\":\"ReadAction\",\"target\":[\"https:\\\/\\\/www.notibras.com\\\/site\\\/o-perdao-nao-muda-o-passado-mas-pode-mudar-quem-voce-se-torna-depois-dele\\\/\"]}]},{\"@type\":\"ImageObject\",\"inLanguage\":\"pt-BR\",\"@id\":\"https:\\\/\\\/www.notibras.com\\\/site\\\/o-perdao-nao-muda-o-passado-mas-pode-mudar-quem-voce-se-torna-depois-dele\\\/#primaryimage\",\"url\":\"https:\\\/\\\/www.notibras.com\\\/site\\\/wp-content\\\/uploads\\\/2026\\\/09\\\/WhatsApp-Image-2026-09-01-at-11.39.20.jpeg\",\"contentUrl\":\"https:\\\/\\\/www.notibras.com\\\/site\\\/wp-content\\\/uploads\\\/2026\\\/09\\\/WhatsApp-Image-2026-09-01-at-11.39.20.jpeg\",\"width\":1254,\"height\":1254},{\"@type\":\"BreadcrumbList\",\"@id\":\"https:\\\/\\\/www.notibras.com\\\/site\\\/o-perdao-nao-muda-o-passado-mas-pode-mudar-quem-voce-se-torna-depois-dele\\\/#breadcrumb\",\"itemListElement\":[{\"@type\":\"ListItem\",\"position\":1,\"name\":\"In\u00edcio\",\"item\":\"https:\\\/\\\/www.notibras.com\\\/site\\\/\"},{\"@type\":\"ListItem\",\"position\":2,\"name\":\"O perd\u00e3o n\u00e3o muda o passado, mas pode mudar quem voc\u00ea se torna depois dele\"}]},{\"@type\":\"WebSite\",\"@id\":\"https:\\\/\\\/www.notibras.com\\\/site\\\/#website\",\"url\":\"https:\\\/\\\/www.notibras.com\\\/site\\\/\",\"name\":\"Notibras\",\"description\":\"Not\u00edcias de Bras\u00edlia, do Brasil e do Mundo\",\"publisher\":{\"@id\":\"https:\\\/\\\/www.notibras.com\\\/site\\\/#organization\"},\"potentialAction\":[{\"@type\":\"SearchAction\",\"target\":{\"@type\":\"EntryPoint\",\"urlTemplate\":\"https:\\\/\\\/www.notibras.com\\\/site\\\/?s={search_term_string}\"},\"query-input\":{\"@type\":\"PropertyValueSpecification\",\"valueRequired\":true,\"valueName\":\"search_term_string\"}}],\"inLanguage\":\"pt-BR\"},{\"@type\":\"Organization\",\"@id\":\"https:\\\/\\\/www.notibras.com\\\/site\\\/#organization\",\"name\":\"Grupo Notibras de Comunica\u00e7\u00e3o\",\"url\":\"https:\\\/\\\/www.notibras.com\\\/site\\\/\",\"logo\":{\"@type\":\"ImageObject\",\"inLanguage\":\"pt-BR\",\"@id\":\"https:\\\/\\\/www.notibras.com\\\/site\\\/#\\\/schema\\\/logo\\\/image\\\/\",\"url\":\"https:\\\/\\\/www.notibras.com\\\/site\\\/wp-content\\\/uploads\\\/2023\\\/01\\\/notibras23.png\",\"contentUrl\":\"https:\\\/\\\/www.notibras.com\\\/site\\\/wp-content\\\/uploads\\\/2023\\\/01\\\/notibras23.png\",\"width\":350,\"height\":87,\"caption\":\"Grupo Notibras de Comunica\u00e7\u00e3o\"},\"image\":{\"@id\":\"https:\\\/\\\/www.notibras.com\\\/site\\\/#\\\/schema\\\/logo\\\/image\\\/\"},\"sameAs\":[\"https:\\\/\\\/www.facebook.com\\\/notibras\\\/\",\"https:\\\/\\\/x.com\\\/Notibras\",\"https:\\\/\\\/www.instagram.com\\\/notibras\\\/\"]},{\"@type\":\"Person\",\"@id\":\"https:\\\/\\\/www.notibras.com\\\/site\\\/#\\\/schema\\\/person\\\/5b7fabf2aedc3ada2105f03b22b4d3dd\",\"name\":\"Eduardo Mart\u00ednez\",\"image\":{\"@type\":\"ImageObject\",\"inLanguage\":\"pt-BR\",\"@id\":\"https:\\\/\\\/secure.gravatar.com\\\/avatar\\\/7902f906289926289cbcda644b5197c796b893c6ffd7b9a536a42d290f7704a0?s=96&d=mm&r=g\",\"url\":\"https:\\\/\\\/secure.gravatar.com\\\/avatar\\\/7902f906289926289cbcda644b5197c796b893c6ffd7b9a536a42d290f7704a0?s=96&d=mm&r=g\",\"contentUrl\":\"https:\\\/\\\/secure.gravatar.com\\\/avatar\\\/7902f906289926289cbcda644b5197c796b893c6ffd7b9a536a42d290f7704a0?s=96&d=mm&r=g\",\"caption\":\"Eduardo Mart\u00ednez\"}}]}<\/script>\n<!-- \/ Yoast SEO plugin. -->","yoast_head_json":{"title":"O perd\u00e3o n\u00e3o muda o passado, mas pode mudar quem voc\u00ea se torna depois dele - Notibras","robots":{"index":"index","follow":"follow","max-snippet":"max-snippet:-1","max-image-preview":"max-image-preview:large","max-video-preview":"max-video-preview:-1"},"canonical":"https:\/\/www.notibras.com\/site\/o-perdao-nao-muda-o-passado-mas-pode-mudar-quem-voce-se-torna-depois-dele\/","og_locale":"pt_BR","og_type":"article","og_title":"O perd\u00e3o n\u00e3o muda o passado, mas pode mudar quem voc\u00ea se torna depois dele - Notibras","og_description":"Guardar ressentimento mant\u00e9m a ferida aberta. Libertar-se da dor \u00e9 um presente que voc\u00ea oferece a si mesmo. Poucas palavras despertam sentimentos t\u00e3o diferentes quanto &#8220;perd\u00e3o&#8221;. Para algumas pessoas, ele representa paz. Para outras, parece uma injusti\u00e7a. H\u00e1 quem acredite que perdoar seja esquecer o que aconteceu. Outros entendem o perd\u00e3o como uma obriga\u00e7\u00e3o, quase [&hellip;]","og_url":"https:\/\/www.notibras.com\/site\/o-perdao-nao-muda-o-passado-mas-pode-mudar-quem-voce-se-torna-depois-dele\/","og_site_name":"Notibras","article_publisher":"https:\/\/www.facebook.com\/notibras\/","article_published_time":"2026-09-02T07:00:31+00:00","og_image":[{"width":1254,"height":1254,"url":"https:\/\/www.notibras.com\/site\/wp-content\/uploads\/2026\/09\/WhatsApp-Image-2026-09-01-at-11.39.20.jpeg","type":"image\/jpeg"}],"author":"Eduardo Mart\u00ednez","twitter_card":"summary_large_image","twitter_creator":"@Notibras","twitter_site":"@Notibras","twitter_misc":{"Escrito por":"Eduardo Mart\u00ednez","Est. tempo de leitura":"4 minutos"},"schema":{"@context":"https:\/\/schema.org","@graph":[{"@type":"Article","@id":"https:\/\/www.notibras.com\/site\/o-perdao-nao-muda-o-passado-mas-pode-mudar-quem-voce-se-torna-depois-dele\/#article","isPartOf":{"@id":"https:\/\/www.notibras.com\/site\/o-perdao-nao-muda-o-passado-mas-pode-mudar-quem-voce-se-torna-depois-dele\/"},"author":{"name":"Eduardo Mart\u00ednez","@id":"https:\/\/www.notibras.com\/site\/#\/schema\/person\/5b7fabf2aedc3ada2105f03b22b4d3dd"},"headline":"O perd\u00e3o n\u00e3o muda o passado, mas pode mudar quem voc\u00ea se torna depois dele","datePublished":"2026-09-02T07:00:31+00:00","mainEntityOfPage":{"@id":"https:\/\/www.notibras.com\/site\/o-perdao-nao-muda-o-passado-mas-pode-mudar-quem-voce-se-torna-depois-dele\/"},"wordCount":574,"publisher":{"@id":"https:\/\/www.notibras.com\/site\/#organization"},"image":{"@id":"https:\/\/www.notibras.com\/site\/o-perdao-nao-muda-o-passado-mas-pode-mudar-quem-voce-se-torna-depois-dele\/#primaryimage"},"thumbnailUrl":"https:\/\/www.notibras.com\/site\/wp-content\/uploads\/2026\/09\/WhatsApp-Image-2026-09-01-at-11.39.20.jpeg","articleSection":["Leitura Vip"],"inLanguage":"pt-BR"},{"@type":"WebPage","@id":"https:\/\/www.notibras.com\/site\/o-perdao-nao-muda-o-passado-mas-pode-mudar-quem-voce-se-torna-depois-dele\/","url":"https:\/\/www.notibras.com\/site\/o-perdao-nao-muda-o-passado-mas-pode-mudar-quem-voce-se-torna-depois-dele\/","name":"O perd\u00e3o n\u00e3o muda o passado, mas pode mudar quem voc\u00ea se torna depois dele - Notibras","isPartOf":{"@id":"https:\/\/www.notibras.com\/site\/#website"},"primaryImageOfPage":{"@id":"https:\/\/www.notibras.com\/site\/o-perdao-nao-muda-o-passado-mas-pode-mudar-quem-voce-se-torna-depois-dele\/#primaryimage"},"image":{"@id":"https:\/\/www.notibras.com\/site\/o-perdao-nao-muda-o-passado-mas-pode-mudar-quem-voce-se-torna-depois-dele\/#primaryimage"},"thumbnailUrl":"https:\/\/www.notibras.com\/site\/wp-content\/uploads\/2026\/09\/WhatsApp-Image-2026-09-01-at-11.39.20.jpeg","datePublished":"2026-09-02T07:00:31+00:00","breadcrumb":{"@id":"https:\/\/www.notibras.com\/site\/o-perdao-nao-muda-o-passado-mas-pode-mudar-quem-voce-se-torna-depois-dele\/#breadcrumb"},"inLanguage":"pt-BR","potentialAction":[{"@type":"ReadAction","target":["https:\/\/www.notibras.com\/site\/o-perdao-nao-muda-o-passado-mas-pode-mudar-quem-voce-se-torna-depois-dele\/"]}]},{"@type":"ImageObject","inLanguage":"pt-BR","@id":"https:\/\/www.notibras.com\/site\/o-perdao-nao-muda-o-passado-mas-pode-mudar-quem-voce-se-torna-depois-dele\/#primaryimage","url":"https:\/\/www.notibras.com\/site\/wp-content\/uploads\/2026\/09\/WhatsApp-Image-2026-09-01-at-11.39.20.jpeg","contentUrl":"https:\/\/www.notibras.com\/site\/wp-content\/uploads\/2026\/09\/WhatsApp-Image-2026-09-01-at-11.39.20.jpeg","width":1254,"height":1254},{"@type":"BreadcrumbList","@id":"https:\/\/www.notibras.com\/site\/o-perdao-nao-muda-o-passado-mas-pode-mudar-quem-voce-se-torna-depois-dele\/#breadcrumb","itemListElement":[{"@type":"ListItem","position":1,"name":"In\u00edcio","item":"https:\/\/www.notibras.com\/site\/"},{"@type":"ListItem","position":2,"name":"O perd\u00e3o n\u00e3o muda o passado, mas pode mudar quem voc\u00ea se torna depois dele"}]},{"@type":"WebSite","@id":"https:\/\/www.notibras.com\/site\/#website","url":"https:\/\/www.notibras.com\/site\/","name":"Notibras","description":"Not\u00edcias de Bras\u00edlia, do Brasil e do Mundo","publisher":{"@id":"https:\/\/www.notibras.com\/site\/#organization"},"potentialAction":[{"@type":"SearchAction","target":{"@type":"EntryPoint","urlTemplate":"https:\/\/www.notibras.com\/site\/?s={search_term_string}"},"query-input":{"@type":"PropertyValueSpecification","valueRequired":true,"valueName":"search_term_string"}}],"inLanguage":"pt-BR"},{"@type":"Organization","@id":"https:\/\/www.notibras.com\/site\/#organization","name":"Grupo Notibras de Comunica\u00e7\u00e3o","url":"https:\/\/www.notibras.com\/site\/","logo":{"@type":"ImageObject","inLanguage":"pt-BR","@id":"https:\/\/www.notibras.com\/site\/#\/schema\/logo\/image\/","url":"https:\/\/www.notibras.com\/site\/wp-content\/uploads\/2023\/01\/notibras23.png","contentUrl":"https:\/\/www.notibras.com\/site\/wp-content\/uploads\/2023\/01\/notibras23.png","width":350,"height":87,"caption":"Grupo Notibras de Comunica\u00e7\u00e3o"},"image":{"@id":"https:\/\/www.notibras.com\/site\/#\/schema\/logo\/image\/"},"sameAs":["https:\/\/www.facebook.com\/notibras\/","https:\/\/x.com\/Notibras","https:\/\/www.instagram.com\/notibras\/"]},{"@type":"Person","@id":"https:\/\/www.notibras.com\/site\/#\/schema\/person\/5b7fabf2aedc3ada2105f03b22b4d3dd","name":"Eduardo Mart\u00ednez","image":{"@type":"ImageObject","inLanguage":"pt-BR","@id":"https:\/\/secure.gravatar.com\/avatar\/7902f906289926289cbcda644b5197c796b893c6ffd7b9a536a42d290f7704a0?s=96&d=mm&r=g","url":"https:\/\/secure.gravatar.com\/avatar\/7902f906289926289cbcda644b5197c796b893c6ffd7b9a536a42d290f7704a0?s=96&d=mm&r=g","contentUrl":"https:\/\/secure.gravatar.com\/avatar\/7902f906289926289cbcda644b5197c796b893c6ffd7b9a536a42d290f7704a0?s=96&d=mm&r=g","caption":"Eduardo Mart\u00ednez"}}]}},"_links":{"self":[{"href":"https:\/\/www.notibras.com\/site\/wp-json\/wp\/v2\/posts\/408901","targetHints":{"allow":["GET"]}}],"collection":[{"href":"https:\/\/www.notibras.com\/site\/wp-json\/wp\/v2\/posts"}],"about":[{"href":"https:\/\/www.notibras.com\/site\/wp-json\/wp\/v2\/types\/post"}],"author":[{"embeddable":true,"href":"https:\/\/www.notibras.com\/site\/wp-json\/wp\/v2\/users\/21"}],"replies":[{"embeddable":true,"href":"https:\/\/www.notibras.com\/site\/wp-json\/wp\/v2\/comments?post=408901"}],"version-history":[{"count":2,"href":"https:\/\/www.notibras.com\/site\/wp-json\/wp\/v2\/posts\/408901\/revisions"}],"predecessor-version":[{"id":408904,"href":"https:\/\/www.notibras.com\/site\/wp-json\/wp\/v2\/posts\/408901\/revisions\/408904"}],"wp:featuredmedia":[{"embeddable":true,"href":"https:\/\/www.notibras.com\/site\/wp-json\/wp\/v2\/media\/408902"}],"wp:attachment":[{"href":"https:\/\/www.notibras.com\/site\/wp-json\/wp\/v2\/media?parent=408901"}],"wp:term":[{"taxonomy":"category","embeddable":true,"href":"https:\/\/www.notibras.com\/site\/wp-json\/wp\/v2\/categories?post=408901"},{"taxonomy":"post_tag","embeddable":true,"href":"https:\/\/www.notibras.com\/site\/wp-json\/wp\/v2\/tags?post=408901"},{"taxonomy":"tmauthors","embeddable":true,"href":"https:\/\/www.notibras.com\/site\/wp-json\/wp\/v2\/tmauthors?post=408901"}],"curies":[{"name":"wp","href":"https:\/\/api.w.org\/{rel}","templated":true}]}}