{"id":408909,"date":"2026-09-02T02:00:34","date_gmt":"2026-09-02T05:00:34","guid":{"rendered":"https:\/\/www.notibras.com\/site\/?p=408909"},"modified":"2026-09-01T17:53:46","modified_gmt":"2026-09-01T20:53:46","slug":"jeep-dinamite-e-tainha-no-verao-de-1968-1969","status":"publish","type":"post","link":"https:\/\/www.notibras.com\/site\/jeep-dinamite-e-tainha-no-verao-de-1968-1969\/","title":{"rendered":"Jeep, dinamite e tainha no ver\u00e3o de 1968\/1969"},"content":{"rendered":"<p>Dizem que essa hist\u00f3ria aconteceu no ver\u00e3o de 1968\/1969. Teria sido protagonizada por dois cariocas suburbanos metidos a pescadores. Os dois, em uma noite praticamente sem estrelas, se aventuraram para o lado do Recreio. Pois \u00e9, dois homens, um Jeep, aquela tralha de pescaria e&#8230; dinamite.<\/p>\n<p>\u2014 Z\u00e9 Alfredo, voc\u00ea tem certeza?<\/p>\n<p>\u2014 Tenho.<\/p>\n<p>\u2014 Tem mesmo?<\/p>\n<p>\u2014 Bem, o sujeito que me vendeu disse que funciona.<\/p>\n<p>\u2014 Hum! E isso n\u00e3o tem perigo de explodir?<\/p>\n<p>\u2014 Ele disse que \u00e9 s\u00f3 n\u00e3o sacudir muito.<\/p>\n<p>E l\u00e1 foram os parceiros no Jeep pela estrada de terra esburacada. Se algo desse errado, era prov\u00e1vel que o clar\u00e3o iluminasse toda a mata em volta, que terminava na enseada.<\/p>\n<p>\u2014 Pisa leve, Z\u00e9 Alfredo! Desse jeito, a gente vai pelos ares no pr\u00f3ximo tremelique.<\/p>\n<p>\u2014 Confia, Celso!<\/p>\n<p>\u2014 Confiar? Em voc\u00ea?<\/p>\n<p>\u2014 Por acaso j\u00e1 te meti em alguma fria?<\/p>\n<p>\u2014 Desde prim\u00e1rio.<\/p>\n<p>Encobertos pelo breu, os dois homens chegaram s\u00e3os e salvos \u00e0 praia deserta. Nem se deram ao trabalho de retirar cani\u00e7os e molinetes. Estavam dispostos a testar outro m\u00e9todo de pescaria.<\/p>\n<p>Retiraram com extremo cuidado a caixa de madeira contendo as tr\u00eas bananas de dinamite. Escolheram um ponto da orla que considereram mais prov\u00e1vel da exist\u00eancia de um cardume.<\/p>\n<p>\u2014 Ser\u00e1 que isso funciona mesmo, Z\u00e9 Alfredo? Est\u00e1 me parecendo uma loucura.<\/p>\n<p>\u2014 Calma, meu amigo. J\u00e1 vamos descobrir.<\/p>\n<p>Z\u00e9 Alfredo pegou uma dinamite, acendeu o pavio com o isqueiro e jogou a banana dentro d&#8217;\u00e1gua. Os amigos se olharam, algo pareceu dar errado at\u00e9 que um estrondo os pegou de surpresa.<\/p>\n<p>Lanternas em m\u00e3os, Z\u00e9 Alfredo e Celso iluminaram a \u00e1gua. Um, dois, tr\u00eas, sete, quinze peixes boiavam. Rapidamente, eles entraram no mar, a \u00e1gua gelada, e pegaram as tainhas e os pampos. Colocaram tudo dentro da caixa de isopor com gelo.<\/p>\n<p>Escolheram outro ponto e repetiram o m\u00e9todo. Oito peixes gra\u00fados. O isopor quase lotado, Celso disse que queria tentar. Acendeu o pavio e fez a alavanca com o bra\u00e7o, mas a dinamite escapuliu e foi parar logo atr\u00e1s na restinga. Assustados, os amigos correram em dire\u00e7\u00e3o ao mar.<\/p>\n<p>A explos\u00e3o levantou areia para todo lado. Depois do susto, os companheiros resolveram ir embora. Ademais, teria peixes para o m\u00eas inteiro. Juntaram tudo e, j\u00e1 saindo da estrada de ch\u00e3o, foram parados em uma blitz.<\/p>\n<p>Celso tremeu na base, enquanto Z\u00e9 Alfredo, melhor ator que era, se fez de inocente.<\/p>\n<p>\u2014 De onde voc\u00eas est\u00e3o vindo?<\/p>\n<p>\u2014 A gente estava pescando, seu guarda.<\/p>\n<p>\u2014 Pescando?<\/p>\n<p>\u2014 \u00c9.<\/p>\n<p>\u2014 E conseguiram pescar alguma coisa?<\/p>\n<p>\u2014 Algumas tainhas.<\/p>\n<p>\u2014 Hum&#8230; A minha esposa adora tainha.<\/p>\n<p>Z\u00e9 Alfredo olhou para o Celso e, em seguida, meteu a m\u00e3o dentro da caixa de isopor, que estava no assoalho entre os bancos da frente e de tr\u00e1s.<\/p>\n<p>\u2014 Pois aqui est\u00e1, seu guarda. Aposto que a sua dign\u00edssima senhora vai adorar.<\/p>\n<p>\u2014 Fam\u00edlia grande. Voc\u00ea sabe como \u00e9, n\u00e9?<\/p>\n<p>Z\u00e9 Alfredo fingiu novo sorriso, pegou mais tr\u00eas tainhas e as entregou para o militar, que agradeceu. E, antes de liberar os homens do Jeep, a autoridade lhes lan\u00e7ou um aviso:<\/p>\n<p>\u2014 Cuidado com os terroristas. Recebemos not\u00edcia de que eles est\u00e3o agindo nesta noite. Est\u00e3o jogando bombas por a\u00ed.<\/p>\n<p>Apesar do susto e gra\u00e7as ao suborno, Z\u00e9 Alfredo e Celso conseguiram chegar bem aos respectivos lares. E os dois concordaram que era melhor retornarem ao velho m\u00e9todo de pescaria.<\/p>\n<p>Alguns anos se passaram e, ent\u00e3o, Z\u00e9 Alfredo disse que iria se mudar para Bras\u00edlia. As pescarias ficaram para tr\u00e1s, mas a amizade permaneceu.<\/p>\n<p>\u2014 Mas por que Bras\u00edlia, Z\u00e9 Alfredo?<\/p>\n<p>\u2014 Vantagens econ\u00f4micas.<\/p>\n<p>\u2014 S\u00f3 isso?<\/p>\n<p>\u2014 Bem, o meu pai disse que terei maiores chances na carreira. Sem contar que ficarei livre de encrencas.<\/p>\n<p>\u2014 Encrencas? Como assim?<\/p>\n<p>\u2014 E ainda pergunta? Puxa, Celso, voc\u00ea s\u00f3 me mete em fria.<\/p>\n<p>\u2014 Eu?<\/p>\n<p><strong>\u2026\u2026\u2026\u2026\u2026\u2026\u2026\u2026<\/strong><\/p>\n<p><strong>Eduardo Cesario-Mart\u00ednez \u00e9 autor do livro \u201957 Contos e Cr\u00f4nicas por um Autor Muito Velho\u2019 (Vencedor do Pr\u00eamio Liter\u00e1rio Clarice Lispector \u2013 2025 na categoria livro de contos).<\/strong><\/p>\n<p><strong>Compre aqui<\/strong><\/p>\n<p><a href=\"https:\/\/www.joanineditora.com.br\/57-contos-e-cronicas-por-um-autor-muito-velho\"><strong>https:\/\/www.joanineditora.com.br\/57-contos-e-cronicas-por-um-autor-muito-velho<\/strong><\/a><\/p>\n","protected":false},"excerpt":{"rendered":"<p>Dizem que essa hist\u00f3ria aconteceu no ver\u00e3o de 1968\/1969. Teria sido protagonizada por dois cariocas suburbanos metidos a pescadores. Os dois, em uma noite praticamente sem estrelas, se aventuraram para o lado do Recreio. Pois \u00e9, dois homens, um Jeep, aquela tralha de pescaria e&#8230; dinamite. \u2014 Z\u00e9 Alfredo, voc\u00ea tem certeza? \u2014 Tenho. \u2014 [&hellip;]<\/p>\n","protected":false},"author":21,"featured_media":408910,"comment_status":"closed","ping_status":"closed","sticky":false,"template":"","format":"standard","meta":{"_acf_changed":false,"footnotes":""},"categories":[161],"tags":[],"tmauthors":[306],"class_list":["post-408909","post","type-post","status-publish","format-standard","has-post-thumbnail","category-quadradinho-em-foco"],"acf":[],"yoast_head":"<!-- This site is optimized with the Yoast SEO plugin v28.0 - https:\/\/yoast.com\/product\/yoast-seo-wordpress\/ -->\n<title>Jeep, dinamite e tainha no ver\u00e3o de 1968\/1969 - Notibras<\/title>\n<meta name=\"robots\" content=\"index, follow, max-snippet:-1, max-image-preview:large, max-video-preview:-1\" \/>\n<link rel=\"canonical\" href=\"https:\/\/www.notibras.com\/site\/jeep-dinamite-e-tainha-no-verao-de-1968-1969\/\" \/>\n<meta property=\"og:locale\" content=\"pt_BR\" \/>\n<meta property=\"og:type\" content=\"article\" \/>\n<meta property=\"og:title\" content=\"Jeep, dinamite e tainha no ver\u00e3o de 1968\/1969 - Notibras\" \/>\n<meta property=\"og:description\" content=\"Dizem que essa hist\u00f3ria aconteceu no ver\u00e3o de 1968\/1969. Teria sido protagonizada por dois cariocas suburbanos metidos a pescadores. Os dois, em uma noite praticamente sem estrelas, se aventuraram para o lado do Recreio. Pois \u00e9, dois homens, um Jeep, aquela tralha de pescaria e&#8230; dinamite. \u2014 Z\u00e9 Alfredo, voc\u00ea tem certeza? \u2014 Tenho. \u2014 [&hellip;]\" \/>\n<meta property=\"og:url\" content=\"https:\/\/www.notibras.com\/site\/jeep-dinamite-e-tainha-no-verao-de-1968-1969\/\" \/>\n<meta property=\"og:site_name\" content=\"Notibras\" \/>\n<meta property=\"article:publisher\" content=\"https:\/\/www.facebook.com\/notibras\/\" \/>\n<meta property=\"article:published_time\" content=\"2026-09-02T05:00:34+00:00\" \/>\n<meta property=\"og:image\" content=\"https:\/\/www.notibras.com\/site\/wp-content\/uploads\/2026\/09\/WhatsApp-Image-2026-09-01-at-17.49.44.jpeg\" \/>\n\t<meta property=\"og:image:width\" content=\"1280\" \/>\n\t<meta property=\"og:image:height\" content=\"720\" \/>\n\t<meta property=\"og:image:type\" content=\"image\/jpeg\" \/>\n<meta name=\"author\" content=\"Eduardo Mart\u00ednez\" \/>\n<meta name=\"twitter:card\" content=\"summary_large_image\" \/>\n<meta name=\"twitter:creator\" content=\"@Notibras\" \/>\n<meta name=\"twitter:site\" content=\"@Notibras\" \/>\n<meta name=\"twitter:label1\" content=\"Escrito por\" \/>\n\t<meta name=\"twitter:data1\" content=\"Eduardo Mart\u00ednez\" \/>\n\t<meta name=\"twitter:label2\" content=\"Est. tempo de leitura\" \/>\n\t<meta name=\"twitter:data2\" content=\"4 minutos\" \/>\n<script type=\"application\/ld+json\" class=\"yoast-schema-graph\">{\"@context\":\"https:\\\/\\\/schema.org\",\"@graph\":[{\"@type\":\"Article\",\"@id\":\"https:\\\/\\\/www.notibras.com\\\/site\\\/jeep-dinamite-e-tainha-no-verao-de-1968-1969\\\/#article\",\"isPartOf\":{\"@id\":\"https:\\\/\\\/www.notibras.com\\\/site\\\/jeep-dinamite-e-tainha-no-verao-de-1968-1969\\\/\"},\"author\":{\"name\":\"Eduardo Mart\u00ednez\",\"@id\":\"https:\\\/\\\/www.notibras.com\\\/site\\\/#\\\/schema\\\/person\\\/5b7fabf2aedc3ada2105f03b22b4d3dd\"},\"headline\":\"Jeep, dinamite e tainha no ver\u00e3o de 1968\\\/1969\",\"datePublished\":\"2026-09-02T05:00:34+00:00\",\"mainEntityOfPage\":{\"@id\":\"https:\\\/\\\/www.notibras.com\\\/site\\\/jeep-dinamite-e-tainha-no-verao-de-1968-1969\\\/\"},\"wordCount\":691,\"publisher\":{\"@id\":\"https:\\\/\\\/www.notibras.com\\\/site\\\/#organization\"},\"image\":{\"@id\":\"https:\\\/\\\/www.notibras.com\\\/site\\\/jeep-dinamite-e-tainha-no-verao-de-1968-1969\\\/#primaryimage\"},\"thumbnailUrl\":\"https:\\\/\\\/www.notibras.com\\\/site\\\/wp-content\\\/uploads\\\/2026\\\/09\\\/WhatsApp-Image-2026-09-01-at-17.49.44.jpeg\",\"articleSection\":[\"Quadradinho em Foco\"],\"inLanguage\":\"pt-BR\"},{\"@type\":\"WebPage\",\"@id\":\"https:\\\/\\\/www.notibras.com\\\/site\\\/jeep-dinamite-e-tainha-no-verao-de-1968-1969\\\/\",\"url\":\"https:\\\/\\\/www.notibras.com\\\/site\\\/jeep-dinamite-e-tainha-no-verao-de-1968-1969\\\/\",\"name\":\"Jeep, dinamite e tainha no ver\u00e3o de 1968\\\/1969 - Notibras\",\"isPartOf\":{\"@id\":\"https:\\\/\\\/www.notibras.com\\\/site\\\/#website\"},\"primaryImageOfPage\":{\"@id\":\"https:\\\/\\\/www.notibras.com\\\/site\\\/jeep-dinamite-e-tainha-no-verao-de-1968-1969\\\/#primaryimage\"},\"image\":{\"@id\":\"https:\\\/\\\/www.notibras.com\\\/site\\\/jeep-dinamite-e-tainha-no-verao-de-1968-1969\\\/#primaryimage\"},\"thumbnailUrl\":\"https:\\\/\\\/www.notibras.com\\\/site\\\/wp-content\\\/uploads\\\/2026\\\/09\\\/WhatsApp-Image-2026-09-01-at-17.49.44.jpeg\",\"datePublished\":\"2026-09-02T05:00:34+00:00\",\"breadcrumb\":{\"@id\":\"https:\\\/\\\/www.notibras.com\\\/site\\\/jeep-dinamite-e-tainha-no-verao-de-1968-1969\\\/#breadcrumb\"},\"inLanguage\":\"pt-BR\",\"potentialAction\":[{\"@type\":\"ReadAction\",\"target\":[\"https:\\\/\\\/www.notibras.com\\\/site\\\/jeep-dinamite-e-tainha-no-verao-de-1968-1969\\\/\"]}]},{\"@type\":\"ImageObject\",\"inLanguage\":\"pt-BR\",\"@id\":\"https:\\\/\\\/www.notibras.com\\\/site\\\/jeep-dinamite-e-tainha-no-verao-de-1968-1969\\\/#primaryimage\",\"url\":\"https:\\\/\\\/www.notibras.com\\\/site\\\/wp-content\\\/uploads\\\/2026\\\/09\\\/WhatsApp-Image-2026-09-01-at-17.49.44.jpeg\",\"contentUrl\":\"https:\\\/\\\/www.notibras.com\\\/site\\\/wp-content\\\/uploads\\\/2026\\\/09\\\/WhatsApp-Image-2026-09-01-at-17.49.44.jpeg\",\"width\":1280,\"height\":720},{\"@type\":\"BreadcrumbList\",\"@id\":\"https:\\\/\\\/www.notibras.com\\\/site\\\/jeep-dinamite-e-tainha-no-verao-de-1968-1969\\\/#breadcrumb\",\"itemListElement\":[{\"@type\":\"ListItem\",\"position\":1,\"name\":\"In\u00edcio\",\"item\":\"https:\\\/\\\/www.notibras.com\\\/site\\\/\"},{\"@type\":\"ListItem\",\"position\":2,\"name\":\"Jeep, dinamite e tainha no ver\u00e3o de 1968\\\/1969\"}]},{\"@type\":\"WebSite\",\"@id\":\"https:\\\/\\\/www.notibras.com\\\/site\\\/#website\",\"url\":\"https:\\\/\\\/www.notibras.com\\\/site\\\/\",\"name\":\"Notibras\",\"description\":\"Not\u00edcias de Bras\u00edlia, do Brasil e do Mundo\",\"publisher\":{\"@id\":\"https:\\\/\\\/www.notibras.com\\\/site\\\/#organization\"},\"potentialAction\":[{\"@type\":\"SearchAction\",\"target\":{\"@type\":\"EntryPoint\",\"urlTemplate\":\"https:\\\/\\\/www.notibras.com\\\/site\\\/?s={search_term_string}\"},\"query-input\":{\"@type\":\"PropertyValueSpecification\",\"valueRequired\":true,\"valueName\":\"search_term_string\"}}],\"inLanguage\":\"pt-BR\"},{\"@type\":\"Organization\",\"@id\":\"https:\\\/\\\/www.notibras.com\\\/site\\\/#organization\",\"name\":\"Grupo Notibras de Comunica\u00e7\u00e3o\",\"url\":\"https:\\\/\\\/www.notibras.com\\\/site\\\/\",\"logo\":{\"@type\":\"ImageObject\",\"inLanguage\":\"pt-BR\",\"@id\":\"https:\\\/\\\/www.notibras.com\\\/site\\\/#\\\/schema\\\/logo\\\/image\\\/\",\"url\":\"https:\\\/\\\/www.notibras.com\\\/site\\\/wp-content\\\/uploads\\\/2023\\\/01\\\/notibras23.png\",\"contentUrl\":\"https:\\\/\\\/www.notibras.com\\\/site\\\/wp-content\\\/uploads\\\/2023\\\/01\\\/notibras23.png\",\"width\":350,\"height\":87,\"caption\":\"Grupo Notibras de Comunica\u00e7\u00e3o\"},\"image\":{\"@id\":\"https:\\\/\\\/www.notibras.com\\\/site\\\/#\\\/schema\\\/logo\\\/image\\\/\"},\"sameAs\":[\"https:\\\/\\\/www.facebook.com\\\/notibras\\\/\",\"https:\\\/\\\/x.com\\\/Notibras\",\"https:\\\/\\\/www.instagram.com\\\/notibras\\\/\"]},{\"@type\":\"Person\",\"@id\":\"https:\\\/\\\/www.notibras.com\\\/site\\\/#\\\/schema\\\/person\\\/5b7fabf2aedc3ada2105f03b22b4d3dd\",\"name\":\"Eduardo Mart\u00ednez\",\"image\":{\"@type\":\"ImageObject\",\"inLanguage\":\"pt-BR\",\"@id\":\"https:\\\/\\\/secure.gravatar.com\\\/avatar\\\/7902f906289926289cbcda644b5197c796b893c6ffd7b9a536a42d290f7704a0?s=96&d=mm&r=g\",\"url\":\"https:\\\/\\\/secure.gravatar.com\\\/avatar\\\/7902f906289926289cbcda644b5197c796b893c6ffd7b9a536a42d290f7704a0?s=96&d=mm&r=g\",\"contentUrl\":\"https:\\\/\\\/secure.gravatar.com\\\/avatar\\\/7902f906289926289cbcda644b5197c796b893c6ffd7b9a536a42d290f7704a0?s=96&d=mm&r=g\",\"caption\":\"Eduardo Mart\u00ednez\"}}]}<\/script>\n<!-- \/ Yoast SEO plugin. -->","yoast_head_json":{"title":"Jeep, dinamite e tainha no ver\u00e3o de 1968\/1969 - Notibras","robots":{"index":"index","follow":"follow","max-snippet":"max-snippet:-1","max-image-preview":"max-image-preview:large","max-video-preview":"max-video-preview:-1"},"canonical":"https:\/\/www.notibras.com\/site\/jeep-dinamite-e-tainha-no-verao-de-1968-1969\/","og_locale":"pt_BR","og_type":"article","og_title":"Jeep, dinamite e tainha no ver\u00e3o de 1968\/1969 - Notibras","og_description":"Dizem que essa hist\u00f3ria aconteceu no ver\u00e3o de 1968\/1969. Teria sido protagonizada por dois cariocas suburbanos metidos a pescadores. Os dois, em uma noite praticamente sem estrelas, se aventuraram para o lado do Recreio. Pois \u00e9, dois homens, um Jeep, aquela tralha de pescaria e&#8230; dinamite. \u2014 Z\u00e9 Alfredo, voc\u00ea tem certeza? \u2014 Tenho. \u2014 [&hellip;]","og_url":"https:\/\/www.notibras.com\/site\/jeep-dinamite-e-tainha-no-verao-de-1968-1969\/","og_site_name":"Notibras","article_publisher":"https:\/\/www.facebook.com\/notibras\/","article_published_time":"2026-09-02T05:00:34+00:00","og_image":[{"width":1280,"height":720,"url":"https:\/\/www.notibras.com\/site\/wp-content\/uploads\/2026\/09\/WhatsApp-Image-2026-09-01-at-17.49.44.jpeg","type":"image\/jpeg"}],"author":"Eduardo Mart\u00ednez","twitter_card":"summary_large_image","twitter_creator":"@Notibras","twitter_site":"@Notibras","twitter_misc":{"Escrito por":"Eduardo Mart\u00ednez","Est. tempo de leitura":"4 minutos"},"schema":{"@context":"https:\/\/schema.org","@graph":[{"@type":"Article","@id":"https:\/\/www.notibras.com\/site\/jeep-dinamite-e-tainha-no-verao-de-1968-1969\/#article","isPartOf":{"@id":"https:\/\/www.notibras.com\/site\/jeep-dinamite-e-tainha-no-verao-de-1968-1969\/"},"author":{"name":"Eduardo Mart\u00ednez","@id":"https:\/\/www.notibras.com\/site\/#\/schema\/person\/5b7fabf2aedc3ada2105f03b22b4d3dd"},"headline":"Jeep, dinamite e tainha no ver\u00e3o de 1968\/1969","datePublished":"2026-09-02T05:00:34+00:00","mainEntityOfPage":{"@id":"https:\/\/www.notibras.com\/site\/jeep-dinamite-e-tainha-no-verao-de-1968-1969\/"},"wordCount":691,"publisher":{"@id":"https:\/\/www.notibras.com\/site\/#organization"},"image":{"@id":"https:\/\/www.notibras.com\/site\/jeep-dinamite-e-tainha-no-verao-de-1968-1969\/#primaryimage"},"thumbnailUrl":"https:\/\/www.notibras.com\/site\/wp-content\/uploads\/2026\/09\/WhatsApp-Image-2026-09-01-at-17.49.44.jpeg","articleSection":["Quadradinho em Foco"],"inLanguage":"pt-BR"},{"@type":"WebPage","@id":"https:\/\/www.notibras.com\/site\/jeep-dinamite-e-tainha-no-verao-de-1968-1969\/","url":"https:\/\/www.notibras.com\/site\/jeep-dinamite-e-tainha-no-verao-de-1968-1969\/","name":"Jeep, dinamite e tainha no ver\u00e3o de 1968\/1969 - Notibras","isPartOf":{"@id":"https:\/\/www.notibras.com\/site\/#website"},"primaryImageOfPage":{"@id":"https:\/\/www.notibras.com\/site\/jeep-dinamite-e-tainha-no-verao-de-1968-1969\/#primaryimage"},"image":{"@id":"https:\/\/www.notibras.com\/site\/jeep-dinamite-e-tainha-no-verao-de-1968-1969\/#primaryimage"},"thumbnailUrl":"https:\/\/www.notibras.com\/site\/wp-content\/uploads\/2026\/09\/WhatsApp-Image-2026-09-01-at-17.49.44.jpeg","datePublished":"2026-09-02T05:00:34+00:00","breadcrumb":{"@id":"https:\/\/www.notibras.com\/site\/jeep-dinamite-e-tainha-no-verao-de-1968-1969\/#breadcrumb"},"inLanguage":"pt-BR","potentialAction":[{"@type":"ReadAction","target":["https:\/\/www.notibras.com\/site\/jeep-dinamite-e-tainha-no-verao-de-1968-1969\/"]}]},{"@type":"ImageObject","inLanguage":"pt-BR","@id":"https:\/\/www.notibras.com\/site\/jeep-dinamite-e-tainha-no-verao-de-1968-1969\/#primaryimage","url":"https:\/\/www.notibras.com\/site\/wp-content\/uploads\/2026\/09\/WhatsApp-Image-2026-09-01-at-17.49.44.jpeg","contentUrl":"https:\/\/www.notibras.com\/site\/wp-content\/uploads\/2026\/09\/WhatsApp-Image-2026-09-01-at-17.49.44.jpeg","width":1280,"height":720},{"@type":"BreadcrumbList","@id":"https:\/\/www.notibras.com\/site\/jeep-dinamite-e-tainha-no-verao-de-1968-1969\/#breadcrumb","itemListElement":[{"@type":"ListItem","position":1,"name":"In\u00edcio","item":"https:\/\/www.notibras.com\/site\/"},{"@type":"ListItem","position":2,"name":"Jeep, dinamite e tainha no ver\u00e3o de 1968\/1969"}]},{"@type":"WebSite","@id":"https:\/\/www.notibras.com\/site\/#website","url":"https:\/\/www.notibras.com\/site\/","name":"Notibras","description":"Not\u00edcias de Bras\u00edlia, do Brasil e do Mundo","publisher":{"@id":"https:\/\/www.notibras.com\/site\/#organization"},"potentialAction":[{"@type":"SearchAction","target":{"@type":"EntryPoint","urlTemplate":"https:\/\/www.notibras.com\/site\/?s={search_term_string}"},"query-input":{"@type":"PropertyValueSpecification","valueRequired":true,"valueName":"search_term_string"}}],"inLanguage":"pt-BR"},{"@type":"Organization","@id":"https:\/\/www.notibras.com\/site\/#organization","name":"Grupo Notibras de Comunica\u00e7\u00e3o","url":"https:\/\/www.notibras.com\/site\/","logo":{"@type":"ImageObject","inLanguage":"pt-BR","@id":"https:\/\/www.notibras.com\/site\/#\/schema\/logo\/image\/","url":"https:\/\/www.notibras.com\/site\/wp-content\/uploads\/2023\/01\/notibras23.png","contentUrl":"https:\/\/www.notibras.com\/site\/wp-content\/uploads\/2023\/01\/notibras23.png","width":350,"height":87,"caption":"Grupo Notibras de Comunica\u00e7\u00e3o"},"image":{"@id":"https:\/\/www.notibras.com\/site\/#\/schema\/logo\/image\/"},"sameAs":["https:\/\/www.facebook.com\/notibras\/","https:\/\/x.com\/Notibras","https:\/\/www.instagram.com\/notibras\/"]},{"@type":"Person","@id":"https:\/\/www.notibras.com\/site\/#\/schema\/person\/5b7fabf2aedc3ada2105f03b22b4d3dd","name":"Eduardo Mart\u00ednez","image":{"@type":"ImageObject","inLanguage":"pt-BR","@id":"https:\/\/secure.gravatar.com\/avatar\/7902f906289926289cbcda644b5197c796b893c6ffd7b9a536a42d290f7704a0?s=96&d=mm&r=g","url":"https:\/\/secure.gravatar.com\/avatar\/7902f906289926289cbcda644b5197c796b893c6ffd7b9a536a42d290f7704a0?s=96&d=mm&r=g","contentUrl":"https:\/\/secure.gravatar.com\/avatar\/7902f906289926289cbcda644b5197c796b893c6ffd7b9a536a42d290f7704a0?s=96&d=mm&r=g","caption":"Eduardo Mart\u00ednez"}}]}},"_links":{"self":[{"href":"https:\/\/www.notibras.com\/site\/wp-json\/wp\/v2\/posts\/408909","targetHints":{"allow":["GET"]}}],"collection":[{"href":"https:\/\/www.notibras.com\/site\/wp-json\/wp\/v2\/posts"}],"about":[{"href":"https:\/\/www.notibras.com\/site\/wp-json\/wp\/v2\/types\/post"}],"author":[{"embeddable":true,"href":"https:\/\/www.notibras.com\/site\/wp-json\/wp\/v2\/users\/21"}],"replies":[{"embeddable":true,"href":"https:\/\/www.notibras.com\/site\/wp-json\/wp\/v2\/comments?post=408909"}],"version-history":[{"count":2,"href":"https:\/\/www.notibras.com\/site\/wp-json\/wp\/v2\/posts\/408909\/revisions"}],"predecessor-version":[{"id":408912,"href":"https:\/\/www.notibras.com\/site\/wp-json\/wp\/v2\/posts\/408909\/revisions\/408912"}],"wp:featuredmedia":[{"embeddable":true,"href":"https:\/\/www.notibras.com\/site\/wp-json\/wp\/v2\/media\/408910"}],"wp:attachment":[{"href":"https:\/\/www.notibras.com\/site\/wp-json\/wp\/v2\/media?parent=408909"}],"wp:term":[{"taxonomy":"category","embeddable":true,"href":"https:\/\/www.notibras.com\/site\/wp-json\/wp\/v2\/categories?post=408909"},{"taxonomy":"post_tag","embeddable":true,"href":"https:\/\/www.notibras.com\/site\/wp-json\/wp\/v2\/tags?post=408909"},{"taxonomy":"tmauthors","embeddable":true,"href":"https:\/\/www.notibras.com\/site\/wp-json\/wp\/v2\/tmauthors?post=408909"}],"curies":[{"name":"wp","href":"https:\/\/api.w.org\/{rel}","templated":true}]}}