{"id":408913,"date":"2026-09-02T01:15:46","date_gmt":"2026-09-02T04:15:46","guid":{"rendered":"https:\/\/www.notibras.com\/site\/?p=408913"},"modified":"2026-09-01T18:51:30","modified_gmt":"2026-09-01T21:51:30","slug":"inspirado-em-uma-cronica-do-escritor-alvaro-salgado","status":"publish","type":"post","link":"https:\/\/www.notibras.com\/site\/inspirado-em-uma-cronica-do-escritor-alvaro-salgado\/","title":{"rendered":"Inspirado em uma cr\u00f4nica do escritor \u00c1lvaro Salgado"},"content":{"rendered":"<p>No in\u00edcio era o Verbo, mas o Substantivo pintou logo depois.<\/p>\n<p>E, para os moleques de Niter\u00f3i, um dos mais belos era o substantivo cafifa.<\/p>\n<p>Comecei este texto com uma par\u00e1frase b\u00edblica, sigo com outra (a rigor, n\u00e3o uma par\u00e1frase, antes uma explica\u00e7\u00e3o), referida em Ju\u00edzes, 12:6. Houve um conflito armado entre os efraimitas, da tribo israelita de Efraim, e os de Gilead, regi\u00e3o a leste do rio Jord\u00e3o ocupada pelas tribos de Manass\u00e9s, R\u00faben e Gade. Os efraimitas foram derrotados e, para escapar da morte, os sobreviventes negaram descender de Efraim. Foram submetidos ent\u00e3o a um teste lingu\u00edstico: deviam pronunciar a palavra hebraica \u201cshiboleth\u201d (corrente d\u2019\u00e1gua ou espiga de cereal). Os efraimitas n\u00e3o conseguiam faz\u00ea-lo, diziam \u201csiboleth\u201d. Assim, foram identificados e mortos em massa: segundo a B\u00edblia, cerca de 42 mil pereceram na ocasi\u00e3o.<\/p>\n<p>Pois bem, cafifa era o shiboleth da tigrada de Niter\u00f3i e de \u00e1reas pr\u00f3ximas, um termo praticamente s\u00f3 usado em nossas plagas. Em outras regi\u00f5es brasileiras, tem acep\u00e7\u00f5es negativas, significa implic\u00e2ncia, azar, aborrecimento ou algu\u00e9m \u201cp\u00e9-frio\u201d; \u00e9 tamb\u00e9m uma variante mais aceit\u00e1vel de cafet\u00e3o, abrasileiramento da palavra argentina c\u00e1ften e t\u00e3o grosseiro como a atividade a que remete, de explorar mulheres e viver do dinheiro da prostitui\u00e7\u00e3o<\/p>\n<p>Para os niteroienses e adjacentes, por\u00e9m, cafifa, era o glorioso objeto criado por m\u00e3os de crian\u00e7as e adolescentes que depois o lan\u00e7avam aos ares, para voar ao sabor dos ventos da Guanabara. Outras designa\u00e7\u00f5es, a meu ver, n\u00e3o s\u00e3o t\u00e3o expressivas, e os objetos a que correspondem provavelmente n\u00e3o enfrentam os ventos com tanta galhardia. Pipa remete n\u00e3o s\u00f3 ao brinquedo voador como tamb\u00e9m a um barril, o qual, convenhamos, n\u00e3o tem um design exatamente aerodin\u00e2mico; papagaio, em meu ju\u00edzo (ou falta de), remete ao bicho que voa, ma non troppo, e fala pra dedeu; raia \u00e9 maneiro, soa bem, mas me faz pensar primeiro no peixe. Quanto a pandorga&#8230; pobres crian\u00e7as dos pampas e de outras regi\u00f5es do sul do Brasil, nem imagino como a coisa suporte o peso de tanta \u201corga\u201d e se eleve do ch\u00e3o.<\/p>\n<p>J\u00e1 a cafifa se i\u00e7a, em uma rima rica, e, em outra, com manobras audazes e muito cerol na linha, entra na li\u00e7a.<\/p>\n<p>Explica\u00e7\u00e3o necess\u00e1ria: este texto foi-me inspirado pelo subt\u00edtulo <em>Cafifas e dias ensolarados<\/em> e pela ilustra\u00e7\u00e3o da cr\u00f4nica <em>Irm\u00e3os de leite<\/em>, de \u00c1lvaro Salgado, membro do <strong>Caf\u00e9 Liter\u00e1rio de Notibras<\/strong>. Obrigado, confrade, suas palavras foram a madeleine que me fez enveredar pelas trilhas da mem\u00f3ria em busca do tempo da inf\u00e2ncia, jamais perdido de todo.<\/p>\n<p><strong>&#8230;&#8230;&#8230;&#8230;&#8230;&#8230;&#8230;.<\/strong><\/p>\n<p><strong>Cafifas e dias ensolarados, cr\u00f4nica do escritor \u00c1lvaro Salgado: <a href=\"https:\/\/www.notibras.com\/site\/cafifas-e-dias-ensolarados\/\">https:\/\/www.notibras.com\/site\/cafifas-e-dias-ensolarados\/<\/a><\/strong><\/p>\n","protected":false},"excerpt":{"rendered":"<p>No in\u00edcio era o Verbo, mas o Substantivo pintou logo depois. E, para os moleques de Niter\u00f3i, um dos mais belos era o substantivo cafifa. Comecei este texto com uma par\u00e1frase b\u00edblica, sigo com outra (a rigor, n\u00e3o uma par\u00e1frase, antes uma explica\u00e7\u00e3o), referida em Ju\u00edzes, 12:6. Houve um conflito armado entre os efraimitas, da [&hellip;]<\/p>\n","protected":false},"author":21,"featured_media":408914,"comment_status":"closed","ping_status":"closed","sticky":false,"template":"","format":"standard","meta":{"_acf_changed":false,"footnotes":""},"categories":[234],"tags":[],"tmauthors":[306],"class_list":["post-408913","post","type-post","status-publish","format-standard","has-post-thumbnail","category-cafe-literario"],"acf":[],"yoast_head":"<!-- This site is optimized with the Yoast SEO plugin v28.0 - https:\/\/yoast.com\/product\/yoast-seo-wordpress\/ -->\n<title>Inspirado em uma cr\u00f4nica do escritor \u00c1lvaro Salgado - Notibras<\/title>\n<meta name=\"robots\" content=\"index, follow, max-snippet:-1, max-image-preview:large, max-video-preview:-1\" \/>\n<link rel=\"canonical\" href=\"https:\/\/www.notibras.com\/site\/inspirado-em-uma-cronica-do-escritor-alvaro-salgado\/\" \/>\n<meta property=\"og:locale\" content=\"pt_BR\" \/>\n<meta property=\"og:type\" content=\"article\" \/>\n<meta property=\"og:title\" content=\"Inspirado em uma cr\u00f4nica do escritor \u00c1lvaro Salgado - Notibras\" \/>\n<meta property=\"og:description\" content=\"No in\u00edcio era o Verbo, mas o Substantivo pintou logo depois. E, para os moleques de Niter\u00f3i, um dos mais belos era o substantivo cafifa. Comecei este texto com uma par\u00e1frase b\u00edblica, sigo com outra (a rigor, n\u00e3o uma par\u00e1frase, antes uma explica\u00e7\u00e3o), referida em Ju\u00edzes, 12:6. Houve um conflito armado entre os efraimitas, da [&hellip;]\" \/>\n<meta property=\"og:url\" content=\"https:\/\/www.notibras.com\/site\/inspirado-em-uma-cronica-do-escritor-alvaro-salgado\/\" \/>\n<meta property=\"og:site_name\" content=\"Notibras\" \/>\n<meta property=\"article:publisher\" content=\"https:\/\/www.facebook.com\/notibras\/\" \/>\n<meta property=\"article:published_time\" content=\"2026-09-02T04:15:46+00:00\" \/>\n<meta property=\"og:image\" content=\"https:\/\/www.notibras.com\/site\/wp-content\/uploads\/2026\/09\/WhatsApp-Image-2026-09-01-at-18.50.30.jpeg\" \/>\n\t<meta property=\"og:image:width\" content=\"1280\" \/>\n\t<meta property=\"og:image:height\" content=\"853\" \/>\n\t<meta property=\"og:image:type\" content=\"image\/jpeg\" \/>\n<meta name=\"author\" content=\"Eduardo Mart\u00ednez\" \/>\n<meta name=\"twitter:card\" content=\"summary_large_image\" \/>\n<meta name=\"twitter:creator\" content=\"@Notibras\" \/>\n<meta name=\"twitter:site\" content=\"@Notibras\" \/>\n<meta name=\"twitter:label1\" content=\"Escrito por\" \/>\n\t<meta name=\"twitter:data1\" content=\"Eduardo Mart\u00ednez\" \/>\n\t<meta name=\"twitter:label2\" content=\"Est. tempo de leitura\" \/>\n\t<meta name=\"twitter:data2\" content=\"3 minutos\" \/>\n<script type=\"application\/ld+json\" class=\"yoast-schema-graph\">{\"@context\":\"https:\\\/\\\/schema.org\",\"@graph\":[{\"@type\":\"Article\",\"@id\":\"https:\\\/\\\/www.notibras.com\\\/site\\\/inspirado-em-uma-cronica-do-escritor-alvaro-salgado\\\/#article\",\"isPartOf\":{\"@id\":\"https:\\\/\\\/www.notibras.com\\\/site\\\/inspirado-em-uma-cronica-do-escritor-alvaro-salgado\\\/\"},\"author\":{\"name\":\"Eduardo Mart\u00ednez\",\"@id\":\"https:\\\/\\\/www.notibras.com\\\/site\\\/#\\\/schema\\\/person\\\/5b7fabf2aedc3ada2105f03b22b4d3dd\"},\"headline\":\"Inspirado em uma cr\u00f4nica do escritor \u00c1lvaro Salgado\",\"datePublished\":\"2026-09-02T04:15:46+00:00\",\"mainEntityOfPage\":{\"@id\":\"https:\\\/\\\/www.notibras.com\\\/site\\\/inspirado-em-uma-cronica-do-escritor-alvaro-salgado\\\/\"},\"wordCount\":498,\"publisher\":{\"@id\":\"https:\\\/\\\/www.notibras.com\\\/site\\\/#organization\"},\"image\":{\"@id\":\"https:\\\/\\\/www.notibras.com\\\/site\\\/inspirado-em-uma-cronica-do-escritor-alvaro-salgado\\\/#primaryimage\"},\"thumbnailUrl\":\"https:\\\/\\\/www.notibras.com\\\/site\\\/wp-content\\\/uploads\\\/2026\\\/09\\\/WhatsApp-Image-2026-09-01-at-18.50.30.jpeg\",\"articleSection\":[\"Caf\u00e9 Liter\u00e1rio\"],\"inLanguage\":\"pt-BR\"},{\"@type\":\"WebPage\",\"@id\":\"https:\\\/\\\/www.notibras.com\\\/site\\\/inspirado-em-uma-cronica-do-escritor-alvaro-salgado\\\/\",\"url\":\"https:\\\/\\\/www.notibras.com\\\/site\\\/inspirado-em-uma-cronica-do-escritor-alvaro-salgado\\\/\",\"name\":\"Inspirado em uma cr\u00f4nica do escritor \u00c1lvaro Salgado - Notibras\",\"isPartOf\":{\"@id\":\"https:\\\/\\\/www.notibras.com\\\/site\\\/#website\"},\"primaryImageOfPage\":{\"@id\":\"https:\\\/\\\/www.notibras.com\\\/site\\\/inspirado-em-uma-cronica-do-escritor-alvaro-salgado\\\/#primaryimage\"},\"image\":{\"@id\":\"https:\\\/\\\/www.notibras.com\\\/site\\\/inspirado-em-uma-cronica-do-escritor-alvaro-salgado\\\/#primaryimage\"},\"thumbnailUrl\":\"https:\\\/\\\/www.notibras.com\\\/site\\\/wp-content\\\/uploads\\\/2026\\\/09\\\/WhatsApp-Image-2026-09-01-at-18.50.30.jpeg\",\"datePublished\":\"2026-09-02T04:15:46+00:00\",\"breadcrumb\":{\"@id\":\"https:\\\/\\\/www.notibras.com\\\/site\\\/inspirado-em-uma-cronica-do-escritor-alvaro-salgado\\\/#breadcrumb\"},\"inLanguage\":\"pt-BR\",\"potentialAction\":[{\"@type\":\"ReadAction\",\"target\":[\"https:\\\/\\\/www.notibras.com\\\/site\\\/inspirado-em-uma-cronica-do-escritor-alvaro-salgado\\\/\"]}]},{\"@type\":\"ImageObject\",\"inLanguage\":\"pt-BR\",\"@id\":\"https:\\\/\\\/www.notibras.com\\\/site\\\/inspirado-em-uma-cronica-do-escritor-alvaro-salgado\\\/#primaryimage\",\"url\":\"https:\\\/\\\/www.notibras.com\\\/site\\\/wp-content\\\/uploads\\\/2026\\\/09\\\/WhatsApp-Image-2026-09-01-at-18.50.30.jpeg\",\"contentUrl\":\"https:\\\/\\\/www.notibras.com\\\/site\\\/wp-content\\\/uploads\\\/2026\\\/09\\\/WhatsApp-Image-2026-09-01-at-18.50.30.jpeg\",\"width\":1280,\"height\":853},{\"@type\":\"BreadcrumbList\",\"@id\":\"https:\\\/\\\/www.notibras.com\\\/site\\\/inspirado-em-uma-cronica-do-escritor-alvaro-salgado\\\/#breadcrumb\",\"itemListElement\":[{\"@type\":\"ListItem\",\"position\":1,\"name\":\"In\u00edcio\",\"item\":\"https:\\\/\\\/www.notibras.com\\\/site\\\/\"},{\"@type\":\"ListItem\",\"position\":2,\"name\":\"Inspirado em uma cr\u00f4nica do escritor \u00c1lvaro Salgado\"}]},{\"@type\":\"WebSite\",\"@id\":\"https:\\\/\\\/www.notibras.com\\\/site\\\/#website\",\"url\":\"https:\\\/\\\/www.notibras.com\\\/site\\\/\",\"name\":\"Notibras\",\"description\":\"Not\u00edcias de Bras\u00edlia, do Brasil e do Mundo\",\"publisher\":{\"@id\":\"https:\\\/\\\/www.notibras.com\\\/site\\\/#organization\"},\"potentialAction\":[{\"@type\":\"SearchAction\",\"target\":{\"@type\":\"EntryPoint\",\"urlTemplate\":\"https:\\\/\\\/www.notibras.com\\\/site\\\/?s={search_term_string}\"},\"query-input\":{\"@type\":\"PropertyValueSpecification\",\"valueRequired\":true,\"valueName\":\"search_term_string\"}}],\"inLanguage\":\"pt-BR\"},{\"@type\":\"Organization\",\"@id\":\"https:\\\/\\\/www.notibras.com\\\/site\\\/#organization\",\"name\":\"Grupo Notibras de Comunica\u00e7\u00e3o\",\"url\":\"https:\\\/\\\/www.notibras.com\\\/site\\\/\",\"logo\":{\"@type\":\"ImageObject\",\"inLanguage\":\"pt-BR\",\"@id\":\"https:\\\/\\\/www.notibras.com\\\/site\\\/#\\\/schema\\\/logo\\\/image\\\/\",\"url\":\"https:\\\/\\\/www.notibras.com\\\/site\\\/wp-content\\\/uploads\\\/2023\\\/01\\\/notibras23.png\",\"contentUrl\":\"https:\\\/\\\/www.notibras.com\\\/site\\\/wp-content\\\/uploads\\\/2023\\\/01\\\/notibras23.png\",\"width\":350,\"height\":87,\"caption\":\"Grupo Notibras de Comunica\u00e7\u00e3o\"},\"image\":{\"@id\":\"https:\\\/\\\/www.notibras.com\\\/site\\\/#\\\/schema\\\/logo\\\/image\\\/\"},\"sameAs\":[\"https:\\\/\\\/www.facebook.com\\\/notibras\\\/\",\"https:\\\/\\\/x.com\\\/Notibras\",\"https:\\\/\\\/www.instagram.com\\\/notibras\\\/\"]},{\"@type\":\"Person\",\"@id\":\"https:\\\/\\\/www.notibras.com\\\/site\\\/#\\\/schema\\\/person\\\/5b7fabf2aedc3ada2105f03b22b4d3dd\",\"name\":\"Eduardo Mart\u00ednez\",\"image\":{\"@type\":\"ImageObject\",\"inLanguage\":\"pt-BR\",\"@id\":\"https:\\\/\\\/secure.gravatar.com\\\/avatar\\\/7902f906289926289cbcda644b5197c796b893c6ffd7b9a536a42d290f7704a0?s=96&d=mm&r=g\",\"url\":\"https:\\\/\\\/secure.gravatar.com\\\/avatar\\\/7902f906289926289cbcda644b5197c796b893c6ffd7b9a536a42d290f7704a0?s=96&d=mm&r=g\",\"contentUrl\":\"https:\\\/\\\/secure.gravatar.com\\\/avatar\\\/7902f906289926289cbcda644b5197c796b893c6ffd7b9a536a42d290f7704a0?s=96&d=mm&r=g\",\"caption\":\"Eduardo Mart\u00ednez\"}}]}<\/script>\n<!-- \/ Yoast SEO plugin. -->","yoast_head_json":{"title":"Inspirado em uma cr\u00f4nica do escritor \u00c1lvaro Salgado - Notibras","robots":{"index":"index","follow":"follow","max-snippet":"max-snippet:-1","max-image-preview":"max-image-preview:large","max-video-preview":"max-video-preview:-1"},"canonical":"https:\/\/www.notibras.com\/site\/inspirado-em-uma-cronica-do-escritor-alvaro-salgado\/","og_locale":"pt_BR","og_type":"article","og_title":"Inspirado em uma cr\u00f4nica do escritor \u00c1lvaro Salgado - Notibras","og_description":"No in\u00edcio era o Verbo, mas o Substantivo pintou logo depois. E, para os moleques de Niter\u00f3i, um dos mais belos era o substantivo cafifa. Comecei este texto com uma par\u00e1frase b\u00edblica, sigo com outra (a rigor, n\u00e3o uma par\u00e1frase, antes uma explica\u00e7\u00e3o), referida em Ju\u00edzes, 12:6. Houve um conflito armado entre os efraimitas, da [&hellip;]","og_url":"https:\/\/www.notibras.com\/site\/inspirado-em-uma-cronica-do-escritor-alvaro-salgado\/","og_site_name":"Notibras","article_publisher":"https:\/\/www.facebook.com\/notibras\/","article_published_time":"2026-09-02T04:15:46+00:00","og_image":[{"width":1280,"height":853,"url":"https:\/\/www.notibras.com\/site\/wp-content\/uploads\/2026\/09\/WhatsApp-Image-2026-09-01-at-18.50.30.jpeg","type":"image\/jpeg"}],"author":"Eduardo Mart\u00ednez","twitter_card":"summary_large_image","twitter_creator":"@Notibras","twitter_site":"@Notibras","twitter_misc":{"Escrito por":"Eduardo Mart\u00ednez","Est. tempo de leitura":"3 minutos"},"schema":{"@context":"https:\/\/schema.org","@graph":[{"@type":"Article","@id":"https:\/\/www.notibras.com\/site\/inspirado-em-uma-cronica-do-escritor-alvaro-salgado\/#article","isPartOf":{"@id":"https:\/\/www.notibras.com\/site\/inspirado-em-uma-cronica-do-escritor-alvaro-salgado\/"},"author":{"name":"Eduardo Mart\u00ednez","@id":"https:\/\/www.notibras.com\/site\/#\/schema\/person\/5b7fabf2aedc3ada2105f03b22b4d3dd"},"headline":"Inspirado em uma cr\u00f4nica do escritor \u00c1lvaro Salgado","datePublished":"2026-09-02T04:15:46+00:00","mainEntityOfPage":{"@id":"https:\/\/www.notibras.com\/site\/inspirado-em-uma-cronica-do-escritor-alvaro-salgado\/"},"wordCount":498,"publisher":{"@id":"https:\/\/www.notibras.com\/site\/#organization"},"image":{"@id":"https:\/\/www.notibras.com\/site\/inspirado-em-uma-cronica-do-escritor-alvaro-salgado\/#primaryimage"},"thumbnailUrl":"https:\/\/www.notibras.com\/site\/wp-content\/uploads\/2026\/09\/WhatsApp-Image-2026-09-01-at-18.50.30.jpeg","articleSection":["Caf\u00e9 Liter\u00e1rio"],"inLanguage":"pt-BR"},{"@type":"WebPage","@id":"https:\/\/www.notibras.com\/site\/inspirado-em-uma-cronica-do-escritor-alvaro-salgado\/","url":"https:\/\/www.notibras.com\/site\/inspirado-em-uma-cronica-do-escritor-alvaro-salgado\/","name":"Inspirado em uma cr\u00f4nica do escritor \u00c1lvaro Salgado - Notibras","isPartOf":{"@id":"https:\/\/www.notibras.com\/site\/#website"},"primaryImageOfPage":{"@id":"https:\/\/www.notibras.com\/site\/inspirado-em-uma-cronica-do-escritor-alvaro-salgado\/#primaryimage"},"image":{"@id":"https:\/\/www.notibras.com\/site\/inspirado-em-uma-cronica-do-escritor-alvaro-salgado\/#primaryimage"},"thumbnailUrl":"https:\/\/www.notibras.com\/site\/wp-content\/uploads\/2026\/09\/WhatsApp-Image-2026-09-01-at-18.50.30.jpeg","datePublished":"2026-09-02T04:15:46+00:00","breadcrumb":{"@id":"https:\/\/www.notibras.com\/site\/inspirado-em-uma-cronica-do-escritor-alvaro-salgado\/#breadcrumb"},"inLanguage":"pt-BR","potentialAction":[{"@type":"ReadAction","target":["https:\/\/www.notibras.com\/site\/inspirado-em-uma-cronica-do-escritor-alvaro-salgado\/"]}]},{"@type":"ImageObject","inLanguage":"pt-BR","@id":"https:\/\/www.notibras.com\/site\/inspirado-em-uma-cronica-do-escritor-alvaro-salgado\/#primaryimage","url":"https:\/\/www.notibras.com\/site\/wp-content\/uploads\/2026\/09\/WhatsApp-Image-2026-09-01-at-18.50.30.jpeg","contentUrl":"https:\/\/www.notibras.com\/site\/wp-content\/uploads\/2026\/09\/WhatsApp-Image-2026-09-01-at-18.50.30.jpeg","width":1280,"height":853},{"@type":"BreadcrumbList","@id":"https:\/\/www.notibras.com\/site\/inspirado-em-uma-cronica-do-escritor-alvaro-salgado\/#breadcrumb","itemListElement":[{"@type":"ListItem","position":1,"name":"In\u00edcio","item":"https:\/\/www.notibras.com\/site\/"},{"@type":"ListItem","position":2,"name":"Inspirado em uma cr\u00f4nica do escritor \u00c1lvaro Salgado"}]},{"@type":"WebSite","@id":"https:\/\/www.notibras.com\/site\/#website","url":"https:\/\/www.notibras.com\/site\/","name":"Notibras","description":"Not\u00edcias de Bras\u00edlia, do Brasil e do Mundo","publisher":{"@id":"https:\/\/www.notibras.com\/site\/#organization"},"potentialAction":[{"@type":"SearchAction","target":{"@type":"EntryPoint","urlTemplate":"https:\/\/www.notibras.com\/site\/?s={search_term_string}"},"query-input":{"@type":"PropertyValueSpecification","valueRequired":true,"valueName":"search_term_string"}}],"inLanguage":"pt-BR"},{"@type":"Organization","@id":"https:\/\/www.notibras.com\/site\/#organization","name":"Grupo Notibras de Comunica\u00e7\u00e3o","url":"https:\/\/www.notibras.com\/site\/","logo":{"@type":"ImageObject","inLanguage":"pt-BR","@id":"https:\/\/www.notibras.com\/site\/#\/schema\/logo\/image\/","url":"https:\/\/www.notibras.com\/site\/wp-content\/uploads\/2023\/01\/notibras23.png","contentUrl":"https:\/\/www.notibras.com\/site\/wp-content\/uploads\/2023\/01\/notibras23.png","width":350,"height":87,"caption":"Grupo Notibras de Comunica\u00e7\u00e3o"},"image":{"@id":"https:\/\/www.notibras.com\/site\/#\/schema\/logo\/image\/"},"sameAs":["https:\/\/www.facebook.com\/notibras\/","https:\/\/x.com\/Notibras","https:\/\/www.instagram.com\/notibras\/"]},{"@type":"Person","@id":"https:\/\/www.notibras.com\/site\/#\/schema\/person\/5b7fabf2aedc3ada2105f03b22b4d3dd","name":"Eduardo Mart\u00ednez","image":{"@type":"ImageObject","inLanguage":"pt-BR","@id":"https:\/\/secure.gravatar.com\/avatar\/7902f906289926289cbcda644b5197c796b893c6ffd7b9a536a42d290f7704a0?s=96&d=mm&r=g","url":"https:\/\/secure.gravatar.com\/avatar\/7902f906289926289cbcda644b5197c796b893c6ffd7b9a536a42d290f7704a0?s=96&d=mm&r=g","contentUrl":"https:\/\/secure.gravatar.com\/avatar\/7902f906289926289cbcda644b5197c796b893c6ffd7b9a536a42d290f7704a0?s=96&d=mm&r=g","caption":"Eduardo Mart\u00ednez"}}]}},"_links":{"self":[{"href":"https:\/\/www.notibras.com\/site\/wp-json\/wp\/v2\/posts\/408913","targetHints":{"allow":["GET"]}}],"collection":[{"href":"https:\/\/www.notibras.com\/site\/wp-json\/wp\/v2\/posts"}],"about":[{"href":"https:\/\/www.notibras.com\/site\/wp-json\/wp\/v2\/types\/post"}],"author":[{"embeddable":true,"href":"https:\/\/www.notibras.com\/site\/wp-json\/wp\/v2\/users\/21"}],"replies":[{"embeddable":true,"href":"https:\/\/www.notibras.com\/site\/wp-json\/wp\/v2\/comments?post=408913"}],"version-history":[{"count":1,"href":"https:\/\/www.notibras.com\/site\/wp-json\/wp\/v2\/posts\/408913\/revisions"}],"predecessor-version":[{"id":408915,"href":"https:\/\/www.notibras.com\/site\/wp-json\/wp\/v2\/posts\/408913\/revisions\/408915"}],"wp:featuredmedia":[{"embeddable":true,"href":"https:\/\/www.notibras.com\/site\/wp-json\/wp\/v2\/media\/408914"}],"wp:attachment":[{"href":"https:\/\/www.notibras.com\/site\/wp-json\/wp\/v2\/media?parent=408913"}],"wp:term":[{"taxonomy":"category","embeddable":true,"href":"https:\/\/www.notibras.com\/site\/wp-json\/wp\/v2\/categories?post=408913"},{"taxonomy":"post_tag","embeddable":true,"href":"https:\/\/www.notibras.com\/site\/wp-json\/wp\/v2\/tags?post=408913"},{"taxonomy":"tmauthors","embeddable":true,"href":"https:\/\/www.notibras.com\/site\/wp-json\/wp\/v2\/tmauthors?post=408913"}],"curies":[{"name":"wp","href":"https:\/\/api.w.org\/{rel}","templated":true}]}}