{"id":408916,"date":"2026-09-01T18:21:50","date_gmt":"2026-09-01T21:21:50","guid":{"rendered":"https:\/\/www.notibras.com\/site\/?p=408916"},"modified":"2026-09-01T19:27:11","modified_gmt":"2026-09-01T22:27:11","slug":"toffoli-recua-e-renan-abre-cofre-eleitoral","status":"publish","type":"post","link":"https:\/\/www.notibras.com\/site\/toffoli-recua-e-renan-abre-cofre-eleitoral\/","title":{"rendered":"Toffoli recua e Renan abre cofre Eleitoral"},"content":{"rendered":"<p class=\"isSelectedEnd\">Dias Toffoli \u00e9 o mais novo p\u00eandulo com gabinete nas Cortes Superiores. Essa defini\u00e7\u00e3o, de um pr\u00f3cer pol\u00edtico que circula livremente pelos sal\u00f5es acarpetados da Pra\u00e7a dos Tr\u00eas Poderes, foi dada no final da tarde desta ter\u00e7a, 1, ap\u00f3s decis\u00e3o do ministro do TSE e do STF de revogar seus atos impeditivos da candidatura de Renan Santos (Miss\u00e3o) ao Pal\u00e1cio do Planalto. Lembrou-se, a prop\u00f3sito, que h\u00e1 decis\u00f5es judiciais que atravessam d\u00e9cadas, outras que sobrevivem alguns anos e algumas que resistem meses. A de Dias Toffoli contra Renan Santos n\u00e3o conseguiu chegar inteira \u00e0 ter\u00e7a-feira.<\/p>\n<p class=\"isSelectedEnd\">Nasceu no domingo com m\u00fasculos de Sans\u00e3o e, menos de 48 horas depois, j\u00e1 estava procurando uma tesoura para cortar os pr\u00f3prios cabelos. O ministro havia praticamente retirado o candidato do Miss\u00e3o da pra\u00e7a p\u00fablica digital. Mandou suspender propaganda nas redes, fechou a torneira do Fundo Eleitoral e barrou Renan de debates, entrevistas e sabatinas. A origem da pancada estava na informa\u00e7\u00e3o tardia de perfis utilizados pela campanha. Eram exatas 16 contas acrescentadas ao processo 12 dias depois do registro da candidatura. Para Toffoli, a irregularidade poderia representar vantagem indevida no ambiente digital e at\u00e9 ind\u00edcio de fraude \u00e0 legisla\u00e7\u00e3o eleitoral.<\/p>\n<p class=\"isSelectedEnd\">Era grave, segundo suposto entendimento do ministro; aparentemente grav\u00edssimo. S\u00f3 n\u00e3o era grave o suficiente para durar dois dias. Tanto, que\u00a0o mesmo Toffoli que apertara o bot\u00e3o vermelho resolveu apertar o verde. Liberou a propaganda eleitoral da chapa presidencial do Miss\u00e3o nos endere\u00e7os eletr\u00f4nicos j\u00e1 registrados no sistema da Justi\u00e7a Eleitoral, autorizou novamente os repasses e gastos com dinheiro do Fundo Eleitoral e devolveu a Renan Santos o direito de aparecer em debates de r\u00e1dio, televis\u00e3o, podcasts e outros meios de comunica\u00e7\u00e3o.<\/p>\n<p class=\"isSelectedEnd\">As plataformas receberam ainda uma ordem digna da era do delivery: duas horas para colocar de volta no ar os perfis autorizados. Pensando aqui com meus bot\u00f5es, \u00e9 quase poss\u00edvel imaginar o cron\u00f4metro correndo sobre a mesa. Domingo, tirem do ar; ter\u00e7a-feira: coloquem no ar\u00a0r\u00e1pido.<\/p>\n<p class=\"isSelectedEnd\">O epis\u00f3dio merece uma discuss\u00e3o muito maior do que simpatizar ou n\u00e3o com Renan Santos. Ali\u00e1s, o candidato \u00e9 quase personagem secund\u00e1rio nessa hist\u00f3ria. O que est\u00e1 em jogo \u00e9 a dimens\u00e3o do poder que a Justi\u00e7a Eleitoral passou a exercer sobre a pr\u00f3pria circula\u00e7\u00e3o das candidaturas numa elei\u00e7\u00e3o presidencial.<\/p>\n<p class=\"isSelectedEnd\">Porque uma coisa \u00e9 punir irregularidades comprovadas. Outra, muito diferente, \u00e9 impedir um candidato \u00e0 Presid\u00eancia da Rep\u00fablica de participar de debates, restringir sua comunica\u00e7\u00e3o com o eleitor e fechar a torneira dos recursos p\u00fablicos de campanha por meio de uma cautelar que, poucas horas depois, perde boa parte da raz\u00e3o para continuar existindo. Fica no ar a elementar pergunta sobre se as medidas podiam ser levantadas t\u00e3o rapidamente ou precisavam ter sido t\u00e3o amplas?<\/p>\n<p class=\"isSelectedEnd\">N\u00e3o se trata de dizer que Renan estava certo ao informar seus perfis fora do prazo. Regras eleitorais existem para ser cumpridas, inclusive por candidatos que pretendem governar um pa\u00eds de mais de 200 milh\u00f5es de habitantes. O problema \u00e9 outro. Diz respeito \u00e0 resposta do Estado que precisa guardar alguma rela\u00e7\u00e3o com a dimens\u00e3o da irregularidade investigada.<\/p>\n<p class=\"isSelectedEnd\">Porque suspender perfis \u00e9 uma coisa e impedir um presidenci\u00e1vel de participar de debates \u00e9 outra. Como bloquear o Fundo Eleitoral \u00e9 outra ainda, somadas, as tr\u00eas provid\u00eancias produziram algo pr\u00f3ximo de uma quarentena eleitoral decretada por decis\u00e3o monocr\u00e1tica.<\/p>\n<p class=\"isSelectedEnd\">Em casos assim habita o perigo. N\u00e3o porque o atingido se chama Renan Santos, que poderia chamar-se Lula, Fl\u00e1vio Bolsonaro, Ronaldo Caiado, Romeu Zema ou qualquer outro candidato. O ministro precisa entender que democracia n\u00e3o pode funcionar segundo a simpatia que o fregu\u00eas desperta ou que garantia democr\u00e1tica que s\u00f3 vale para quem pensamos como n\u00f3s tem outro nome.<\/p>\n<p class=\"isSelectedEnd\">A defesa de Renan reagiu e foi ao pr\u00f3prio TSE contra Toffoli, classificando as medidas como \u201cteratol\u00f3gicas\u201d e \u201cmanifestamente ilegais\u201d. Nesta ter\u00e7a-feira veio o recuo. A sequ\u00eancia cronol\u00f3gica, por si s\u00f3, \u00e9 desconfort\u00e1vel, pois vem no rabo de uma decis\u00e3o devastadora no domingo, com recurso na segunda e rea\u00e7\u00e3o pol\u00edtica, revis\u00e3o substancial na ter\u00e7a-feira.<\/p>\n<p class=\"isSelectedEnd\">Toffoli apresentou uma justificativa t\u00e9cnica. Segundo ele, as dilig\u00eancias determinadas haviam cumprido sua finalidade: informa\u00e7\u00f5es foram preservadas, conte\u00fados recolhidos, dados fornecidos e mais de mil p\u00e1ginas de material reunidas pela estrutura t\u00e9cnica da Justi\u00e7a Eleitoral.<\/p>\n<p class=\"isSelectedEnd\">At\u00e9 a\u00ed, \u00f3timo. Mas isso conduz inevitavelmente \u00e0 pergunta seguinte. Era necess\u00e1rio desligar eleitoralmente um candidato para fazer isso? Porque, convenhamos, estamos falando de elei\u00e7\u00e3o presidencial, n\u00e3o de uma reuni\u00e3o de condom\u00ednio em que algu\u00e9m esqueceu de entregar a lista dos convidados.<\/p>\n<p class=\"isSelectedEnd\">Faltam poucas semanas para o primeiro turno. Dois dias numa campanha presidencial n\u00e3o s\u00e3o dois dias comuns. S\u00e3o entrevistas perdidas, conte\u00fados interrompidos, circula\u00e7\u00e3o digital comprometida, arrecada\u00e7\u00e3o afetada e uma manchete devastadora espalhada pelo pa\u00eds inteiro.<\/p>\n<p class=\"isSelectedEnd\">E h\u00e1 algo &#8211; o tempo -, que nenhuma decis\u00e3o posterior consegue restabelecer em duas horas. Pode-se devolver o Instagram, \u00a0o YouTube, autorizar \u00a0o candidato a sentar novamente diante das c\u00e2meras e at\u00e9 mesmo reabrir os cofres do Fundo Eleitoral.<\/p>\n<p class=\"isSelectedEnd\">Por\u00e9m, ningu\u00e9m devolve as horas de campanha que ficaram pelo caminho. Talvez por isso o epis\u00f3dio deva servir menos para canonizar Renan Santos e mais para refletir sobre os limites do poder Judici\u00e1rio numa elei\u00e7\u00e3o.<\/p>\n<p class=\"isSelectedEnd\">Juiz eleitoral n\u00e3o escolhe candidato, n\u00e3o administra campanha, n\u00e3o mede conveni\u00eancia pol\u00edtica. Sua miss\u00e3o \u00e9 fazer cumprir a lei e garantir que todos disputem sob regras iguais. E quanto maior o poder de interven\u00e7\u00e3o, maior precisa ser a prud\u00eancia, principalmente quando uma canetada pode retirar um candidato das redes sociais, dos debates e do financiamento eleitoral antes mesmo de uma decis\u00e3o definitiva sobre a irregularidade investigada.<\/p>\n<p class=\"isSelectedEnd\">Nesta ter\u00e7a-feira, Toffoli devolveu a Renan boa parte daquilo que havia retirado no domingo. Os perfis registrados devem voltar, embora permane\u00e7am fora dos mecanismos de recomenda\u00e7\u00e3o das plataformas. A Procuradoria-Geral Eleitoral ainda poder\u00e1 se manifestar, e a discuss\u00e3o sobre o registro da candidatura n\u00e3o terminou. Portanto, o processo continua, mas a cicatriz institucional fica.<\/p>\n<p class=\"isSelectedEnd\">Num pa\u00eds que passou anos discutindo os limites entre pol\u00edtica e Justi\u00e7a, seria saud\u00e1vel que as institui\u00e7\u00f5es n\u00e3o oferecessem combust\u00edvel gratuito \u00e0 desconfian\u00e7a. Renan Santos ganhou de volta as redes, os debates e novamente acesso ao dinheiro p\u00fablico destinado \u00e0 campanha.<\/p>\n<p class=\"isSelectedEnd\">Toffoli, por\u00e9m, deixou no ar uma pergunta que talvez seja mais importante do que todas essas decis\u00f5es juntas. Se na ter\u00e7a-feira era poss\u00edvel devolver quase tudo, por que no domingo foi necess\u00e1rio tirar quase tudo? A democracia brasileira merece uma resposta., de prefer\u00eancia, uma que dure mais de 48 horas. De minha parte, desejaria saber quanto tem no cofre do Fundo Eleitoral do Miss\u00e3o.<\/p>\n<p>&#8230;&#8230;&#8230;.<\/p>\n<p><strong>Jos\u00e9 Seabra \u00e9 CEO fundador de Notibras<\/strong><\/p>\n","protected":false},"excerpt":{"rendered":"<p>Dias Toffoli \u00e9 o mais novo p\u00eandulo com gabinete nas Cortes Superiores. Essa defini\u00e7\u00e3o, de um pr\u00f3cer pol\u00edtico que circula livremente pelos sal\u00f5es acarpetados da Pra\u00e7a dos Tr\u00eas Poderes, foi dada no final da tarde desta ter\u00e7a, 1, ap\u00f3s decis\u00e3o do ministro do TSE e do STF de revogar seus atos impeditivos da candidatura de [&hellip;]<\/p>\n","protected":false},"author":2,"featured_media":408917,"comment_status":"closed","ping_status":"closed","sticky":false,"template":"","format":"standard","meta":{"_acf_changed":false,"footnotes":""},"categories":[16],"tags":[95],"tmauthors":[307],"class_list":["post-408916","post","type-post","status-publish","format-standard","has-post-thumbnail","category-brasil","tag-capa"],"acf":[],"yoast_head":"<!-- This site is optimized with the Yoast SEO plugin v28.0 - https:\/\/yoast.com\/product\/yoast-seo-wordpress\/ -->\n<title>Toffoli recua e Renan abre cofre Eleitoral - Notibras<\/title>\n<meta name=\"robots\" content=\"index, follow, max-snippet:-1, max-image-preview:large, max-video-preview:-1\" \/>\n<link rel=\"canonical\" href=\"https:\/\/www.notibras.com\/site\/toffoli-recua-e-renan-abre-cofre-eleitoral\/\" \/>\n<meta property=\"og:locale\" content=\"pt_BR\" \/>\n<meta property=\"og:type\" content=\"article\" \/>\n<meta property=\"og:title\" content=\"Toffoli recua e Renan abre cofre Eleitoral - Notibras\" \/>\n<meta property=\"og:description\" content=\"Dias Toffoli \u00e9 o mais novo p\u00eandulo com gabinete nas Cortes Superiores. Essa defini\u00e7\u00e3o, de um pr\u00f3cer pol\u00edtico que circula livremente pelos sal\u00f5es acarpetados da Pra\u00e7a dos Tr\u00eas Poderes, foi dada no final da tarde desta ter\u00e7a, 1, ap\u00f3s decis\u00e3o do ministro do TSE e do STF de revogar seus atos impeditivos da candidatura de [&hellip;]\" \/>\n<meta property=\"og:url\" content=\"https:\/\/www.notibras.com\/site\/toffoli-recua-e-renan-abre-cofre-eleitoral\/\" \/>\n<meta property=\"og:site_name\" content=\"Notibras\" \/>\n<meta property=\"article:publisher\" content=\"https:\/\/www.facebook.com\/notibras\/\" \/>\n<meta property=\"article:published_time\" content=\"2026-09-01T21:21:50+00:00\" \/>\n<meta property=\"article:modified_time\" content=\"2026-09-01T22:27:11+00:00\" \/>\n<meta name=\"author\" content=\"Reda\u00e7\u00e3o\" \/>\n<meta name=\"twitter:card\" content=\"summary_large_image\" \/>\n<meta name=\"twitter:creator\" content=\"@Notibras\" \/>\n<meta name=\"twitter:site\" content=\"@Notibras\" \/>\n<meta name=\"twitter:label1\" content=\"Escrito por\" \/>\n\t<meta name=\"twitter:data1\" content=\"Reda\u00e7\u00e3o\" \/>\n\t<meta name=\"twitter:label2\" content=\"Est. tempo de leitura\" \/>\n\t<meta name=\"twitter:data2\" content=\"7 minutos\" \/>\n<script type=\"application\/ld+json\" class=\"yoast-schema-graph\">{\"@context\":\"https:\\\/\\\/schema.org\",\"@graph\":[{\"@type\":\"Article\",\"@id\":\"https:\\\/\\\/www.notibras.com\\\/site\\\/toffoli-recua-e-renan-abre-cofre-eleitoral\\\/#article\",\"isPartOf\":{\"@id\":\"https:\\\/\\\/www.notibras.com\\\/site\\\/toffoli-recua-e-renan-abre-cofre-eleitoral\\\/\"},\"author\":{\"name\":\"Reda\u00e7\u00e3o\",\"@id\":\"https:\\\/\\\/www.notibras.com\\\/site\\\/#\\\/schema\\\/person\\\/36ab0979449956132d3e5b517ea76ac8\"},\"headline\":\"Toffoli recua e Renan abre cofre Eleitoral\",\"datePublished\":\"2026-09-01T21:21:50+00:00\",\"dateModified\":\"2026-09-01T22:27:11+00:00\",\"mainEntityOfPage\":{\"@id\":\"https:\\\/\\\/www.notibras.com\\\/site\\\/toffoli-recua-e-renan-abre-cofre-eleitoral\\\/\"},\"wordCount\":1204,\"publisher\":{\"@id\":\"https:\\\/\\\/www.notibras.com\\\/site\\\/#organization\"},\"image\":{\"@id\":\"https:\\\/\\\/www.notibras.com\\\/site\\\/toffoli-recua-e-renan-abre-cofre-eleitoral\\\/#primaryimage\"},\"thumbnailUrl\":\"https:\\\/\\\/www.notibras.com\\\/site\\\/wp-content\\\/uploads\\\/2026\\\/09\\\/renan.pr_.avif\",\"keywords\":[\"capa\"],\"articleSection\":[\"Brasil\"],\"inLanguage\":\"pt-BR\"},{\"@type\":\"WebPage\",\"@id\":\"https:\\\/\\\/www.notibras.com\\\/site\\\/toffoli-recua-e-renan-abre-cofre-eleitoral\\\/\",\"url\":\"https:\\\/\\\/www.notibras.com\\\/site\\\/toffoli-recua-e-renan-abre-cofre-eleitoral\\\/\",\"name\":\"Toffoli recua e Renan abre cofre Eleitoral - Notibras\",\"isPartOf\":{\"@id\":\"https:\\\/\\\/www.notibras.com\\\/site\\\/#website\"},\"primaryImageOfPage\":{\"@id\":\"https:\\\/\\\/www.notibras.com\\\/site\\\/toffoli-recua-e-renan-abre-cofre-eleitoral\\\/#primaryimage\"},\"image\":{\"@id\":\"https:\\\/\\\/www.notibras.com\\\/site\\\/toffoli-recua-e-renan-abre-cofre-eleitoral\\\/#primaryimage\"},\"thumbnailUrl\":\"https:\\\/\\\/www.notibras.com\\\/site\\\/wp-content\\\/uploads\\\/2026\\\/09\\\/renan.pr_.avif\",\"datePublished\":\"2026-09-01T21:21:50+00:00\",\"dateModified\":\"2026-09-01T22:27:11+00:00\",\"breadcrumb\":{\"@id\":\"https:\\\/\\\/www.notibras.com\\\/site\\\/toffoli-recua-e-renan-abre-cofre-eleitoral\\\/#breadcrumb\"},\"inLanguage\":\"pt-BR\",\"potentialAction\":[{\"@type\":\"ReadAction\",\"target\":[\"https:\\\/\\\/www.notibras.com\\\/site\\\/toffoli-recua-e-renan-abre-cofre-eleitoral\\\/\"]}]},{\"@type\":\"ImageObject\",\"inLanguage\":\"pt-BR\",\"@id\":\"https:\\\/\\\/www.notibras.com\\\/site\\\/toffoli-recua-e-renan-abre-cofre-eleitoral\\\/#primaryimage\",\"url\":\"https:\\\/\\\/www.notibras.com\\\/site\\\/wp-content\\\/uploads\\\/2026\\\/09\\\/renan.pr_.avif\",\"contentUrl\":\"https:\\\/\\\/www.notibras.com\\\/site\\\/wp-content\\\/uploads\\\/2026\\\/09\\\/renan.pr_.avif\",\"width\":984,\"height\":656},{\"@type\":\"BreadcrumbList\",\"@id\":\"https:\\\/\\\/www.notibras.com\\\/site\\\/toffoli-recua-e-renan-abre-cofre-eleitoral\\\/#breadcrumb\",\"itemListElement\":[{\"@type\":\"ListItem\",\"position\":1,\"name\":\"In\u00edcio\",\"item\":\"https:\\\/\\\/www.notibras.com\\\/site\\\/\"},{\"@type\":\"ListItem\",\"position\":2,\"name\":\"Toffoli recua e Renan abre cofre Eleitoral\"}]},{\"@type\":\"WebSite\",\"@id\":\"https:\\\/\\\/www.notibras.com\\\/site\\\/#website\",\"url\":\"https:\\\/\\\/www.notibras.com\\\/site\\\/\",\"name\":\"Notibras\",\"description\":\"Not\u00edcias de Bras\u00edlia, do Brasil e do Mundo\",\"publisher\":{\"@id\":\"https:\\\/\\\/www.notibras.com\\\/site\\\/#organization\"},\"potentialAction\":[{\"@type\":\"SearchAction\",\"target\":{\"@type\":\"EntryPoint\",\"urlTemplate\":\"https:\\\/\\\/www.notibras.com\\\/site\\\/?s={search_term_string}\"},\"query-input\":{\"@type\":\"PropertyValueSpecification\",\"valueRequired\":true,\"valueName\":\"search_term_string\"}}],\"inLanguage\":\"pt-BR\"},{\"@type\":\"Organization\",\"@id\":\"https:\\\/\\\/www.notibras.com\\\/site\\\/#organization\",\"name\":\"Grupo Notibras de Comunica\u00e7\u00e3o\",\"url\":\"https:\\\/\\\/www.notibras.com\\\/site\\\/\",\"logo\":{\"@type\":\"ImageObject\",\"inLanguage\":\"pt-BR\",\"@id\":\"https:\\\/\\\/www.notibras.com\\\/site\\\/#\\\/schema\\\/logo\\\/image\\\/\",\"url\":\"https:\\\/\\\/www.notibras.com\\\/site\\\/wp-content\\\/uploads\\\/2023\\\/01\\\/notibras23.png\",\"contentUrl\":\"https:\\\/\\\/www.notibras.com\\\/site\\\/wp-content\\\/uploads\\\/2023\\\/01\\\/notibras23.png\",\"width\":350,\"height\":87,\"caption\":\"Grupo Notibras de Comunica\u00e7\u00e3o\"},\"image\":{\"@id\":\"https:\\\/\\\/www.notibras.com\\\/site\\\/#\\\/schema\\\/logo\\\/image\\\/\"},\"sameAs\":[\"https:\\\/\\\/www.facebook.com\\\/notibras\\\/\",\"https:\\\/\\\/x.com\\\/Notibras\",\"https:\\\/\\\/www.instagram.com\\\/notibras\\\/\"]},{\"@type\":\"Person\",\"@id\":\"https:\\\/\\\/www.notibras.com\\\/site\\\/#\\\/schema\\\/person\\\/36ab0979449956132d3e5b517ea76ac8\",\"name\":\"Reda\u00e7\u00e3o\",\"image\":{\"@type\":\"ImageObject\",\"inLanguage\":\"pt-BR\",\"@id\":\"https:\\\/\\\/secure.gravatar.com\\\/avatar\\\/e0a867bdedb85fd243eadf09663511f96fc81e0720a4a42581f334ad4303aa6b?s=96&d=mm&r=g\",\"url\":\"https:\\\/\\\/secure.gravatar.com\\\/avatar\\\/e0a867bdedb85fd243eadf09663511f96fc81e0720a4a42581f334ad4303aa6b?s=96&d=mm&r=g\",\"contentUrl\":\"https:\\\/\\\/secure.gravatar.com\\\/avatar\\\/e0a867bdedb85fd243eadf09663511f96fc81e0720a4a42581f334ad4303aa6b?s=96&d=mm&r=g\",\"caption\":\"Reda\u00e7\u00e3o\"}}]}<\/script>\n<!-- \/ Yoast SEO plugin. -->","yoast_head_json":{"title":"Toffoli recua e Renan abre cofre Eleitoral - Notibras","robots":{"index":"index","follow":"follow","max-snippet":"max-snippet:-1","max-image-preview":"max-image-preview:large","max-video-preview":"max-video-preview:-1"},"canonical":"https:\/\/www.notibras.com\/site\/toffoli-recua-e-renan-abre-cofre-eleitoral\/","og_locale":"pt_BR","og_type":"article","og_title":"Toffoli recua e Renan abre cofre Eleitoral - Notibras","og_description":"Dias Toffoli \u00e9 o mais novo p\u00eandulo com gabinete nas Cortes Superiores. Essa defini\u00e7\u00e3o, de um pr\u00f3cer pol\u00edtico que circula livremente pelos sal\u00f5es acarpetados da Pra\u00e7a dos Tr\u00eas Poderes, foi dada no final da tarde desta ter\u00e7a, 1, ap\u00f3s decis\u00e3o do ministro do TSE e do STF de revogar seus atos impeditivos da candidatura de [&hellip;]","og_url":"https:\/\/www.notibras.com\/site\/toffoli-recua-e-renan-abre-cofre-eleitoral\/","og_site_name":"Notibras","article_publisher":"https:\/\/www.facebook.com\/notibras\/","article_published_time":"2026-09-01T21:21:50+00:00","article_modified_time":"2026-09-01T22:27:11+00:00","author":"Reda\u00e7\u00e3o","twitter_card":"summary_large_image","twitter_creator":"@Notibras","twitter_site":"@Notibras","twitter_misc":{"Escrito por":"Reda\u00e7\u00e3o","Est. tempo de leitura":"7 minutos"},"schema":{"@context":"https:\/\/schema.org","@graph":[{"@type":"Article","@id":"https:\/\/www.notibras.com\/site\/toffoli-recua-e-renan-abre-cofre-eleitoral\/#article","isPartOf":{"@id":"https:\/\/www.notibras.com\/site\/toffoli-recua-e-renan-abre-cofre-eleitoral\/"},"author":{"name":"Reda\u00e7\u00e3o","@id":"https:\/\/www.notibras.com\/site\/#\/schema\/person\/36ab0979449956132d3e5b517ea76ac8"},"headline":"Toffoli recua e Renan abre cofre Eleitoral","datePublished":"2026-09-01T21:21:50+00:00","dateModified":"2026-09-01T22:27:11+00:00","mainEntityOfPage":{"@id":"https:\/\/www.notibras.com\/site\/toffoli-recua-e-renan-abre-cofre-eleitoral\/"},"wordCount":1204,"publisher":{"@id":"https:\/\/www.notibras.com\/site\/#organization"},"image":{"@id":"https:\/\/www.notibras.com\/site\/toffoli-recua-e-renan-abre-cofre-eleitoral\/#primaryimage"},"thumbnailUrl":"https:\/\/www.notibras.com\/site\/wp-content\/uploads\/2026\/09\/renan.pr_.avif","keywords":["capa"],"articleSection":["Brasil"],"inLanguage":"pt-BR"},{"@type":"WebPage","@id":"https:\/\/www.notibras.com\/site\/toffoli-recua-e-renan-abre-cofre-eleitoral\/","url":"https:\/\/www.notibras.com\/site\/toffoli-recua-e-renan-abre-cofre-eleitoral\/","name":"Toffoli recua e Renan abre cofre Eleitoral - Notibras","isPartOf":{"@id":"https:\/\/www.notibras.com\/site\/#website"},"primaryImageOfPage":{"@id":"https:\/\/www.notibras.com\/site\/toffoli-recua-e-renan-abre-cofre-eleitoral\/#primaryimage"},"image":{"@id":"https:\/\/www.notibras.com\/site\/toffoli-recua-e-renan-abre-cofre-eleitoral\/#primaryimage"},"thumbnailUrl":"https:\/\/www.notibras.com\/site\/wp-content\/uploads\/2026\/09\/renan.pr_.avif","datePublished":"2026-09-01T21:21:50+00:00","dateModified":"2026-09-01T22:27:11+00:00","breadcrumb":{"@id":"https:\/\/www.notibras.com\/site\/toffoli-recua-e-renan-abre-cofre-eleitoral\/#breadcrumb"},"inLanguage":"pt-BR","potentialAction":[{"@type":"ReadAction","target":["https:\/\/www.notibras.com\/site\/toffoli-recua-e-renan-abre-cofre-eleitoral\/"]}]},{"@type":"ImageObject","inLanguage":"pt-BR","@id":"https:\/\/www.notibras.com\/site\/toffoli-recua-e-renan-abre-cofre-eleitoral\/#primaryimage","url":"https:\/\/www.notibras.com\/site\/wp-content\/uploads\/2026\/09\/renan.pr_.avif","contentUrl":"https:\/\/www.notibras.com\/site\/wp-content\/uploads\/2026\/09\/renan.pr_.avif","width":984,"height":656},{"@type":"BreadcrumbList","@id":"https:\/\/www.notibras.com\/site\/toffoli-recua-e-renan-abre-cofre-eleitoral\/#breadcrumb","itemListElement":[{"@type":"ListItem","position":1,"name":"In\u00edcio","item":"https:\/\/www.notibras.com\/site\/"},{"@type":"ListItem","position":2,"name":"Toffoli recua e Renan abre cofre Eleitoral"}]},{"@type":"WebSite","@id":"https:\/\/www.notibras.com\/site\/#website","url":"https:\/\/www.notibras.com\/site\/","name":"Notibras","description":"Not\u00edcias de Bras\u00edlia, do Brasil e do Mundo","publisher":{"@id":"https:\/\/www.notibras.com\/site\/#organization"},"potentialAction":[{"@type":"SearchAction","target":{"@type":"EntryPoint","urlTemplate":"https:\/\/www.notibras.com\/site\/?s={search_term_string}"},"query-input":{"@type":"PropertyValueSpecification","valueRequired":true,"valueName":"search_term_string"}}],"inLanguage":"pt-BR"},{"@type":"Organization","@id":"https:\/\/www.notibras.com\/site\/#organization","name":"Grupo Notibras de Comunica\u00e7\u00e3o","url":"https:\/\/www.notibras.com\/site\/","logo":{"@type":"ImageObject","inLanguage":"pt-BR","@id":"https:\/\/www.notibras.com\/site\/#\/schema\/logo\/image\/","url":"https:\/\/www.notibras.com\/site\/wp-content\/uploads\/2023\/01\/notibras23.png","contentUrl":"https:\/\/www.notibras.com\/site\/wp-content\/uploads\/2023\/01\/notibras23.png","width":350,"height":87,"caption":"Grupo Notibras de Comunica\u00e7\u00e3o"},"image":{"@id":"https:\/\/www.notibras.com\/site\/#\/schema\/logo\/image\/"},"sameAs":["https:\/\/www.facebook.com\/notibras\/","https:\/\/x.com\/Notibras","https:\/\/www.instagram.com\/notibras\/"]},{"@type":"Person","@id":"https:\/\/www.notibras.com\/site\/#\/schema\/person\/36ab0979449956132d3e5b517ea76ac8","name":"Reda\u00e7\u00e3o","image":{"@type":"ImageObject","inLanguage":"pt-BR","@id":"https:\/\/secure.gravatar.com\/avatar\/e0a867bdedb85fd243eadf09663511f96fc81e0720a4a42581f334ad4303aa6b?s=96&d=mm&r=g","url":"https:\/\/secure.gravatar.com\/avatar\/e0a867bdedb85fd243eadf09663511f96fc81e0720a4a42581f334ad4303aa6b?s=96&d=mm&r=g","contentUrl":"https:\/\/secure.gravatar.com\/avatar\/e0a867bdedb85fd243eadf09663511f96fc81e0720a4a42581f334ad4303aa6b?s=96&d=mm&r=g","caption":"Reda\u00e7\u00e3o"}}]}},"_links":{"self":[{"href":"https:\/\/www.notibras.com\/site\/wp-json\/wp\/v2\/posts\/408916","targetHints":{"allow":["GET"]}}],"collection":[{"href":"https:\/\/www.notibras.com\/site\/wp-json\/wp\/v2\/posts"}],"about":[{"href":"https:\/\/www.notibras.com\/site\/wp-json\/wp\/v2\/types\/post"}],"author":[{"embeddable":true,"href":"https:\/\/www.notibras.com\/site\/wp-json\/wp\/v2\/users\/2"}],"replies":[{"embeddable":true,"href":"https:\/\/www.notibras.com\/site\/wp-json\/wp\/v2\/comments?post=408916"}],"version-history":[{"count":2,"href":"https:\/\/www.notibras.com\/site\/wp-json\/wp\/v2\/posts\/408916\/revisions"}],"predecessor-version":[{"id":408927,"href":"https:\/\/www.notibras.com\/site\/wp-json\/wp\/v2\/posts\/408916\/revisions\/408927"}],"wp:featuredmedia":[{"embeddable":true,"href":"https:\/\/www.notibras.com\/site\/wp-json\/wp\/v2\/media\/408917"}],"wp:attachment":[{"href":"https:\/\/www.notibras.com\/site\/wp-json\/wp\/v2\/media?parent=408916"}],"wp:term":[{"taxonomy":"category","embeddable":true,"href":"https:\/\/www.notibras.com\/site\/wp-json\/wp\/v2\/categories?post=408916"},{"taxonomy":"post_tag","embeddable":true,"href":"https:\/\/www.notibras.com\/site\/wp-json\/wp\/v2\/tags?post=408916"},{"taxonomy":"tmauthors","embeddable":true,"href":"https:\/\/www.notibras.com\/site\/wp-json\/wp\/v2\/tmauthors?post=408916"}],"curies":[{"name":"wp","href":"https:\/\/api.w.org\/{rel}","templated":true}]}}