{"id":408918,"date":"2026-09-02T00:45:23","date_gmt":"2026-09-02T03:45:23","guid":{"rendered":"https:\/\/www.notibras.com\/site\/?p=408918"},"modified":"2026-09-01T19:02:22","modified_gmt":"2026-09-01T22:02:22","slug":"luz-e-sombra","status":"publish","type":"post","link":"https:\/\/www.notibras.com\/site\/luz-e-sombra\/","title":{"rendered":"Luz e sombra"},"content":{"rendered":"<p>L\u00e1, no \u00e2mago, vive algo.<br \/>\nMesmo quando no sono.<br \/>\nN\u00e3o mist\u00e9rio, mas enigma.<br \/>\nS\u00edmbolo que deriva em signo,<br \/>\nMas evanesce, nas buscas,<br \/>\nTanto a insist\u00eancia.<\/p>\n<p>Em geral, h\u00e1 conforto<br \/>\nNa entrega ao natural.<br \/>\nAinda assim, c\u00f3gitos despertos,<br \/>\nQuando nos deixamos.<\/p>\n<p>Na lat\u00eancia aut\u00f4mata,<br \/>\nQuem respira por mim?<br \/>\nEu sei por quem bate meu cora\u00e7\u00e3o.<br \/>\nMas, quando n\u00e3o sei de mim,<br \/>\nQuem o lateja?<\/p>\n<p>Admiro os irreflexos.<br \/>\nFlores n\u00e3o se embara\u00e7am.<br \/>\nN\u00f3s \u00e9 que as pensamos,<br \/>\nNa Bot\u00e2nica e no decoro.<\/p>\n<p>Sabe a estrela do mar de suas cong\u00eaneres<br \/>\nNesta e noutras gal\u00e1xias?<br \/>\nPor aqui, o girassol sabe mais do Sol<br \/>\nDo que ele sonha de si.<\/p>\n<p>Todavia, n\u00e3o entra em conta<br \/>\n(Em sua rotina<br \/>\nE muta\u00e7\u00f5es tantas),<br \/>\nA luz do dia.<br \/>\nEmbora, seja nela o que nos alucina<br \/>\nEm nossas miragens de realidade,<br \/>\nHaja vista espelhos e vaidades.<\/p>\n<p>A noite, sim, \u00c9 inerente<br \/>\n\u00c0 sua sua condi\u00e7\u00e3o vol\u00favel.<br \/>\nMas, que imperial presen\u00e7a!<br \/>\nPor mais que se afirme,<br \/>\nNa Ci\u00eancia e no bom senso,<br \/>\nSombras n\u00e3o existem.<br \/>\nExistissem, n\u00f3s rir\u00edamos um tanto,<br \/>\nDe atirarmos bolinhas de escuro,<br \/>\nGeleias de penumbra,<br \/>\nUns nos outros.<\/p>\n<p>Mas, e n\u00f3s?<br \/>\nF\u00e9 \u00e9 a certeza<br \/>\nDe que nossos idos seres amados<br \/>\nEstar\u00e3o nos esperando,<br \/>\nPara o al\u00e9m das imperman\u00eancias:<br \/>\nNossas idades e at\u00e9 as nossas roupas,<br \/>\nEssas extens\u00f5es da pele<br \/>\nDe soberana import\u00e2ncia,<br \/>\nCoberturas de nossa hipocrisia,<br \/>\nA nega\u00e7\u00e3o de n\u00e3o estarmos nus.<br \/>\nAlgu\u00e9m saber\u00e1 dizer quantas vezes<br \/>\nPor semana seus futuros esp\u00edritos trocar\u00e3o<br \/>\nDe roupas e acess\u00f3rios por semana?<\/p>\n","protected":false},"excerpt":{"rendered":"<p>L\u00e1, no \u00e2mago, vive algo. Mesmo quando no sono. N\u00e3o mist\u00e9rio, mas enigma. S\u00edmbolo que deriva em signo, Mas evanesce, nas buscas, Tanto a insist\u00eancia. Em geral, h\u00e1 conforto Na entrega ao natural. Ainda assim, c\u00f3gitos despertos, Quando nos deixamos. Na lat\u00eancia aut\u00f4mata, Quem respira por mim? Eu sei por quem bate meu cora\u00e7\u00e3o. Mas, [&hellip;]<\/p>\n","protected":false},"author":21,"featured_media":408919,"comment_status":"closed","ping_status":"closed","sticky":false,"template":"","format":"standard","meta":{"_acf_changed":false,"footnotes":""},"categories":[234],"tags":[],"tmauthors":[306],"class_list":["post-408918","post","type-post","status-publish","format-standard","has-post-thumbnail","category-cafe-literario"],"acf":[],"yoast_head":"<!-- This site is optimized with the Yoast SEO plugin v28.0 - https:\/\/yoast.com\/product\/yoast-seo-wordpress\/ -->\n<title>Luz e sombra - Notibras<\/title>\n<meta name=\"robots\" content=\"index, follow, max-snippet:-1, max-image-preview:large, max-video-preview:-1\" \/>\n<link rel=\"canonical\" href=\"https:\/\/www.notibras.com\/site\/luz-e-sombra\/\" \/>\n<meta property=\"og:locale\" content=\"pt_BR\" \/>\n<meta property=\"og:type\" content=\"article\" \/>\n<meta property=\"og:title\" content=\"Luz e sombra - Notibras\" \/>\n<meta property=\"og:description\" content=\"L\u00e1, no \u00e2mago, vive algo. Mesmo quando no sono. N\u00e3o mist\u00e9rio, mas enigma. S\u00edmbolo que deriva em signo, Mas evanesce, nas buscas, Tanto a insist\u00eancia. Em geral, h\u00e1 conforto Na entrega ao natural. Ainda assim, c\u00f3gitos despertos, Quando nos deixamos. Na lat\u00eancia aut\u00f4mata, Quem respira por mim? Eu sei por quem bate meu cora\u00e7\u00e3o. Mas, [&hellip;]\" \/>\n<meta property=\"og:url\" content=\"https:\/\/www.notibras.com\/site\/luz-e-sombra\/\" \/>\n<meta property=\"og:site_name\" content=\"Notibras\" \/>\n<meta property=\"article:publisher\" content=\"https:\/\/www.facebook.com\/notibras\/\" \/>\n<meta property=\"article:published_time\" content=\"2026-09-02T03:45:23+00:00\" \/>\n<meta property=\"og:image\" content=\"https:\/\/www.notibras.com\/site\/wp-content\/uploads\/2026\/09\/WhatsApp-Image-2026-08-31-at-19.19.24.jpeg\" \/>\n\t<meta property=\"og:image:width\" content=\"1346\" \/>\n\t<meta property=\"og:image:height\" content=\"888\" \/>\n\t<meta property=\"og:image:type\" content=\"image\/jpeg\" \/>\n<meta name=\"author\" content=\"Eduardo Mart\u00ednez\" \/>\n<meta name=\"twitter:card\" content=\"summary_large_image\" \/>\n<meta name=\"twitter:creator\" content=\"@Notibras\" \/>\n<meta name=\"twitter:site\" content=\"@Notibras\" \/>\n<meta name=\"twitter:label1\" content=\"Escrito por\" \/>\n\t<meta name=\"twitter:data1\" content=\"Eduardo Mart\u00ednez\" \/>\n\t<meta name=\"twitter:label2\" content=\"Est. tempo de leitura\" \/>\n\t<meta name=\"twitter:data2\" content=\"2 minutos\" \/>\n<script type=\"application\/ld+json\" class=\"yoast-schema-graph\">{\"@context\":\"https:\\\/\\\/schema.org\",\"@graph\":[{\"@type\":\"Article\",\"@id\":\"https:\\\/\\\/www.notibras.com\\\/site\\\/luz-e-sombra\\\/#article\",\"isPartOf\":{\"@id\":\"https:\\\/\\\/www.notibras.com\\\/site\\\/luz-e-sombra\\\/\"},\"author\":{\"name\":\"Eduardo Mart\u00ednez\",\"@id\":\"https:\\\/\\\/www.notibras.com\\\/site\\\/#\\\/schema\\\/person\\\/5b7fabf2aedc3ada2105f03b22b4d3dd\"},\"headline\":\"Luz e sombra\",\"datePublished\":\"2026-09-02T03:45:23+00:00\",\"mainEntityOfPage\":{\"@id\":\"https:\\\/\\\/www.notibras.com\\\/site\\\/luz-e-sombra\\\/\"},\"wordCount\":279,\"publisher\":{\"@id\":\"https:\\\/\\\/www.notibras.com\\\/site\\\/#organization\"},\"image\":{\"@id\":\"https:\\\/\\\/www.notibras.com\\\/site\\\/luz-e-sombra\\\/#primaryimage\"},\"thumbnailUrl\":\"https:\\\/\\\/www.notibras.com\\\/site\\\/wp-content\\\/uploads\\\/2026\\\/09\\\/WhatsApp-Image-2026-08-31-at-19.19.24.jpeg\",\"articleSection\":[\"Caf\u00e9 Liter\u00e1rio\"],\"inLanguage\":\"pt-BR\"},{\"@type\":\"WebPage\",\"@id\":\"https:\\\/\\\/www.notibras.com\\\/site\\\/luz-e-sombra\\\/\",\"url\":\"https:\\\/\\\/www.notibras.com\\\/site\\\/luz-e-sombra\\\/\",\"name\":\"Luz e sombra - Notibras\",\"isPartOf\":{\"@id\":\"https:\\\/\\\/www.notibras.com\\\/site\\\/#website\"},\"primaryImageOfPage\":{\"@id\":\"https:\\\/\\\/www.notibras.com\\\/site\\\/luz-e-sombra\\\/#primaryimage\"},\"image\":{\"@id\":\"https:\\\/\\\/www.notibras.com\\\/site\\\/luz-e-sombra\\\/#primaryimage\"},\"thumbnailUrl\":\"https:\\\/\\\/www.notibras.com\\\/site\\\/wp-content\\\/uploads\\\/2026\\\/09\\\/WhatsApp-Image-2026-08-31-at-19.19.24.jpeg\",\"datePublished\":\"2026-09-02T03:45:23+00:00\",\"breadcrumb\":{\"@id\":\"https:\\\/\\\/www.notibras.com\\\/site\\\/luz-e-sombra\\\/#breadcrumb\"},\"inLanguage\":\"pt-BR\",\"potentialAction\":[{\"@type\":\"ReadAction\",\"target\":[\"https:\\\/\\\/www.notibras.com\\\/site\\\/luz-e-sombra\\\/\"]}]},{\"@type\":\"ImageObject\",\"inLanguage\":\"pt-BR\",\"@id\":\"https:\\\/\\\/www.notibras.com\\\/site\\\/luz-e-sombra\\\/#primaryimage\",\"url\":\"https:\\\/\\\/www.notibras.com\\\/site\\\/wp-content\\\/uploads\\\/2026\\\/09\\\/WhatsApp-Image-2026-08-31-at-19.19.24.jpeg\",\"contentUrl\":\"https:\\\/\\\/www.notibras.com\\\/site\\\/wp-content\\\/uploads\\\/2026\\\/09\\\/WhatsApp-Image-2026-08-31-at-19.19.24.jpeg\",\"width\":1346,\"height\":888},{\"@type\":\"BreadcrumbList\",\"@id\":\"https:\\\/\\\/www.notibras.com\\\/site\\\/luz-e-sombra\\\/#breadcrumb\",\"itemListElement\":[{\"@type\":\"ListItem\",\"position\":1,\"name\":\"In\u00edcio\",\"item\":\"https:\\\/\\\/www.notibras.com\\\/site\\\/\"},{\"@type\":\"ListItem\",\"position\":2,\"name\":\"Luz e sombra\"}]},{\"@type\":\"WebSite\",\"@id\":\"https:\\\/\\\/www.notibras.com\\\/site\\\/#website\",\"url\":\"https:\\\/\\\/www.notibras.com\\\/site\\\/\",\"name\":\"Notibras\",\"description\":\"Not\u00edcias de Bras\u00edlia, do Brasil e do Mundo\",\"publisher\":{\"@id\":\"https:\\\/\\\/www.notibras.com\\\/site\\\/#organization\"},\"potentialAction\":[{\"@type\":\"SearchAction\",\"target\":{\"@type\":\"EntryPoint\",\"urlTemplate\":\"https:\\\/\\\/www.notibras.com\\\/site\\\/?s={search_term_string}\"},\"query-input\":{\"@type\":\"PropertyValueSpecification\",\"valueRequired\":true,\"valueName\":\"search_term_string\"}}],\"inLanguage\":\"pt-BR\"},{\"@type\":\"Organization\",\"@id\":\"https:\\\/\\\/www.notibras.com\\\/site\\\/#organization\",\"name\":\"Grupo Notibras de Comunica\u00e7\u00e3o\",\"url\":\"https:\\\/\\\/www.notibras.com\\\/site\\\/\",\"logo\":{\"@type\":\"ImageObject\",\"inLanguage\":\"pt-BR\",\"@id\":\"https:\\\/\\\/www.notibras.com\\\/site\\\/#\\\/schema\\\/logo\\\/image\\\/\",\"url\":\"https:\\\/\\\/www.notibras.com\\\/site\\\/wp-content\\\/uploads\\\/2023\\\/01\\\/notibras23.png\",\"contentUrl\":\"https:\\\/\\\/www.notibras.com\\\/site\\\/wp-content\\\/uploads\\\/2023\\\/01\\\/notibras23.png\",\"width\":350,\"height\":87,\"caption\":\"Grupo Notibras de Comunica\u00e7\u00e3o\"},\"image\":{\"@id\":\"https:\\\/\\\/www.notibras.com\\\/site\\\/#\\\/schema\\\/logo\\\/image\\\/\"},\"sameAs\":[\"https:\\\/\\\/www.facebook.com\\\/notibras\\\/\",\"https:\\\/\\\/x.com\\\/Notibras\",\"https:\\\/\\\/www.instagram.com\\\/notibras\\\/\"]},{\"@type\":\"Person\",\"@id\":\"https:\\\/\\\/www.notibras.com\\\/site\\\/#\\\/schema\\\/person\\\/5b7fabf2aedc3ada2105f03b22b4d3dd\",\"name\":\"Eduardo Mart\u00ednez\",\"image\":{\"@type\":\"ImageObject\",\"inLanguage\":\"pt-BR\",\"@id\":\"https:\\\/\\\/secure.gravatar.com\\\/avatar\\\/7902f906289926289cbcda644b5197c796b893c6ffd7b9a536a42d290f7704a0?s=96&d=mm&r=g\",\"url\":\"https:\\\/\\\/secure.gravatar.com\\\/avatar\\\/7902f906289926289cbcda644b5197c796b893c6ffd7b9a536a42d290f7704a0?s=96&d=mm&r=g\",\"contentUrl\":\"https:\\\/\\\/secure.gravatar.com\\\/avatar\\\/7902f906289926289cbcda644b5197c796b893c6ffd7b9a536a42d290f7704a0?s=96&d=mm&r=g\",\"caption\":\"Eduardo Mart\u00ednez\"}}]}<\/script>\n<!-- \/ Yoast SEO plugin. -->","yoast_head_json":{"title":"Luz e sombra - Notibras","robots":{"index":"index","follow":"follow","max-snippet":"max-snippet:-1","max-image-preview":"max-image-preview:large","max-video-preview":"max-video-preview:-1"},"canonical":"https:\/\/www.notibras.com\/site\/luz-e-sombra\/","og_locale":"pt_BR","og_type":"article","og_title":"Luz e sombra - Notibras","og_description":"L\u00e1, no \u00e2mago, vive algo. Mesmo quando no sono. N\u00e3o mist\u00e9rio, mas enigma. S\u00edmbolo que deriva em signo, Mas evanesce, nas buscas, Tanto a insist\u00eancia. Em geral, h\u00e1 conforto Na entrega ao natural. Ainda assim, c\u00f3gitos despertos, Quando nos deixamos. Na lat\u00eancia aut\u00f4mata, Quem respira por mim? Eu sei por quem bate meu cora\u00e7\u00e3o. Mas, [&hellip;]","og_url":"https:\/\/www.notibras.com\/site\/luz-e-sombra\/","og_site_name":"Notibras","article_publisher":"https:\/\/www.facebook.com\/notibras\/","article_published_time":"2026-09-02T03:45:23+00:00","og_image":[{"width":1346,"height":888,"url":"https:\/\/www.notibras.com\/site\/wp-content\/uploads\/2026\/09\/WhatsApp-Image-2026-08-31-at-19.19.24.jpeg","type":"image\/jpeg"}],"author":"Eduardo Mart\u00ednez","twitter_card":"summary_large_image","twitter_creator":"@Notibras","twitter_site":"@Notibras","twitter_misc":{"Escrito por":"Eduardo Mart\u00ednez","Est. tempo de leitura":"2 minutos"},"schema":{"@context":"https:\/\/schema.org","@graph":[{"@type":"Article","@id":"https:\/\/www.notibras.com\/site\/luz-e-sombra\/#article","isPartOf":{"@id":"https:\/\/www.notibras.com\/site\/luz-e-sombra\/"},"author":{"name":"Eduardo Mart\u00ednez","@id":"https:\/\/www.notibras.com\/site\/#\/schema\/person\/5b7fabf2aedc3ada2105f03b22b4d3dd"},"headline":"Luz e sombra","datePublished":"2026-09-02T03:45:23+00:00","mainEntityOfPage":{"@id":"https:\/\/www.notibras.com\/site\/luz-e-sombra\/"},"wordCount":279,"publisher":{"@id":"https:\/\/www.notibras.com\/site\/#organization"},"image":{"@id":"https:\/\/www.notibras.com\/site\/luz-e-sombra\/#primaryimage"},"thumbnailUrl":"https:\/\/www.notibras.com\/site\/wp-content\/uploads\/2026\/09\/WhatsApp-Image-2026-08-31-at-19.19.24.jpeg","articleSection":["Caf\u00e9 Liter\u00e1rio"],"inLanguage":"pt-BR"},{"@type":"WebPage","@id":"https:\/\/www.notibras.com\/site\/luz-e-sombra\/","url":"https:\/\/www.notibras.com\/site\/luz-e-sombra\/","name":"Luz e sombra - Notibras","isPartOf":{"@id":"https:\/\/www.notibras.com\/site\/#website"},"primaryImageOfPage":{"@id":"https:\/\/www.notibras.com\/site\/luz-e-sombra\/#primaryimage"},"image":{"@id":"https:\/\/www.notibras.com\/site\/luz-e-sombra\/#primaryimage"},"thumbnailUrl":"https:\/\/www.notibras.com\/site\/wp-content\/uploads\/2026\/09\/WhatsApp-Image-2026-08-31-at-19.19.24.jpeg","datePublished":"2026-09-02T03:45:23+00:00","breadcrumb":{"@id":"https:\/\/www.notibras.com\/site\/luz-e-sombra\/#breadcrumb"},"inLanguage":"pt-BR","potentialAction":[{"@type":"ReadAction","target":["https:\/\/www.notibras.com\/site\/luz-e-sombra\/"]}]},{"@type":"ImageObject","inLanguage":"pt-BR","@id":"https:\/\/www.notibras.com\/site\/luz-e-sombra\/#primaryimage","url":"https:\/\/www.notibras.com\/site\/wp-content\/uploads\/2026\/09\/WhatsApp-Image-2026-08-31-at-19.19.24.jpeg","contentUrl":"https:\/\/www.notibras.com\/site\/wp-content\/uploads\/2026\/09\/WhatsApp-Image-2026-08-31-at-19.19.24.jpeg","width":1346,"height":888},{"@type":"BreadcrumbList","@id":"https:\/\/www.notibras.com\/site\/luz-e-sombra\/#breadcrumb","itemListElement":[{"@type":"ListItem","position":1,"name":"In\u00edcio","item":"https:\/\/www.notibras.com\/site\/"},{"@type":"ListItem","position":2,"name":"Luz e sombra"}]},{"@type":"WebSite","@id":"https:\/\/www.notibras.com\/site\/#website","url":"https:\/\/www.notibras.com\/site\/","name":"Notibras","description":"Not\u00edcias de Bras\u00edlia, do Brasil e do Mundo","publisher":{"@id":"https:\/\/www.notibras.com\/site\/#organization"},"potentialAction":[{"@type":"SearchAction","target":{"@type":"EntryPoint","urlTemplate":"https:\/\/www.notibras.com\/site\/?s={search_term_string}"},"query-input":{"@type":"PropertyValueSpecification","valueRequired":true,"valueName":"search_term_string"}}],"inLanguage":"pt-BR"},{"@type":"Organization","@id":"https:\/\/www.notibras.com\/site\/#organization","name":"Grupo Notibras de Comunica\u00e7\u00e3o","url":"https:\/\/www.notibras.com\/site\/","logo":{"@type":"ImageObject","inLanguage":"pt-BR","@id":"https:\/\/www.notibras.com\/site\/#\/schema\/logo\/image\/","url":"https:\/\/www.notibras.com\/site\/wp-content\/uploads\/2023\/01\/notibras23.png","contentUrl":"https:\/\/www.notibras.com\/site\/wp-content\/uploads\/2023\/01\/notibras23.png","width":350,"height":87,"caption":"Grupo Notibras de Comunica\u00e7\u00e3o"},"image":{"@id":"https:\/\/www.notibras.com\/site\/#\/schema\/logo\/image\/"},"sameAs":["https:\/\/www.facebook.com\/notibras\/","https:\/\/x.com\/Notibras","https:\/\/www.instagram.com\/notibras\/"]},{"@type":"Person","@id":"https:\/\/www.notibras.com\/site\/#\/schema\/person\/5b7fabf2aedc3ada2105f03b22b4d3dd","name":"Eduardo Mart\u00ednez","image":{"@type":"ImageObject","inLanguage":"pt-BR","@id":"https:\/\/secure.gravatar.com\/avatar\/7902f906289926289cbcda644b5197c796b893c6ffd7b9a536a42d290f7704a0?s=96&d=mm&r=g","url":"https:\/\/secure.gravatar.com\/avatar\/7902f906289926289cbcda644b5197c796b893c6ffd7b9a536a42d290f7704a0?s=96&d=mm&r=g","contentUrl":"https:\/\/secure.gravatar.com\/avatar\/7902f906289926289cbcda644b5197c796b893c6ffd7b9a536a42d290f7704a0?s=96&d=mm&r=g","caption":"Eduardo Mart\u00ednez"}}]}},"_links":{"self":[{"href":"https:\/\/www.notibras.com\/site\/wp-json\/wp\/v2\/posts\/408918","targetHints":{"allow":["GET"]}}],"collection":[{"href":"https:\/\/www.notibras.com\/site\/wp-json\/wp\/v2\/posts"}],"about":[{"href":"https:\/\/www.notibras.com\/site\/wp-json\/wp\/v2\/types\/post"}],"author":[{"embeddable":true,"href":"https:\/\/www.notibras.com\/site\/wp-json\/wp\/v2\/users\/21"}],"replies":[{"embeddable":true,"href":"https:\/\/www.notibras.com\/site\/wp-json\/wp\/v2\/comments?post=408918"}],"version-history":[{"count":1,"href":"https:\/\/www.notibras.com\/site\/wp-json\/wp\/v2\/posts\/408918\/revisions"}],"predecessor-version":[{"id":408920,"href":"https:\/\/www.notibras.com\/site\/wp-json\/wp\/v2\/posts\/408918\/revisions\/408920"}],"wp:featuredmedia":[{"embeddable":true,"href":"https:\/\/www.notibras.com\/site\/wp-json\/wp\/v2\/media\/408919"}],"wp:attachment":[{"href":"https:\/\/www.notibras.com\/site\/wp-json\/wp\/v2\/media?parent=408918"}],"wp:term":[{"taxonomy":"category","embeddable":true,"href":"https:\/\/www.notibras.com\/site\/wp-json\/wp\/v2\/categories?post=408918"},{"taxonomy":"post_tag","embeddable":true,"href":"https:\/\/www.notibras.com\/site\/wp-json\/wp\/v2\/tags?post=408918"},{"taxonomy":"tmauthors","embeddable":true,"href":"https:\/\/www.notibras.com\/site\/wp-json\/wp\/v2\/tmauthors?post=408918"}],"curies":[{"name":"wp","href":"https:\/\/api.w.org\/{rel}","templated":true}]}}