{"id":40893,"date":"2015-03-23T09:47:12","date_gmt":"2015-03-23T12:47:12","guid":{"rendered":"http:\/\/www.notibras.com\/site\/?p=40893"},"modified":"2015-03-23T15:49:02","modified_gmt":"2015-03-23T18:49:02","slug":"mercado-financeiro-projeta-o-dolar-a-315-e-inflacao-em-8","status":"publish","type":"post","link":"https:\/\/www.notibras.com\/site\/mercado-financeiro-projeta-o-dolar-a-315-e-inflacao-em-8\/","title":{"rendered":"Mercado financeiro j\u00e1 projeta o d\u00f3lar a 3,15 e infla\u00e7\u00e3o de 8%"},"content":{"rendered":"<div class=\"content\">\n<p>Os investidores e analistas do mercado financeiro veem o d\u00f3lar cotado a R$ 3,15 no final deste ano. A estimativa foi divulgada nesta segunda 23no boletim <em>Focus<\/em>, pesquisa feita\u00a0 institui\u00e7\u00f5es financeiras semanalmente pelo Banco Central (BC). Na sexta-feira (20) a moeda norte-americana encerrou o preg\u00e3o cotada a R$ 3,296, o maior valor desde 1\u00b0 de abril de 2003, quando havia fechado em R$ 3,304.<\/p>\n<p>O mercado tamb\u00e9m voltou a elevar a proje\u00e7\u00e3o da infla\u00e7\u00e3o medida pelo \u00cdndice de Pre\u00e7os ao Consumidor Amplo (IPCA). Para os analistas, o \u00edndice fechar\u00e1 o ano com alta de 8,12%, e n\u00e3o mais de 7,93% como previsto na semana anterior.\u00a0Boa parte da alta da infla\u00e7\u00e3o est\u00e1 vinculada aos pre\u00e7os administrados, regulados pelo governo, como o da gasolina e da energia. De acordo com a proje\u00e7\u00e3o do <em>Focus<\/em>, este ano eles ter\u00e3o alta de 12,6%, e n\u00e3o mais de 12%, como estimado anteriormente.<\/p>\n<blockquote><p>Com rela\u00e7\u00e3o ao Produto Interno Bruto (PIB, soma dos bens e servi\u00e7os produzidos por um pa\u00eds) a proje\u00e7\u00e3o \u00e9 que a economia ter\u00e1 retra\u00e7\u00e3o de 0,83%, diferentemente da queda de 0,78% estimada na semana anterior. J\u00e1 para a produ\u00e7\u00e3o industrial, a queda projetada ao fim deste ano permanece em 2,19%<\/p><\/blockquote>\n<p>A expectativa para fechamento da Selic, taxa b\u00e1sica de juros da economia e principal instrumento do BC para controle da infla\u00e7\u00e3o, permaneceu em 13% ao ano. Isso significa que o mercado espera que o Comit\u00ea de Pol\u00edtica Monet\u00e1ria (Copom) da autarquia suba a taxa mais uma vez este ano, em 0,25 ponto percentual. No in\u00edcio de mar\u00e7o, o Copom subiu a Selic em 0,5 ponto percentual, e esta chegou a 12,75% ao ano.\u00a0Na ocasi\u00e3o, o patamar de eleva\u00e7\u00e3o confirmou as previs\u00f5es da maioria dos\u00a0analistas.<\/p>\n<p>A estimativa da d\u00edvida l\u00edquida do setor p\u00fablico permaneceu em 38% do PIB. A estimativa do d\u00e9ficit em conta-corrente, que mede a qualidade das contas externas, cresceu, ficando em US$ 79,8 bilh\u00f5es ante os US$ 79,5 bilh\u00f5es anteriores O saldo projetado para a balan\u00e7a comercial subiu de US$ 3 bilh\u00f5es para US$ 3,5 bilh\u00f5es. Os investimentos estrangeiros estimados diminu\u00edram de US$ 57,5 bilh\u00f5es para US$ 56,5 bilh\u00f5es.<\/p>\n<header>\n<div class=\"node-info\"><strong>Mariana Branco, ABr<\/strong><strong><br \/>\n<\/strong><\/div>\n<\/header>\n<\/div>\n","protected":false},"excerpt":{"rendered":"<p>Os investidores e analistas do mercado financeiro veem o d\u00f3lar cotado a R$ 3,15 no final deste ano. A estimativa foi divulgada nesta segunda 23no boletim Focus, pesquisa feita\u00a0 institui\u00e7\u00f5es financeiras semanalmente pelo Banco Central (BC). Na sexta-feira (20) a moeda norte-americana encerrou o preg\u00e3o cotada a R$ 3,296, o maior valor desde 1\u00b0 de [&hellip;]<\/p>\n","protected":false},"author":2,"featured_media":40894,"comment_status":"open","ping_status":"closed","sticky":false,"template":"","format":"standard","meta":{"_acf_changed":false,"footnotes":""},"categories":[16],"tags":[],"class_list":["post-40893","post","type-post","status-publish","format-standard","has-post-thumbnail","hentry","category-brasil"],"acf":[],"yoast_head":"<!-- This site is optimized with the Yoast SEO plugin v27.2 - https:\/\/yoast.com\/product\/yoast-seo-wordpress\/ -->\n<title>Mercado financeiro j\u00e1 projeta o d\u00f3lar a 3,15 e infla\u00e7\u00e3o de 8% - Notibras<\/title>\n<meta name=\"robots\" content=\"index, follow, max-snippet:-1, max-image-preview:large, max-video-preview:-1\" \/>\n<link rel=\"canonical\" href=\"https:\/\/www.notibras.com\/site\/mercado-financeiro-projeta-o-dolar-a-315-e-inflacao-em-8\/\" \/>\n<meta property=\"og:locale\" content=\"pt_BR\" \/>\n<meta property=\"og:type\" content=\"article\" \/>\n<meta property=\"og:title\" content=\"Mercado financeiro j\u00e1 projeta o d\u00f3lar a 3,15 e infla\u00e7\u00e3o de 8% - Notibras\" \/>\n<meta property=\"og:description\" content=\"Os investidores e analistas do mercado financeiro veem o d\u00f3lar cotado a R$ 3,15 no final deste ano. A estimativa foi divulgada nesta segunda 23no boletim Focus, pesquisa feita\u00a0 institui\u00e7\u00f5es financeiras semanalmente pelo Banco Central (BC). Na sexta-feira (20) a moeda norte-americana encerrou o preg\u00e3o cotada a R$ 3,296, o maior valor desde 1\u00b0 de [&hellip;]\" \/>\n<meta property=\"og:url\" content=\"https:\/\/www.notibras.com\/site\/mercado-financeiro-projeta-o-dolar-a-315-e-inflacao-em-8\/\" \/>\n<meta property=\"og:site_name\" content=\"Notibras\" \/>\n<meta property=\"article:publisher\" content=\"https:\/\/www.facebook.com\/notibras\/\" \/>\n<meta property=\"article:published_time\" content=\"2015-03-23T12:47:12+00:00\" \/>\n<meta property=\"article:modified_time\" content=\"2015-03-23T18:49:02+00:00\" \/>\n<meta property=\"og:image\" content=\"https:\/\/www.notibras.com\/site\/wp-content\/uploads\/2015\/03\/dolar-3.jpg\" \/>\n\t<meta property=\"og:image:width\" content=\"590\" \/>\n\t<meta property=\"og:image:height\" content=\"445\" \/>\n\t<meta property=\"og:image:type\" content=\"image\/jpeg\" \/>\n<meta name=\"author\" content=\"Reda\u00e7\u00e3o\" \/>\n<meta name=\"twitter:card\" content=\"summary_large_image\" \/>\n<meta name=\"twitter:creator\" content=\"@Notibras\" \/>\n<meta name=\"twitter:site\" content=\"@Notibras\" \/>\n<meta name=\"twitter:label1\" content=\"Escrito por\" \/>\n\t<meta name=\"twitter:data1\" content=\"Reda\u00e7\u00e3o\" \/>\n\t<meta name=\"twitter:label2\" content=\"Est. tempo de leitura\" \/>\n\t<meta name=\"twitter:data2\" content=\"2 minutos\" \/>\n<script type=\"application\/ld+json\" class=\"yoast-schema-graph\">{\"@context\":\"https:\/\/schema.org\",\"@graph\":[{\"@type\":\"Article\",\"@id\":\"https:\/\/www.notibras.com\/site\/mercado-financeiro-projeta-o-dolar-a-315-e-inflacao-em-8\/#article\",\"isPartOf\":{\"@id\":\"https:\/\/www.notibras.com\/site\/mercado-financeiro-projeta-o-dolar-a-315-e-inflacao-em-8\/\"},\"author\":{\"name\":\"Reda\u00e7\u00e3o\",\"@id\":\"https:\/\/www.notibras.com\/site\/#\/schema\/person\/36ab0979449956132d3e5b517ea76ac8\"},\"headline\":\"Mercado financeiro j\u00e1 projeta o d\u00f3lar a 3,15 e infla\u00e7\u00e3o de 8%\",\"datePublished\":\"2015-03-23T12:47:12+00:00\",\"dateModified\":\"2015-03-23T18:49:02+00:00\",\"mainEntityOfPage\":{\"@id\":\"https:\/\/www.notibras.com\/site\/mercado-financeiro-projeta-o-dolar-a-315-e-inflacao-em-8\/\"},\"wordCount\":381,\"commentCount\":0,\"publisher\":{\"@id\":\"https:\/\/www.notibras.com\/site\/#organization\"},\"image\":{\"@id\":\"https:\/\/www.notibras.com\/site\/mercado-financeiro-projeta-o-dolar-a-315-e-inflacao-em-8\/#primaryimage\"},\"thumbnailUrl\":\"https:\/\/www.notibras.com\/site\/wp-content\/uploads\/2015\/03\/dolar-3.jpg\",\"articleSection\":[\"Brasil\"],\"inLanguage\":\"pt-BR\",\"potentialAction\":[{\"@type\":\"CommentAction\",\"name\":\"Comment\",\"target\":[\"https:\/\/www.notibras.com\/site\/mercado-financeiro-projeta-o-dolar-a-315-e-inflacao-em-8\/#respond\"]}]},{\"@type\":\"WebPage\",\"@id\":\"https:\/\/www.notibras.com\/site\/mercado-financeiro-projeta-o-dolar-a-315-e-inflacao-em-8\/\",\"url\":\"https:\/\/www.notibras.com\/site\/mercado-financeiro-projeta-o-dolar-a-315-e-inflacao-em-8\/\",\"name\":\"Mercado financeiro j\u00e1 projeta o d\u00f3lar a 3,15 e infla\u00e7\u00e3o de 8% - Notibras\",\"isPartOf\":{\"@id\":\"https:\/\/www.notibras.com\/site\/#website\"},\"primaryImageOfPage\":{\"@id\":\"https:\/\/www.notibras.com\/site\/mercado-financeiro-projeta-o-dolar-a-315-e-inflacao-em-8\/#primaryimage\"},\"image\":{\"@id\":\"https:\/\/www.notibras.com\/site\/mercado-financeiro-projeta-o-dolar-a-315-e-inflacao-em-8\/#primaryimage\"},\"thumbnailUrl\":\"https:\/\/www.notibras.com\/site\/wp-content\/uploads\/2015\/03\/dolar-3.jpg\",\"datePublished\":\"2015-03-23T12:47:12+00:00\",\"dateModified\":\"2015-03-23T18:49:02+00:00\",\"breadcrumb\":{\"@id\":\"https:\/\/www.notibras.com\/site\/mercado-financeiro-projeta-o-dolar-a-315-e-inflacao-em-8\/#breadcrumb\"},\"inLanguage\":\"pt-BR\",\"potentialAction\":[{\"@type\":\"ReadAction\",\"target\":[\"https:\/\/www.notibras.com\/site\/mercado-financeiro-projeta-o-dolar-a-315-e-inflacao-em-8\/\"]}]},{\"@type\":\"ImageObject\",\"inLanguage\":\"pt-BR\",\"@id\":\"https:\/\/www.notibras.com\/site\/mercado-financeiro-projeta-o-dolar-a-315-e-inflacao-em-8\/#primaryimage\",\"url\":\"https:\/\/www.notibras.com\/site\/wp-content\/uploads\/2015\/03\/dolar-3.jpg\",\"contentUrl\":\"https:\/\/www.notibras.com\/site\/wp-content\/uploads\/2015\/03\/dolar-3.jpg\",\"width\":590,\"height\":445},{\"@type\":\"BreadcrumbList\",\"@id\":\"https:\/\/www.notibras.com\/site\/mercado-financeiro-projeta-o-dolar-a-315-e-inflacao-em-8\/#breadcrumb\",\"itemListElement\":[{\"@type\":\"ListItem\",\"position\":1,\"name\":\"In\u00edcio\",\"item\":\"https:\/\/www.notibras.com\/site\/\"},{\"@type\":\"ListItem\",\"position\":2,\"name\":\"Mercado financeiro j\u00e1 projeta o d\u00f3lar a 3,15 e infla\u00e7\u00e3o de 8%\"}]},{\"@type\":\"WebSite\",\"@id\":\"https:\/\/www.notibras.com\/site\/#website\",\"url\":\"https:\/\/www.notibras.com\/site\/\",\"name\":\"Notibras\",\"description\":\"Not\u00edcias de Bras\u00edlia, do Brasil e do Mundo\",\"publisher\":{\"@id\":\"https:\/\/www.notibras.com\/site\/#organization\"},\"potentialAction\":[{\"@type\":\"SearchAction\",\"target\":{\"@type\":\"EntryPoint\",\"urlTemplate\":\"https:\/\/www.notibras.com\/site\/?s={search_term_string}\"},\"query-input\":{\"@type\":\"PropertyValueSpecification\",\"valueRequired\":true,\"valueName\":\"search_term_string\"}}],\"inLanguage\":\"pt-BR\"},{\"@type\":\"Organization\",\"@id\":\"https:\/\/www.notibras.com\/site\/#organization\",\"name\":\"Grupo Notibras de Comunica\u00e7\u00e3o\",\"url\":\"https:\/\/www.notibras.com\/site\/\",\"logo\":{\"@type\":\"ImageObject\",\"inLanguage\":\"pt-BR\",\"@id\":\"https:\/\/www.notibras.com\/site\/#\/schema\/logo\/image\/\",\"url\":\"https:\/\/www.notibras.com\/site\/wp-content\/uploads\/2023\/01\/notibras23.png\",\"contentUrl\":\"https:\/\/www.notibras.com\/site\/wp-content\/uploads\/2023\/01\/notibras23.png\",\"width\":350,\"height\":87,\"caption\":\"Grupo Notibras de Comunica\u00e7\u00e3o\"},\"image\":{\"@id\":\"https:\/\/www.notibras.com\/site\/#\/schema\/logo\/image\/\"},\"sameAs\":[\"https:\/\/www.facebook.com\/notibras\/\",\"https:\/\/x.com\/Notibras\",\"https:\/\/www.instagram.com\/notibras\/\"]},{\"@type\":\"Person\",\"@id\":\"https:\/\/www.notibras.com\/site\/#\/schema\/person\/36ab0979449956132d3e5b517ea76ac8\",\"name\":\"Reda\u00e7\u00e3o\",\"image\":{\"@type\":\"ImageObject\",\"inLanguage\":\"pt-BR\",\"@id\":\"https:\/\/secure.gravatar.com\/avatar\/e0a867bdedb85fd243eadf09663511f96fc81e0720a4a42581f334ad4303aa6b?s=96&d=mm&r=g\",\"url\":\"https:\/\/secure.gravatar.com\/avatar\/e0a867bdedb85fd243eadf09663511f96fc81e0720a4a42581f334ad4303aa6b?s=96&d=mm&r=g\",\"contentUrl\":\"https:\/\/secure.gravatar.com\/avatar\/e0a867bdedb85fd243eadf09663511f96fc81e0720a4a42581f334ad4303aa6b?s=96&d=mm&r=g\",\"caption\":\"Reda\u00e7\u00e3o\"}}]}<\/script>\n<!-- \/ Yoast SEO plugin. -->","yoast_head_json":{"title":"Mercado financeiro j\u00e1 projeta o d\u00f3lar a 3,15 e infla\u00e7\u00e3o de 8% - Notibras","robots":{"index":"index","follow":"follow","max-snippet":"max-snippet:-1","max-image-preview":"max-image-preview:large","max-video-preview":"max-video-preview:-1"},"canonical":"https:\/\/www.notibras.com\/site\/mercado-financeiro-projeta-o-dolar-a-315-e-inflacao-em-8\/","og_locale":"pt_BR","og_type":"article","og_title":"Mercado financeiro j\u00e1 projeta o d\u00f3lar a 3,15 e infla\u00e7\u00e3o de 8% - Notibras","og_description":"Os investidores e analistas do mercado financeiro veem o d\u00f3lar cotado a R$ 3,15 no final deste ano. A estimativa foi divulgada nesta segunda 23no boletim Focus, pesquisa feita\u00a0 institui\u00e7\u00f5es financeiras semanalmente pelo Banco Central (BC). Na sexta-feira (20) a moeda norte-americana encerrou o preg\u00e3o cotada a R$ 3,296, o maior valor desde 1\u00b0 de [&hellip;]","og_url":"https:\/\/www.notibras.com\/site\/mercado-financeiro-projeta-o-dolar-a-315-e-inflacao-em-8\/","og_site_name":"Notibras","article_publisher":"https:\/\/www.facebook.com\/notibras\/","article_published_time":"2015-03-23T12:47:12+00:00","article_modified_time":"2015-03-23T18:49:02+00:00","og_image":[{"width":590,"height":445,"url":"https:\/\/www.notibras.com\/site\/wp-content\/uploads\/2015\/03\/dolar-3.jpg","type":"image\/jpeg"}],"author":"Reda\u00e7\u00e3o","twitter_card":"summary_large_image","twitter_creator":"@Notibras","twitter_site":"@Notibras","twitter_misc":{"Escrito por":"Reda\u00e7\u00e3o","Est. tempo de leitura":"2 minutos"},"schema":{"@context":"https:\/\/schema.org","@graph":[{"@type":"Article","@id":"https:\/\/www.notibras.com\/site\/mercado-financeiro-projeta-o-dolar-a-315-e-inflacao-em-8\/#article","isPartOf":{"@id":"https:\/\/www.notibras.com\/site\/mercado-financeiro-projeta-o-dolar-a-315-e-inflacao-em-8\/"},"author":{"name":"Reda\u00e7\u00e3o","@id":"https:\/\/www.notibras.com\/site\/#\/schema\/person\/36ab0979449956132d3e5b517ea76ac8"},"headline":"Mercado financeiro j\u00e1 projeta o d\u00f3lar a 3,15 e infla\u00e7\u00e3o de 8%","datePublished":"2015-03-23T12:47:12+00:00","dateModified":"2015-03-23T18:49:02+00:00","mainEntityOfPage":{"@id":"https:\/\/www.notibras.com\/site\/mercado-financeiro-projeta-o-dolar-a-315-e-inflacao-em-8\/"},"wordCount":381,"commentCount":0,"publisher":{"@id":"https:\/\/www.notibras.com\/site\/#organization"},"image":{"@id":"https:\/\/www.notibras.com\/site\/mercado-financeiro-projeta-o-dolar-a-315-e-inflacao-em-8\/#primaryimage"},"thumbnailUrl":"https:\/\/www.notibras.com\/site\/wp-content\/uploads\/2015\/03\/dolar-3.jpg","articleSection":["Brasil"],"inLanguage":"pt-BR","potentialAction":[{"@type":"CommentAction","name":"Comment","target":["https:\/\/www.notibras.com\/site\/mercado-financeiro-projeta-o-dolar-a-315-e-inflacao-em-8\/#respond"]}]},{"@type":"WebPage","@id":"https:\/\/www.notibras.com\/site\/mercado-financeiro-projeta-o-dolar-a-315-e-inflacao-em-8\/","url":"https:\/\/www.notibras.com\/site\/mercado-financeiro-projeta-o-dolar-a-315-e-inflacao-em-8\/","name":"Mercado financeiro j\u00e1 projeta o d\u00f3lar a 3,15 e infla\u00e7\u00e3o de 8% - Notibras","isPartOf":{"@id":"https:\/\/www.notibras.com\/site\/#website"},"primaryImageOfPage":{"@id":"https:\/\/www.notibras.com\/site\/mercado-financeiro-projeta-o-dolar-a-315-e-inflacao-em-8\/#primaryimage"},"image":{"@id":"https:\/\/www.notibras.com\/site\/mercado-financeiro-projeta-o-dolar-a-315-e-inflacao-em-8\/#primaryimage"},"thumbnailUrl":"https:\/\/www.notibras.com\/site\/wp-content\/uploads\/2015\/03\/dolar-3.jpg","datePublished":"2015-03-23T12:47:12+00:00","dateModified":"2015-03-23T18:49:02+00:00","breadcrumb":{"@id":"https:\/\/www.notibras.com\/site\/mercado-financeiro-projeta-o-dolar-a-315-e-inflacao-em-8\/#breadcrumb"},"inLanguage":"pt-BR","potentialAction":[{"@type":"ReadAction","target":["https:\/\/www.notibras.com\/site\/mercado-financeiro-projeta-o-dolar-a-315-e-inflacao-em-8\/"]}]},{"@type":"ImageObject","inLanguage":"pt-BR","@id":"https:\/\/www.notibras.com\/site\/mercado-financeiro-projeta-o-dolar-a-315-e-inflacao-em-8\/#primaryimage","url":"https:\/\/www.notibras.com\/site\/wp-content\/uploads\/2015\/03\/dolar-3.jpg","contentUrl":"https:\/\/www.notibras.com\/site\/wp-content\/uploads\/2015\/03\/dolar-3.jpg","width":590,"height":445},{"@type":"BreadcrumbList","@id":"https:\/\/www.notibras.com\/site\/mercado-financeiro-projeta-o-dolar-a-315-e-inflacao-em-8\/#breadcrumb","itemListElement":[{"@type":"ListItem","position":1,"name":"In\u00edcio","item":"https:\/\/www.notibras.com\/site\/"},{"@type":"ListItem","position":2,"name":"Mercado financeiro j\u00e1 projeta o d\u00f3lar a 3,15 e infla\u00e7\u00e3o de 8%"}]},{"@type":"WebSite","@id":"https:\/\/www.notibras.com\/site\/#website","url":"https:\/\/www.notibras.com\/site\/","name":"Notibras","description":"Not\u00edcias de Bras\u00edlia, do Brasil e do Mundo","publisher":{"@id":"https:\/\/www.notibras.com\/site\/#organization"},"potentialAction":[{"@type":"SearchAction","target":{"@type":"EntryPoint","urlTemplate":"https:\/\/www.notibras.com\/site\/?s={search_term_string}"},"query-input":{"@type":"PropertyValueSpecification","valueRequired":true,"valueName":"search_term_string"}}],"inLanguage":"pt-BR"},{"@type":"Organization","@id":"https:\/\/www.notibras.com\/site\/#organization","name":"Grupo Notibras de Comunica\u00e7\u00e3o","url":"https:\/\/www.notibras.com\/site\/","logo":{"@type":"ImageObject","inLanguage":"pt-BR","@id":"https:\/\/www.notibras.com\/site\/#\/schema\/logo\/image\/","url":"https:\/\/www.notibras.com\/site\/wp-content\/uploads\/2023\/01\/notibras23.png","contentUrl":"https:\/\/www.notibras.com\/site\/wp-content\/uploads\/2023\/01\/notibras23.png","width":350,"height":87,"caption":"Grupo Notibras de Comunica\u00e7\u00e3o"},"image":{"@id":"https:\/\/www.notibras.com\/site\/#\/schema\/logo\/image\/"},"sameAs":["https:\/\/www.facebook.com\/notibras\/","https:\/\/x.com\/Notibras","https:\/\/www.instagram.com\/notibras\/"]},{"@type":"Person","@id":"https:\/\/www.notibras.com\/site\/#\/schema\/person\/36ab0979449956132d3e5b517ea76ac8","name":"Reda\u00e7\u00e3o","image":{"@type":"ImageObject","inLanguage":"pt-BR","@id":"https:\/\/secure.gravatar.com\/avatar\/e0a867bdedb85fd243eadf09663511f96fc81e0720a4a42581f334ad4303aa6b?s=96&d=mm&r=g","url":"https:\/\/secure.gravatar.com\/avatar\/e0a867bdedb85fd243eadf09663511f96fc81e0720a4a42581f334ad4303aa6b?s=96&d=mm&r=g","contentUrl":"https:\/\/secure.gravatar.com\/avatar\/e0a867bdedb85fd243eadf09663511f96fc81e0720a4a42581f334ad4303aa6b?s=96&d=mm&r=g","caption":"Reda\u00e7\u00e3o"}}]}},"amp_enabled":true,"_links":{"self":[{"href":"https:\/\/www.notibras.com\/site\/wp-json\/wp\/v2\/posts\/40893","targetHints":{"allow":["GET"]}}],"collection":[{"href":"https:\/\/www.notibras.com\/site\/wp-json\/wp\/v2\/posts"}],"about":[{"href":"https:\/\/www.notibras.com\/site\/wp-json\/wp\/v2\/types\/post"}],"author":[{"embeddable":true,"href":"https:\/\/www.notibras.com\/site\/wp-json\/wp\/v2\/users\/2"}],"replies":[{"embeddable":true,"href":"https:\/\/www.notibras.com\/site\/wp-json\/wp\/v2\/comments?post=40893"}],"version-history":[{"count":0,"href":"https:\/\/www.notibras.com\/site\/wp-json\/wp\/v2\/posts\/40893\/revisions"}],"wp:featuredmedia":[{"embeddable":true,"href":"https:\/\/www.notibras.com\/site\/wp-json\/wp\/v2\/media\/40894"}],"wp:attachment":[{"href":"https:\/\/www.notibras.com\/site\/wp-json\/wp\/v2\/media?parent=40893"}],"wp:term":[{"taxonomy":"category","embeddable":true,"href":"https:\/\/www.notibras.com\/site\/wp-json\/wp\/v2\/categories?post=40893"},{"taxonomy":"post_tag","embeddable":true,"href":"https:\/\/www.notibras.com\/site\/wp-json\/wp\/v2\/tags?post=40893"}],"curies":[{"name":"wp","href":"https:\/\/api.w.org\/{rel}","templated":true}]}}