{"id":408939,"date":"2026-09-03T01:15:50","date_gmt":"2026-09-03T04:15:50","guid":{"rendered":"https:\/\/www.notibras.com\/site\/?p=408939"},"modified":"2026-09-01T19:53:19","modified_gmt":"2026-09-01T22:53:19","slug":"a-solidao-quer-o-papel-principal","status":"publish","type":"post","link":"https:\/\/www.notibras.com\/site\/a-solidao-quer-o-papel-principal\/","title":{"rendered":"A solid\u00e3o quer o papel principal"},"content":{"rendered":"<p>O que apavora na solid\u00e3o? N\u00e3o me venham com esse neg\u00f3cio de solitude. \u00c9 uma baita palavra bonita, criada pra gente se sentir mais confort\u00e1vel com o sil\u00eancio. Mas o fato \u00e9 que, sozinhos, no sil\u00eancio, sem o sol, sem o som do WhatsApp, sem as falas sinceras dos amigos, o que nos resta? As vozes altas da nossa cabe\u00e7a, que nos assustam e apavoram.<\/p>\n<p>\u00c0 noite, elas s\u00e3o absurdamente piores, porque, al\u00e9m das vozes, h\u00e1 o escuro. E temos de confessar: desde crian\u00e7a, temos medo do escuro.<\/p>\n<p>Ando usando uma dessas lumin\u00e1rias mequetrefes que meu pai comprou na Shopee e me deu de presente pra iluminar o quarto. Cafona? Muito! Infantil? Talvez! Sincero? Totalmente sincero! Acordo \u00e0 noite com frequ\u00eancia, e olhar, sem luz nenhuma, para os cinco travesseiros \u00e0 minha volta \u00e9, no m\u00ednimo, horripilante.<\/p>\n<p>Pra piorar, h\u00e1 morcegos no telhado da minha casa, porque meu pai inventou de fazer um teto de madeira com tr\u00eas metros de altura. Eles batem nos canos \u00e0 noite e, como se fosse pouco, nos dias de p\u00e2nico parecem resolver fazer uma rave.<\/p>\n<p>As solid\u00f5es assustam. Solid\u00f5es, porque, no fundo, n\u00e3o \u00e9 uma s\u00f3. \u00c9 a solid\u00e3o de levantar sozinha pra ir ao banheiro \u00e0 noite; \u00e9 a solid\u00e3o de ir ao bar tomar cerveja; \u00e9 a solid\u00e3o de ver a cama t\u00e3o grande \u2014 e a sala tamb\u00e9m; \u00e9 a solid\u00e3o de viajar sozinha, com mais quatro lugares dispon\u00edveis no carro; \u00e9 a solid\u00e3o de ver as barracas da praia cheias e ter de pedir a algu\u00e9m que tome conta da sua mochila; \u00e9 a solid\u00e3o de fazer o almo\u00e7o pra um e sentar \u00e0 mesa pra comer absolutamente em sil\u00eancio, enquanto o mundo todinho acontece ali fora.<\/p>\n<p>A solid\u00e3o assusta, apavora, tira o sono, a alegria e a confian\u00e7a. \u00c0s vezes, por causa dela, nos rendemos \u00e0s coisas m\u00e9dias que chegam at\u00e9 a gente. At\u00e9 a besteira na boca do outro se torna inteligente e interessante porque, afinal, tudo \u00e9 mais interessante do que as vozes que surgem quando a solid\u00e3o assume o papel.<\/p>\n<p>E que papel rid\u00edculo o dela, que insiste em ser atriz principal quando deveria ser coadjuvante.<\/p>\n<p>Mas sabe? \u00c0s vezes, acho que ela tem raz\u00e3o de querer o papel principal. Porque, ora bolas, a solid\u00e3o acompanha a gente a vida inteira: s\u00f3 h\u00e1 uma maca no hospital, s\u00f3 h\u00e1 um lugar no t\u00famulo, s\u00f3 d\u00e1 pra subir escadas uma pessoa por vez, s\u00f3 h\u00e1 um vaso sanit\u00e1rio em qualquer banheiro.<\/p>\n<p>S\u00f3 d\u00e1 pra ser amigo da solid\u00e3o, porque os inimigos j\u00e1 est\u00e3o aqui fora&#8230;<\/p>\n<p>Pensando bem, aqui fora, em carne e osso, e aqui dentro, em linhas imagin\u00e1rias e invis\u00edveis.<\/p>\n<p>&#8230;&#8230;&#8230;&#8230;&#8230;&#8230;&#8230;&#8230;<\/p>\n<p><strong>Thalita Delgado (@tha_delgado) \u00e9 jornalista, publicit\u00e1ria e empres\u00e1ria. Tamb\u00e9m se expressa como crocheteira e escritora. Apaixonada por m\u00fasica, livros e pelas pequenas sensibilidades do cotidiano, lan\u00e7ou, em 2024, seu primeiro livro, \u201cSorrindo e Chorando \u2014 porque \u00e9 isso que a gente faz\u201d, pela Editora Autoria.<\/strong><\/p>\n","protected":false},"excerpt":{"rendered":"<p>O que apavora na solid\u00e3o? N\u00e3o me venham com esse neg\u00f3cio de solitude. \u00c9 uma baita palavra bonita, criada pra gente se sentir mais confort\u00e1vel com o sil\u00eancio. Mas o fato \u00e9 que, sozinhos, no sil\u00eancio, sem o sol, sem o som do WhatsApp, sem as falas sinceras dos amigos, o que nos resta? As [&hellip;]<\/p>\n","protected":false},"author":21,"featured_media":408943,"comment_status":"closed","ping_status":"closed","sticky":false,"template":"","format":"standard","meta":{"_acf_changed":false,"footnotes":""},"categories":[234],"tags":[],"tmauthors":[306],"class_list":["post-408939","post","type-post","status-publish","format-standard","has-post-thumbnail","category-cafe-literario"],"acf":[],"yoast_head":"<!-- This site is optimized with the Yoast SEO plugin v28.0 - https:\/\/yoast.com\/product\/yoast-seo-wordpress\/ -->\n<title>A solid\u00e3o quer o papel principal - Notibras<\/title>\n<meta name=\"robots\" content=\"index, follow, max-snippet:-1, max-image-preview:large, max-video-preview:-1\" \/>\n<link rel=\"canonical\" href=\"https:\/\/www.notibras.com\/site\/a-solidao-quer-o-papel-principal\/\" \/>\n<meta property=\"og:locale\" content=\"pt_BR\" \/>\n<meta property=\"og:type\" content=\"article\" \/>\n<meta property=\"og:title\" content=\"A solid\u00e3o quer o papel principal - Notibras\" \/>\n<meta property=\"og:description\" content=\"O que apavora na solid\u00e3o? N\u00e3o me venham com esse neg\u00f3cio de solitude. \u00c9 uma baita palavra bonita, criada pra gente se sentir mais confort\u00e1vel com o sil\u00eancio. Mas o fato \u00e9 que, sozinhos, no sil\u00eancio, sem o sol, sem o som do WhatsApp, sem as falas sinceras dos amigos, o que nos resta? As [&hellip;]\" \/>\n<meta property=\"og:url\" content=\"https:\/\/www.notibras.com\/site\/a-solidao-quer-o-papel-principal\/\" \/>\n<meta property=\"og:site_name\" content=\"Notibras\" \/>\n<meta property=\"article:publisher\" content=\"https:\/\/www.facebook.com\/notibras\/\" \/>\n<meta property=\"article:published_time\" content=\"2026-09-03T04:15:50+00:00\" \/>\n<meta property=\"og:image\" content=\"https:\/\/www.notibras.com\/site\/wp-content\/uploads\/2026\/09\/ChatGPT-Image-1-de-set.-de-2026-19_52_18-1024x576.png\" \/>\n\t<meta property=\"og:image:width\" content=\"1024\" \/>\n\t<meta property=\"og:image:height\" content=\"576\" \/>\n\t<meta property=\"og:image:type\" content=\"image\/png\" \/>\n<meta name=\"author\" content=\"Eduardo Mart\u00ednez\" \/>\n<meta name=\"twitter:card\" content=\"summary_large_image\" \/>\n<meta name=\"twitter:creator\" content=\"@Notibras\" \/>\n<meta name=\"twitter:site\" content=\"@Notibras\" \/>\n<meta name=\"twitter:label1\" content=\"Escrito por\" \/>\n\t<meta name=\"twitter:data1\" content=\"Eduardo Mart\u00ednez\" \/>\n\t<meta name=\"twitter:label2\" content=\"Est. tempo de leitura\" \/>\n\t<meta name=\"twitter:data2\" content=\"3 minutos\" \/>\n<script type=\"application\/ld+json\" class=\"yoast-schema-graph\">{\"@context\":\"https:\\\/\\\/schema.org\",\"@graph\":[{\"@type\":\"Article\",\"@id\":\"https:\\\/\\\/www.notibras.com\\\/site\\\/a-solidao-quer-o-papel-principal\\\/#article\",\"isPartOf\":{\"@id\":\"https:\\\/\\\/www.notibras.com\\\/site\\\/a-solidao-quer-o-papel-principal\\\/\"},\"author\":{\"name\":\"Eduardo Mart\u00ednez\",\"@id\":\"https:\\\/\\\/www.notibras.com\\\/site\\\/#\\\/schema\\\/person\\\/5b7fabf2aedc3ada2105f03b22b4d3dd\"},\"headline\":\"A solid\u00e3o quer o papel principal\",\"datePublished\":\"2026-09-03T04:15:50+00:00\",\"mainEntityOfPage\":{\"@id\":\"https:\\\/\\\/www.notibras.com\\\/site\\\/a-solidao-quer-o-papel-principal\\\/\"},\"wordCount\":523,\"publisher\":{\"@id\":\"https:\\\/\\\/www.notibras.com\\\/site\\\/#organization\"},\"image\":{\"@id\":\"https:\\\/\\\/www.notibras.com\\\/site\\\/a-solidao-quer-o-papel-principal\\\/#primaryimage\"},\"thumbnailUrl\":\"https:\\\/\\\/www.notibras.com\\\/site\\\/wp-content\\\/uploads\\\/2026\\\/09\\\/ChatGPT-Image-1-de-set.-de-2026-19_52_18.png\",\"articleSection\":[\"Caf\u00e9 Liter\u00e1rio\"],\"inLanguage\":\"pt-BR\"},{\"@type\":\"WebPage\",\"@id\":\"https:\\\/\\\/www.notibras.com\\\/site\\\/a-solidao-quer-o-papel-principal\\\/\",\"url\":\"https:\\\/\\\/www.notibras.com\\\/site\\\/a-solidao-quer-o-papel-principal\\\/\",\"name\":\"A solid\u00e3o quer o papel principal - Notibras\",\"isPartOf\":{\"@id\":\"https:\\\/\\\/www.notibras.com\\\/site\\\/#website\"},\"primaryImageOfPage\":{\"@id\":\"https:\\\/\\\/www.notibras.com\\\/site\\\/a-solidao-quer-o-papel-principal\\\/#primaryimage\"},\"image\":{\"@id\":\"https:\\\/\\\/www.notibras.com\\\/site\\\/a-solidao-quer-o-papel-principal\\\/#primaryimage\"},\"thumbnailUrl\":\"https:\\\/\\\/www.notibras.com\\\/site\\\/wp-content\\\/uploads\\\/2026\\\/09\\\/ChatGPT-Image-1-de-set.-de-2026-19_52_18.png\",\"datePublished\":\"2026-09-03T04:15:50+00:00\",\"breadcrumb\":{\"@id\":\"https:\\\/\\\/www.notibras.com\\\/site\\\/a-solidao-quer-o-papel-principal\\\/#breadcrumb\"},\"inLanguage\":\"pt-BR\",\"potentialAction\":[{\"@type\":\"ReadAction\",\"target\":[\"https:\\\/\\\/www.notibras.com\\\/site\\\/a-solidao-quer-o-papel-principal\\\/\"]}]},{\"@type\":\"ImageObject\",\"inLanguage\":\"pt-BR\",\"@id\":\"https:\\\/\\\/www.notibras.com\\\/site\\\/a-solidao-quer-o-papel-principal\\\/#primaryimage\",\"url\":\"https:\\\/\\\/www.notibras.com\\\/site\\\/wp-content\\\/uploads\\\/2026\\\/09\\\/ChatGPT-Image-1-de-set.-de-2026-19_52_18.png\",\"contentUrl\":\"https:\\\/\\\/www.notibras.com\\\/site\\\/wp-content\\\/uploads\\\/2026\\\/09\\\/ChatGPT-Image-1-de-set.-de-2026-19_52_18.png\",\"width\":1672,\"height\":941},{\"@type\":\"BreadcrumbList\",\"@id\":\"https:\\\/\\\/www.notibras.com\\\/site\\\/a-solidao-quer-o-papel-principal\\\/#breadcrumb\",\"itemListElement\":[{\"@type\":\"ListItem\",\"position\":1,\"name\":\"In\u00edcio\",\"item\":\"https:\\\/\\\/www.notibras.com\\\/site\\\/\"},{\"@type\":\"ListItem\",\"position\":2,\"name\":\"A solid\u00e3o quer o papel principal\"}]},{\"@type\":\"WebSite\",\"@id\":\"https:\\\/\\\/www.notibras.com\\\/site\\\/#website\",\"url\":\"https:\\\/\\\/www.notibras.com\\\/site\\\/\",\"name\":\"Notibras\",\"description\":\"Not\u00edcias de Bras\u00edlia, do Brasil e do Mundo\",\"publisher\":{\"@id\":\"https:\\\/\\\/www.notibras.com\\\/site\\\/#organization\"},\"potentialAction\":[{\"@type\":\"SearchAction\",\"target\":{\"@type\":\"EntryPoint\",\"urlTemplate\":\"https:\\\/\\\/www.notibras.com\\\/site\\\/?s={search_term_string}\"},\"query-input\":{\"@type\":\"PropertyValueSpecification\",\"valueRequired\":true,\"valueName\":\"search_term_string\"}}],\"inLanguage\":\"pt-BR\"},{\"@type\":\"Organization\",\"@id\":\"https:\\\/\\\/www.notibras.com\\\/site\\\/#organization\",\"name\":\"Grupo Notibras de Comunica\u00e7\u00e3o\",\"url\":\"https:\\\/\\\/www.notibras.com\\\/site\\\/\",\"logo\":{\"@type\":\"ImageObject\",\"inLanguage\":\"pt-BR\",\"@id\":\"https:\\\/\\\/www.notibras.com\\\/site\\\/#\\\/schema\\\/logo\\\/image\\\/\",\"url\":\"https:\\\/\\\/www.notibras.com\\\/site\\\/wp-content\\\/uploads\\\/2023\\\/01\\\/notibras23.png\",\"contentUrl\":\"https:\\\/\\\/www.notibras.com\\\/site\\\/wp-content\\\/uploads\\\/2023\\\/01\\\/notibras23.png\",\"width\":350,\"height\":87,\"caption\":\"Grupo Notibras de Comunica\u00e7\u00e3o\"},\"image\":{\"@id\":\"https:\\\/\\\/www.notibras.com\\\/site\\\/#\\\/schema\\\/logo\\\/image\\\/\"},\"sameAs\":[\"https:\\\/\\\/www.facebook.com\\\/notibras\\\/\",\"https:\\\/\\\/x.com\\\/Notibras\",\"https:\\\/\\\/www.instagram.com\\\/notibras\\\/\"]},{\"@type\":\"Person\",\"@id\":\"https:\\\/\\\/www.notibras.com\\\/site\\\/#\\\/schema\\\/person\\\/5b7fabf2aedc3ada2105f03b22b4d3dd\",\"name\":\"Eduardo Mart\u00ednez\",\"image\":{\"@type\":\"ImageObject\",\"inLanguage\":\"pt-BR\",\"@id\":\"https:\\\/\\\/secure.gravatar.com\\\/avatar\\\/7902f906289926289cbcda644b5197c796b893c6ffd7b9a536a42d290f7704a0?s=96&d=mm&r=g\",\"url\":\"https:\\\/\\\/secure.gravatar.com\\\/avatar\\\/7902f906289926289cbcda644b5197c796b893c6ffd7b9a536a42d290f7704a0?s=96&d=mm&r=g\",\"contentUrl\":\"https:\\\/\\\/secure.gravatar.com\\\/avatar\\\/7902f906289926289cbcda644b5197c796b893c6ffd7b9a536a42d290f7704a0?s=96&d=mm&r=g\",\"caption\":\"Eduardo Mart\u00ednez\"}}]}<\/script>\n<!-- \/ Yoast SEO plugin. -->","yoast_head_json":{"title":"A solid\u00e3o quer o papel principal - Notibras","robots":{"index":"index","follow":"follow","max-snippet":"max-snippet:-1","max-image-preview":"max-image-preview:large","max-video-preview":"max-video-preview:-1"},"canonical":"https:\/\/www.notibras.com\/site\/a-solidao-quer-o-papel-principal\/","og_locale":"pt_BR","og_type":"article","og_title":"A solid\u00e3o quer o papel principal - Notibras","og_description":"O que apavora na solid\u00e3o? N\u00e3o me venham com esse neg\u00f3cio de solitude. \u00c9 uma baita palavra bonita, criada pra gente se sentir mais confort\u00e1vel com o sil\u00eancio. Mas o fato \u00e9 que, sozinhos, no sil\u00eancio, sem o sol, sem o som do WhatsApp, sem as falas sinceras dos amigos, o que nos resta? As [&hellip;]","og_url":"https:\/\/www.notibras.com\/site\/a-solidao-quer-o-papel-principal\/","og_site_name":"Notibras","article_publisher":"https:\/\/www.facebook.com\/notibras\/","article_published_time":"2026-09-03T04:15:50+00:00","og_image":[{"width":1024,"height":576,"url":"https:\/\/www.notibras.com\/site\/wp-content\/uploads\/2026\/09\/ChatGPT-Image-1-de-set.-de-2026-19_52_18-1024x576.png","type":"image\/png"}],"author":"Eduardo Mart\u00ednez","twitter_card":"summary_large_image","twitter_creator":"@Notibras","twitter_site":"@Notibras","twitter_misc":{"Escrito por":"Eduardo Mart\u00ednez","Est. tempo de leitura":"3 minutos"},"schema":{"@context":"https:\/\/schema.org","@graph":[{"@type":"Article","@id":"https:\/\/www.notibras.com\/site\/a-solidao-quer-o-papel-principal\/#article","isPartOf":{"@id":"https:\/\/www.notibras.com\/site\/a-solidao-quer-o-papel-principal\/"},"author":{"name":"Eduardo Mart\u00ednez","@id":"https:\/\/www.notibras.com\/site\/#\/schema\/person\/5b7fabf2aedc3ada2105f03b22b4d3dd"},"headline":"A solid\u00e3o quer o papel principal","datePublished":"2026-09-03T04:15:50+00:00","mainEntityOfPage":{"@id":"https:\/\/www.notibras.com\/site\/a-solidao-quer-o-papel-principal\/"},"wordCount":523,"publisher":{"@id":"https:\/\/www.notibras.com\/site\/#organization"},"image":{"@id":"https:\/\/www.notibras.com\/site\/a-solidao-quer-o-papel-principal\/#primaryimage"},"thumbnailUrl":"https:\/\/www.notibras.com\/site\/wp-content\/uploads\/2026\/09\/ChatGPT-Image-1-de-set.-de-2026-19_52_18.png","articleSection":["Caf\u00e9 Liter\u00e1rio"],"inLanguage":"pt-BR"},{"@type":"WebPage","@id":"https:\/\/www.notibras.com\/site\/a-solidao-quer-o-papel-principal\/","url":"https:\/\/www.notibras.com\/site\/a-solidao-quer-o-papel-principal\/","name":"A solid\u00e3o quer o papel principal - Notibras","isPartOf":{"@id":"https:\/\/www.notibras.com\/site\/#website"},"primaryImageOfPage":{"@id":"https:\/\/www.notibras.com\/site\/a-solidao-quer-o-papel-principal\/#primaryimage"},"image":{"@id":"https:\/\/www.notibras.com\/site\/a-solidao-quer-o-papel-principal\/#primaryimage"},"thumbnailUrl":"https:\/\/www.notibras.com\/site\/wp-content\/uploads\/2026\/09\/ChatGPT-Image-1-de-set.-de-2026-19_52_18.png","datePublished":"2026-09-03T04:15:50+00:00","breadcrumb":{"@id":"https:\/\/www.notibras.com\/site\/a-solidao-quer-o-papel-principal\/#breadcrumb"},"inLanguage":"pt-BR","potentialAction":[{"@type":"ReadAction","target":["https:\/\/www.notibras.com\/site\/a-solidao-quer-o-papel-principal\/"]}]},{"@type":"ImageObject","inLanguage":"pt-BR","@id":"https:\/\/www.notibras.com\/site\/a-solidao-quer-o-papel-principal\/#primaryimage","url":"https:\/\/www.notibras.com\/site\/wp-content\/uploads\/2026\/09\/ChatGPT-Image-1-de-set.-de-2026-19_52_18.png","contentUrl":"https:\/\/www.notibras.com\/site\/wp-content\/uploads\/2026\/09\/ChatGPT-Image-1-de-set.-de-2026-19_52_18.png","width":1672,"height":941},{"@type":"BreadcrumbList","@id":"https:\/\/www.notibras.com\/site\/a-solidao-quer-o-papel-principal\/#breadcrumb","itemListElement":[{"@type":"ListItem","position":1,"name":"In\u00edcio","item":"https:\/\/www.notibras.com\/site\/"},{"@type":"ListItem","position":2,"name":"A solid\u00e3o quer o papel principal"}]},{"@type":"WebSite","@id":"https:\/\/www.notibras.com\/site\/#website","url":"https:\/\/www.notibras.com\/site\/","name":"Notibras","description":"Not\u00edcias de Bras\u00edlia, do Brasil e do Mundo","publisher":{"@id":"https:\/\/www.notibras.com\/site\/#organization"},"potentialAction":[{"@type":"SearchAction","target":{"@type":"EntryPoint","urlTemplate":"https:\/\/www.notibras.com\/site\/?s={search_term_string}"},"query-input":{"@type":"PropertyValueSpecification","valueRequired":true,"valueName":"search_term_string"}}],"inLanguage":"pt-BR"},{"@type":"Organization","@id":"https:\/\/www.notibras.com\/site\/#organization","name":"Grupo Notibras de Comunica\u00e7\u00e3o","url":"https:\/\/www.notibras.com\/site\/","logo":{"@type":"ImageObject","inLanguage":"pt-BR","@id":"https:\/\/www.notibras.com\/site\/#\/schema\/logo\/image\/","url":"https:\/\/www.notibras.com\/site\/wp-content\/uploads\/2023\/01\/notibras23.png","contentUrl":"https:\/\/www.notibras.com\/site\/wp-content\/uploads\/2023\/01\/notibras23.png","width":350,"height":87,"caption":"Grupo Notibras de Comunica\u00e7\u00e3o"},"image":{"@id":"https:\/\/www.notibras.com\/site\/#\/schema\/logo\/image\/"},"sameAs":["https:\/\/www.facebook.com\/notibras\/","https:\/\/x.com\/Notibras","https:\/\/www.instagram.com\/notibras\/"]},{"@type":"Person","@id":"https:\/\/www.notibras.com\/site\/#\/schema\/person\/5b7fabf2aedc3ada2105f03b22b4d3dd","name":"Eduardo Mart\u00ednez","image":{"@type":"ImageObject","inLanguage":"pt-BR","@id":"https:\/\/secure.gravatar.com\/avatar\/7902f906289926289cbcda644b5197c796b893c6ffd7b9a536a42d290f7704a0?s=96&d=mm&r=g","url":"https:\/\/secure.gravatar.com\/avatar\/7902f906289926289cbcda644b5197c796b893c6ffd7b9a536a42d290f7704a0?s=96&d=mm&r=g","contentUrl":"https:\/\/secure.gravatar.com\/avatar\/7902f906289926289cbcda644b5197c796b893c6ffd7b9a536a42d290f7704a0?s=96&d=mm&r=g","caption":"Eduardo Mart\u00ednez"}}]}},"_links":{"self":[{"href":"https:\/\/www.notibras.com\/site\/wp-json\/wp\/v2\/posts\/408939","targetHints":{"allow":["GET"]}}],"collection":[{"href":"https:\/\/www.notibras.com\/site\/wp-json\/wp\/v2\/posts"}],"about":[{"href":"https:\/\/www.notibras.com\/site\/wp-json\/wp\/v2\/types\/post"}],"author":[{"embeddable":true,"href":"https:\/\/www.notibras.com\/site\/wp-json\/wp\/v2\/users\/21"}],"replies":[{"embeddable":true,"href":"https:\/\/www.notibras.com\/site\/wp-json\/wp\/v2\/comments?post=408939"}],"version-history":[{"count":2,"href":"https:\/\/www.notibras.com\/site\/wp-json\/wp\/v2\/posts\/408939\/revisions"}],"predecessor-version":[{"id":408945,"href":"https:\/\/www.notibras.com\/site\/wp-json\/wp\/v2\/posts\/408939\/revisions\/408945"}],"wp:featuredmedia":[{"embeddable":true,"href":"https:\/\/www.notibras.com\/site\/wp-json\/wp\/v2\/media\/408943"}],"wp:attachment":[{"href":"https:\/\/www.notibras.com\/site\/wp-json\/wp\/v2\/media?parent=408939"}],"wp:term":[{"taxonomy":"category","embeddable":true,"href":"https:\/\/www.notibras.com\/site\/wp-json\/wp\/v2\/categories?post=408939"},{"taxonomy":"post_tag","embeddable":true,"href":"https:\/\/www.notibras.com\/site\/wp-json\/wp\/v2\/tags?post=408939"},{"taxonomy":"tmauthors","embeddable":true,"href":"https:\/\/www.notibras.com\/site\/wp-json\/wp\/v2\/tmauthors?post=408939"}],"curies":[{"name":"wp","href":"https:\/\/api.w.org\/{rel}","templated":true}]}}