{"id":408952,"date":"2026-09-02T00:15:09","date_gmt":"2026-09-02T03:15:09","guid":{"rendered":"https:\/\/www.notibras.com\/site\/?p=408952"},"modified":"2026-09-01T20:17:36","modified_gmt":"2026-09-01T23:17:36","slug":"confira-orientacoes-para-acompanhar-o-desfile-de-7-de-setembro","status":"publish","type":"post","link":"https:\/\/www.notibras.com\/site\/confira-orientacoes-para-acompanhar-o-desfile-de-7-de-setembro\/","title":{"rendered":"Confira orienta\u00e7\u00f5es para acompanhar o Desfile de 7 de setembro"},"content":{"rendered":"<p>O Protocolo de Opera\u00e7\u00f5es Integradas (POI) para o Desfile C\u00edvico de 7 de Setembro foi conclu\u00eddo. O documento foi constru\u00eddo a partir de reuni\u00f5es de alinhamento com \u00f3rg\u00e3os federais e locais e com base em levantamentos de intelig\u00eancia. O planejamento prev\u00ea a\u00e7\u00f5es coordenadas e sistematizadas para garantir a manuten\u00e7\u00e3o da ordem p\u00fablica e a seguran\u00e7a dos participantes, autoridades, pr\u00e9dios p\u00fablicos e de todos que ir\u00e3o acompanhar a celebra\u00e7\u00e3o.<\/p>\n<p>O evento ser\u00e1 realizado na segunda-feira (7). As arquibancadas ser\u00e3o abertas \u00e0s 6h e o desfile est\u00e1 previsto para come\u00e7ar \u00e0s 9h, com encerramento por volta das 11h. Quando a capacidade das arquibancadas for atingida, o p\u00fablico ser\u00e1 orientado a permanecer nas \u00e1reas externas destinadas aos espectadores, com tendas e pontos de hidrata\u00e7\u00e3o nos lados Norte e Sul da Esplanada.<\/p>\n<p>As linhas de revista preventiva come\u00e7ar\u00e3o a funcionar \u00e0s 6h. Como haver\u00e1 inspe\u00e7\u00e3o individual, poder\u00e3o ocorrer filas nos acessos. No lado Sul, a entrada ser\u00e1 pelo gramado central do quarto quadrante da Esplanada, ap\u00f3s o Buraco do Tatu\u00ed, em frente ao estacionamento da C\u00faria Metropolitana. No lado Norte, o acesso ser\u00e1 pela lateral do Bloco J, do Minist\u00e9rio do Desenvolvimento, Ind\u00fastria, Com\u00e9rcio e Servi\u00e7os. Pessoas com defici\u00eancia ter\u00e3o acesso pelo t\u00fanel do Bloco J, que possui rampa de liga\u00e7\u00e3o com o espa\u00e7o reservado entre o minist\u00e9rio e a Via N1.<\/p>\n<p>Tamb\u00e9m haver\u00e1 a\u00e7\u00f5es preventivas na Esta\u00e7\u00e3o Central do metr\u00f4, na Esta\u00e7\u00e3o Galeria, na Rodovi\u00e1ria de Bras\u00edlia e nas linhas de acesso \u00e0s arquibancadas.<\/p>\n<p><strong>Refor\u00e7o no policiamento<\/strong><\/p>\n<p>N\u00e3o ser\u00e1 permitido estacionar sobre cal\u00e7adas, gramados, \u00e1reas de circula\u00e7\u00e3o de pedestres, acessos de emerg\u00eancia ou espa\u00e7os isolados. Ve\u00edculos estacionados em desacordo com o C\u00f3digo de Tr\u00e2nsito Brasileiro estar\u00e3o sujeitos a fiscaliza\u00e7\u00e3o e remo\u00e7\u00e3o.<\/p>\n<p>O esquema de seguran\u00e7a contar\u00e1 com o refor\u00e7o de policiamento em toda a regi\u00e3o central e a atua\u00e7\u00e3o de tropas especializadas. As altera\u00e7\u00f5es no tr\u00e2nsito na Esplanada dos Minist\u00e9rios ter\u00e3o in\u00edcio a partir das 16h de domingo (6). O acesso \u00e0 Pra\u00e7a dos Tr\u00eas Poderes ser\u00e1 restrito, e pr\u00e9dios p\u00fablicos estar\u00e3o protegidos por gradis. Equipes de emerg\u00eancia e combate a inc\u00eandios tamb\u00e9m atuar\u00e3o no local.<\/p>\n<p><strong>Cidade Policial<\/strong><\/p>\n<p>Para facilitar a atua\u00e7\u00e3o, as for\u00e7as de seguran\u00e7a ter\u00e3o como base a estrutura da Cidade Policial, que ser\u00e1 montada ao lado do Museu da Rep\u00fablica. No local, que servir\u00e1 como ponto de apoio aos agentes de seguran\u00e7a, haver\u00e1 os comandos m\u00f3veis das corpora\u00e7\u00f5es. Imagens de drones e de c\u00e2meras v\u00e3o contribuir com o policiamento.<\/p>\n<p>Na Cidade Policial ser\u00e1 poss\u00edvel fazer o registro de ocorr\u00eancias policiais e bloqueio de celulares roubados ou furtados, por meio do programa Fora da Rede.<\/p>\n<p>As for\u00e7as de seguran\u00e7a tamb\u00e9m atuar\u00e3o na preven\u00e7\u00e3o de inc\u00eandios e com equipes de militares especializados em atendimento pr\u00e9-hospitalar, circulando entre o p\u00fablico para uma resposta mais r\u00e1pida em caso de necessidade. O objetivo \u00e9 atender pessoas que n\u00e3o necessitem de servi\u00e7os m\u00e9dicos de maior complexidade, al\u00e9m de proporcionar um atendimento mais r\u00e1pido e eficiente a quem necessitar. Os militares poder\u00e3o ser acionados por meio do 193 a qualquer momento. Haver\u00e1, ainda, postos de atendimento de sa\u00fade providos pelas For\u00e7as Armadas.<\/p>\n<p><strong>Sol forte<\/strong><\/p>\n<p>Recomenda-se, em caso de sol forte e temperaturas elevadas, o uso de roupas leves, protetor solar, bon\u00e9s ou chap\u00e9us. Tamb\u00e9m \u00e9 aconselh\u00e1vel ingerir bastante \u00e1gua. Equipes da corpora\u00e7\u00e3o estar\u00e3o em diferentes pontos da Esplanada e poder\u00e3o ser acionadas, al\u00e9m de viaturas para pronto atendimento a emerg\u00eancias pr\u00e9-hospitalares, inc\u00eandio e salvamento.<\/p>\n<p><strong>Monitoramento integrado<\/strong><\/p>\n<p>Para apoiar as equipes, a regi\u00e3o ser\u00e1 monitorada por c\u00e2meras, drones e imagens enviadas em tempo real.<\/p>\n<p><strong>Fluidez no tr\u00e2nsito<\/strong><\/p>\n<p>As equipes de tr\u00e2nsito atuar\u00e3o na implementa\u00e7\u00e3o de barreiras e sinaliza\u00e7\u00e3o tempor\u00e1ria, orienta\u00e7\u00e3o aos motoristas sobre rotas alternativas, controle de acesso de ve\u00edculos autorizados, fiscaliza\u00e7\u00e3o de estacionamentos irregulares, preserva\u00e7\u00e3o dos corredores de circula\u00e7\u00e3o de viaturas e ambul\u00e2ncias, travessia de pedestres, redu\u00e7\u00e3o de velocidade dos ve\u00edculos nas proximidades da Rodovi\u00e1ria, ajuste da circula\u00e7\u00e3o dos \u00f4nibus do transporte coletivo. A orienta\u00e7\u00e3o \u00e9 que os condutores que n\u00e3o tiverem como destino o evento, evitem a regi\u00e3o da Esplanada.<\/p>\n<p>No s\u00e1bado (5), haver\u00e1 interdi\u00e7\u00f5es para o treinamento do desfile, das 6h \u00e0s 11h, nas vias N1 e S1 e nos acessos correspondentes aos blocos dos minist\u00e9rios. A partir das 16h de domingo, ser\u00e1 iniciado o fechamento da Esplanada dos Minist\u00e9rios no trecho entre a Catedral Metropolitana e a Via L4. A partir das 23h, os bloqueios ser\u00e3o ampliados e ajustados na regi\u00e3o da Al\u00e7a Leste da Rodovi\u00e1ria, nos acessos pela Via L4 e em outros pontos necess\u00e1rios \u00e0 implanta\u00e7\u00e3o da opera\u00e7\u00e3o.<\/p>\n<p>Durante o evento, haver\u00e1 proibi\u00e7\u00e3o ou controle de tr\u00e2nsito comum em trechos das vias S1 e S2. As vias N1 e N2, as liga\u00e7\u00f5es entre os eixos Sul e Norte e os acessos \u00e0 Esplanada tamb\u00e9m sofrer\u00e3o restri\u00e7\u00f5es. Os bloqueios permanecer\u00e3o at\u00e9 o encerramento das atividades e avalia\u00e7\u00e3o das autoridades de tr\u00e2nsito.<\/p>\n<p>Caminh\u00f5es, tratores, trios el\u00e9tricos e outros ve\u00edculos de grande porte n\u00e3o autorizados n\u00e3o poder\u00e3o acessar as vias N1, N2, S1 e S2 durante o per\u00edodo de seguran\u00e7a do evento.<\/p>\n<p><strong>Itens proibidos<\/strong><\/p>\n<p>A orienta\u00e7\u00e3o \u00e9 levar apenas o necess\u00e1rio para acompanhar o desfile. Entre os itens que n\u00e3o poder\u00e3o entrar no per\u00edmetro est\u00e3o armas de fogo, facas, canivetes e outros objetos perfurocortantes; fogos de artif\u00edcio; explosivos; subst\u00e2ncias inflam\u00e1veis; drones; garrafas, frascos e copos de vidro; latas de alum\u00ednio; copos t\u00e9rmicos r\u00edgidos; coolers e caixas de isopor; capacetes motocicl\u00edsticos; sprays e aeross\u00f3is; mastros r\u00edgidos; malas e caixas; barracas; churrasqueiras e equipamentos a g\u00e1s ou eletricidade.<\/p>\n<p>Tamb\u00e9m n\u00e3o ser\u00e3o permitidos animais, exceto c\u00e3es-guia, nem bolsas ou mochilas cuja soma das dimens\u00f5es de altura, largura e profundidade ultrapasse 100 cent\u00edmetros. Cartazes, bandeiras, s\u00edmbolos, sinais ou c\u00e2nticos com mensagens ofensivas, racistas, homof\u00f3bicas, sexistas, xenof\u00f3bicas ou pol\u00edticas tamb\u00e9m estar\u00e3o sujeitos \u00e0s regras estabelecidas para o evento.<\/p>\n<p>Motociclistas devem ficar atentos: capacetes n\u00e3o poder\u00e3o entrar na \u00e1rea do desfile. A orienta\u00e7\u00e3o \u00e9 providenciar previamente forma segura de mant\u00ea-los junto ao ve\u00edculo.<\/p>\n<p><strong>Restri\u00e7\u00e3o para drones<\/strong><\/p>\n<p>Pilotos e propriet\u00e1rios de drones tamb\u00e9m devem observar a restri\u00e7\u00e3o tempor\u00e1ria de voo prevista para a regi\u00e3o. No dia 7 de setembro, da 0h \u00e0s 18h, estar\u00e1 em vigor uma Zona de Restri\u00e7\u00e3o de Voo (FRZ) na \u00e1rea destinada ao desfile e em seu entorno imediato. Durante esse per\u00edodo, ficam proibidos voos recreativos e profissionais de aeronaves n\u00e3o tripuladas sem autoriza\u00e7\u00e3o espec\u00edfica. A exce\u00e7\u00e3o vale para equipamentos de \u00f3rg\u00e3os de seguran\u00e7a p\u00fablica e institui\u00e7\u00f5es previamente autorizadas.<\/p>\n<p>O descumprimento das determina\u00e7\u00f5es poder\u00e1 resultar em medidas de mitiga\u00e7\u00e3o e nas san\u00e7\u00f5es administrativas, civis e penais previstas na legisla\u00e7\u00e3o.<\/p>\n<p><strong>Estacionamento<\/strong><\/p>\n<p>Quem optar pelo ve\u00edculo particular poder\u00e1 utilizar, conforme a disponibilidade de vagas, os estacionamentos dos anexos dos minist\u00e9rios nos lados sul e norte e o estacionamento do SESI Lab. As vagas n\u00e3o ser\u00e3o reservadas e poder\u00e3o ser ocupadas rapidamente. A recomenda\u00e7\u00e3o, tamb\u00e9m neste caso, \u00e9 chegar cedo.<\/p>\n<p>N\u00e3o ser\u00e1 permitido estacionar sobre cal\u00e7adas, gramados, \u00e1reas de circula\u00e7\u00e3o de pedestres, acessos de emerg\u00eancia ou espa\u00e7os isolados. Ve\u00edculos em desacordo com o C\u00f3digo de Tr\u00e2nsito Brasileiro estar\u00e3o sujeitos \u00e0 fiscaliza\u00e7\u00e3o e remo\u00e7\u00e3o.<\/p>\n<p>O estacionamento da C\u00faria Metropolitana ter\u00e1 acesso controlado, especialmente para atendimento \u00e0s necessidades das pessoas com defici\u00eancia e das estruturas de sa\u00fade.<\/p>\n<p><strong>Aplicativos e t\u00e1xis<\/strong><\/p>\n<p>Os servi\u00e7os de transporte por aplicativo ter\u00e3o pontos espec\u00edficos para embarque e desembarque. No lado Sul, o ponto ser\u00e1 no estacionamento do anexo do Minist\u00e9rio da Cultura, com acesso pela Via S2. No lado Norte, ser\u00e1 utilizado o estacionamento anexo ao Bloco J. Os t\u00e1xis ter\u00e3o \u00e1rea pr\u00f3pria no estacionamento situado entre o SESI Lab e a Biblioteca Nacional, tamb\u00e9m com acesso pela Via S2. A orienta\u00e7\u00e3o \u00e9 utilizar exclusivamente esses pontos e evitar paradas nas vias principais e nas \u00e1reas de bloqueio.<\/p>\n<p><strong>Pessoas perdidas<\/strong><\/p>\n<p>Ao lado da Cidade da Seguran\u00e7a P\u00fablica ser\u00e1 instalada uma \u00e1rea espec\u00edfica para acolhimento de pessoas perdidas. Em caso de crian\u00e7a, adolescente, pessoa idosa ou qualquer outro participante perdido, a orienta\u00e7\u00e3o \u00e9 procurar imediatamente uma equipe uniformizada ou dirigir-se ao ponto de acolhimento.<\/p>\n","protected":false},"excerpt":{"rendered":"<p>O Protocolo de Opera\u00e7\u00f5es Integradas (POI) para o Desfile C\u00edvico de 7 de Setembro foi conclu\u00eddo. O documento foi constru\u00eddo a partir de reuni\u00f5es de alinhamento com \u00f3rg\u00e3os federais e locais e com base em levantamentos de intelig\u00eancia. O planejamento prev\u00ea a\u00e7\u00f5es coordenadas e sistematizadas para garantir a manuten\u00e7\u00e3o da ordem p\u00fablica e a seguran\u00e7a [&hellip;]<\/p>\n","protected":false},"author":21,"featured_media":408956,"comment_status":"closed","ping_status":"closed","sticky":false,"template":"","format":"standard","meta":{"_acf_changed":false,"footnotes":""},"categories":[161],"tags":[],"tmauthors":[306],"class_list":["post-408952","post","type-post","status-publish","format-standard","has-post-thumbnail","category-quadradinho-em-foco"],"acf":[],"yoast_head":"<!-- This site is optimized with the Yoast SEO plugin v28.0 - https:\/\/yoast.com\/product\/yoast-seo-wordpress\/ -->\n<title>Confira orienta\u00e7\u00f5es para acompanhar o Desfile de 7 de setembro - Notibras<\/title>\n<meta name=\"robots\" content=\"index, follow, max-snippet:-1, max-image-preview:large, max-video-preview:-1\" \/>\n<link rel=\"canonical\" href=\"https:\/\/www.notibras.com\/site\/confira-orientacoes-para-acompanhar-o-desfile-de-7-de-setembro\/\" \/>\n<meta property=\"og:locale\" content=\"pt_BR\" \/>\n<meta property=\"og:type\" content=\"article\" \/>\n<meta property=\"og:title\" content=\"Confira orienta\u00e7\u00f5es para acompanhar o Desfile de 7 de setembro - Notibras\" \/>\n<meta property=\"og:description\" content=\"O Protocolo de Opera\u00e7\u00f5es Integradas (POI) para o Desfile C\u00edvico de 7 de Setembro foi conclu\u00eddo. O documento foi constru\u00eddo a partir de reuni\u00f5es de alinhamento com \u00f3rg\u00e3os federais e locais e com base em levantamentos de intelig\u00eancia. O planejamento prev\u00ea a\u00e7\u00f5es coordenadas e sistematizadas para garantir a manuten\u00e7\u00e3o da ordem p\u00fablica e a seguran\u00e7a [&hellip;]\" \/>\n<meta property=\"og:url\" content=\"https:\/\/www.notibras.com\/site\/confira-orientacoes-para-acompanhar-o-desfile-de-7-de-setembro\/\" \/>\n<meta property=\"og:site_name\" content=\"Notibras\" \/>\n<meta property=\"article:publisher\" content=\"https:\/\/www.facebook.com\/notibras\/\" \/>\n<meta property=\"article:published_time\" content=\"2026-09-02T03:15:09+00:00\" \/>\n<meta property=\"og:image\" content=\"https:\/\/www.notibras.com\/site\/wp-content\/uploads\/2026\/09\/ead7087f-ac24-4c20-9062-6bc63e7b6e3a-1.jpeg\" \/>\n\t<meta property=\"og:image:width\" content=\"1600\" \/>\n\t<meta property=\"og:image:height\" content=\"1066\" \/>\n\t<meta property=\"og:image:type\" content=\"image\/jpeg\" \/>\n<meta name=\"author\" content=\"Eduardo Mart\u00ednez\" \/>\n<meta name=\"twitter:card\" content=\"summary_large_image\" \/>\n<meta name=\"twitter:creator\" content=\"@Notibras\" \/>\n<meta name=\"twitter:site\" content=\"@Notibras\" \/>\n<meta name=\"twitter:label1\" content=\"Escrito por\" \/>\n\t<meta name=\"twitter:data1\" content=\"Eduardo Mart\u00ednez\" \/>\n\t<meta name=\"twitter:label2\" content=\"Est. tempo de leitura\" \/>\n\t<meta name=\"twitter:data2\" content=\"8 minutos\" \/>\n<script type=\"application\/ld+json\" class=\"yoast-schema-graph\">{\"@context\":\"https:\\\/\\\/schema.org\",\"@graph\":[{\"@type\":\"Article\",\"@id\":\"https:\\\/\\\/www.notibras.com\\\/site\\\/confira-orientacoes-para-acompanhar-o-desfile-de-7-de-setembro\\\/#article\",\"isPartOf\":{\"@id\":\"https:\\\/\\\/www.notibras.com\\\/site\\\/confira-orientacoes-para-acompanhar-o-desfile-de-7-de-setembro\\\/\"},\"author\":{\"name\":\"Eduardo Mart\u00ednez\",\"@id\":\"https:\\\/\\\/www.notibras.com\\\/site\\\/#\\\/schema\\\/person\\\/5b7fabf2aedc3ada2105f03b22b4d3dd\"},\"headline\":\"Confira orienta\u00e7\u00f5es para acompanhar o Desfile de 7 de setembro\",\"datePublished\":\"2026-09-02T03:15:09+00:00\",\"mainEntityOfPage\":{\"@id\":\"https:\\\/\\\/www.notibras.com\\\/site\\\/confira-orientacoes-para-acompanhar-o-desfile-de-7-de-setembro\\\/\"},\"wordCount\":1536,\"publisher\":{\"@id\":\"https:\\\/\\\/www.notibras.com\\\/site\\\/#organization\"},\"image\":{\"@id\":\"https:\\\/\\\/www.notibras.com\\\/site\\\/confira-orientacoes-para-acompanhar-o-desfile-de-7-de-setembro\\\/#primaryimage\"},\"thumbnailUrl\":\"https:\\\/\\\/www.notibras.com\\\/site\\\/wp-content\\\/uploads\\\/2026\\\/09\\\/ead7087f-ac24-4c20-9062-6bc63e7b6e3a-1.jpeg\",\"articleSection\":[\"Quadradinho em Foco\"],\"inLanguage\":\"pt-BR\"},{\"@type\":\"WebPage\",\"@id\":\"https:\\\/\\\/www.notibras.com\\\/site\\\/confira-orientacoes-para-acompanhar-o-desfile-de-7-de-setembro\\\/\",\"url\":\"https:\\\/\\\/www.notibras.com\\\/site\\\/confira-orientacoes-para-acompanhar-o-desfile-de-7-de-setembro\\\/\",\"name\":\"Confira orienta\u00e7\u00f5es para acompanhar o Desfile de 7 de setembro - Notibras\",\"isPartOf\":{\"@id\":\"https:\\\/\\\/www.notibras.com\\\/site\\\/#website\"},\"primaryImageOfPage\":{\"@id\":\"https:\\\/\\\/www.notibras.com\\\/site\\\/confira-orientacoes-para-acompanhar-o-desfile-de-7-de-setembro\\\/#primaryimage\"},\"image\":{\"@id\":\"https:\\\/\\\/www.notibras.com\\\/site\\\/confira-orientacoes-para-acompanhar-o-desfile-de-7-de-setembro\\\/#primaryimage\"},\"thumbnailUrl\":\"https:\\\/\\\/www.notibras.com\\\/site\\\/wp-content\\\/uploads\\\/2026\\\/09\\\/ead7087f-ac24-4c20-9062-6bc63e7b6e3a-1.jpeg\",\"datePublished\":\"2026-09-02T03:15:09+00:00\",\"breadcrumb\":{\"@id\":\"https:\\\/\\\/www.notibras.com\\\/site\\\/confira-orientacoes-para-acompanhar-o-desfile-de-7-de-setembro\\\/#breadcrumb\"},\"inLanguage\":\"pt-BR\",\"potentialAction\":[{\"@type\":\"ReadAction\",\"target\":[\"https:\\\/\\\/www.notibras.com\\\/site\\\/confira-orientacoes-para-acompanhar-o-desfile-de-7-de-setembro\\\/\"]}]},{\"@type\":\"ImageObject\",\"inLanguage\":\"pt-BR\",\"@id\":\"https:\\\/\\\/www.notibras.com\\\/site\\\/confira-orientacoes-para-acompanhar-o-desfile-de-7-de-setembro\\\/#primaryimage\",\"url\":\"https:\\\/\\\/www.notibras.com\\\/site\\\/wp-content\\\/uploads\\\/2026\\\/09\\\/ead7087f-ac24-4c20-9062-6bc63e7b6e3a-1.jpeg\",\"contentUrl\":\"https:\\\/\\\/www.notibras.com\\\/site\\\/wp-content\\\/uploads\\\/2026\\\/09\\\/ead7087f-ac24-4c20-9062-6bc63e7b6e3a-1.jpeg\",\"width\":1600,\"height\":1066},{\"@type\":\"BreadcrumbList\",\"@id\":\"https:\\\/\\\/www.notibras.com\\\/site\\\/confira-orientacoes-para-acompanhar-o-desfile-de-7-de-setembro\\\/#breadcrumb\",\"itemListElement\":[{\"@type\":\"ListItem\",\"position\":1,\"name\":\"In\u00edcio\",\"item\":\"https:\\\/\\\/www.notibras.com\\\/site\\\/\"},{\"@type\":\"ListItem\",\"position\":2,\"name\":\"Confira orienta\u00e7\u00f5es para acompanhar o Desfile de 7 de setembro\"}]},{\"@type\":\"WebSite\",\"@id\":\"https:\\\/\\\/www.notibras.com\\\/site\\\/#website\",\"url\":\"https:\\\/\\\/www.notibras.com\\\/site\\\/\",\"name\":\"Notibras\",\"description\":\"Not\u00edcias de Bras\u00edlia, do Brasil e do Mundo\",\"publisher\":{\"@id\":\"https:\\\/\\\/www.notibras.com\\\/site\\\/#organization\"},\"potentialAction\":[{\"@type\":\"SearchAction\",\"target\":{\"@type\":\"EntryPoint\",\"urlTemplate\":\"https:\\\/\\\/www.notibras.com\\\/site\\\/?s={search_term_string}\"},\"query-input\":{\"@type\":\"PropertyValueSpecification\",\"valueRequired\":true,\"valueName\":\"search_term_string\"}}],\"inLanguage\":\"pt-BR\"},{\"@type\":\"Organization\",\"@id\":\"https:\\\/\\\/www.notibras.com\\\/site\\\/#organization\",\"name\":\"Grupo Notibras de Comunica\u00e7\u00e3o\",\"url\":\"https:\\\/\\\/www.notibras.com\\\/site\\\/\",\"logo\":{\"@type\":\"ImageObject\",\"inLanguage\":\"pt-BR\",\"@id\":\"https:\\\/\\\/www.notibras.com\\\/site\\\/#\\\/schema\\\/logo\\\/image\\\/\",\"url\":\"https:\\\/\\\/www.notibras.com\\\/site\\\/wp-content\\\/uploads\\\/2023\\\/01\\\/notibras23.png\",\"contentUrl\":\"https:\\\/\\\/www.notibras.com\\\/site\\\/wp-content\\\/uploads\\\/2023\\\/01\\\/notibras23.png\",\"width\":350,\"height\":87,\"caption\":\"Grupo Notibras de Comunica\u00e7\u00e3o\"},\"image\":{\"@id\":\"https:\\\/\\\/www.notibras.com\\\/site\\\/#\\\/schema\\\/logo\\\/image\\\/\"},\"sameAs\":[\"https:\\\/\\\/www.facebook.com\\\/notibras\\\/\",\"https:\\\/\\\/x.com\\\/Notibras\",\"https:\\\/\\\/www.instagram.com\\\/notibras\\\/\"]},{\"@type\":\"Person\",\"@id\":\"https:\\\/\\\/www.notibras.com\\\/site\\\/#\\\/schema\\\/person\\\/5b7fabf2aedc3ada2105f03b22b4d3dd\",\"name\":\"Eduardo Mart\u00ednez\",\"image\":{\"@type\":\"ImageObject\",\"inLanguage\":\"pt-BR\",\"@id\":\"https:\\\/\\\/secure.gravatar.com\\\/avatar\\\/7902f906289926289cbcda644b5197c796b893c6ffd7b9a536a42d290f7704a0?s=96&d=mm&r=g\",\"url\":\"https:\\\/\\\/secure.gravatar.com\\\/avatar\\\/7902f906289926289cbcda644b5197c796b893c6ffd7b9a536a42d290f7704a0?s=96&d=mm&r=g\",\"contentUrl\":\"https:\\\/\\\/secure.gravatar.com\\\/avatar\\\/7902f906289926289cbcda644b5197c796b893c6ffd7b9a536a42d290f7704a0?s=96&d=mm&r=g\",\"caption\":\"Eduardo Mart\u00ednez\"}}]}<\/script>\n<!-- \/ Yoast SEO plugin. -->","yoast_head_json":{"title":"Confira orienta\u00e7\u00f5es para acompanhar o Desfile de 7 de setembro - Notibras","robots":{"index":"index","follow":"follow","max-snippet":"max-snippet:-1","max-image-preview":"max-image-preview:large","max-video-preview":"max-video-preview:-1"},"canonical":"https:\/\/www.notibras.com\/site\/confira-orientacoes-para-acompanhar-o-desfile-de-7-de-setembro\/","og_locale":"pt_BR","og_type":"article","og_title":"Confira orienta\u00e7\u00f5es para acompanhar o Desfile de 7 de setembro - Notibras","og_description":"O Protocolo de Opera\u00e7\u00f5es Integradas (POI) para o Desfile C\u00edvico de 7 de Setembro foi conclu\u00eddo. O documento foi constru\u00eddo a partir de reuni\u00f5es de alinhamento com \u00f3rg\u00e3os federais e locais e com base em levantamentos de intelig\u00eancia. O planejamento prev\u00ea a\u00e7\u00f5es coordenadas e sistematizadas para garantir a manuten\u00e7\u00e3o da ordem p\u00fablica e a seguran\u00e7a [&hellip;]","og_url":"https:\/\/www.notibras.com\/site\/confira-orientacoes-para-acompanhar-o-desfile-de-7-de-setembro\/","og_site_name":"Notibras","article_publisher":"https:\/\/www.facebook.com\/notibras\/","article_published_time":"2026-09-02T03:15:09+00:00","og_image":[{"width":1600,"height":1066,"url":"https:\/\/www.notibras.com\/site\/wp-content\/uploads\/2026\/09\/ead7087f-ac24-4c20-9062-6bc63e7b6e3a-1.jpeg","type":"image\/jpeg"}],"author":"Eduardo Mart\u00ednez","twitter_card":"summary_large_image","twitter_creator":"@Notibras","twitter_site":"@Notibras","twitter_misc":{"Escrito por":"Eduardo Mart\u00ednez","Est. tempo de leitura":"8 minutos"},"schema":{"@context":"https:\/\/schema.org","@graph":[{"@type":"Article","@id":"https:\/\/www.notibras.com\/site\/confira-orientacoes-para-acompanhar-o-desfile-de-7-de-setembro\/#article","isPartOf":{"@id":"https:\/\/www.notibras.com\/site\/confira-orientacoes-para-acompanhar-o-desfile-de-7-de-setembro\/"},"author":{"name":"Eduardo Mart\u00ednez","@id":"https:\/\/www.notibras.com\/site\/#\/schema\/person\/5b7fabf2aedc3ada2105f03b22b4d3dd"},"headline":"Confira orienta\u00e7\u00f5es para acompanhar o Desfile de 7 de setembro","datePublished":"2026-09-02T03:15:09+00:00","mainEntityOfPage":{"@id":"https:\/\/www.notibras.com\/site\/confira-orientacoes-para-acompanhar-o-desfile-de-7-de-setembro\/"},"wordCount":1536,"publisher":{"@id":"https:\/\/www.notibras.com\/site\/#organization"},"image":{"@id":"https:\/\/www.notibras.com\/site\/confira-orientacoes-para-acompanhar-o-desfile-de-7-de-setembro\/#primaryimage"},"thumbnailUrl":"https:\/\/www.notibras.com\/site\/wp-content\/uploads\/2026\/09\/ead7087f-ac24-4c20-9062-6bc63e7b6e3a-1.jpeg","articleSection":["Quadradinho em Foco"],"inLanguage":"pt-BR"},{"@type":"WebPage","@id":"https:\/\/www.notibras.com\/site\/confira-orientacoes-para-acompanhar-o-desfile-de-7-de-setembro\/","url":"https:\/\/www.notibras.com\/site\/confira-orientacoes-para-acompanhar-o-desfile-de-7-de-setembro\/","name":"Confira orienta\u00e7\u00f5es para acompanhar o Desfile de 7 de setembro - Notibras","isPartOf":{"@id":"https:\/\/www.notibras.com\/site\/#website"},"primaryImageOfPage":{"@id":"https:\/\/www.notibras.com\/site\/confira-orientacoes-para-acompanhar-o-desfile-de-7-de-setembro\/#primaryimage"},"image":{"@id":"https:\/\/www.notibras.com\/site\/confira-orientacoes-para-acompanhar-o-desfile-de-7-de-setembro\/#primaryimage"},"thumbnailUrl":"https:\/\/www.notibras.com\/site\/wp-content\/uploads\/2026\/09\/ead7087f-ac24-4c20-9062-6bc63e7b6e3a-1.jpeg","datePublished":"2026-09-02T03:15:09+00:00","breadcrumb":{"@id":"https:\/\/www.notibras.com\/site\/confira-orientacoes-para-acompanhar-o-desfile-de-7-de-setembro\/#breadcrumb"},"inLanguage":"pt-BR","potentialAction":[{"@type":"ReadAction","target":["https:\/\/www.notibras.com\/site\/confira-orientacoes-para-acompanhar-o-desfile-de-7-de-setembro\/"]}]},{"@type":"ImageObject","inLanguage":"pt-BR","@id":"https:\/\/www.notibras.com\/site\/confira-orientacoes-para-acompanhar-o-desfile-de-7-de-setembro\/#primaryimage","url":"https:\/\/www.notibras.com\/site\/wp-content\/uploads\/2026\/09\/ead7087f-ac24-4c20-9062-6bc63e7b6e3a-1.jpeg","contentUrl":"https:\/\/www.notibras.com\/site\/wp-content\/uploads\/2026\/09\/ead7087f-ac24-4c20-9062-6bc63e7b6e3a-1.jpeg","width":1600,"height":1066},{"@type":"BreadcrumbList","@id":"https:\/\/www.notibras.com\/site\/confira-orientacoes-para-acompanhar-o-desfile-de-7-de-setembro\/#breadcrumb","itemListElement":[{"@type":"ListItem","position":1,"name":"In\u00edcio","item":"https:\/\/www.notibras.com\/site\/"},{"@type":"ListItem","position":2,"name":"Confira orienta\u00e7\u00f5es para acompanhar o Desfile de 7 de setembro"}]},{"@type":"WebSite","@id":"https:\/\/www.notibras.com\/site\/#website","url":"https:\/\/www.notibras.com\/site\/","name":"Notibras","description":"Not\u00edcias de Bras\u00edlia, do Brasil e do Mundo","publisher":{"@id":"https:\/\/www.notibras.com\/site\/#organization"},"potentialAction":[{"@type":"SearchAction","target":{"@type":"EntryPoint","urlTemplate":"https:\/\/www.notibras.com\/site\/?s={search_term_string}"},"query-input":{"@type":"PropertyValueSpecification","valueRequired":true,"valueName":"search_term_string"}}],"inLanguage":"pt-BR"},{"@type":"Organization","@id":"https:\/\/www.notibras.com\/site\/#organization","name":"Grupo Notibras de Comunica\u00e7\u00e3o","url":"https:\/\/www.notibras.com\/site\/","logo":{"@type":"ImageObject","inLanguage":"pt-BR","@id":"https:\/\/www.notibras.com\/site\/#\/schema\/logo\/image\/","url":"https:\/\/www.notibras.com\/site\/wp-content\/uploads\/2023\/01\/notibras23.png","contentUrl":"https:\/\/www.notibras.com\/site\/wp-content\/uploads\/2023\/01\/notibras23.png","width":350,"height":87,"caption":"Grupo Notibras de Comunica\u00e7\u00e3o"},"image":{"@id":"https:\/\/www.notibras.com\/site\/#\/schema\/logo\/image\/"},"sameAs":["https:\/\/www.facebook.com\/notibras\/","https:\/\/x.com\/Notibras","https:\/\/www.instagram.com\/notibras\/"]},{"@type":"Person","@id":"https:\/\/www.notibras.com\/site\/#\/schema\/person\/5b7fabf2aedc3ada2105f03b22b4d3dd","name":"Eduardo Mart\u00ednez","image":{"@type":"ImageObject","inLanguage":"pt-BR","@id":"https:\/\/secure.gravatar.com\/avatar\/7902f906289926289cbcda644b5197c796b893c6ffd7b9a536a42d290f7704a0?s=96&d=mm&r=g","url":"https:\/\/secure.gravatar.com\/avatar\/7902f906289926289cbcda644b5197c796b893c6ffd7b9a536a42d290f7704a0?s=96&d=mm&r=g","contentUrl":"https:\/\/secure.gravatar.com\/avatar\/7902f906289926289cbcda644b5197c796b893c6ffd7b9a536a42d290f7704a0?s=96&d=mm&r=g","caption":"Eduardo Mart\u00ednez"}}]}},"_links":{"self":[{"href":"https:\/\/www.notibras.com\/site\/wp-json\/wp\/v2\/posts\/408952","targetHints":{"allow":["GET"]}}],"collection":[{"href":"https:\/\/www.notibras.com\/site\/wp-json\/wp\/v2\/posts"}],"about":[{"href":"https:\/\/www.notibras.com\/site\/wp-json\/wp\/v2\/types\/post"}],"author":[{"embeddable":true,"href":"https:\/\/www.notibras.com\/site\/wp-json\/wp\/v2\/users\/21"}],"replies":[{"embeddable":true,"href":"https:\/\/www.notibras.com\/site\/wp-json\/wp\/v2\/comments?post=408952"}],"version-history":[{"count":1,"href":"https:\/\/www.notibras.com\/site\/wp-json\/wp\/v2\/posts\/408952\/revisions"}],"predecessor-version":[{"id":408957,"href":"https:\/\/www.notibras.com\/site\/wp-json\/wp\/v2\/posts\/408952\/revisions\/408957"}],"wp:featuredmedia":[{"embeddable":true,"href":"https:\/\/www.notibras.com\/site\/wp-json\/wp\/v2\/media\/408956"}],"wp:attachment":[{"href":"https:\/\/www.notibras.com\/site\/wp-json\/wp\/v2\/media?parent=408952"}],"wp:term":[{"taxonomy":"category","embeddable":true,"href":"https:\/\/www.notibras.com\/site\/wp-json\/wp\/v2\/categories?post=408952"},{"taxonomy":"post_tag","embeddable":true,"href":"https:\/\/www.notibras.com\/site\/wp-json\/wp\/v2\/tags?post=408952"},{"taxonomy":"tmauthors","embeddable":true,"href":"https:\/\/www.notibras.com\/site\/wp-json\/wp\/v2\/tmauthors?post=408952"}],"curies":[{"name":"wp","href":"https:\/\/api.w.org\/{rel}","templated":true}]}}