{"id":408962,"date":"2026-09-02T01:15:02","date_gmt":"2026-09-02T04:15:02","guid":{"rendered":"https:\/\/www.notibras.com\/site\/?p=408962"},"modified":"2026-09-01T20:31:15","modified_gmt":"2026-09-01T23:31:15","slug":"presos-mais-dois-suspeitos-de-envolvimento-em-chacina-em-formosa","status":"publish","type":"post","link":"https:\/\/www.notibras.com\/site\/presos-mais-dois-suspeitos-de-envolvimento-em-chacina-em-formosa\/","title":{"rendered":"Presos mais dois suspeitos de envolvimento em chacina em Formosa"},"content":{"rendered":"<p>Dois suspeitos de participar da chacina que resultou na morte de quatro pessoas em Formosa, na regi\u00e3o leste de Goi\u00e1s, foram presos no estado do Rio de Janeiro [31 de agosto de 2026]. A captura de Mauricio Correa e Rodrigo Barbosa ocorreu por meio de uma a\u00e7\u00e3o conjunta da Delegacia Regional de Pol\u00edcia de Formosa e do Grupo de Investiga\u00e7\u00e3o de Homic\u00eddios (GIH). Os homens, que estavam foragidos desde o dia do crime, s\u00e3o, respectivamente, filho e irm\u00e3o do policial militar aposentado Matusal\u00e9m Silv\u00e9rio, que j\u00e1 se encontra preso pelas mortes.<\/p>\n<p>O qu\u00e1druplo homic\u00eddio aconteceu no dia 11 de agosto, no Setor Parque Lago, quando as v\u00edtimas chegaram \u00e0 porta da resid\u00eancia do policial militar. Identificados como Luis Antonio Rodrigues (58 anos), Gustavo Fernandes Gra\u00e7as (30 anos), Andre Luiz Ferreira Silva (41 anos) e Gustavo Aurelio Miguel (31 anos), os quatro homens foram baleados no local. De acordo com as autoridades, dois corpos foram encontrados dentro de uma caminhonete e os outros dois estavam ca\u00eddos na rua.<\/p>\n<p>A investiga\u00e7\u00e3o da Pol\u00edcia Civil apontou que o crime foi motivado pela cobran\u00e7a de uma d\u00edvida no valor de R$ 250 mil, que teria sido contra\u00edda pelo filho do ex-policial. As v\u00edtimas teriam ido at\u00e9 o endere\u00e7o justamente para tentar reaver a quantia quando foram alvejadas. Com a execu\u00e7\u00e3o dos mandados de pris\u00e3o tempor\u00e1ria contra Mauricio e Rodrigo, o delegado Jos\u00e9 Ant\u00f4nio Sena, respons\u00e1vel pela opera\u00e7\u00e3o, confirmou que todos os envolvidos na chacina agora est\u00e3o formalmente presos.<\/p>\n<p>Logo ap\u00f3s o crime, o militar aposentado Matusal\u00e9m Silv\u00e9rio alegou em depoimento que agiu em leg\u00edtima defesa. Ele afirmou ter ficado desesperado ap\u00f3s receber uma liga\u00e7\u00e3o do filho dizendo que o grupo de S\u00e3o Paulo estava perseguindo a fam\u00edlia e realizando disparos. O suspeito declarou que um dos tiros partiu de dentro da caminhonete das v\u00edtimas, quebrando o vidro de sua casa, o que o levou a revidar a a\u00e7\u00e3o.<\/p>\n","protected":false},"excerpt":{"rendered":"<p>Dois suspeitos de participar da chacina que resultou na morte de quatro pessoas em Formosa, na regi\u00e3o leste de Goi\u00e1s, foram presos no estado do Rio de Janeiro [31 de agosto de 2026]. A captura de Mauricio Correa e Rodrigo Barbosa ocorreu por meio de uma a\u00e7\u00e3o conjunta da Delegacia Regional de Pol\u00edcia de Formosa [&hellip;]<\/p>\n","protected":false},"author":21,"featured_media":408963,"comment_status":"closed","ping_status":"closed","sticky":false,"template":"","format":"standard","meta":{"_acf_changed":false,"footnotes":""},"categories":[161],"tags":[],"tmauthors":[306],"class_list":["post-408962","post","type-post","status-publish","format-standard","has-post-thumbnail","category-quadradinho-em-foco"],"acf":[],"yoast_head":"<!-- This site is optimized with the Yoast SEO plugin v28.0 - https:\/\/yoast.com\/product\/yoast-seo-wordpress\/ -->\n<title>Presos mais dois suspeitos de envolvimento em chacina em Formosa - Notibras<\/title>\n<meta name=\"robots\" content=\"index, follow, max-snippet:-1, max-image-preview:large, max-video-preview:-1\" \/>\n<link rel=\"canonical\" href=\"https:\/\/www.notibras.com\/site\/presos-mais-dois-suspeitos-de-envolvimento-em-chacina-em-formosa\/\" \/>\n<meta property=\"og:locale\" content=\"pt_BR\" \/>\n<meta property=\"og:type\" content=\"article\" \/>\n<meta property=\"og:title\" content=\"Presos mais dois suspeitos de envolvimento em chacina em Formosa - Notibras\" \/>\n<meta property=\"og:description\" content=\"Dois suspeitos de participar da chacina que resultou na morte de quatro pessoas em Formosa, na regi\u00e3o leste de Goi\u00e1s, foram presos no estado do Rio de Janeiro [31 de agosto de 2026]. A captura de Mauricio Correa e Rodrigo Barbosa ocorreu por meio de uma a\u00e7\u00e3o conjunta da Delegacia Regional de Pol\u00edcia de Formosa [&hellip;]\" \/>\n<meta property=\"og:url\" content=\"https:\/\/www.notibras.com\/site\/presos-mais-dois-suspeitos-de-envolvimento-em-chacina-em-formosa\/\" \/>\n<meta property=\"og:site_name\" content=\"Notibras\" \/>\n<meta property=\"article:publisher\" content=\"https:\/\/www.facebook.com\/notibras\/\" \/>\n<meta property=\"article:published_time\" content=\"2026-09-02T04:15:02+00:00\" \/>\n<meta property=\"og:image\" content=\"https:\/\/www.notibras.com\/site\/wp-content\/uploads\/2026\/09\/WhatsApp-Image-2026-09-01-at-20.30.12.jpeg\" \/>\n\t<meta property=\"og:image:width\" content=\"984\" \/>\n\t<meta property=\"og:image:height\" content=\"616\" \/>\n\t<meta property=\"og:image:type\" content=\"image\/jpeg\" \/>\n<meta name=\"author\" content=\"Eduardo Mart\u00ednez\" \/>\n<meta name=\"twitter:card\" content=\"summary_large_image\" \/>\n<meta name=\"twitter:creator\" content=\"@Notibras\" \/>\n<meta name=\"twitter:site\" content=\"@Notibras\" \/>\n<meta name=\"twitter:label1\" content=\"Escrito por\" \/>\n\t<meta name=\"twitter:data1\" content=\"Eduardo Mart\u00ednez\" \/>\n\t<meta name=\"twitter:label2\" content=\"Est. tempo de leitura\" \/>\n\t<meta name=\"twitter:data2\" content=\"2 minutos\" \/>\n<script type=\"application\/ld+json\" class=\"yoast-schema-graph\">{\"@context\":\"https:\\\/\\\/schema.org\",\"@graph\":[{\"@type\":\"Article\",\"@id\":\"https:\\\/\\\/www.notibras.com\\\/site\\\/presos-mais-dois-suspeitos-de-envolvimento-em-chacina-em-formosa\\\/#article\",\"isPartOf\":{\"@id\":\"https:\\\/\\\/www.notibras.com\\\/site\\\/presos-mais-dois-suspeitos-de-envolvimento-em-chacina-em-formosa\\\/\"},\"author\":{\"name\":\"Eduardo Mart\u00ednez\",\"@id\":\"https:\\\/\\\/www.notibras.com\\\/site\\\/#\\\/schema\\\/person\\\/5b7fabf2aedc3ada2105f03b22b4d3dd\"},\"headline\":\"Presos mais dois suspeitos de envolvimento em chacina em Formosa\",\"datePublished\":\"2026-09-02T04:15:02+00:00\",\"mainEntityOfPage\":{\"@id\":\"https:\\\/\\\/www.notibras.com\\\/site\\\/presos-mais-dois-suspeitos-de-envolvimento-em-chacina-em-formosa\\\/\"},\"wordCount\":355,\"publisher\":{\"@id\":\"https:\\\/\\\/www.notibras.com\\\/site\\\/#organization\"},\"image\":{\"@id\":\"https:\\\/\\\/www.notibras.com\\\/site\\\/presos-mais-dois-suspeitos-de-envolvimento-em-chacina-em-formosa\\\/#primaryimage\"},\"thumbnailUrl\":\"https:\\\/\\\/www.notibras.com\\\/site\\\/wp-content\\\/uploads\\\/2026\\\/09\\\/WhatsApp-Image-2026-09-01-at-20.30.12.jpeg\",\"articleSection\":[\"Quadradinho em Foco\"],\"inLanguage\":\"pt-BR\"},{\"@type\":\"WebPage\",\"@id\":\"https:\\\/\\\/www.notibras.com\\\/site\\\/presos-mais-dois-suspeitos-de-envolvimento-em-chacina-em-formosa\\\/\",\"url\":\"https:\\\/\\\/www.notibras.com\\\/site\\\/presos-mais-dois-suspeitos-de-envolvimento-em-chacina-em-formosa\\\/\",\"name\":\"Presos mais dois suspeitos de envolvimento em chacina em Formosa - Notibras\",\"isPartOf\":{\"@id\":\"https:\\\/\\\/www.notibras.com\\\/site\\\/#website\"},\"primaryImageOfPage\":{\"@id\":\"https:\\\/\\\/www.notibras.com\\\/site\\\/presos-mais-dois-suspeitos-de-envolvimento-em-chacina-em-formosa\\\/#primaryimage\"},\"image\":{\"@id\":\"https:\\\/\\\/www.notibras.com\\\/site\\\/presos-mais-dois-suspeitos-de-envolvimento-em-chacina-em-formosa\\\/#primaryimage\"},\"thumbnailUrl\":\"https:\\\/\\\/www.notibras.com\\\/site\\\/wp-content\\\/uploads\\\/2026\\\/09\\\/WhatsApp-Image-2026-09-01-at-20.30.12.jpeg\",\"datePublished\":\"2026-09-02T04:15:02+00:00\",\"breadcrumb\":{\"@id\":\"https:\\\/\\\/www.notibras.com\\\/site\\\/presos-mais-dois-suspeitos-de-envolvimento-em-chacina-em-formosa\\\/#breadcrumb\"},\"inLanguage\":\"pt-BR\",\"potentialAction\":[{\"@type\":\"ReadAction\",\"target\":[\"https:\\\/\\\/www.notibras.com\\\/site\\\/presos-mais-dois-suspeitos-de-envolvimento-em-chacina-em-formosa\\\/\"]}]},{\"@type\":\"ImageObject\",\"inLanguage\":\"pt-BR\",\"@id\":\"https:\\\/\\\/www.notibras.com\\\/site\\\/presos-mais-dois-suspeitos-de-envolvimento-em-chacina-em-formosa\\\/#primaryimage\",\"url\":\"https:\\\/\\\/www.notibras.com\\\/site\\\/wp-content\\\/uploads\\\/2026\\\/09\\\/WhatsApp-Image-2026-09-01-at-20.30.12.jpeg\",\"contentUrl\":\"https:\\\/\\\/www.notibras.com\\\/site\\\/wp-content\\\/uploads\\\/2026\\\/09\\\/WhatsApp-Image-2026-09-01-at-20.30.12.jpeg\",\"width\":984,\"height\":616},{\"@type\":\"BreadcrumbList\",\"@id\":\"https:\\\/\\\/www.notibras.com\\\/site\\\/presos-mais-dois-suspeitos-de-envolvimento-em-chacina-em-formosa\\\/#breadcrumb\",\"itemListElement\":[{\"@type\":\"ListItem\",\"position\":1,\"name\":\"In\u00edcio\",\"item\":\"https:\\\/\\\/www.notibras.com\\\/site\\\/\"},{\"@type\":\"ListItem\",\"position\":2,\"name\":\"Presos mais dois suspeitos de envolvimento em chacina em Formosa\"}]},{\"@type\":\"WebSite\",\"@id\":\"https:\\\/\\\/www.notibras.com\\\/site\\\/#website\",\"url\":\"https:\\\/\\\/www.notibras.com\\\/site\\\/\",\"name\":\"Notibras\",\"description\":\"Not\u00edcias de Bras\u00edlia, do Brasil e do Mundo\",\"publisher\":{\"@id\":\"https:\\\/\\\/www.notibras.com\\\/site\\\/#organization\"},\"potentialAction\":[{\"@type\":\"SearchAction\",\"target\":{\"@type\":\"EntryPoint\",\"urlTemplate\":\"https:\\\/\\\/www.notibras.com\\\/site\\\/?s={search_term_string}\"},\"query-input\":{\"@type\":\"PropertyValueSpecification\",\"valueRequired\":true,\"valueName\":\"search_term_string\"}}],\"inLanguage\":\"pt-BR\"},{\"@type\":\"Organization\",\"@id\":\"https:\\\/\\\/www.notibras.com\\\/site\\\/#organization\",\"name\":\"Grupo Notibras de Comunica\u00e7\u00e3o\",\"url\":\"https:\\\/\\\/www.notibras.com\\\/site\\\/\",\"logo\":{\"@type\":\"ImageObject\",\"inLanguage\":\"pt-BR\",\"@id\":\"https:\\\/\\\/www.notibras.com\\\/site\\\/#\\\/schema\\\/logo\\\/image\\\/\",\"url\":\"https:\\\/\\\/www.notibras.com\\\/site\\\/wp-content\\\/uploads\\\/2023\\\/01\\\/notibras23.png\",\"contentUrl\":\"https:\\\/\\\/www.notibras.com\\\/site\\\/wp-content\\\/uploads\\\/2023\\\/01\\\/notibras23.png\",\"width\":350,\"height\":87,\"caption\":\"Grupo Notibras de Comunica\u00e7\u00e3o\"},\"image\":{\"@id\":\"https:\\\/\\\/www.notibras.com\\\/site\\\/#\\\/schema\\\/logo\\\/image\\\/\"},\"sameAs\":[\"https:\\\/\\\/www.facebook.com\\\/notibras\\\/\",\"https:\\\/\\\/x.com\\\/Notibras\",\"https:\\\/\\\/www.instagram.com\\\/notibras\\\/\"]},{\"@type\":\"Person\",\"@id\":\"https:\\\/\\\/www.notibras.com\\\/site\\\/#\\\/schema\\\/person\\\/5b7fabf2aedc3ada2105f03b22b4d3dd\",\"name\":\"Eduardo Mart\u00ednez\",\"image\":{\"@type\":\"ImageObject\",\"inLanguage\":\"pt-BR\",\"@id\":\"https:\\\/\\\/secure.gravatar.com\\\/avatar\\\/7902f906289926289cbcda644b5197c796b893c6ffd7b9a536a42d290f7704a0?s=96&d=mm&r=g\",\"url\":\"https:\\\/\\\/secure.gravatar.com\\\/avatar\\\/7902f906289926289cbcda644b5197c796b893c6ffd7b9a536a42d290f7704a0?s=96&d=mm&r=g\",\"contentUrl\":\"https:\\\/\\\/secure.gravatar.com\\\/avatar\\\/7902f906289926289cbcda644b5197c796b893c6ffd7b9a536a42d290f7704a0?s=96&d=mm&r=g\",\"caption\":\"Eduardo Mart\u00ednez\"}}]}<\/script>\n<!-- \/ Yoast SEO plugin. -->","yoast_head_json":{"title":"Presos mais dois suspeitos de envolvimento em chacina em Formosa - Notibras","robots":{"index":"index","follow":"follow","max-snippet":"max-snippet:-1","max-image-preview":"max-image-preview:large","max-video-preview":"max-video-preview:-1"},"canonical":"https:\/\/www.notibras.com\/site\/presos-mais-dois-suspeitos-de-envolvimento-em-chacina-em-formosa\/","og_locale":"pt_BR","og_type":"article","og_title":"Presos mais dois suspeitos de envolvimento em chacina em Formosa - Notibras","og_description":"Dois suspeitos de participar da chacina que resultou na morte de quatro pessoas em Formosa, na regi\u00e3o leste de Goi\u00e1s, foram presos no estado do Rio de Janeiro [31 de agosto de 2026]. A captura de Mauricio Correa e Rodrigo Barbosa ocorreu por meio de uma a\u00e7\u00e3o conjunta da Delegacia Regional de Pol\u00edcia de Formosa [&hellip;]","og_url":"https:\/\/www.notibras.com\/site\/presos-mais-dois-suspeitos-de-envolvimento-em-chacina-em-formosa\/","og_site_name":"Notibras","article_publisher":"https:\/\/www.facebook.com\/notibras\/","article_published_time":"2026-09-02T04:15:02+00:00","og_image":[{"width":984,"height":616,"url":"https:\/\/www.notibras.com\/site\/wp-content\/uploads\/2026\/09\/WhatsApp-Image-2026-09-01-at-20.30.12.jpeg","type":"image\/jpeg"}],"author":"Eduardo Mart\u00ednez","twitter_card":"summary_large_image","twitter_creator":"@Notibras","twitter_site":"@Notibras","twitter_misc":{"Escrito por":"Eduardo Mart\u00ednez","Est. tempo de leitura":"2 minutos"},"schema":{"@context":"https:\/\/schema.org","@graph":[{"@type":"Article","@id":"https:\/\/www.notibras.com\/site\/presos-mais-dois-suspeitos-de-envolvimento-em-chacina-em-formosa\/#article","isPartOf":{"@id":"https:\/\/www.notibras.com\/site\/presos-mais-dois-suspeitos-de-envolvimento-em-chacina-em-formosa\/"},"author":{"name":"Eduardo Mart\u00ednez","@id":"https:\/\/www.notibras.com\/site\/#\/schema\/person\/5b7fabf2aedc3ada2105f03b22b4d3dd"},"headline":"Presos mais dois suspeitos de envolvimento em chacina em Formosa","datePublished":"2026-09-02T04:15:02+00:00","mainEntityOfPage":{"@id":"https:\/\/www.notibras.com\/site\/presos-mais-dois-suspeitos-de-envolvimento-em-chacina-em-formosa\/"},"wordCount":355,"publisher":{"@id":"https:\/\/www.notibras.com\/site\/#organization"},"image":{"@id":"https:\/\/www.notibras.com\/site\/presos-mais-dois-suspeitos-de-envolvimento-em-chacina-em-formosa\/#primaryimage"},"thumbnailUrl":"https:\/\/www.notibras.com\/site\/wp-content\/uploads\/2026\/09\/WhatsApp-Image-2026-09-01-at-20.30.12.jpeg","articleSection":["Quadradinho em Foco"],"inLanguage":"pt-BR"},{"@type":"WebPage","@id":"https:\/\/www.notibras.com\/site\/presos-mais-dois-suspeitos-de-envolvimento-em-chacina-em-formosa\/","url":"https:\/\/www.notibras.com\/site\/presos-mais-dois-suspeitos-de-envolvimento-em-chacina-em-formosa\/","name":"Presos mais dois suspeitos de envolvimento em chacina em Formosa - Notibras","isPartOf":{"@id":"https:\/\/www.notibras.com\/site\/#website"},"primaryImageOfPage":{"@id":"https:\/\/www.notibras.com\/site\/presos-mais-dois-suspeitos-de-envolvimento-em-chacina-em-formosa\/#primaryimage"},"image":{"@id":"https:\/\/www.notibras.com\/site\/presos-mais-dois-suspeitos-de-envolvimento-em-chacina-em-formosa\/#primaryimage"},"thumbnailUrl":"https:\/\/www.notibras.com\/site\/wp-content\/uploads\/2026\/09\/WhatsApp-Image-2026-09-01-at-20.30.12.jpeg","datePublished":"2026-09-02T04:15:02+00:00","breadcrumb":{"@id":"https:\/\/www.notibras.com\/site\/presos-mais-dois-suspeitos-de-envolvimento-em-chacina-em-formosa\/#breadcrumb"},"inLanguage":"pt-BR","potentialAction":[{"@type":"ReadAction","target":["https:\/\/www.notibras.com\/site\/presos-mais-dois-suspeitos-de-envolvimento-em-chacina-em-formosa\/"]}]},{"@type":"ImageObject","inLanguage":"pt-BR","@id":"https:\/\/www.notibras.com\/site\/presos-mais-dois-suspeitos-de-envolvimento-em-chacina-em-formosa\/#primaryimage","url":"https:\/\/www.notibras.com\/site\/wp-content\/uploads\/2026\/09\/WhatsApp-Image-2026-09-01-at-20.30.12.jpeg","contentUrl":"https:\/\/www.notibras.com\/site\/wp-content\/uploads\/2026\/09\/WhatsApp-Image-2026-09-01-at-20.30.12.jpeg","width":984,"height":616},{"@type":"BreadcrumbList","@id":"https:\/\/www.notibras.com\/site\/presos-mais-dois-suspeitos-de-envolvimento-em-chacina-em-formosa\/#breadcrumb","itemListElement":[{"@type":"ListItem","position":1,"name":"In\u00edcio","item":"https:\/\/www.notibras.com\/site\/"},{"@type":"ListItem","position":2,"name":"Presos mais dois suspeitos de envolvimento em chacina em Formosa"}]},{"@type":"WebSite","@id":"https:\/\/www.notibras.com\/site\/#website","url":"https:\/\/www.notibras.com\/site\/","name":"Notibras","description":"Not\u00edcias de Bras\u00edlia, do Brasil e do Mundo","publisher":{"@id":"https:\/\/www.notibras.com\/site\/#organization"},"potentialAction":[{"@type":"SearchAction","target":{"@type":"EntryPoint","urlTemplate":"https:\/\/www.notibras.com\/site\/?s={search_term_string}"},"query-input":{"@type":"PropertyValueSpecification","valueRequired":true,"valueName":"search_term_string"}}],"inLanguage":"pt-BR"},{"@type":"Organization","@id":"https:\/\/www.notibras.com\/site\/#organization","name":"Grupo Notibras de Comunica\u00e7\u00e3o","url":"https:\/\/www.notibras.com\/site\/","logo":{"@type":"ImageObject","inLanguage":"pt-BR","@id":"https:\/\/www.notibras.com\/site\/#\/schema\/logo\/image\/","url":"https:\/\/www.notibras.com\/site\/wp-content\/uploads\/2023\/01\/notibras23.png","contentUrl":"https:\/\/www.notibras.com\/site\/wp-content\/uploads\/2023\/01\/notibras23.png","width":350,"height":87,"caption":"Grupo Notibras de Comunica\u00e7\u00e3o"},"image":{"@id":"https:\/\/www.notibras.com\/site\/#\/schema\/logo\/image\/"},"sameAs":["https:\/\/www.facebook.com\/notibras\/","https:\/\/x.com\/Notibras","https:\/\/www.instagram.com\/notibras\/"]},{"@type":"Person","@id":"https:\/\/www.notibras.com\/site\/#\/schema\/person\/5b7fabf2aedc3ada2105f03b22b4d3dd","name":"Eduardo Mart\u00ednez","image":{"@type":"ImageObject","inLanguage":"pt-BR","@id":"https:\/\/secure.gravatar.com\/avatar\/7902f906289926289cbcda644b5197c796b893c6ffd7b9a536a42d290f7704a0?s=96&d=mm&r=g","url":"https:\/\/secure.gravatar.com\/avatar\/7902f906289926289cbcda644b5197c796b893c6ffd7b9a536a42d290f7704a0?s=96&d=mm&r=g","contentUrl":"https:\/\/secure.gravatar.com\/avatar\/7902f906289926289cbcda644b5197c796b893c6ffd7b9a536a42d290f7704a0?s=96&d=mm&r=g","caption":"Eduardo Mart\u00ednez"}}]}},"_links":{"self":[{"href":"https:\/\/www.notibras.com\/site\/wp-json\/wp\/v2\/posts\/408962","targetHints":{"allow":["GET"]}}],"collection":[{"href":"https:\/\/www.notibras.com\/site\/wp-json\/wp\/v2\/posts"}],"about":[{"href":"https:\/\/www.notibras.com\/site\/wp-json\/wp\/v2\/types\/post"}],"author":[{"embeddable":true,"href":"https:\/\/www.notibras.com\/site\/wp-json\/wp\/v2\/users\/21"}],"replies":[{"embeddable":true,"href":"https:\/\/www.notibras.com\/site\/wp-json\/wp\/v2\/comments?post=408962"}],"version-history":[{"count":1,"href":"https:\/\/www.notibras.com\/site\/wp-json\/wp\/v2\/posts\/408962\/revisions"}],"predecessor-version":[{"id":408964,"href":"https:\/\/www.notibras.com\/site\/wp-json\/wp\/v2\/posts\/408962\/revisions\/408964"}],"wp:featuredmedia":[{"embeddable":true,"href":"https:\/\/www.notibras.com\/site\/wp-json\/wp\/v2\/media\/408963"}],"wp:attachment":[{"href":"https:\/\/www.notibras.com\/site\/wp-json\/wp\/v2\/media?parent=408962"}],"wp:term":[{"taxonomy":"category","embeddable":true,"href":"https:\/\/www.notibras.com\/site\/wp-json\/wp\/v2\/categories?post=408962"},{"taxonomy":"post_tag","embeddable":true,"href":"https:\/\/www.notibras.com\/site\/wp-json\/wp\/v2\/tags?post=408962"},{"taxonomy":"tmauthors","embeddable":true,"href":"https:\/\/www.notibras.com\/site\/wp-json\/wp\/v2\/tmauthors?post=408962"}],"curies":[{"name":"wp","href":"https:\/\/api.w.org\/{rel}","templated":true}]}}